{"id":11495,"date":"2021-05-27T22:20:19","date_gmt":"2021-05-27T20:20:19","guid":{"rendered":"https:\/\/tonalibus.org\/?p=11495"},"modified":"2022-05-29T16:23:26","modified_gmt":"2022-05-29T14:23:26","slug":"allergic-freedom","status":"publish","type":"post","link":"https:\/\/tonalibus.org\/de\/2021\/05\/27\/allergic-freedom\/","title":{"rendered":"Allergische Freiheit"},"content":{"rendered":"<p class=\"has-text-align-center\"><span style=\"color:#f7b320\" class=\"has-inline-color\">Allergische Freiheit<\/span><\/p>\n\n\n\n<p class=\"has-text-align-center\"><span style=\"color:#f7b320\" class=\"has-inline-color\">Ein sehr guter Freund von mir<\/span><br><span style=\"color:#f7b320\" class=\"has-inline-color\">Es war einmal zu Zeiten Gottes<\/span><br><span style=\"color:#f7b320\" class=\"has-inline-color\">Den ich kannte, wie kein anderer<\/span><br><span style=\"color:#f7b320\" class=\"has-inline-color\">Hat einen sechsten Sinn entwickelt.<\/span><br><span style=\"color:#f7b320\" class=\"has-inline-color\">Man k\u00f6nnte es eine Allergie nennen<\/span><br><span style=\"color:#f7b320\" class=\"has-inline-color\">Gegen Absolutheit und Exklusivit\u00e4t<\/span><br><span style=\"color:#f7b320\" class=\"has-inline-color\">Und darauf, sich gut darzustellen<\/span><br><span style=\"color:#f7b320\" class=\"has-inline-color\">Auf Kosten jedoch von anderen.<\/span><br><br><span style=\"color:#f7b320\" class=\"has-inline-color\">Er hielt dies f\u00fcr eine Qualit\u00e4t<\/span><br><span style=\"color:#f7b320\" class=\"has-inline-color\">Und bot es als einen Dienst an<\/span><br><span style=\"color:#f7b320\" class=\"has-inline-color\">Um zu st\u00e4rken und zu l\u00e4utern<\/span><br><span style=\"color:#f7b320\" class=\"has-inline-color\">Was ihm heilig und teuer war<\/span><br><span style=\"color:#f7b320\" class=\"has-inline-color\">Insbesondere die heiligen Schriften<\/span><br><span style=\"color:#f7b320\" class=\"has-inline-color\">Seines gew\u00e4hlten spirituellen Weges<\/span><br><span style=\"color:#f7b320\" class=\"has-inline-color\">Den er sich so ganz zu eigen machte<\/span><br><span style=\"color:#f7b320\" class=\"has-inline-color\">Durch Anwendung dieser Eigenschaft.<\/span><br><br><span style=\"color:#f7b320\" class=\"has-inline-color\">Doch er wurde daf\u00fcr verurteilt<\/span><br><span style=\"color:#f7b320\" class=\"has-inline-color\">Sein Dienst nicht willkommen<\/span><br><span style=\"color:#f7b320\" class=\"has-inline-color\">In dieser grundlegenden Form<\/span><br><span style=\"color:#f7b320\" class=\"has-inline-color\">Seine Hingabe in Frage gestellt<\/span><br><span style=\"color:#f7b320\" class=\"has-inline-color\">Und seine Stellung abgerissen.<\/span><br><br><span style=\"color:#f7b320\" class=\"has-inline-color\">Beraubt, oder vielmehr befreit<\/span><br><span style=\"color:#f7b320\" class=\"has-inline-color\">Von einer Kr\u00fccke, so lange benutzt<\/span><br><span style=\"color:#f7b320\" class=\"has-inline-color\">Gezwungen, auf sich gestellt zu sein<\/span><br><span style=\"color:#f7b320\" class=\"has-inline-color\">Am Ende hielt es sein Versprechen<\/span><br><span style=\"color:#f7b320\" class=\"has-inline-color\">Zur spirituellen Freiheit zu f\u00fchren<\/span><br><span style=\"color:#f7b320\" class=\"has-inline-color\">Wie er sich tief und fest verwurzelt<\/span><br><span style=\"color:#f7b320\" class=\"has-inline-color\">In dem g\u00f6ttlichen Licht und Ton<\/span><br><span style=\"color:#f7b320\" class=\"has-inline-color\">Die Liebe Gottes selbst.<\/span> <\/p>\n\n\n\n<h3 class=\"wp-block-heading\"><span style=\"color:#f7b320\" class=\"has-inline-color\">Allergische Freiheit \u2013 Welche Richtung ist aufw\u00e4rts? Welche abw\u00e4rts?<\/span><\/h3>\n\n\n\n<figure class=\"wp-block-image size-large\"><img loading=\"lazy\" decoding=\"async\" width=\"1024\" height=\"342\" src=\"https:\/\/tonalibus.org\/wp-content\/uploads\/2021\/05\/IMG_4216-xcq-1024x342.jpg\" alt=\"Allergic freedom Q\" class=\"wp-image-11504\" srcset=\"https:\/\/tonalibus.org\/wp-content\/uploads\/2021\/05\/IMG_4216-xcq-1024x342.jpg 1024w, https:\/\/tonalibus.org\/wp-content\/uploads\/2021\/05\/IMG_4216-xcq-300x100.jpg 300w, https:\/\/tonalibus.org\/wp-content\/uploads\/2021\/05\/IMG_4216-xcq-768x257.jpg 768w, https:\/\/tonalibus.org\/wp-content\/uploads\/2021\/05\/IMG_4216-xcq-1536x514.jpg 1536w, https:\/\/tonalibus.org\/wp-content\/uploads\/2021\/05\/IMG_4216-xcq-16x5.jpg 16w, https:\/\/tonalibus.org\/wp-content\/uploads\/2021\/05\/IMG_4216-xcq-1320x441.jpg 1320w, https:\/\/tonalibus.org\/wp-content\/uploads\/2021\/05\/IMG_4216-xcq.jpg 1687w\" sizes=\"auto, (max-width: 706px) 89vw, (max-width: 767px) 82vw, 740px\" \/><figcaption><span style=\"color:#f7b320\" class=\"has-inline-color\">Fliesst dieser Gebirgsbach von rechts nach links oder umgekehrt, von links nach rechts?<\/span><\/figcaption><\/figure>\n\n\n\n<div style=\"height:40px\" aria-hidden=\"true\" class=\"wp-block-spacer\"><\/div>\n\n\n\n<p><span style=\"color:#f7b320\" class=\"has-inline-color\">\"Hier ist der springende Punkt: Es gibt einen Moment, an dem deine spirituelle Praxis und dein spirituelles Lexikon, deine Sprache daf\u00fcr und deine Konzepte dar\u00fcber, was Spiritualit\u00e4t ist, deine gesammelten Erfahrungen mit spirituellen Aktivit\u00e4ten, einfach wegfallen. Sie werden schlicht ununterscheidbar vom t\u00e4glichen Leben. Es gibt keinen Unterschied mehr zwischen dem inneren Leben und dem \u00e4usseren Leben, im Idealfall.\"<br>\u2013 aus <em>Not on the Radio with <\/em><\/span><a href=\"https:\/\/en.wikipedia.org\/wiki\/W._A._Mathieu\" target=\"_blank\" rel=\"noreferrer noopener\"><em><span style=\"color:#f7b320\" class=\"has-inline-color\">W. A. Mathieu<\/span><\/em><\/a><span style=\"color:#f7b320\" class=\"has-inline-color\">, November 12, 2018<\/span><\/p>\n\n\n\n<div style=\"height:40px\" aria-hidden=\"true\" class=\"wp-block-spacer\"><\/div>\n\n\n\n<figure class=\"wp-block-image size-large is-resized\"><img loading=\"lazy\" decoding=\"async\" src=\"https:\/\/tonalibus.org\/wp-content\/uploads\/2021\/05\/IMG_4216-xc-1024x623.jpg\" alt=\"Allergic freedom A\" class=\"wp-image-11505\" width=\"674\" height=\"410\" srcset=\"https:\/\/tonalibus.org\/wp-content\/uploads\/2021\/05\/IMG_4216-xc-1024x623.jpg 1024w, https:\/\/tonalibus.org\/wp-content\/uploads\/2021\/05\/IMG_4216-xc-300x182.jpg 300w, https:\/\/tonalibus.org\/wp-content\/uploads\/2021\/05\/IMG_4216-xc-768x467.jpg 768w, https:\/\/tonalibus.org\/wp-content\/uploads\/2021\/05\/IMG_4216-xc-1536x934.jpg 1536w, https:\/\/tonalibus.org\/wp-content\/uploads\/2021\/05\/IMG_4216-xc-16x10.jpg 16w, https:\/\/tonalibus.org\/wp-content\/uploads\/2021\/05\/IMG_4216-xc-1320x803.jpg 1320w, https:\/\/tonalibus.org\/wp-content\/uploads\/2021\/05\/IMG_4216-xc.jpg 1925w\" sizes=\"auto, (max-width: 674px) 100vw, 674px\" \/><figcaption>Gletscherschmelzwasser, das von der Bl\u00fcemlisalp durch die Chiene hinunterfliesst, Kiental, Mai 2021 <\/figcaption><\/figure>\n\n\n\n<p><\/p>","protected":false},"excerpt":{"rendered":"<p>Ein sehr guter Freund von mir<br \/>\nEs war einmal zu Zeiten Gottes<br \/>\nDen ich kannte, wie kein anderer<br \/>\nHat einen sechsten Sinn entwickelt.<br \/>\nMan k\u00f6nnte es eine Allergie nennen<br \/>\nGegen Absolutheit und Exklusivit\u00e4t ...<\/p>","protected":false},"author":1,"featured_media":0,"comment_status":"closed","ping_status":"open","sticky":false,"template":"","format":"standard","meta":{"footnotes":""},"categories":[18,10],"tags":[],"class_list":["post-11495","post","type-post","status-publish","format-standard","hentry","category-2021-spiritual","category-spiritualibus"],"yoast_head":"<!-- This site is optimized with the Yoast SEO plugin v27.5 - https:\/\/yoast.com\/product\/yoast-seo-wordpress\/ -->\n<title>Allergic freedom &#8211; TONALIBUS Harmony and Tonalities<\/title>\n<meta name=\"description\" content=\"Allergic freedom: A good friend of mine once upon God&#039;s time developed a sixth sense, an allergy to absolutes and exclusivity...\" \/>\n<meta name=\"robots\" content=\"index, follow, max-snippet:-1, max-image-preview:large, max-video-preview:-1\" \/>\n<link rel=\"canonical\" href=\"https:\/\/tonalibus.org\/de\/2021\/05\/27\/allergic-freedom\/\" \/>\n<meta property=\"og:locale\" content=\"de_DE\" \/>\n<meta property=\"og:type\" content=\"article\" \/>\n<meta property=\"og:title\" content=\"Allergic freedom &#8211; TONALIBUS Harmony and Tonalities\" \/>\n<meta property=\"og:description\" content=\"Allergic freedom: A good friend of mine once upon God&#039;s time developed a sixth sense, an allergy to absolutes and exclusivity...\" \/>\n<meta property=\"og:url\" content=\"https:\/\/tonalibus.org\/de\/2021\/05\/27\/allergic-freedom\/\" \/>\n<meta property=\"og:site_name\" content=\"TONALIBUS\" \/>\n<meta property=\"article:published_time\" content=\"2021-05-27T20:20:19+00:00\" \/>\n<meta property=\"article:modified_time\" content=\"2022-05-29T14:23:26+00:00\" \/>\n<meta property=\"og:image\" content=\"https:\/\/tonalibus.org\/wp-content\/uploads\/2021\/05\/IMG_4216-xcq-1024x342.jpg\" \/>\n<meta name=\"author\" content=\"Ulrico\" \/>\n<meta name=\"twitter:card\" content=\"summary_large_image\" \/>\n<meta name=\"twitter:label1\" content=\"Verfasst von\" \/>\n\t<meta name=\"twitter:data1\" content=\"Ulrico\" \/>\n\t<meta name=\"twitter:label2\" content=\"Gesch\u00e4tzte Lesezeit\" \/>\n\t<meta name=\"twitter:data2\" content=\"2\u00a0Minuten\" \/>\n<script type=\"application\/ld+json\" class=\"yoast-schema-graph\">{\"@context\":\"https:\\\/\\\/schema.org\",\"@graph\":[{\"@type\":\"Article\",\"@id\":\"https:\\\/\\\/tonalibus.org\\\/de\\\/2021\\\/05\\\/27\\\/allergic-freedom\\\/#article\",\"isPartOf\":{\"@id\":\"https:\\\/\\\/tonalibus.org\\\/de\\\/2021\\\/05\\\/27\\\/allergic-freedom\\\/\"},\"author\":{\"name\":\"Ulrico\",\"@id\":\"https:\\\/\\\/tonalibus.org\\\/de\\\/#\\\/schema\\\/person\\\/749261d7bc96d1f00127273f83ab96a4\"},\"headline\":\"Allergic freedom\",\"datePublished\":\"2021-05-27T20:20:19+00:00\",\"dateModified\":\"2022-05-29T14:23:26+00:00\",\"mainEntityOfPage\":{\"@id\":\"https:\\\/\\\/tonalibus.org\\\/de\\\/2021\\\/05\\\/27\\\/allergic-freedom\\\/\"},\"wordCount\":266,\"publisher\":{\"@id\":\"https:\\\/\\\/tonalibus.org\\\/de\\\/#\\\/schema\\\/person\\\/749261d7bc96d1f00127273f83ab96a4\"},\"image\":{\"@id\":\"https:\\\/\\\/tonalibus.org\\\/de\\\/2021\\\/05\\\/27\\\/allergic-freedom\\\/#primaryimage\"},\"thumbnailUrl\":\"https:\\\/\\\/tonalibus.org\\\/wp-content\\\/uploads\\\/2021\\\/05\\\/IMG_4216-xcq-1024x342.jpg\",\"articleSection\":[\"2021 spiritual\",\"Spiritualibus\"],\"inLanguage\":\"de-CH\"},{\"@type\":\"WebPage\",\"@id\":\"https:\\\/\\\/tonalibus.org\\\/de\\\/2021\\\/05\\\/27\\\/allergic-freedom\\\/\",\"url\":\"https:\\\/\\\/tonalibus.org\\\/de\\\/2021\\\/05\\\/27\\\/allergic-freedom\\\/\",\"name\":\"Allergic freedom &#8211; TONALIBUS Harmony and Tonalities\",\"isPartOf\":{\"@id\":\"https:\\\/\\\/tonalibus.org\\\/de\\\/#website\"},\"primaryImageOfPage\":{\"@id\":\"https:\\\/\\\/tonalibus.org\\\/de\\\/2021\\\/05\\\/27\\\/allergic-freedom\\\/#primaryimage\"},\"image\":{\"@id\":\"https:\\\/\\\/tonalibus.org\\\/de\\\/2021\\\/05\\\/27\\\/allergic-freedom\\\/#primaryimage\"},\"thumbnailUrl\":\"https:\\\/\\\/tonalibus.org\\\/wp-content\\\/uploads\\\/2021\\\/05\\\/IMG_4216-xcq-1024x342.jpg\",\"datePublished\":\"2021-05-27T20:20:19+00:00\",\"dateModified\":\"2022-05-29T14:23:26+00:00\",\"description\":\"Allergic freedom: A good friend of mine once upon God's time developed a sixth sense, an allergy to absolutes and exclusivity...\",\"breadcrumb\":{\"@id\":\"https:\\\/\\\/tonalibus.org\\\/de\\\/2021\\\/05\\\/27\\\/allergic-freedom\\\/#breadcrumb\"},\"inLanguage\":\"de-CH\",\"potentialAction\":[{\"@type\":\"ReadAction\",\"target\":[\"https:\\\/\\\/tonalibus.org\\\/de\\\/2021\\\/05\\\/27\\\/allergic-freedom\\\/\"]}]},{\"@type\":\"ImageObject\",\"inLanguage\":\"de-CH\",\"@id\":\"https:\\\/\\\/tonalibus.org\\\/de\\\/2021\\\/05\\\/27\\\/allergic-freedom\\\/#primaryimage\",\"url\":\"https:\\\/\\\/tonalibus.org\\\/wp-content\\\/uploads\\\/2021\\\/05\\\/IMG_4216-xcq-1024x342.jpg\",\"contentUrl\":\"https:\\\/\\\/tonalibus.org\\\/wp-content\\\/uploads\\\/2021\\\/05\\\/IMG_4216-xcq-1024x342.jpg\"},{\"@type\":\"BreadcrumbList\",\"@id\":\"https:\\\/\\\/tonalibus.org\\\/de\\\/2021\\\/05\\\/27\\\/allergic-freedom\\\/#breadcrumb\",\"itemListElement\":[{\"@type\":\"ListItem\",\"position\":1,\"name\":\"Home\",\"item\":\"https:\\\/\\\/tonalibus.org\\\/\"},{\"@type\":\"ListItem\",\"position\":2,\"name\":\"Allergic freedom\"}]},{\"@type\":\"WebSite\",\"@id\":\"https:\\\/\\\/tonalibus.org\\\/de\\\/#website\",\"url\":\"https:\\\/\\\/tonalibus.org\\\/de\\\/\",\"name\":\"TONALIBUS\",\"description\":\"Anchored Harmony and Tonalities\",\"publisher\":{\"@id\":\"https:\\\/\\\/tonalibus.org\\\/de\\\/#\\\/schema\\\/person\\\/749261d7bc96d1f00127273f83ab96a4\"},\"potentialAction\":[{\"@type\":\"SearchAction\",\"target\":{\"@type\":\"EntryPoint\",\"urlTemplate\":\"https:\\\/\\\/tonalibus.org\\\/de\\\/?s={search_term_string}\"},\"query-input\":{\"@type\":\"PropertyValueSpecification\",\"valueRequired\":true,\"valueName\":\"search_term_string\"}}],\"inLanguage\":\"de-CH\"},{\"@type\":[\"Person\",\"Organization\"],\"@id\":\"https:\\\/\\\/tonalibus.org\\\/de\\\/#\\\/schema\\\/person\\\/749261d7bc96d1f00127273f83ab96a4\",\"name\":\"Ulrico\",\"image\":{\"@type\":\"ImageObject\",\"inLanguage\":\"de-CH\",\"@id\":\"https:\\\/\\\/tonalibus.org\\\/wp-content\\\/uploads\\\/2020\\\/06\\\/uli-pix.jpg\",\"url\":\"https:\\\/\\\/tonalibus.org\\\/wp-content\\\/uploads\\\/2020\\\/06\\\/uli-pix.jpg\",\"contentUrl\":\"https:\\\/\\\/tonalibus.org\\\/wp-content\\\/uploads\\\/2020\\\/06\\\/uli-pix.jpg\",\"width\":960,\"height\":720,\"caption\":\"Ulrico\"},\"logo\":{\"@id\":\"https:\\\/\\\/tonalibus.org\\\/wp-content\\\/uploads\\\/2020\\\/06\\\/uli-pix.jpg\"},\"sameAs\":[\"https:\\\/\\\/tonalibus.cyon.site\"]}]}<\/script>\n<!-- \/ Yoast SEO plugin. -->","yoast_head_json":{"title":"Allergische Freiheit - TONALIBUS Harmonie und Tonalit\u00e4ten","description":"Allergische Freiheit: Ein guter Freund von mir entwickelte vor Gottes Zeiten einen sechsten Sinn, eine Allergie gegen Absolutheit und Ausschlie\u00dflichkeit...","robots":{"index":"index","follow":"follow","max-snippet":"max-snippet:-1","max-image-preview":"max-image-preview:large","max-video-preview":"max-video-preview:-1"},"canonical":"https:\/\/tonalibus.org\/de\/2021\/05\/27\/allergic-freedom\/","og_locale":"de_DE","og_type":"article","og_title":"Allergic freedom &#8211; TONALIBUS Harmony and Tonalities","og_description":"Allergic freedom: A good friend of mine once upon God's time developed a sixth sense, an allergy to absolutes and exclusivity...","og_url":"https:\/\/tonalibus.org\/de\/2021\/05\/27\/allergic-freedom\/","og_site_name":"TONALIBUS","article_published_time":"2021-05-27T20:20:19+00:00","article_modified_time":"2022-05-29T14:23:26+00:00","og_image":[{"url":"https:\/\/tonalibus.org\/wp-content\/uploads\/2021\/05\/IMG_4216-xcq-1024x342.jpg","type":"","width":"","height":""}],"author":"Ulrico","twitter_card":"summary_large_image","twitter_misc":{"Verfasst von":"Ulrico","Gesch\u00e4tzte Lesezeit":"2\u00a0Minuten"},"schema":{"@context":"https:\/\/schema.org","@graph":[{"@type":"Article","@id":"https:\/\/tonalibus.org\/de\/2021\/05\/27\/allergic-freedom\/#article","isPartOf":{"@id":"https:\/\/tonalibus.org\/de\/2021\/05\/27\/allergic-freedom\/"},"author":{"name":"Ulrico","@id":"https:\/\/tonalibus.org\/de\/#\/schema\/person\/749261d7bc96d1f00127273f83ab96a4"},"headline":"Allergic freedom","datePublished":"2021-05-27T20:20:19+00:00","dateModified":"2022-05-29T14:23:26+00:00","mainEntityOfPage":{"@id":"https:\/\/tonalibus.org\/de\/2021\/05\/27\/allergic-freedom\/"},"wordCount":266,"publisher":{"@id":"https:\/\/tonalibus.org\/de\/#\/schema\/person\/749261d7bc96d1f00127273f83ab96a4"},"image":{"@id":"https:\/\/tonalibus.org\/de\/2021\/05\/27\/allergic-freedom\/#primaryimage"},"thumbnailUrl":"https:\/\/tonalibus.org\/wp-content\/uploads\/2021\/05\/IMG_4216-xcq-1024x342.jpg","articleSection":["2021 spiritual","Spiritualibus"],"inLanguage":"de-CH"},{"@type":"WebPage","@id":"https:\/\/tonalibus.org\/de\/2021\/05\/27\/allergic-freedom\/","url":"https:\/\/tonalibus.org\/de\/2021\/05\/27\/allergic-freedom\/","name":"Allergische Freiheit - TONALIBUS Harmonie und Tonalit\u00e4ten","isPartOf":{"@id":"https:\/\/tonalibus.org\/de\/#website"},"primaryImageOfPage":{"@id":"https:\/\/tonalibus.org\/de\/2021\/05\/27\/allergic-freedom\/#primaryimage"},"image":{"@id":"https:\/\/tonalibus.org\/de\/2021\/05\/27\/allergic-freedom\/#primaryimage"},"thumbnailUrl":"https:\/\/tonalibus.org\/wp-content\/uploads\/2021\/05\/IMG_4216-xcq-1024x342.jpg","datePublished":"2021-05-27T20:20:19+00:00","dateModified":"2022-05-29T14:23:26+00:00","description":"Allergische Freiheit: Ein guter Freund von mir entwickelte vor Gottes Zeiten einen sechsten Sinn, eine Allergie gegen Absolutheit und Ausschlie\u00dflichkeit...","breadcrumb":{"@id":"https:\/\/tonalibus.org\/de\/2021\/05\/27\/allergic-freedom\/#breadcrumb"},"inLanguage":"de-CH","potentialAction":[{"@type":"ReadAction","target":["https:\/\/tonalibus.org\/de\/2021\/05\/27\/allergic-freedom\/"]}]},{"@type":"ImageObject","inLanguage":"de-CH","@id":"https:\/\/tonalibus.org\/de\/2021\/05\/27\/allergic-freedom\/#primaryimage","url":"https:\/\/tonalibus.org\/wp-content\/uploads\/2021\/05\/IMG_4216-xcq-1024x342.jpg","contentUrl":"https:\/\/tonalibus.org\/wp-content\/uploads\/2021\/05\/IMG_4216-xcq-1024x342.jpg"},{"@type":"BreadcrumbList","@id":"https:\/\/tonalibus.org\/de\/2021\/05\/27\/allergic-freedom\/#breadcrumb","itemListElement":[{"@type":"ListItem","position":1,"name":"Home","item":"https:\/\/tonalibus.org\/"},{"@type":"ListItem","position":2,"name":"Allergic freedom"}]},{"@type":"WebSite","@id":"https:\/\/tonalibus.org\/de\/#website","url":"https:\/\/tonalibus.org\/de\/","name":"TONALIBUS","description":"Verankerte Harmonie und Tonalit\u00e4ten","publisher":{"@id":"https:\/\/tonalibus.org\/de\/#\/schema\/person\/749261d7bc96d1f00127273f83ab96a4"},"potentialAction":[{"@type":"SearchAction","target":{"@type":"EntryPoint","urlTemplate":"https:\/\/tonalibus.org\/de\/?s={search_term_string}"},"query-input":{"@type":"PropertyValueSpecification","valueRequired":true,"valueName":"search_term_string"}}],"inLanguage":"de-CH"},{"@type":["Person","Organization"],"@id":"https:\/\/tonalibus.org\/de\/#\/schema\/person\/749261d7bc96d1f00127273f83ab96a4","name":"Ulrico","image":{"@type":"ImageObject","inLanguage":"de-CH","@id":"https:\/\/tonalibus.org\/wp-content\/uploads\/2020\/06\/uli-pix.jpg","url":"https:\/\/tonalibus.org\/wp-content\/uploads\/2020\/06\/uli-pix.jpg","contentUrl":"https:\/\/tonalibus.org\/wp-content\/uploads\/2020\/06\/uli-pix.jpg","width":960,"height":720,"caption":"Ulrico"},"logo":{"@id":"https:\/\/tonalibus.org\/wp-content\/uploads\/2020\/06\/uli-pix.jpg"},"sameAs":["https:\/\/tonalibus.cyon.site"]}]}},"_links":{"self":[{"href":"https:\/\/tonalibus.org\/de\/wp-json\/wp\/v2\/posts\/11495","targetHints":{"allow":["GET"]}}],"collection":[{"href":"https:\/\/tonalibus.org\/de\/wp-json\/wp\/v2\/posts"}],"about":[{"href":"https:\/\/tonalibus.org\/de\/wp-json\/wp\/v2\/types\/post"}],"author":[{"embeddable":true,"href":"https:\/\/tonalibus.org\/de\/wp-json\/wp\/v2\/users\/1"}],"replies":[{"embeddable":true,"href":"https:\/\/tonalibus.org\/de\/wp-json\/wp\/v2\/comments?post=11495"}],"version-history":[{"count":0,"href":"https:\/\/tonalibus.org\/de\/wp-json\/wp\/v2\/posts\/11495\/revisions"}],"wp:attachment":[{"href":"https:\/\/tonalibus.org\/de\/wp-json\/wp\/v2\/media?parent=11495"}],"wp:term":[{"taxonomy":"category","embeddable":true,"href":"https:\/\/tonalibus.org\/de\/wp-json\/wp\/v2\/categories?post=11495"},{"taxonomy":"post_tag","embeddable":true,"href":"https:\/\/tonalibus.org\/de\/wp-json\/wp\/v2\/tags?post=11495"}],"curies":[{"name":"wp","href":"https:\/\/api.w.org\/{rel}","templated":true}]}}