{"id":20156,"date":"2022-09-05T10:10:54","date_gmt":"2022-09-05T08:10:54","guid":{"rendered":"https:\/\/tonalibus.org\/?p=20156"},"modified":"2024-09-16T16:38:48","modified_gmt":"2024-09-16T14:38:48","slug":"beyond-duality-2","status":"publish","type":"post","link":"https:\/\/tonalibus.org\/de\/2022\/09\/05\/beyond-duality-2\/","title":{"rendered":"Jenseits der Dualit\u00e4t..."},"content":{"rendered":"<p class=\"has-text-align-center has-text-color\" style=\"color:#f7b320\">Jenseits der Dualit\u00e4t...<br>Nicht nur schwarz-weiss<br>Sondern h\u00f6chst farbig<br>Nicht lediglich negativ<br>Noch einfach positiv<br>Sondern Leben lieben<br>Nichts Ungerades in Zorn<br>Sondern all die Erg\u00e4nzung<br>Von Ungeradem und Geradem<br>Von Kreisen und Wellen<br>Und dann vor allem<br>Niemals je ein Ende<br>Ohne jeglichen Anfang<br>Die Harmonie der Natur<br>Kein Kampf mit sich selbst<br>Aber Frieden im Herzen<br>Beobachtet in jedem<br>Und in allen Dingen<br>Wie Gott sich realisiert<br>Selbst in jedem Moment<br>Jeden und alles n\u00e4hrt<br>Das Gleichgewicht h\u00e4lt<br>In der Freiheit des Geistes<br>Der Seele versprochen<br>Aber doch unerwartet<br>Die Losl\u00f6sung von allem<br>Vom einzigen oder nur<br>Jenseits der Dualit\u00e4t...<\/p>\n\n\n\n<h3 class=\"has-text-color wp-block-heading\" style=\"color:#f7b320\">\u201cHoly sham\u201d \u2013 eine kurze Klang-Exkursion weit hinaus \u2013 f\u00fcr M&amp;M<\/h3>\n\n\n\n<figure class=\"wp-block-audio\"><audio controls src=\"https:\/\/tonalibus.org\/wp-content\/uploads\/2022\/08\/2022-08-20-FFG-sing.mp3\"><\/audio><figcaption><a href=\"https:\/\/tonalibus.org\/de\/tonalities\/diatonic-heptatonalities\/mixolydian\/\"><mark style=\"background-color:rgba(0, 0, 0, 0);color:#f7b320\" class=\"has-inline-color\">Mixolydisch<\/mark><\/a><mark style=\"background-color:rgba(0, 0, 0, 0);color:#f7b320\" class=\"has-inline-color\"> auf G, gew\u00fcrzt \u2013 mehrfach Fujara und 8-saitige Gitarre \u2013 4:25 \u2013 <\/mark><a href=\"https:\/\/tonalibus.org\/de\/sounds\/summer-2022\/summer-2022-loops\/#holy\" target=\"_blank\" rel=\"noreferrer noopener\"><mark style=\"background-color:rgba(0, 0, 0, 0);color:#f7b320\" class=\"has-inline-color\">als Loop<\/mark><\/a><mark style=\"background-color:rgba(0, 0, 0, 0);color:#f7b320\" class=\"has-inline-color\"> auf separatem Tab<\/mark><\/figcaption><\/figure>\n\n\n\n<h3 class=\"has-text-color wp-block-heading\" style=\"color:#f7b320\">Dualit\u00e4t und dar\u00fcber hinausgehen<\/h3>\n\n\n\n<p class=\"has-text-color\" style=\"color:#f7b320\">Es begann mit der Rebellion gegen exklusives Dogma. Die Blase hatte jahrzehntelang weitgehend standgehalten. Doch schliesslich platzte sie. Die Toleranz, andere herabzusetzen, um sich selbst gr\u00f6sser erscheinen zu lassen, verschwand. Ebenso wie die Bereitschaft, Ausw\u00fcchse der Selbst-Verherrlichung zu besch\u00f6nigen oder zu ignorieren, besonders wenn sie auf Kosten anderer gingen. Aber die Dankbarkeit \u00fcbertrifft doch alles. Spirituelle Freiheit wurde wie versprochen verwirklicht. Allerdings nicht wie erwartet, sondern mit einer erstaunlichen Losgel\u00f6stheit bis hin zur scheinbaren Abtrennung und Distanzierung.<\/p>\n\n\n\n<p class=\"has-text-color\" style=\"color:#f7b320\">Die Essenz des liebevollen Herzens geht \u00fcber die Dualit\u00e4t hinaus. Nicht von einer Seite zur andern, sondern alles zu einem einheitlichen Ganzen verschmolzen und fusioniert. Die Harmonie in der Natur ist g\u00f6ttlich. Eins erm\u00f6glicht die Existenz des N\u00e4chsten. Nagetiere und deren Raubtier-Feinde. Der Raubvogel und das K\u00fcken. Populationen halten sich gegenseitig im Gleichgewicht. Ein Wesen hilft einem andern von einem Moment zum n\u00e4chsten, von einer Inkarnation zur andern. Menschen f\u00fchren viele Kriege miteinander \u2013 bis der Einzelne als Individuum erkennt, dass er oder sie nur gegen sich selbst k\u00e4mpft, und aufh\u00f6rt, um einfach in Harmonie und Gleichgewicht zu sein, in g\u00f6ttlicher Liebe. Jenseits der Dualit\u00e4t... <\/p>\n\n\n\n<p class=\"has-text-color\" style=\"color:#f7b320\"><a href=\"https:\/\/tonalibus.org\/de\/2020\/12\/25\/beyond-duality\/\"><mark style=\"background-color:rgba(0, 0, 0, 0);color:#f7b320\" class=\"has-inline-color\"><em>Jenseits Dualit\u00e4t<\/em><\/mark><\/a> war auch das Thema eines fr\u00fcheren Blog-Beitrags vom 25. Dezember 2020.<\/p>\n\n\n\n<h3 class=\"has-text-color wp-block-heading\" style=\"color:#f7b320\">Schliesslich noch etwas Inspiration aus dem alten Griechenland<\/h3>\n\n\n\n<p class=\"has-text-color\" style=\"color:#f7b320\">\"Im Dialog <em>Phaidon<\/em>, da formulierte Platon seine ber\u00fchmte Theorie der Formen als eigenst\u00e4ndige und nicht-materielle Substanzen, von denen die Objekte und andere Ph\u00e4nomene, die wir in der Welt wahrnehmen, lediglich ein blosser Schatten sind. ... Formen sind die <em>universalia ante res<\/em>, das heisst, sie sind ideale Universalien, durch die wir die Welt verstehen k\u00f6nnen. In seinem H\u00f6hlen-Gleichnis vergleicht Platon das Erreichen des philosophischen Verst\u00e4ndnisses mit dem Auftauchen an die Sonne aus einer dunklen H\u00f6hle, in der nur vage Schatten dessen, was jenseits dieses Gef\u00e4ngnisses liegt, an die Wand geworfen werden. Platons Formen sind nicht-physikalisch und nicht-mental. Sie existieren nirgendwo in Zeit und Raum, aber auch nicht im Geist oder in der <a href=\"https:\/\/en.wikipedia.org\/wiki\/Pleroma\" target=\"_blank\" rel=\"noreferrer noopener\"><mark style=\"background-color:rgba(0, 0, 0, 0);color:#f7b320\" class=\"has-inline-color\">Pleroma<\/mark><\/a> der Materie; vielmehr kann man sagen, dass die Materie sich an der Form 'beteiligt' (\u03bc\u03b5\u03b8\u03b5\u03be\u03b9\u03c2, <em><a href=\"https:\/\/en.wikipedia.org\/wiki\/Methexis\" target=\"_blank\" rel=\"noreferrer noopener\"><mark style=\"background-color:rgba(0, 0, 0, 0);color:#f7b320\" class=\"has-inline-color\">Methexis<\/mark><\/a><\/em>).\u201d <br>\u2013 von Wikipedia \u00fcber <a href=\"https:\/\/en.wikipedia.org\/wiki\/Mind%E2%80%93body_dualism#Ancient_Greek_philosophy\" target=\"_blank\" rel=\"noreferrer noopener\"><mark style=\"background-color:rgba(0, 0, 0, 0);color:#f7b320\" class=\"has-inline-color\">Geist-K\u00f6rper-Dualismus<\/mark><\/a><\/p>\n\n\n\n<div style=\"height:54px\" aria-hidden=\"true\" class=\"wp-block-spacer\"><\/div>\n\n\n\n<figure class=\"wp-block-image size-large\"><img loading=\"lazy\" decoding=\"async\" width=\"1024\" height=\"554\" src=\"https:\/\/tonalibus.org\/wp-content\/uploads\/2022\/09\/20220902_065905133_iOS-2-min-1024x554.jpg\" alt=\"Beyond duality...\" class=\"wp-image-20157\" srcset=\"https:\/\/tonalibus.org\/wp-content\/uploads\/2022\/09\/20220902_065905133_iOS-2-min-1024x554.jpg 1024w, https:\/\/tonalibus.org\/wp-content\/uploads\/2022\/09\/20220902_065905133_iOS-2-min-300x162.jpg 300w, https:\/\/tonalibus.org\/wp-content\/uploads\/2022\/09\/20220902_065905133_iOS-2-min-768x415.jpg 768w, https:\/\/tonalibus.org\/wp-content\/uploads\/2022\/09\/20220902_065905133_iOS-2-min-1536x831.jpg 1536w, https:\/\/tonalibus.org\/wp-content\/uploads\/2022\/09\/20220902_065905133_iOS-2-min-2048x1108.jpg 2048w, https:\/\/tonalibus.org\/wp-content\/uploads\/2022\/09\/20220902_065905133_iOS-2-min-18x10.jpg 18w, https:\/\/tonalibus.org\/wp-content\/uploads\/2022\/09\/20220902_065905133_iOS-2-min-1320x714.jpg 1320w\" sizes=\"auto, (max-width: 706px) 89vw, (max-width: 767px) 82vw, 740px\" \/><figcaption>Tonalibus-Assistentin Luna, die drei-beinige Katze \u2013 September 2022 \u2013 Gr\u00e4chwil, Schweiz<\/figcaption><\/figure>","protected":false},"excerpt":{"rendered":"<p>Jenseits der Dualit\u00e4t...<br \/>\nNicht nur schwarz-weiss<br \/>\nSondern h\u00f6chst farbig<br \/>\nNicht lediglich negativ<br \/>\nNoch einfach positiv<br \/>\nSondern Leben lieben<br \/>\n\u2026<\/p>","protected":false},"author":1,"featured_media":0,"comment_status":"closed","ping_status":"closed","sticky":false,"template":"","format":"standard","meta":{"footnotes":""},"categories":[19,10],"tags":[],"class_list":["post-20156","post","type-post","status-publish","format-standard","hentry","category-2022-spiritual","category-spiritualibus"],"yoast_head":"<!-- This site is optimized with the Yoast SEO plugin v27.5 - https:\/\/yoast.com\/product\/yoast-seo-wordpress\/ -->\n<title>Beyond duality... &#8211; TONALIBUS, Anchored Harmony and Tonalities<\/title>\n<meta name=\"description\" content=\"Beyond duality... No black or white, but most colorful. Not just negative, nor even positive, but life and love. No odds with ire, but...\" \/>\n<meta name=\"robots\" content=\"index, follow, max-snippet:-1, max-image-preview:large, max-video-preview:-1\" \/>\n<link rel=\"canonical\" href=\"https:\/\/tonalibus.org\/de\/2022\/09\/05\/beyond-duality-2\/\" \/>\n<meta property=\"og:locale\" content=\"de_DE\" \/>\n<meta property=\"og:type\" content=\"article\" \/>\n<meta property=\"og:title\" content=\"Beyond duality... &#8211; TONALIBUS, Anchored Harmony and Tonalities\" \/>\n<meta property=\"og:description\" content=\"Beyond duality... No black or white, but most colorful. Not just negative, nor even positive, but life and love. No odds with ire, but...\" \/>\n<meta property=\"og:url\" content=\"https:\/\/tonalibus.org\/de\/2022\/09\/05\/beyond-duality-2\/\" \/>\n<meta property=\"og:site_name\" content=\"TONALIBUS\" \/>\n<meta property=\"article:published_time\" content=\"2022-09-05T08:10:54+00:00\" \/>\n<meta property=\"article:modified_time\" content=\"2024-09-16T14:38:48+00:00\" \/>\n<meta property=\"og:image\" content=\"https:\/\/tonalibus.org\/wp-content\/uploads\/2022\/09\/20220902_065905133_iOS-2-min-1024x554.jpg\" \/>\n<meta name=\"author\" content=\"Ulrico\" \/>\n<meta name=\"twitter:card\" content=\"summary_large_image\" \/>\n<meta name=\"twitter:label1\" content=\"Verfasst von\" \/>\n\t<meta name=\"twitter:data1\" content=\"Ulrico\" \/>\n\t<meta name=\"twitter:label2\" content=\"Gesch\u00e4tzte Lesezeit\" \/>\n\t<meta name=\"twitter:data2\" content=\"3\u00a0Minuten\" \/>\n<script type=\"application\/ld+json\" class=\"yoast-schema-graph\">{\"@context\":\"https:\\\/\\\/schema.org\",\"@graph\":[{\"@type\":\"Article\",\"@id\":\"https:\\\/\\\/tonalibus.org\\\/en\\\/2022\\\/09\\\/05\\\/beyond-duality-2\\\/#article\",\"isPartOf\":{\"@id\":\"https:\\\/\\\/tonalibus.org\\\/en\\\/2022\\\/09\\\/05\\\/beyond-duality-2\\\/\"},\"author\":{\"name\":\"Ulrico\",\"@id\":\"https:\\\/\\\/tonalibus.org\\\/de\\\/#\\\/schema\\\/person\\\/749261d7bc96d1f00127273f83ab96a4\"},\"headline\":\"Beyond duality&#8230;\",\"datePublished\":\"2022-09-05T08:10:54+00:00\",\"dateModified\":\"2024-09-16T14:38:48+00:00\",\"mainEntityOfPage\":{\"@id\":\"https:\\\/\\\/tonalibus.org\\\/en\\\/2022\\\/09\\\/05\\\/beyond-duality-2\\\/\"},\"wordCount\":453,\"publisher\":{\"@id\":\"https:\\\/\\\/tonalibus.org\\\/de\\\/#\\\/schema\\\/person\\\/749261d7bc96d1f00127273f83ab96a4\"},\"image\":{\"@id\":\"https:\\\/\\\/tonalibus.org\\\/en\\\/2022\\\/09\\\/05\\\/beyond-duality-2\\\/#primaryimage\"},\"thumbnailUrl\":\"https:\\\/\\\/tonalibus.org\\\/wp-content\\\/uploads\\\/2022\\\/09\\\/20220902_065905133_iOS-2-min-1024x554.jpg\",\"articleSection\":[\"2022 spiritual\",\"Spiritualibus\"],\"inLanguage\":\"de-CH\"},{\"@type\":\"WebPage\",\"@id\":\"https:\\\/\\\/tonalibus.org\\\/en\\\/2022\\\/09\\\/05\\\/beyond-duality-2\\\/\",\"url\":\"https:\\\/\\\/tonalibus.org\\\/en\\\/2022\\\/09\\\/05\\\/beyond-duality-2\\\/\",\"name\":\"Beyond duality... &#8211; TONALIBUS, Anchored Harmony and Tonalities\",\"isPartOf\":{\"@id\":\"https:\\\/\\\/tonalibus.org\\\/de\\\/#website\"},\"primaryImageOfPage\":{\"@id\":\"https:\\\/\\\/tonalibus.org\\\/en\\\/2022\\\/09\\\/05\\\/beyond-duality-2\\\/#primaryimage\"},\"image\":{\"@id\":\"https:\\\/\\\/tonalibus.org\\\/en\\\/2022\\\/09\\\/05\\\/beyond-duality-2\\\/#primaryimage\"},\"thumbnailUrl\":\"https:\\\/\\\/tonalibus.org\\\/wp-content\\\/uploads\\\/2022\\\/09\\\/20220902_065905133_iOS-2-min-1024x554.jpg\",\"datePublished\":\"2022-09-05T08:10:54+00:00\",\"dateModified\":\"2024-09-16T14:38:48+00:00\",\"description\":\"Beyond duality... No black or white, but most colorful. Not just negative, nor even positive, but life and love. No odds with ire, but...\",\"breadcrumb\":{\"@id\":\"https:\\\/\\\/tonalibus.org\\\/en\\\/2022\\\/09\\\/05\\\/beyond-duality-2\\\/#breadcrumb\"},\"inLanguage\":\"de-CH\",\"potentialAction\":[{\"@type\":\"ReadAction\",\"target\":[\"https:\\\/\\\/tonalibus.org\\\/en\\\/2022\\\/09\\\/05\\\/beyond-duality-2\\\/\"]}]},{\"@type\":\"ImageObject\",\"inLanguage\":\"de-CH\",\"@id\":\"https:\\\/\\\/tonalibus.org\\\/en\\\/2022\\\/09\\\/05\\\/beyond-duality-2\\\/#primaryimage\",\"url\":\"https:\\\/\\\/tonalibus.org\\\/wp-content\\\/uploads\\\/2022\\\/09\\\/20220902_065905133_iOS-2-min-1024x554.jpg\",\"contentUrl\":\"https:\\\/\\\/tonalibus.org\\\/wp-content\\\/uploads\\\/2022\\\/09\\\/20220902_065905133_iOS-2-min-1024x554.jpg\"},{\"@type\":\"BreadcrumbList\",\"@id\":\"https:\\\/\\\/tonalibus.org\\\/en\\\/2022\\\/09\\\/05\\\/beyond-duality-2\\\/#breadcrumb\",\"itemListElement\":[{\"@type\":\"ListItem\",\"position\":1,\"name\":\"Home\",\"item\":\"https:\\\/\\\/tonalibus.org\\\/\"},{\"@type\":\"ListItem\",\"position\":2,\"name\":\"Beyond duality&#8230;\"}]},{\"@type\":\"WebSite\",\"@id\":\"https:\\\/\\\/tonalibus.org\\\/de\\\/#website\",\"url\":\"https:\\\/\\\/tonalibus.org\\\/de\\\/\",\"name\":\"TONALIBUS\",\"description\":\"Anchored Harmony and Tonalities\",\"publisher\":{\"@id\":\"https:\\\/\\\/tonalibus.org\\\/de\\\/#\\\/schema\\\/person\\\/749261d7bc96d1f00127273f83ab96a4\"},\"potentialAction\":[{\"@type\":\"SearchAction\",\"target\":{\"@type\":\"EntryPoint\",\"urlTemplate\":\"https:\\\/\\\/tonalibus.org\\\/de\\\/?s={search_term_string}\"},\"query-input\":{\"@type\":\"PropertyValueSpecification\",\"valueRequired\":true,\"valueName\":\"search_term_string\"}}],\"inLanguage\":\"de-CH\"},{\"@type\":[\"Person\",\"Organization\"],\"@id\":\"https:\\\/\\\/tonalibus.org\\\/de\\\/#\\\/schema\\\/person\\\/749261d7bc96d1f00127273f83ab96a4\",\"name\":\"Ulrico\",\"image\":{\"@type\":\"ImageObject\",\"inLanguage\":\"de-CH\",\"@id\":\"https:\\\/\\\/tonalibus.org\\\/wp-content\\\/uploads\\\/2020\\\/06\\\/uli-pix.jpg\",\"url\":\"https:\\\/\\\/tonalibus.org\\\/wp-content\\\/uploads\\\/2020\\\/06\\\/uli-pix.jpg\",\"contentUrl\":\"https:\\\/\\\/tonalibus.org\\\/wp-content\\\/uploads\\\/2020\\\/06\\\/uli-pix.jpg\",\"width\":960,\"height\":720,\"caption\":\"Ulrico\"},\"logo\":{\"@id\":\"https:\\\/\\\/tonalibus.org\\\/wp-content\\\/uploads\\\/2020\\\/06\\\/uli-pix.jpg\"},\"sameAs\":[\"https:\\\/\\\/tonalibus.cyon.site\"]}]}<\/script>\n<!-- \/ Yoast SEO plugin. -->","yoast_head_json":{"title":"Jenseits der Dualit\u00e4t... - TONALIBUS, Verankerte Harmonie und Tonalit\u00e4ten","description":"Jenseits der Dualit\u00e4t... Nicht schwarz oder wei\u00df, sondern sehr bunt. Nicht nur negativ, noch nicht einmal positiv, sondern Leben und Liebe. Keine Quoten mit Zorn, sondern...","robots":{"index":"index","follow":"follow","max-snippet":"max-snippet:-1","max-image-preview":"max-image-preview:large","max-video-preview":"max-video-preview:-1"},"canonical":"https:\/\/tonalibus.org\/de\/2022\/09\/05\/beyond-duality-2\/","og_locale":"de_DE","og_type":"article","og_title":"Beyond duality... &#8211; TONALIBUS, Anchored Harmony and Tonalities","og_description":"Beyond duality... No black or white, but most colorful. Not just negative, nor even positive, but life and love. No odds with ire, but...","og_url":"https:\/\/tonalibus.org\/de\/2022\/09\/05\/beyond-duality-2\/","og_site_name":"TONALIBUS","article_published_time":"2022-09-05T08:10:54+00:00","article_modified_time":"2024-09-16T14:38:48+00:00","og_image":[{"url":"https:\/\/tonalibus.org\/wp-content\/uploads\/2022\/09\/20220902_065905133_iOS-2-min-1024x554.jpg","type":"","width":"","height":""}],"author":"Ulrico","twitter_card":"summary_large_image","twitter_misc":{"Verfasst von":"Ulrico","Gesch\u00e4tzte Lesezeit":"3\u00a0Minuten"},"schema":{"@context":"https:\/\/schema.org","@graph":[{"@type":"Article","@id":"https:\/\/tonalibus.org\/en\/2022\/09\/05\/beyond-duality-2\/#article","isPartOf":{"@id":"https:\/\/tonalibus.org\/en\/2022\/09\/05\/beyond-duality-2\/"},"author":{"name":"Ulrico","@id":"https:\/\/tonalibus.org\/de\/#\/schema\/person\/749261d7bc96d1f00127273f83ab96a4"},"headline":"Beyond duality&#8230;","datePublished":"2022-09-05T08:10:54+00:00","dateModified":"2024-09-16T14:38:48+00:00","mainEntityOfPage":{"@id":"https:\/\/tonalibus.org\/en\/2022\/09\/05\/beyond-duality-2\/"},"wordCount":453,"publisher":{"@id":"https:\/\/tonalibus.org\/de\/#\/schema\/person\/749261d7bc96d1f00127273f83ab96a4"},"image":{"@id":"https:\/\/tonalibus.org\/en\/2022\/09\/05\/beyond-duality-2\/#primaryimage"},"thumbnailUrl":"https:\/\/tonalibus.org\/wp-content\/uploads\/2022\/09\/20220902_065905133_iOS-2-min-1024x554.jpg","articleSection":["2022 spiritual","Spiritualibus"],"inLanguage":"de-CH"},{"@type":"WebPage","@id":"https:\/\/tonalibus.org\/en\/2022\/09\/05\/beyond-duality-2\/","url":"https:\/\/tonalibus.org\/en\/2022\/09\/05\/beyond-duality-2\/","name":"Jenseits der Dualit\u00e4t... - TONALIBUS, Verankerte Harmonie und Tonalit\u00e4ten","isPartOf":{"@id":"https:\/\/tonalibus.org\/de\/#website"},"primaryImageOfPage":{"@id":"https:\/\/tonalibus.org\/en\/2022\/09\/05\/beyond-duality-2\/#primaryimage"},"image":{"@id":"https:\/\/tonalibus.org\/en\/2022\/09\/05\/beyond-duality-2\/#primaryimage"},"thumbnailUrl":"https:\/\/tonalibus.org\/wp-content\/uploads\/2022\/09\/20220902_065905133_iOS-2-min-1024x554.jpg","datePublished":"2022-09-05T08:10:54+00:00","dateModified":"2024-09-16T14:38:48+00:00","description":"Jenseits der Dualit\u00e4t... Nicht schwarz oder wei\u00df, sondern sehr bunt. Nicht nur negativ, noch nicht einmal positiv, sondern Leben und Liebe. Keine Quoten mit Zorn, sondern...","breadcrumb":{"@id":"https:\/\/tonalibus.org\/en\/2022\/09\/05\/beyond-duality-2\/#breadcrumb"},"inLanguage":"de-CH","potentialAction":[{"@type":"ReadAction","target":["https:\/\/tonalibus.org\/en\/2022\/09\/05\/beyond-duality-2\/"]}]},{"@type":"ImageObject","inLanguage":"de-CH","@id":"https:\/\/tonalibus.org\/en\/2022\/09\/05\/beyond-duality-2\/#primaryimage","url":"https:\/\/tonalibus.org\/wp-content\/uploads\/2022\/09\/20220902_065905133_iOS-2-min-1024x554.jpg","contentUrl":"https:\/\/tonalibus.org\/wp-content\/uploads\/2022\/09\/20220902_065905133_iOS-2-min-1024x554.jpg"},{"@type":"BreadcrumbList","@id":"https:\/\/tonalibus.org\/en\/2022\/09\/05\/beyond-duality-2\/#breadcrumb","itemListElement":[{"@type":"ListItem","position":1,"name":"Home","item":"https:\/\/tonalibus.org\/"},{"@type":"ListItem","position":2,"name":"Beyond duality&#8230;"}]},{"@type":"WebSite","@id":"https:\/\/tonalibus.org\/de\/#website","url":"https:\/\/tonalibus.org\/de\/","name":"TONALIBUS","description":"Verankerte Harmonie und Tonalit\u00e4ten","publisher":{"@id":"https:\/\/tonalibus.org\/de\/#\/schema\/person\/749261d7bc96d1f00127273f83ab96a4"},"potentialAction":[{"@type":"SearchAction","target":{"@type":"EntryPoint","urlTemplate":"https:\/\/tonalibus.org\/de\/?s={search_term_string}"},"query-input":{"@type":"PropertyValueSpecification","valueRequired":true,"valueName":"search_term_string"}}],"inLanguage":"de-CH"},{"@type":["Person","Organization"],"@id":"https:\/\/tonalibus.org\/de\/#\/schema\/person\/749261d7bc96d1f00127273f83ab96a4","name":"Ulrico","image":{"@type":"ImageObject","inLanguage":"de-CH","@id":"https:\/\/tonalibus.org\/wp-content\/uploads\/2020\/06\/uli-pix.jpg","url":"https:\/\/tonalibus.org\/wp-content\/uploads\/2020\/06\/uli-pix.jpg","contentUrl":"https:\/\/tonalibus.org\/wp-content\/uploads\/2020\/06\/uli-pix.jpg","width":960,"height":720,"caption":"Ulrico"},"logo":{"@id":"https:\/\/tonalibus.org\/wp-content\/uploads\/2020\/06\/uli-pix.jpg"},"sameAs":["https:\/\/tonalibus.cyon.site"]}]}},"_links":{"self":[{"href":"https:\/\/tonalibus.org\/de\/wp-json\/wp\/v2\/posts\/20156","targetHints":{"allow":["GET"]}}],"collection":[{"href":"https:\/\/tonalibus.org\/de\/wp-json\/wp\/v2\/posts"}],"about":[{"href":"https:\/\/tonalibus.org\/de\/wp-json\/wp\/v2\/types\/post"}],"author":[{"embeddable":true,"href":"https:\/\/tonalibus.org\/de\/wp-json\/wp\/v2\/users\/1"}],"replies":[{"embeddable":true,"href":"https:\/\/tonalibus.org\/de\/wp-json\/wp\/v2\/comments?post=20156"}],"version-history":[{"count":0,"href":"https:\/\/tonalibus.org\/de\/wp-json\/wp\/v2\/posts\/20156\/revisions"}],"wp:attachment":[{"href":"https:\/\/tonalibus.org\/de\/wp-json\/wp\/v2\/media?parent=20156"}],"wp:term":[{"taxonomy":"category","embeddable":true,"href":"https:\/\/tonalibus.org\/de\/wp-json\/wp\/v2\/categories?post=20156"},{"taxonomy":"post_tag","embeddable":true,"href":"https:\/\/tonalibus.org\/de\/wp-json\/wp\/v2\/tags?post=20156"}],"curies":[{"name":"wp","href":"https:\/\/api.w.org\/{rel}","templated":true}]}}