{"id":21985,"date":"2022-12-29T19:59:30","date_gmt":"2022-12-29T18:59:30","guid":{"rendered":"https:\/\/tonalibus.org\/?p=21985"},"modified":"2022-12-29T19:59:32","modified_gmt":"2022-12-29T18:59:32","slug":"back-to-the-roots","status":"publish","type":"post","link":"https:\/\/tonalibus.org\/de\/2022\/12\/29\/back-to-the-roots\/","title":{"rendered":"Zur\u00fcck zu den Wurzeln!"},"content":{"rendered":"<p class=\"has-text-align-center has-text-color\" style=\"color:#f7b320\">Zur\u00fcck zu den Wurzeln!<\/p>\n\n\n\n<p class=\"has-text-align-center has-text-color\" style=\"color:#f7b320\">Kompromisse<br>Dauern oft nicht<br>Auch die besten<br>Selbst auferlegt<br>Letztendlich<br>Kommen frei<br>In Harmonie<br>Mit dem Ganzen<br>Welcher Weg auch immer<br>Es ist der eigene<br>Der einen f\u00fchrt<br>Durch Zeit<br>Und Raum<br>Jenseits Allem<br>Herz und Seele<br>Heim des Geistes<br>War schon immer<br>Ist und wird sein<br>Im Fluss des Lebens<br>Sowie der Liebe<br>Licht, Ton und Klang<br>Das G\u00f6ttliche<br>Besch\u00fctzend<br>F\u00fchrt voran<br>Die Freiheit<br>In der Welt<br>Von Krieg und Frieden.<\/p>\n\n\n\n<h3 class=\"has-text-color wp-block-heading\" style=\"color:#f7b320\">\u201cPro-Reg-Fusion\u201d \u2013 ein meditatives Tonbeispiel <\/h3>\n\n\n\n<figure class=\"wp-block-audio\"><audio controls src=\"https:\/\/tonalibus.org\/wp-content\/uploads\/2022\/12\/2022-12-24-HexaBluMin.mp3\"><\/audio><figcaption class=\"wp-element-caption\"><a href=\"https:\/\/tonalibus.org\/de\/tonalities\/hexatonalities\/hexablumin\/\"><mark style=\"background-color:rgba(0, 0, 0, 0);color:#f7b320\" class=\"has-inline-color\">HexaBluMin<\/mark><\/a><mark style=\"background-color:rgba(0, 0, 0, 0);color:#f7b320\" class=\"has-inline-color\"> \u2013 Tonbeispiel, ruhig \u2013 8-saitige Gitarre, Tanpura \u2013 2:19 \u2013<em> <\/em><\/mark><a href=\"https:\/\/tonalibus.org\/de\/tonalities\/hexatonalities\/hexablumin\/hexablumin-loops\/\" target=\"_blank\" rel=\"noreferrer noopener\"><mark style=\"background-color:rgba(0, 0, 0, 0);color:#f7b320\" class=\"has-inline-color\">als Loop<\/mark><\/a><mark style=\"background-color:rgba(0, 0, 0, 0);color:#f7b320\" class=\"has-inline-color\"> auf separatem Tab<em><mark style=\"background-color:rgba(0, 0, 0, 0);color:#f7b320\" class=\"has-inline-color\"><\/mark> <\/em><mark style=\"background-color:rgba(0, 0, 0, 0);color:#f7b320\" class=\"has-inline-color\">(oder via Rechtsklick-Option, falls vorhanden)<\/mark><\/mark> <mark style=\"background-color:rgba(0, 0, 0, 0);color:#f7b320\" class=\"has-inline-color\">\u2014<em> <\/em>Du kannst einen Tonbeispiel-Loop als Ton-Mantra geniessen, zur <\/mark><a href=\"https:\/\/de.wikipedia.org\/wiki\/Kontemplation\" target=\"_blank\" rel=\"noreferrer noopener\"><mark style=\"background-color:rgba(0, 0, 0, 0);color:#f7b320\" class=\"has-inline-color\">Kontemplation<\/mark><\/a><mark style=\"background-color:rgba(0, 0, 0, 0);color:#f7b320\" class=\"has-inline-color\"> oder <\/mark><a href=\"https:\/\/de.wikipedia.org\/wiki\/Meditation\" target=\"_blank\" rel=\"noreferrer noopener\"><mark style=\"background-color:rgba(0, 0, 0, 0);color:#f7b320\" class=\"has-inline-color\">Meditation<\/mark><\/a><mark style=\"background-color:rgba(0, 0, 0, 0);color:#f7b320\" class=\"has-inline-color\">, zum Anheben und Fokussieren, oder als beruhigenden Hintergrundton zur Entspannung und Regeneration.<\/mark><\/figcaption><\/figure>\n\n\n\n<h3 class=\"has-text-color wp-block-heading\" style=\"color:#f7b320\">Aus \u201cDer Junge, der Maulwurf, der Fuchs und das Pferd\u201d, Charlie Mackesy<\/h3>\n\n\n\n<p class=\"has-text-color\" style=\"color:#f7b320\">\u201cWas denkst du, was Erfolg ist?\u201d, fragte der Junge. \u201cZu lieben\u201d, sagte der Maulwurf.<\/p>\n\n\n\n<p class=\"has-text-color\" style=\"color:#f7b320\">\u201cSchon komisch. Wir k\u00f6nnen uns nur von aussen sehen, dabei passiert fast alles innen.\u201d<\/p>\n\n\n\n<p class=\"has-text-color\" style=\"color:#f7b320\">\u201cIst dein Glas halb leer oder halb voll?\u201c, fragte der Maulwurf. \u201cIch glaube, ich bin froh, dass ich ein Glas habe\u201c, sagte der Junge.<\/p>\n\n\n\n<h3 class=\"has-text-color wp-block-heading\" style=\"color:#f7b320\">Zur\u00fcck zu den Wurzeln, den Anf\u00e4ngen und Enden<\/h3>\n\n\n\n<figure class=\"wp-block-image size-large\"><img loading=\"lazy\" decoding=\"async\" width=\"1024\" height=\"576\" src=\"https:\/\/tonalibus.org\/wp-content\/uploads\/2022\/12\/20221225_150708709_iOS-x-1-1024x576.jpg\" alt=\"Back to the roots!\" class=\"wp-image-22050\" srcset=\"https:\/\/tonalibus.org\/wp-content\/uploads\/2022\/12\/20221225_150708709_iOS-x-1-1024x576.jpg 1024w, https:\/\/tonalibus.org\/wp-content\/uploads\/2022\/12\/20221225_150708709_iOS-x-1-300x169.jpg 300w, https:\/\/tonalibus.org\/wp-content\/uploads\/2022\/12\/20221225_150708709_iOS-x-1-768x432.jpg 768w, https:\/\/tonalibus.org\/wp-content\/uploads\/2022\/12\/20221225_150708709_iOS-x-1-1536x864.jpg 1536w, https:\/\/tonalibus.org\/wp-content\/uploads\/2022\/12\/20221225_150708709_iOS-x-1-2048x1152.jpg 2048w, https:\/\/tonalibus.org\/wp-content\/uploads\/2022\/12\/20221225_150708709_iOS-x-1-18x10.jpg 18w, https:\/\/tonalibus.org\/wp-content\/uploads\/2022\/12\/20221225_150708709_iOS-x-1-1320x743.jpg 1320w\" sizes=\"auto, (max-width: 706px) 89vw, (max-width: 767px) 82vw, 740px\" \/><figcaption class=\"wp-element-caption\">Feier vor den Toren der murmelnden T\u00f6ne \u2013 Dezember 2022 \u2013 Weng, Eingang zum Ges\u00e4use, \u00d6sterreich<\/figcaption><\/figure>","protected":false},"excerpt":{"rendered":"<p>Zur\u00fcck zu den Wurzeln!<br \/>\nKompromisse<br \/>\nDauern oft nicht<br \/>\nAuch die besten<br \/>\nSelbst auferlegt<br \/>\n\u2026<\/p>","protected":false},"author":1,"featured_media":0,"comment_status":"closed","ping_status":"closed","sticky":false,"template":"","format":"standard","meta":{"footnotes":""},"categories":[19,10],"tags":[],"class_list":["post-21985","post","type-post","status-publish","format-standard","hentry","category-2022-spiritual","category-spiritualibus"],"yoast_head":"<!-- This site is optimized with the Yoast SEO plugin v27.5 - https:\/\/yoast.com\/product\/yoast-seo-wordpress\/ -->\n<title>Back to the roots! &#8211; TONALIBUS Harmony and Tonalities<\/title>\n<meta name=\"description\" content=\"Back to the roots! Compromises may not last, even the best, self-imposed, eventually come free in harmony with the whole whatever way...\" \/>\n<meta name=\"robots\" content=\"index, follow, max-snippet:-1, max-image-preview:large, max-video-preview:-1\" \/>\n<link rel=\"canonical\" href=\"https:\/\/tonalibus.org\/de\/2022\/12\/29\/back-to-the-roots\/\" \/>\n<meta property=\"og:locale\" content=\"de_DE\" \/>\n<meta property=\"og:type\" content=\"article\" \/>\n<meta property=\"og:title\" content=\"Back to the roots! &#8211; TONALIBUS Harmony and Tonalities\" \/>\n<meta property=\"og:description\" content=\"Back to the roots! Compromises may not last, even the best, self-imposed, eventually come free in harmony with the whole whatever way...\" \/>\n<meta property=\"og:url\" content=\"https:\/\/tonalibus.org\/de\/2022\/12\/29\/back-to-the-roots\/\" \/>\n<meta property=\"og:site_name\" content=\"TONALIBUS\" \/>\n<meta property=\"article:published_time\" content=\"2022-12-29T18:59:30+00:00\" \/>\n<meta property=\"article:modified_time\" content=\"2022-12-29T18:59:32+00:00\" \/>\n<meta property=\"og:image\" content=\"https:\/\/tonalibus.org\/wp-content\/uploads\/2022\/12\/20221225_150708709_iOS-x-1-1024x576.jpg\" \/>\n<meta name=\"author\" content=\"Ulrico\" \/>\n<meta name=\"twitter:card\" content=\"summary_large_image\" \/>\n<meta name=\"twitter:label1\" content=\"Verfasst von\" \/>\n\t<meta name=\"twitter:data1\" content=\"Ulrico\" \/>\n\t<meta name=\"twitter:label2\" content=\"Gesch\u00e4tzte Lesezeit\" \/>\n\t<meta name=\"twitter:data2\" content=\"2\u00a0Minuten\" \/>\n<script type=\"application\/ld+json\" class=\"yoast-schema-graph\">{\"@context\":\"https:\\\/\\\/schema.org\",\"@graph\":[{\"@type\":\"Article\",\"@id\":\"https:\\\/\\\/tonalibus.org\\\/it\\\/2022\\\/12\\\/29\\\/back-to-the-roots\\\/#article\",\"isPartOf\":{\"@id\":\"https:\\\/\\\/tonalibus.org\\\/it\\\/2022\\\/12\\\/29\\\/back-to-the-roots\\\/\"},\"author\":{\"name\":\"Ulrico\",\"@id\":\"https:\\\/\\\/tonalibus.org\\\/de\\\/#\\\/schema\\\/person\\\/749261d7bc96d1f00127273f83ab96a4\"},\"headline\":\"Back to the roots!\",\"datePublished\":\"2022-12-29T18:59:30+00:00\",\"dateModified\":\"2022-12-29T18:59:32+00:00\",\"mainEntityOfPage\":{\"@id\":\"https:\\\/\\\/tonalibus.org\\\/it\\\/2022\\\/12\\\/29\\\/back-to-the-roots\\\/\"},\"wordCount\":199,\"publisher\":{\"@id\":\"https:\\\/\\\/tonalibus.org\\\/de\\\/#\\\/schema\\\/person\\\/749261d7bc96d1f00127273f83ab96a4\"},\"image\":{\"@id\":\"https:\\\/\\\/tonalibus.org\\\/it\\\/2022\\\/12\\\/29\\\/back-to-the-roots\\\/#primaryimage\"},\"thumbnailUrl\":\"https:\\\/\\\/tonalibus.org\\\/wp-content\\\/uploads\\\/2022\\\/12\\\/20221225_150708709_iOS-x-1-1024x576.jpg\",\"articleSection\":[\"2022 spiritual\",\"Spiritualibus\"],\"inLanguage\":\"de-CH\"},{\"@type\":\"WebPage\",\"@id\":\"https:\\\/\\\/tonalibus.org\\\/it\\\/2022\\\/12\\\/29\\\/back-to-the-roots\\\/\",\"url\":\"https:\\\/\\\/tonalibus.org\\\/it\\\/2022\\\/12\\\/29\\\/back-to-the-roots\\\/\",\"name\":\"Back to the roots! &#8211; TONALIBUS Harmony and Tonalities\",\"isPartOf\":{\"@id\":\"https:\\\/\\\/tonalibus.org\\\/de\\\/#website\"},\"primaryImageOfPage\":{\"@id\":\"https:\\\/\\\/tonalibus.org\\\/it\\\/2022\\\/12\\\/29\\\/back-to-the-roots\\\/#primaryimage\"},\"image\":{\"@id\":\"https:\\\/\\\/tonalibus.org\\\/it\\\/2022\\\/12\\\/29\\\/back-to-the-roots\\\/#primaryimage\"},\"thumbnailUrl\":\"https:\\\/\\\/tonalibus.org\\\/wp-content\\\/uploads\\\/2022\\\/12\\\/20221225_150708709_iOS-x-1-1024x576.jpg\",\"datePublished\":\"2022-12-29T18:59:30+00:00\",\"dateModified\":\"2022-12-29T18:59:32+00:00\",\"description\":\"Back to the roots! Compromises may not last, even the best, self-imposed, eventually come free in harmony with the whole whatever way...\",\"breadcrumb\":{\"@id\":\"https:\\\/\\\/tonalibus.org\\\/it\\\/2022\\\/12\\\/29\\\/back-to-the-roots\\\/#breadcrumb\"},\"inLanguage\":\"de-CH\",\"potentialAction\":[{\"@type\":\"ReadAction\",\"target\":[\"https:\\\/\\\/tonalibus.org\\\/it\\\/2022\\\/12\\\/29\\\/back-to-the-roots\\\/\"]}]},{\"@type\":\"ImageObject\",\"inLanguage\":\"de-CH\",\"@id\":\"https:\\\/\\\/tonalibus.org\\\/it\\\/2022\\\/12\\\/29\\\/back-to-the-roots\\\/#primaryimage\",\"url\":\"https:\\\/\\\/tonalibus.org\\\/wp-content\\\/uploads\\\/2022\\\/12\\\/20221225_150708709_iOS-x-1-1024x576.jpg\",\"contentUrl\":\"https:\\\/\\\/tonalibus.org\\\/wp-content\\\/uploads\\\/2022\\\/12\\\/20221225_150708709_iOS-x-1-1024x576.jpg\"},{\"@type\":\"BreadcrumbList\",\"@id\":\"https:\\\/\\\/tonalibus.org\\\/it\\\/2022\\\/12\\\/29\\\/back-to-the-roots\\\/#breadcrumb\",\"itemListElement\":[{\"@type\":\"ListItem\",\"position\":1,\"name\":\"Home\",\"item\":\"https:\\\/\\\/tonalibus.org\\\/\"},{\"@type\":\"ListItem\",\"position\":2,\"name\":\"Back to the roots!\"}]},{\"@type\":\"WebSite\",\"@id\":\"https:\\\/\\\/tonalibus.org\\\/de\\\/#website\",\"url\":\"https:\\\/\\\/tonalibus.org\\\/de\\\/\",\"name\":\"TONALIBUS\",\"description\":\"Anchored Harmony and Tonalities\",\"publisher\":{\"@id\":\"https:\\\/\\\/tonalibus.org\\\/de\\\/#\\\/schema\\\/person\\\/749261d7bc96d1f00127273f83ab96a4\"},\"potentialAction\":[{\"@type\":\"SearchAction\",\"target\":{\"@type\":\"EntryPoint\",\"urlTemplate\":\"https:\\\/\\\/tonalibus.org\\\/de\\\/?s={search_term_string}\"},\"query-input\":{\"@type\":\"PropertyValueSpecification\",\"valueRequired\":true,\"valueName\":\"search_term_string\"}}],\"inLanguage\":\"de-CH\"},{\"@type\":[\"Person\",\"Organization\"],\"@id\":\"https:\\\/\\\/tonalibus.org\\\/de\\\/#\\\/schema\\\/person\\\/749261d7bc96d1f00127273f83ab96a4\",\"name\":\"Ulrico\",\"image\":{\"@type\":\"ImageObject\",\"inLanguage\":\"de-CH\",\"@id\":\"https:\\\/\\\/tonalibus.org\\\/wp-content\\\/uploads\\\/2020\\\/06\\\/uli-pix.jpg\",\"url\":\"https:\\\/\\\/tonalibus.org\\\/wp-content\\\/uploads\\\/2020\\\/06\\\/uli-pix.jpg\",\"contentUrl\":\"https:\\\/\\\/tonalibus.org\\\/wp-content\\\/uploads\\\/2020\\\/06\\\/uli-pix.jpg\",\"width\":960,\"height\":720,\"caption\":\"Ulrico\"},\"logo\":{\"@id\":\"https:\\\/\\\/tonalibus.org\\\/wp-content\\\/uploads\\\/2020\\\/06\\\/uli-pix.jpg\"},\"sameAs\":[\"https:\\\/\\\/tonalibus.cyon.site\"]}]}<\/script>\n<!-- \/ Yoast SEO plugin. -->","yoast_head_json":{"title":"Zur\u00fcck zu den Wurzeln! - TONALIBUS Harmonie und Tonalit\u00e4ten","description":"Zur\u00fcck zu den Wurzeln! Kompromisse m\u00f6gen nicht von Dauer sein, selbst die besten, selbst auferlegten, l\u00f6sen sich schlie\u00dflich in Harmonie mit dem Ganzen auf welche Weise auch immer...","robots":{"index":"index","follow":"follow","max-snippet":"max-snippet:-1","max-image-preview":"max-image-preview:large","max-video-preview":"max-video-preview:-1"},"canonical":"https:\/\/tonalibus.org\/de\/2022\/12\/29\/back-to-the-roots\/","og_locale":"de_DE","og_type":"article","og_title":"Back to the roots! &#8211; TONALIBUS Harmony and Tonalities","og_description":"Back to the roots! Compromises may not last, even the best, self-imposed, eventually come free in harmony with the whole whatever way...","og_url":"https:\/\/tonalibus.org\/de\/2022\/12\/29\/back-to-the-roots\/","og_site_name":"TONALIBUS","article_published_time":"2022-12-29T18:59:30+00:00","article_modified_time":"2022-12-29T18:59:32+00:00","og_image":[{"url":"https:\/\/tonalibus.org\/wp-content\/uploads\/2022\/12\/20221225_150708709_iOS-x-1-1024x576.jpg","type":"","width":"","height":""}],"author":"Ulrico","twitter_card":"summary_large_image","twitter_misc":{"Verfasst von":"Ulrico","Gesch\u00e4tzte Lesezeit":"2\u00a0Minuten"},"schema":{"@context":"https:\/\/schema.org","@graph":[{"@type":"Article","@id":"https:\/\/tonalibus.org\/it\/2022\/12\/29\/back-to-the-roots\/#article","isPartOf":{"@id":"https:\/\/tonalibus.org\/it\/2022\/12\/29\/back-to-the-roots\/"},"author":{"name":"Ulrico","@id":"https:\/\/tonalibus.org\/de\/#\/schema\/person\/749261d7bc96d1f00127273f83ab96a4"},"headline":"Back to the roots!","datePublished":"2022-12-29T18:59:30+00:00","dateModified":"2022-12-29T18:59:32+00:00","mainEntityOfPage":{"@id":"https:\/\/tonalibus.org\/it\/2022\/12\/29\/back-to-the-roots\/"},"wordCount":199,"publisher":{"@id":"https:\/\/tonalibus.org\/de\/#\/schema\/person\/749261d7bc96d1f00127273f83ab96a4"},"image":{"@id":"https:\/\/tonalibus.org\/it\/2022\/12\/29\/back-to-the-roots\/#primaryimage"},"thumbnailUrl":"https:\/\/tonalibus.org\/wp-content\/uploads\/2022\/12\/20221225_150708709_iOS-x-1-1024x576.jpg","articleSection":["2022 spiritual","Spiritualibus"],"inLanguage":"de-CH"},{"@type":"WebPage","@id":"https:\/\/tonalibus.org\/it\/2022\/12\/29\/back-to-the-roots\/","url":"https:\/\/tonalibus.org\/it\/2022\/12\/29\/back-to-the-roots\/","name":"Zur\u00fcck zu den Wurzeln! - TONALIBUS Harmonie und Tonalit\u00e4ten","isPartOf":{"@id":"https:\/\/tonalibus.org\/de\/#website"},"primaryImageOfPage":{"@id":"https:\/\/tonalibus.org\/it\/2022\/12\/29\/back-to-the-roots\/#primaryimage"},"image":{"@id":"https:\/\/tonalibus.org\/it\/2022\/12\/29\/back-to-the-roots\/#primaryimage"},"thumbnailUrl":"https:\/\/tonalibus.org\/wp-content\/uploads\/2022\/12\/20221225_150708709_iOS-x-1-1024x576.jpg","datePublished":"2022-12-29T18:59:30+00:00","dateModified":"2022-12-29T18:59:32+00:00","description":"Zur\u00fcck zu den Wurzeln! Kompromisse m\u00f6gen nicht von Dauer sein, selbst die besten, selbst auferlegten, l\u00f6sen sich schlie\u00dflich in Harmonie mit dem Ganzen auf welche Weise auch immer...","breadcrumb":{"@id":"https:\/\/tonalibus.org\/it\/2022\/12\/29\/back-to-the-roots\/#breadcrumb"},"inLanguage":"de-CH","potentialAction":[{"@type":"ReadAction","target":["https:\/\/tonalibus.org\/it\/2022\/12\/29\/back-to-the-roots\/"]}]},{"@type":"ImageObject","inLanguage":"de-CH","@id":"https:\/\/tonalibus.org\/it\/2022\/12\/29\/back-to-the-roots\/#primaryimage","url":"https:\/\/tonalibus.org\/wp-content\/uploads\/2022\/12\/20221225_150708709_iOS-x-1-1024x576.jpg","contentUrl":"https:\/\/tonalibus.org\/wp-content\/uploads\/2022\/12\/20221225_150708709_iOS-x-1-1024x576.jpg"},{"@type":"BreadcrumbList","@id":"https:\/\/tonalibus.org\/it\/2022\/12\/29\/back-to-the-roots\/#breadcrumb","itemListElement":[{"@type":"ListItem","position":1,"name":"Home","item":"https:\/\/tonalibus.org\/"},{"@type":"ListItem","position":2,"name":"Back to the roots!"}]},{"@type":"WebSite","@id":"https:\/\/tonalibus.org\/de\/#website","url":"https:\/\/tonalibus.org\/de\/","name":"TONALIBUS","description":"Verankerte Harmonie und Tonalit\u00e4ten","publisher":{"@id":"https:\/\/tonalibus.org\/de\/#\/schema\/person\/749261d7bc96d1f00127273f83ab96a4"},"potentialAction":[{"@type":"SearchAction","target":{"@type":"EntryPoint","urlTemplate":"https:\/\/tonalibus.org\/de\/?s={search_term_string}"},"query-input":{"@type":"PropertyValueSpecification","valueRequired":true,"valueName":"search_term_string"}}],"inLanguage":"de-CH"},{"@type":["Person","Organization"],"@id":"https:\/\/tonalibus.org\/de\/#\/schema\/person\/749261d7bc96d1f00127273f83ab96a4","name":"Ulrico","image":{"@type":"ImageObject","inLanguage":"de-CH","@id":"https:\/\/tonalibus.org\/wp-content\/uploads\/2020\/06\/uli-pix.jpg","url":"https:\/\/tonalibus.org\/wp-content\/uploads\/2020\/06\/uli-pix.jpg","contentUrl":"https:\/\/tonalibus.org\/wp-content\/uploads\/2020\/06\/uli-pix.jpg","width":960,"height":720,"caption":"Ulrico"},"logo":{"@id":"https:\/\/tonalibus.org\/wp-content\/uploads\/2020\/06\/uli-pix.jpg"},"sameAs":["https:\/\/tonalibus.cyon.site"]}]}},"_links":{"self":[{"href":"https:\/\/tonalibus.org\/de\/wp-json\/wp\/v2\/posts\/21985","targetHints":{"allow":["GET"]}}],"collection":[{"href":"https:\/\/tonalibus.org\/de\/wp-json\/wp\/v2\/posts"}],"about":[{"href":"https:\/\/tonalibus.org\/de\/wp-json\/wp\/v2\/types\/post"}],"author":[{"embeddable":true,"href":"https:\/\/tonalibus.org\/de\/wp-json\/wp\/v2\/users\/1"}],"replies":[{"embeddable":true,"href":"https:\/\/tonalibus.org\/de\/wp-json\/wp\/v2\/comments?post=21985"}],"version-history":[{"count":0,"href":"https:\/\/tonalibus.org\/de\/wp-json\/wp\/v2\/posts\/21985\/revisions"}],"wp:attachment":[{"href":"https:\/\/tonalibus.org\/de\/wp-json\/wp\/v2\/media?parent=21985"}],"wp:term":[{"taxonomy":"category","embeddable":true,"href":"https:\/\/tonalibus.org\/de\/wp-json\/wp\/v2\/categories?post=21985"},{"taxonomy":"post_tag","embeddable":true,"href":"https:\/\/tonalibus.org\/de\/wp-json\/wp\/v2\/tags?post=21985"}],"curies":[{"name":"wp","href":"https:\/\/api.w.org\/{rel}","templated":true}]}}