{"id":24931,"date":"2023-04-23T06:14:13","date_gmt":"2023-04-23T04:14:13","guid":{"rendered":"https:\/\/tonalibus.org\/?p=24931"},"modified":"2023-04-23T06:14:14","modified_gmt":"2023-04-23T04:14:14","slug":"concepts-can-set-the-tone","status":"publish","type":"post","link":"https:\/\/tonalibus.org\/de\/2023\/04\/23\/concepts-can-set-the-tone\/","title":{"rendered":"Konzepte geben den Ton an"},"content":{"rendered":"<p class=\"has-text-align-center has-text-color\" style=\"color:#f7b320\">Konzepte geben den Ton an<br>Sie zeigen, was man weiss<br>Und dann auch was nicht<br>Schliesslich ist Erfahrung<br>Das, was die Welt formt<br>Individuell zu Beginn<br>Schliesslich kollektiv<br>Nachhaltigkeit als Ziel<br>Mehr als nur \u00dcberleben<br>Nicht nur die St\u00e4rksten<br>Sondern Zusammenarbeit<br>Z\u00e4hlt in der Tat am meisten<br>Zum Ausgleich und Aufbau<br>Was jetzt so notwendig ist<br>Denn Stille und Harmonie<br>Kann jeden Aufruhr beruhigen<br>Auch wenn es unm\u00f6glich erscheint<br>Es gibt in der Tat immer einen Weg<br>Gemeinsam im Leben und in Liebe<br>Trotz \u2013 oder doch gerade wegen<br>Allen Streitigkeiten und Kriegen<br>Ist der Wettbewerb so nutzlos<br>Durch den direkten Vergleich<br>Beim zusammen Arbeiten<br>Mit relativer Harmonie<br>Die Waage auszugleichen<br>Jedes Schicksal auszuleben<br>Und den Moment zu geniessen.<\/p>\n\n\n\n<h3 class=\"wp-block-heading has-text-color\" style=\"color:#f7b320\">\u201cFuture past lives\u201d \u2013 eine herzliche Blues-Erinnerung wiederbelebt<\/h3>\n\n\n\n<figure class=\"wp-block-audio\"><audio controls src=\"https:\/\/tonalibus.org\/wp-content\/uploads\/2023\/04\/2023-04-12-6GG.mp3\"><\/audio><figcaption class=\"wp-element-caption\"><a href=\"https:\/\/tonalibus.org\/de\/tonalities\/diatonic-heptatonalities\/phrygian\/\"><mark style=\"background-color:rgba(0, 0, 0, 0);color:#f7b320\" class=\"has-inline-color\">Phrygisch<\/mark><\/a><mark style=\"background-color:rgba(0, 0, 0, 0);color:#f7b320\" class=\"has-inline-color\"> \u2013 zweifach 6-saitige Gitarre \u2013 5:15<\/mark><\/figcaption><\/figure>\n\n\n\n<h3 class=\"wp-block-heading has-text-color\" style=\"color:#f7b320\">Konzepte, S\u00e4ulen von Licht und Klang geben den Ton an<\/h3>\n\n\n\n<p class=\"has-text-color\" style=\"color:#f7b320\">\u201cDie Lichts\u00e4ule, die aus der Mitte der Kuppel herniederstrahlte, war nicht nur zu sehen \u2013 Momo begann sie nun auch zu h\u00f6ren!<br>Anfangs war es wie ein Rauschen, so wie vom Wind, den man fern in den Wipfeln der B\u00e4ume h\u00f6rt. Aber dann wurde das Brausen m\u00e4chtiger, bis es dem eines Wasserfalls glich oder dem Donnern der Meereswogen gegen eine Felsenk\u00fcste.<br>Und Momo vernahm immer deutlicher, dass dieses Tosen aus unz\u00e4hligen Kl\u00e4ngen bestand, die sich untereinander st\u00e4ndig neu ordneten, sich wandelten und immerfort andere Harmonien bildeten. Es war Musik und war doch zugleich etwas ganz anderes. Und pl\u00f6tzlich erkannte Momo sie wieder. Es war die Musik, die sie manchmal leise und wie von Fern geh\u00f6rt hatte, wenn sie unter dem funkelnden Sternenhimmel der Stille lauschte.\u201d<\/p>\n\n\n\n<p class=\"has-text-color\" style=\"color:#f7b320\">\u2013 Momo, die seltsame Geschichte von den Zeit-Dieben und von dem Kind, das den Menschen die gestohlene Zeit zur\u00fcckbrachte, Micheal Ende, S. 183<\/p>\n\n\n\n<h3 class=\"wp-block-heading has-text-color\" style=\"color:#f7b320\">Wo Konzepte und W\u00fcnsche geformt werden, um wahr zu werden<\/h3>\n\n\n\n<figure class=\"wp-block-image size-large is-resized\"><img loading=\"lazy\" decoding=\"async\" src=\"https:\/\/tonalibus.org\/wp-content\/uploads\/2023\/04\/20230409_094904422_iOS-xc-1024x576.jpg\" alt=\"Concepts can set the tone\" class=\"wp-image-24975\" width=\"674\" height=\"379\" srcset=\"https:\/\/tonalibus.org\/wp-content\/uploads\/2023\/04\/20230409_094904422_iOS-xc-1024x576.jpg 1024w, https:\/\/tonalibus.org\/wp-content\/uploads\/2023\/04\/20230409_094904422_iOS-xc-300x169.jpg 300w, https:\/\/tonalibus.org\/wp-content\/uploads\/2023\/04\/20230409_094904422_iOS-xc-768x432.jpg 768w, https:\/\/tonalibus.org\/wp-content\/uploads\/2023\/04\/20230409_094904422_iOS-xc-1536x864.jpg 1536w, https:\/\/tonalibus.org\/wp-content\/uploads\/2023\/04\/20230409_094904422_iOS-xc-2048x1152.jpg 2048w, https:\/\/tonalibus.org\/wp-content\/uploads\/2023\/04\/20230409_094904422_iOS-xc-18x10.jpg 18w, https:\/\/tonalibus.org\/wp-content\/uploads\/2023\/04\/20230409_094904422_iOS-xc-1320x743.jpg 1320w\" sizes=\"auto, (max-width: 674px) 100vw, 674px\" \/><figcaption class=\"wp-element-caption\"><a href=\"https:\/\/www.einsiedelei.ch\/\" target=\"_blank\" rel=\"noreferrer noopener\">Einsiedelei St. Verena<\/a>, bis heute von einem echten Einsiedler unterhalten \u2013 April 2023 \u2013 bei Solothurn, Schweiz<\/figcaption><\/figure>","protected":false},"excerpt":{"rendered":"<p>Konzepte geben den Ton an<br \/>\nSie zeigen, was man weiss<br \/>\nUnd dann auch was nicht<br \/>\nSchliesslich ist Erfahrung<br \/>\nDas, was die Welt formt<br \/>\n\u2026<\/p>","protected":false},"author":1,"featured_media":0,"comment_status":"closed","ping_status":"closed","sticky":false,"template":"","format":"standard","meta":{"footnotes":""},"categories":[24,10],"tags":[],"class_list":["post-24931","post","type-post","status-publish","format-standard","hentry","category-2023-spiritual","category-spiritualibus"],"yoast_head":"<!-- This site is optimized with the Yoast SEO plugin v27.4 - https:\/\/yoast.com\/product\/yoast-seo-wordpress\/ -->\n<title>Concepts can set the tone &#8211; TONALIBUS Harmony and Tonalities<\/title>\n<meta name=\"description\" content=\"Concepts can set the tone, show what one knows, and also then what not. Finally it&#039;s experience that forms the world, individually...\" \/>\n<meta name=\"robots\" content=\"index, follow, max-snippet:-1, max-image-preview:large, max-video-preview:-1\" \/>\n<link rel=\"canonical\" href=\"https:\/\/tonalibus.org\/de\/2023\/04\/23\/concepts-can-set-the-tone\/\" \/>\n<meta property=\"og:locale\" content=\"de_DE\" \/>\n<meta property=\"og:type\" content=\"article\" \/>\n<meta property=\"og:title\" content=\"Concepts can set the tone &#8211; TONALIBUS Harmony and Tonalities\" \/>\n<meta property=\"og:description\" content=\"Concepts can set the tone, show what one knows, and also then what not. Finally it&#039;s experience that forms the world, individually...\" \/>\n<meta property=\"og:url\" content=\"https:\/\/tonalibus.org\/de\/2023\/04\/23\/concepts-can-set-the-tone\/\" \/>\n<meta property=\"og:site_name\" content=\"TONALIBUS\" \/>\n<meta property=\"article:published_time\" content=\"2023-04-23T04:14:13+00:00\" \/>\n<meta property=\"article:modified_time\" content=\"2023-04-23T04:14:14+00:00\" \/>\n<meta property=\"og:image\" content=\"https:\/\/tonalibus.org\/wp-content\/uploads\/2023\/04\/20230409_094904422_iOS-xc-1024x576.jpg\" \/>\n<meta name=\"author\" content=\"Ulrico\" \/>\n<meta name=\"twitter:card\" content=\"summary_large_image\" \/>\n<meta name=\"twitter:label1\" content=\"Verfasst von\" \/>\n\t<meta name=\"twitter:data1\" content=\"Ulrico\" \/>\n\t<meta name=\"twitter:label2\" content=\"Gesch\u00e4tzte Lesezeit\" \/>\n\t<meta name=\"twitter:data2\" content=\"2\u00a0Minuten\" \/>\n<script type=\"application\/ld+json\" class=\"yoast-schema-graph\">{\"@context\":\"https:\\\/\\\/schema.org\",\"@graph\":[{\"@type\":\"Article\",\"@id\":\"https:\\\/\\\/tonalibus.org\\\/de\\\/2023\\\/04\\\/23\\\/concepts-can-set-the-tone\\\/#article\",\"isPartOf\":{\"@id\":\"https:\\\/\\\/tonalibus.org\\\/de\\\/2023\\\/04\\\/23\\\/concepts-can-set-the-tone\\\/\"},\"author\":{\"name\":\"Ulrico\",\"@id\":\"https:\\\/\\\/tonalibus.org\\\/de\\\/#\\\/schema\\\/person\\\/749261d7bc96d1f00127273f83ab96a4\"},\"headline\":\"Concepts can set the tone\",\"datePublished\":\"2023-04-23T04:14:13+00:00\",\"dateModified\":\"2023-04-23T04:14:14+00:00\",\"mainEntityOfPage\":{\"@id\":\"https:\\\/\\\/tonalibus.org\\\/de\\\/2023\\\/04\\\/23\\\/concepts-can-set-the-tone\\\/\"},\"wordCount\":302,\"publisher\":{\"@id\":\"https:\\\/\\\/tonalibus.org\\\/de\\\/#\\\/schema\\\/person\\\/749261d7bc96d1f00127273f83ab96a4\"},\"image\":{\"@id\":\"https:\\\/\\\/tonalibus.org\\\/de\\\/2023\\\/04\\\/23\\\/concepts-can-set-the-tone\\\/#primaryimage\"},\"thumbnailUrl\":\"https:\\\/\\\/tonalibus.org\\\/wp-content\\\/uploads\\\/2023\\\/04\\\/20230409_094904422_iOS-xc-1024x576.jpg\",\"articleSection\":[\"2023 spiritual\",\"Spiritualibus\"],\"inLanguage\":\"de-CH\"},{\"@type\":\"WebPage\",\"@id\":\"https:\\\/\\\/tonalibus.org\\\/de\\\/2023\\\/04\\\/23\\\/concepts-can-set-the-tone\\\/\",\"url\":\"https:\\\/\\\/tonalibus.org\\\/de\\\/2023\\\/04\\\/23\\\/concepts-can-set-the-tone\\\/\",\"name\":\"Concepts can set the tone &#8211; TONALIBUS Harmony and Tonalities\",\"isPartOf\":{\"@id\":\"https:\\\/\\\/tonalibus.org\\\/de\\\/#website\"},\"primaryImageOfPage\":{\"@id\":\"https:\\\/\\\/tonalibus.org\\\/de\\\/2023\\\/04\\\/23\\\/concepts-can-set-the-tone\\\/#primaryimage\"},\"image\":{\"@id\":\"https:\\\/\\\/tonalibus.org\\\/de\\\/2023\\\/04\\\/23\\\/concepts-can-set-the-tone\\\/#primaryimage\"},\"thumbnailUrl\":\"https:\\\/\\\/tonalibus.org\\\/wp-content\\\/uploads\\\/2023\\\/04\\\/20230409_094904422_iOS-xc-1024x576.jpg\",\"datePublished\":\"2023-04-23T04:14:13+00:00\",\"dateModified\":\"2023-04-23T04:14:14+00:00\",\"description\":\"Concepts can set the tone, show what one knows, and also then what not. Finally it's experience that forms the world, individually...\",\"breadcrumb\":{\"@id\":\"https:\\\/\\\/tonalibus.org\\\/de\\\/2023\\\/04\\\/23\\\/concepts-can-set-the-tone\\\/#breadcrumb\"},\"inLanguage\":\"de-CH\",\"potentialAction\":[{\"@type\":\"ReadAction\",\"target\":[\"https:\\\/\\\/tonalibus.org\\\/de\\\/2023\\\/04\\\/23\\\/concepts-can-set-the-tone\\\/\"]}]},{\"@type\":\"ImageObject\",\"inLanguage\":\"de-CH\",\"@id\":\"https:\\\/\\\/tonalibus.org\\\/de\\\/2023\\\/04\\\/23\\\/concepts-can-set-the-tone\\\/#primaryimage\",\"url\":\"https:\\\/\\\/tonalibus.org\\\/wp-content\\\/uploads\\\/2023\\\/04\\\/20230409_094904422_iOS-xc-1024x576.jpg\",\"contentUrl\":\"https:\\\/\\\/tonalibus.org\\\/wp-content\\\/uploads\\\/2023\\\/04\\\/20230409_094904422_iOS-xc-1024x576.jpg\"},{\"@type\":\"BreadcrumbList\",\"@id\":\"https:\\\/\\\/tonalibus.org\\\/de\\\/2023\\\/04\\\/23\\\/concepts-can-set-the-tone\\\/#breadcrumb\",\"itemListElement\":[{\"@type\":\"ListItem\",\"position\":1,\"name\":\"Home\",\"item\":\"https:\\\/\\\/tonalibus.org\\\/\"},{\"@type\":\"ListItem\",\"position\":2,\"name\":\"Concepts can set the tone\"}]},{\"@type\":\"WebSite\",\"@id\":\"https:\\\/\\\/tonalibus.org\\\/de\\\/#website\",\"url\":\"https:\\\/\\\/tonalibus.org\\\/de\\\/\",\"name\":\"TONALIBUS\",\"description\":\"Anchored Harmony and Tonalities\",\"publisher\":{\"@id\":\"https:\\\/\\\/tonalibus.org\\\/de\\\/#\\\/schema\\\/person\\\/749261d7bc96d1f00127273f83ab96a4\"},\"potentialAction\":[{\"@type\":\"SearchAction\",\"target\":{\"@type\":\"EntryPoint\",\"urlTemplate\":\"https:\\\/\\\/tonalibus.org\\\/de\\\/?s={search_term_string}\"},\"query-input\":{\"@type\":\"PropertyValueSpecification\",\"valueRequired\":true,\"valueName\":\"search_term_string\"}}],\"inLanguage\":\"de-CH\"},{\"@type\":[\"Person\",\"Organization\"],\"@id\":\"https:\\\/\\\/tonalibus.org\\\/de\\\/#\\\/schema\\\/person\\\/749261d7bc96d1f00127273f83ab96a4\",\"name\":\"Ulrico\",\"image\":{\"@type\":\"ImageObject\",\"inLanguage\":\"de-CH\",\"@id\":\"https:\\\/\\\/tonalibus.org\\\/wp-content\\\/uploads\\\/2020\\\/06\\\/uli-pix.jpg\",\"url\":\"https:\\\/\\\/tonalibus.org\\\/wp-content\\\/uploads\\\/2020\\\/06\\\/uli-pix.jpg\",\"contentUrl\":\"https:\\\/\\\/tonalibus.org\\\/wp-content\\\/uploads\\\/2020\\\/06\\\/uli-pix.jpg\",\"width\":960,\"height\":720,\"caption\":\"Ulrico\"},\"logo\":{\"@id\":\"https:\\\/\\\/tonalibus.org\\\/wp-content\\\/uploads\\\/2020\\\/06\\\/uli-pix.jpg\"},\"sameAs\":[\"https:\\\/\\\/tonalibus.cyon.site\"]}]}<\/script>\n<!-- \/ Yoast SEO plugin. -->","yoast_head_json":{"title":"Konzepte k\u00f6nnen den Ton angeben - TONALIBUS Harmony and Tonalities","description":"Konzepte k\u00f6nnen den Ton angeben, zeigen, was man wei\u00df, und auch, was nicht. Schlie\u00dflich ist es die Erfahrung, die die Welt formt, individuell...","robots":{"index":"index","follow":"follow","max-snippet":"max-snippet:-1","max-image-preview":"max-image-preview:large","max-video-preview":"max-video-preview:-1"},"canonical":"https:\/\/tonalibus.org\/de\/2023\/04\/23\/concepts-can-set-the-tone\/","og_locale":"de_DE","og_type":"article","og_title":"Concepts can set the tone &#8211; TONALIBUS Harmony and Tonalities","og_description":"Concepts can set the tone, show what one knows, and also then what not. Finally it's experience that forms the world, individually...","og_url":"https:\/\/tonalibus.org\/de\/2023\/04\/23\/concepts-can-set-the-tone\/","og_site_name":"TONALIBUS","article_published_time":"2023-04-23T04:14:13+00:00","article_modified_time":"2023-04-23T04:14:14+00:00","og_image":[{"url":"https:\/\/tonalibus.org\/wp-content\/uploads\/2023\/04\/20230409_094904422_iOS-xc-1024x576.jpg","type":"","width":"","height":""}],"author":"Ulrico","twitter_card":"summary_large_image","twitter_misc":{"Verfasst von":"Ulrico","Gesch\u00e4tzte Lesezeit":"2\u00a0Minuten"},"schema":{"@context":"https:\/\/schema.org","@graph":[{"@type":"Article","@id":"https:\/\/tonalibus.org\/de\/2023\/04\/23\/concepts-can-set-the-tone\/#article","isPartOf":{"@id":"https:\/\/tonalibus.org\/de\/2023\/04\/23\/concepts-can-set-the-tone\/"},"author":{"name":"Ulrico","@id":"https:\/\/tonalibus.org\/de\/#\/schema\/person\/749261d7bc96d1f00127273f83ab96a4"},"headline":"Concepts can set the tone","datePublished":"2023-04-23T04:14:13+00:00","dateModified":"2023-04-23T04:14:14+00:00","mainEntityOfPage":{"@id":"https:\/\/tonalibus.org\/de\/2023\/04\/23\/concepts-can-set-the-tone\/"},"wordCount":302,"publisher":{"@id":"https:\/\/tonalibus.org\/de\/#\/schema\/person\/749261d7bc96d1f00127273f83ab96a4"},"image":{"@id":"https:\/\/tonalibus.org\/de\/2023\/04\/23\/concepts-can-set-the-tone\/#primaryimage"},"thumbnailUrl":"https:\/\/tonalibus.org\/wp-content\/uploads\/2023\/04\/20230409_094904422_iOS-xc-1024x576.jpg","articleSection":["2023 spiritual","Spiritualibus"],"inLanguage":"de-CH"},{"@type":"WebPage","@id":"https:\/\/tonalibus.org\/de\/2023\/04\/23\/concepts-can-set-the-tone\/","url":"https:\/\/tonalibus.org\/de\/2023\/04\/23\/concepts-can-set-the-tone\/","name":"Konzepte k\u00f6nnen den Ton angeben - TONALIBUS Harmony and Tonalities","isPartOf":{"@id":"https:\/\/tonalibus.org\/de\/#website"},"primaryImageOfPage":{"@id":"https:\/\/tonalibus.org\/de\/2023\/04\/23\/concepts-can-set-the-tone\/#primaryimage"},"image":{"@id":"https:\/\/tonalibus.org\/de\/2023\/04\/23\/concepts-can-set-the-tone\/#primaryimage"},"thumbnailUrl":"https:\/\/tonalibus.org\/wp-content\/uploads\/2023\/04\/20230409_094904422_iOS-xc-1024x576.jpg","datePublished":"2023-04-23T04:14:13+00:00","dateModified":"2023-04-23T04:14:14+00:00","description":"Konzepte k\u00f6nnen den Ton angeben, zeigen, was man wei\u00df, und auch, was nicht. Schlie\u00dflich ist es die Erfahrung, die die Welt formt, individuell...","breadcrumb":{"@id":"https:\/\/tonalibus.org\/de\/2023\/04\/23\/concepts-can-set-the-tone\/#breadcrumb"},"inLanguage":"de-CH","potentialAction":[{"@type":"ReadAction","target":["https:\/\/tonalibus.org\/de\/2023\/04\/23\/concepts-can-set-the-tone\/"]}]},{"@type":"ImageObject","inLanguage":"de-CH","@id":"https:\/\/tonalibus.org\/de\/2023\/04\/23\/concepts-can-set-the-tone\/#primaryimage","url":"https:\/\/tonalibus.org\/wp-content\/uploads\/2023\/04\/20230409_094904422_iOS-xc-1024x576.jpg","contentUrl":"https:\/\/tonalibus.org\/wp-content\/uploads\/2023\/04\/20230409_094904422_iOS-xc-1024x576.jpg"},{"@type":"BreadcrumbList","@id":"https:\/\/tonalibus.org\/de\/2023\/04\/23\/concepts-can-set-the-tone\/#breadcrumb","itemListElement":[{"@type":"ListItem","position":1,"name":"Home","item":"https:\/\/tonalibus.org\/"},{"@type":"ListItem","position":2,"name":"Concepts can set the tone"}]},{"@type":"WebSite","@id":"https:\/\/tonalibus.org\/de\/#website","url":"https:\/\/tonalibus.org\/de\/","name":"TONALIBUS","description":"Verankerte Harmonie und Tonalit\u00e4ten","publisher":{"@id":"https:\/\/tonalibus.org\/de\/#\/schema\/person\/749261d7bc96d1f00127273f83ab96a4"},"potentialAction":[{"@type":"SearchAction","target":{"@type":"EntryPoint","urlTemplate":"https:\/\/tonalibus.org\/de\/?s={search_term_string}"},"query-input":{"@type":"PropertyValueSpecification","valueRequired":true,"valueName":"search_term_string"}}],"inLanguage":"de-CH"},{"@type":["Person","Organization"],"@id":"https:\/\/tonalibus.org\/de\/#\/schema\/person\/749261d7bc96d1f00127273f83ab96a4","name":"Ulrico","image":{"@type":"ImageObject","inLanguage":"de-CH","@id":"https:\/\/tonalibus.org\/wp-content\/uploads\/2020\/06\/uli-pix.jpg","url":"https:\/\/tonalibus.org\/wp-content\/uploads\/2020\/06\/uli-pix.jpg","contentUrl":"https:\/\/tonalibus.org\/wp-content\/uploads\/2020\/06\/uli-pix.jpg","width":960,"height":720,"caption":"Ulrico"},"logo":{"@id":"https:\/\/tonalibus.org\/wp-content\/uploads\/2020\/06\/uli-pix.jpg"},"sameAs":["https:\/\/tonalibus.cyon.site"]}]}},"_links":{"self":[{"href":"https:\/\/tonalibus.org\/de\/wp-json\/wp\/v2\/posts\/24931","targetHints":{"allow":["GET"]}}],"collection":[{"href":"https:\/\/tonalibus.org\/de\/wp-json\/wp\/v2\/posts"}],"about":[{"href":"https:\/\/tonalibus.org\/de\/wp-json\/wp\/v2\/types\/post"}],"author":[{"embeddable":true,"href":"https:\/\/tonalibus.org\/de\/wp-json\/wp\/v2\/users\/1"}],"replies":[{"embeddable":true,"href":"https:\/\/tonalibus.org\/de\/wp-json\/wp\/v2\/comments?post=24931"}],"version-history":[{"count":0,"href":"https:\/\/tonalibus.org\/de\/wp-json\/wp\/v2\/posts\/24931\/revisions"}],"wp:attachment":[{"href":"https:\/\/tonalibus.org\/de\/wp-json\/wp\/v2\/media?parent=24931"}],"wp:term":[{"taxonomy":"category","embeddable":true,"href":"https:\/\/tonalibus.org\/de\/wp-json\/wp\/v2\/categories?post=24931"},{"taxonomy":"post_tag","embeddable":true,"href":"https:\/\/tonalibus.org\/de\/wp-json\/wp\/v2\/tags?post=24931"}],"curies":[{"name":"wp","href":"https:\/\/api.w.org\/{rel}","templated":true}]}}