{"id":26122,"date":"2023-07-18T23:44:55","date_gmt":"2023-07-18T21:44:55","guid":{"rendered":"https:\/\/tonalibus.org\/?p=26122"},"modified":"2023-07-18T23:44:56","modified_gmt":"2023-07-18T21:44:56","slug":"july-2023-tonalibus-update","status":"publish","type":"post","link":"https:\/\/tonalibus.org\/de\/2023\/07\/18\/july-2023-tonalibus-update\/","title":{"rendered":"Juli 2023 Tonalibus-Update"},"content":{"rendered":"<div class=\"wp-block-buttons is-content-justification-center is-layout-flex wp-container-core-buttons-is-layout-16018d1d wp-block-buttons-is-layout-flex\">\n<div class=\"wp-block-button is-style-outline is-style-outline--1\"><a class=\"wp-block-button__link wp-element-button\" href=\"#concerts\">Letzte Konzerte<\/a><\/div>\n\n\n\n<div class=\"wp-block-button is-style-outline is-style-outline--2\"><a class=\"wp-block-button__link wp-element-button\" href=\"#playlist\">Playlist-Neuigkeiten<\/a><\/div>\n\n\n\n<div class=\"wp-block-button is-style-outline is-style-outline--3\"><a class=\"wp-block-button__link wp-element-button\" href=\"#website\">Aktualisierung der Website<\/a><\/div>\n<\/div>\n\n\n\n<div style=\"height:32px\" aria-hidden=\"true\" class=\"wp-block-spacer\"><\/div>\n\n\n\n<p class=\"has-text-color\" style=\"color:#f7b320\">Dieses Tonalibus-Update vom Juli 2023 berichtet \u00fcber zwei k\u00fcrzliche Konzert-Abenteuer und betont das rasante Aufkommen der <em>Playlist K<\/em> \u201cErfrischend wie ein Sommerwind\u201d. Ausserdem verk\u00fcndet es leichte \u00c4nderungen in der Men\u00fc-Struktur der Website und die Erweiterung der Hauptseite vom <em>Spiritualibus-Blog<\/em>.<\/p>\n\n\n\n<h2 class=\"wp-block-heading has-text-color\" id=\"concerts\" style=\"color:#f7b320\">Zwei k\u00fcrzliche Tonalibus-Konzerte Anfang Juli<\/h2>\n\n\n\n<div class=\"wp-block-media-text alignwide is-stacked-on-mobile\" style=\"grid-template-columns:25% auto\"><figure class=\"wp-block-media-text__media\"><a href=\"https:\/\/tonalibus.org\/wp-content\/uploads\/2023\/07\/20230707_200009000_iOS-xcsqr.jpg\"><img loading=\"lazy\" decoding=\"async\" width=\"1024\" height=\"1024\" src=\"https:\/\/tonalibus.org\/wp-content\/uploads\/2023\/07\/20230707_200009000_iOS-xcsqr-1024x1024.jpg\" alt=\"July 2023 Tonalibus update\" class=\"wp-image-26125 size-full\" srcset=\"https:\/\/tonalibus.org\/wp-content\/uploads\/2023\/07\/20230707_200009000_iOS-xcsqr-1024x1024.jpg 1024w, https:\/\/tonalibus.org\/wp-content\/uploads\/2023\/07\/20230707_200009000_iOS-xcsqr-300x300.jpg 300w, https:\/\/tonalibus.org\/wp-content\/uploads\/2023\/07\/20230707_200009000_iOS-xcsqr-150x150.jpg 150w, https:\/\/tonalibus.org\/wp-content\/uploads\/2023\/07\/20230707_200009000_iOS-xcsqr-768x768.jpg 768w, https:\/\/tonalibus.org\/wp-content\/uploads\/2023\/07\/20230707_200009000_iOS-xcsqr-12x12.jpg 12w, https:\/\/tonalibus.org\/wp-content\/uploads\/2023\/07\/20230707_200009000_iOS-xcsqr-100x100.jpg 100w, https:\/\/tonalibus.org\/wp-content\/uploads\/2023\/07\/20230707_200009000_iOS-xcsqr-1320x1320.jpg 1320w, https:\/\/tonalibus.org\/wp-content\/uploads\/2023\/07\/20230707_200009000_iOS-xcsqr-560x560.jpg 560w, https:\/\/tonalibus.org\/wp-content\/uploads\/2023\/07\/20230707_200009000_iOS-xcsqr.jpg 1536w\" sizes=\"auto, (max-width: 706px) 89vw, (max-width: 767px) 82vw, 740px\" \/><\/a><\/figure><div class=\"wp-block-media-text__content\">\n<p class=\"has-text-color\" style=\"color:#f7b320\">Am Donnerstag, 6. Juli, <a href=\"https:\/\/www.casa-luminosa.ch\/\" target=\"_blank\" rel=\"noreferrer noopener\"><mark style=\"background-color:rgba(0, 0, 0, 0);color:#f7b320\" class=\"has-inline-color\">Ursula Huggenberger<\/mark><\/a> und Tonalibus <a href=\"https:\/\/tonalibus.org\/de\/about-tonalibus\/ulrico\/\"><mark style=\"background-color:rgba(0, 0, 0, 0);color:#f7b320\" class=\"has-inline-color\">Ulrico<\/mark><\/a> pr\u00e4sentierten eine nat\u00fcrliche Klang-Reise in der phantastischen Akustik der Fideris-Kirche in Graub\u00fcnden. Live-Aufnahmen, Fotos und ein kurzer Bericht dieses Events findest du unter <a href=\"https:\/\/tonalibus.org\/de\/sounds\/2023-sounds-and-images\/july-2023-live-sounds\/\"><mark style=\"background-color:rgba(0, 0, 0, 0);color:#f7b320\" class=\"has-inline-color\">Juli 2023 Live Kl\u00e4nge<\/mark><\/a>. Zudem gibt es hiervon ein dreieinhalb-Minuten-Videoclip auf <a href=\"https:\/\/www.instagram.com\/p\/CutjQgUgWgk\/\" target=\"_blank\" rel=\"noreferrer noopener\"><mark style=\"background-color:rgba(0, 0, 0, 0);color:#f7b320\" class=\"has-inline-color\">Instagram<\/mark><\/a>. (Klick auf das durchgestrichene Lautsprecher-Symbol f\u00fcr den Ton).<\/p>\n<\/div><\/div>\n\n\n\n<div class=\"wp-block-media-text alignwide is-stacked-on-mobile\" style=\"grid-template-columns:25% auto\"><figure class=\"wp-block-media-text__media\"><a href=\"https:\/\/tonalibus.org\/wp-content\/uploads\/2023\/07\/20230701_133720154_iOS-xc.jpg\"><img loading=\"lazy\" decoding=\"async\" width=\"1024\" height=\"1024\" src=\"https:\/\/tonalibus.org\/wp-content\/uploads\/2023\/07\/20230701_133720154_iOS-xc-1024x1024.jpg\" alt=\"July 2023 Tonalibus update\" class=\"wp-image-26124 size-full\" srcset=\"https:\/\/tonalibus.org\/wp-content\/uploads\/2023\/07\/20230701_133720154_iOS-xc-1024x1024.jpg 1024w, https:\/\/tonalibus.org\/wp-content\/uploads\/2023\/07\/20230701_133720154_iOS-xc-300x300.jpg 300w, https:\/\/tonalibus.org\/wp-content\/uploads\/2023\/07\/20230701_133720154_iOS-xc-150x150.jpg 150w, https:\/\/tonalibus.org\/wp-content\/uploads\/2023\/07\/20230701_133720154_iOS-xc-768x768.jpg 768w, https:\/\/tonalibus.org\/wp-content\/uploads\/2023\/07\/20230701_133720154_iOS-xc-1536x1536.jpg 1536w, https:\/\/tonalibus.org\/wp-content\/uploads\/2023\/07\/20230701_133720154_iOS-xc-2048x2048.jpg 2048w, https:\/\/tonalibus.org\/wp-content\/uploads\/2023\/07\/20230701_133720154_iOS-xc-12x12.jpg 12w, https:\/\/tonalibus.org\/wp-content\/uploads\/2023\/07\/20230701_133720154_iOS-xc-100x100.jpg 100w, https:\/\/tonalibus.org\/wp-content\/uploads\/2023\/07\/20230701_133720154_iOS-xc-1320x1320.jpg 1320w, https:\/\/tonalibus.org\/wp-content\/uploads\/2023\/07\/20230701_133720154_iOS-xc-560x560.jpg 560w\" sizes=\"auto, (max-width: 706px) 89vw, (max-width: 767px) 82vw, 740px\" \/><\/a><\/figure><div class=\"wp-block-media-text__content\">\n<p class=\"has-text-color\" style=\"color:#f7b320\">Am Samstag, 1. Juli, wurde das Schlimo-Sommerfest '23 mit einem Open-Air-Konzert und Theater auf dem Gel\u00e4nde eines pr\u00e4chtigen Landguts in Gurzelen bei Thun gefeiert. Tonalibus Ulrico er\u00f6ffnete das Live-Programm mit \u201cKlangteppiche, so erfrischend wie eine Sommerwind\u201d. (Keine Aufnahmen von dieser Veranstaltung. Klicke auf Foto links zum Vergr\u00f6ssern.)<\/p>\n<\/div><\/div>\n\n\n\n<h2 class=\"wp-block-heading has-text-color\" id=\"playlist\" style=\"color:#f7b320\">Juli 2023 Tonalibus-Playlist-Update<\/h2>\n\n\n\n<div class=\"wp-block-media-text alignwide is-stacked-on-mobile\" style=\"grid-template-columns:25% auto\"><figure class=\"wp-block-media-text__media\"><img loading=\"lazy\" decoding=\"async\" width=\"1024\" height=\"1024\" src=\"https:\/\/tonalibus.org\/wp-content\/uploads\/2023\/06\/20220515_202745414_iOS-xc1-sqr-k-1024x1024.jpg\" alt=\"July 2023 Tonalibus update\" class=\"wp-image-25658 size-full\" srcset=\"https:\/\/tonalibus.org\/wp-content\/uploads\/2023\/06\/20220515_202745414_iOS-xc1-sqr-k-1024x1024.jpg 1024w, https:\/\/tonalibus.org\/wp-content\/uploads\/2023\/06\/20220515_202745414_iOS-xc1-sqr-k-300x300.jpg 300w, https:\/\/tonalibus.org\/wp-content\/uploads\/2023\/06\/20220515_202745414_iOS-xc1-sqr-k-150x150.jpg 150w, https:\/\/tonalibus.org\/wp-content\/uploads\/2023\/06\/20220515_202745414_iOS-xc1-sqr-k-768x768.jpg 768w, https:\/\/tonalibus.org\/wp-content\/uploads\/2023\/06\/20220515_202745414_iOS-xc1-sqr-k-1536x1536.jpg 1536w, https:\/\/tonalibus.org\/wp-content\/uploads\/2023\/06\/20220515_202745414_iOS-xc1-sqr-k-2048x2048.jpg 2048w, https:\/\/tonalibus.org\/wp-content\/uploads\/2023\/06\/20220515_202745414_iOS-xc1-sqr-k-12x12.jpg 12w, https:\/\/tonalibus.org\/wp-content\/uploads\/2023\/06\/20220515_202745414_iOS-xc1-sqr-k-100x100.jpg 100w, https:\/\/tonalibus.org\/wp-content\/uploads\/2023\/06\/20220515_202745414_iOS-xc1-sqr-k-1320x1320.jpg 1320w, https:\/\/tonalibus.org\/wp-content\/uploads\/2023\/06\/20220515_202745414_iOS-xc1-sqr-k-560x560.jpg 560w\" sizes=\"auto, (max-width: 706px) 89vw, (max-width: 767px) 82vw, 740px\" \/><\/figure><div class=\"wp-block-media-text__content\">\n<p class=\"has-text-color\" style=\"color:#f7b320\"><a href=\"https:\/\/tonalibus.org\/de\/shop\/playlists\/playlist-i-j-k\/#k\"><em><mark style=\"background-color:rgba(0, 0, 0, 0);color:#f7b320\" class=\"has-inline-color\">Playlist K<\/mark><\/em><\/a> \u201cErfrischend wie ein Sommerwind\u201d folgt <em>Playlist J<\/em>, deren Fertigstellung im Juni verk\u00fcndet wurde. Bisher ist nun <em>Playlist K<\/em> bereits auf acht St\u00fccke mit vierundvierzig Minuten neuer Improvisationen angewachsen, darunter einige der Fideris-Klangreise und weitere mit neuer Lap-Slide-Gitarre, wie \u201cFused oriental occident and occidental orient\u201d (unten).  <\/p>\n<\/div><\/div>\n\n\n\n<figure class=\"wp-block-audio\"><audio controls src=\"https:\/\/tonalibus.org\/wp-content\/uploads\/2023\/06\/2023-06-23-TAVILSCRO.mp3\"><\/audio><figcaption class=\"wp-element-caption\"><mark style=\"background-color:rgba(0, 0, 0, 0);color:#f7b320\" class=\"has-inline-color\">\u201cFused\u2026\u201d \u2013 <\/mark><a href=\"https:\/\/tonalibus.org\/de\/tonalities\/reach-or-harmonic-heptatonalities\/reachmin-phryg-dominant\/\"><mark style=\"background-color:rgba(0, 0, 0, 0);color:#f7b320\" class=\"has-inline-color\">ReachMin<\/mark><\/a><mark style=\"background-color:rgba(0, 0, 0, 0);color:#f7b320\" class=\"has-inline-color\"> (Phrygisch dominant) auf G# \u2013 fretted<em> <\/em>Vichitra-V\u012b\u1e47\u0101<em>,<\/em> Lap-Slide-Gitarre, Crotales, Tanpura \u2013 8:01<\/mark><\/figcaption><\/figure>\n\n\n\n<h2 class=\"wp-block-heading has-text-color\" id=\"website\" style=\"color:#f7b320\">Tonalibus-Website-Update vom Juli 2023<\/h2>\n\n\n\n<div class=\"wp-block-media-text alignwide is-stacked-on-mobile\" style=\"grid-template-columns:25% auto\"><figure class=\"wp-block-media-text__media\"><img loading=\"lazy\" decoding=\"async\" width=\"893\" height=\"893\" src=\"https:\/\/tonalibus.org\/wp-content\/uploads\/2023\/06\/Ulrico-22.jpg\" alt=\"July 2023 Tonalibus update\" class=\"wp-image-25641 size-full\" srcset=\"https:\/\/tonalibus.org\/wp-content\/uploads\/2023\/06\/Ulrico-22.jpg 893w, https:\/\/tonalibus.org\/wp-content\/uploads\/2023\/06\/Ulrico-22-300x300.jpg 300w, https:\/\/tonalibus.org\/wp-content\/uploads\/2023\/06\/Ulrico-22-150x150.jpg 150w, https:\/\/tonalibus.org\/wp-content\/uploads\/2023\/06\/Ulrico-22-768x768.jpg 768w, https:\/\/tonalibus.org\/wp-content\/uploads\/2023\/06\/Ulrico-22-12x12.jpg 12w, https:\/\/tonalibus.org\/wp-content\/uploads\/2023\/06\/Ulrico-22-100x100.jpg 100w, https:\/\/tonalibus.org\/wp-content\/uploads\/2023\/06\/Ulrico-22-560x560.jpg 560w\" sizes=\"auto, (max-width: 706px) 89vw, (max-width: 767px) 82vw, 740px\" \/><\/figure><div class=\"wp-block-media-text__content\">\n<p class=\"has-text-color\" style=\"color:#f7b320\">Die Reihenfolge der Optionen im Hauptmen\u00fc wurde leicht ge\u00e4ndert. Im <em>Fidibus-Shop<\/em>, erscheinen alle <a href=\"https:\/\/tonalibus.org\/de\/shop\/playlists\/\"><em><mark style=\"background-color:rgba(0, 0, 0, 0);color:#f7b320\" class=\"has-inline-color\">Playlists<\/mark><\/em><\/a> nun gruppiert mit all ihren Titeln. <a href=\"https:\/\/tonalibus.org\/de\/tonalities\/tonalities-of-the-month\/\"><em><mark style=\"background-color:rgba(0, 0, 0, 0);color:#f7b320\" class=\"has-inline-color\">Tonalit\u00e4ten des Monats<\/mark><\/em><\/a> befinden sich jetzt unter <em>Tonalit\u00e4ten<\/em>, und <em>Chromatik und Modulation<\/em> unter <em>Konzepte<\/em>. Und die Hauptseite des <a href=\"https:\/\/tonalibus.org\/de\/spiritualibus-blog\/\"><em><mark style=\"background-color:rgba(0, 0, 0, 0);color:#f7b320\" class=\"has-inline-color\">Spiritualibus-Blog<\/mark><\/em><\/a> hat ein neues Aussehen erhalten und zeigt kurze Blog-Ausz\u00fcge in der Liste der neuesten Beitr\u00e4ge aller Kategorien und neuster Omnibus-Beitr\u00e4ge.<\/p>\n<\/div><\/div>\n\n\n\n<p class=\"has-small-font-size\">Beste W\u00fcnsche von Herzen!<br>Ulrico<\/p>","protected":false},"excerpt":{"rendered":"<p>Dieses Tonalibus-Update vom Juli 2023 berichtet \u00fcber zwei k\u00fcrzliche Konzert-Abenteuer und betont das rasante Aufkommen der Playlist K \u201cErfrischend wie ein Sommerwind\u201d. Ausserdem verk\u00fcndet es leichte \u00c4nderungen in der Men\u00fc-Struktur der Website und die Erweiterung der Hauptseite vom Spiritualibus-Blog.<\/p>","protected":false},"author":1,"featured_media":0,"comment_status":"closed","ping_status":"closed","sticky":false,"template":"","format":"standard","meta":{"footnotes":""},"categories":[30,25,12,11,16],"tags":[],"class_list":["post-26122","post","type-post","status-publish","format-standard","hentry","category-2023-fidal","category-2023-tonal","category-fidibus","category-tonalibus","category-update"],"yoast_head":"<!-- This site is optimized with the Yoast SEO plugin v27.5 - https:\/\/yoast.com\/product\/yoast-seo-wordpress\/ -->\n<title>July 2023 Tonalibus update &#8211; TONALIBUS Harmony and Tonalities<\/title>\n<meta name=\"description\" content=\"This July 2023 Tonalibus update touches on recent concert adventures, the rapid emergence of Playlist K, and some website changes.\" \/>\n<meta name=\"robots\" content=\"index, follow, max-snippet:-1, max-image-preview:large, max-video-preview:-1\" \/>\n<link rel=\"canonical\" href=\"https:\/\/tonalibus.org\/de\/2023\/07\/18\/july-2023-tonalibus-update\/\" \/>\n<meta property=\"og:locale\" content=\"de_DE\" \/>\n<meta property=\"og:type\" content=\"article\" \/>\n<meta property=\"og:title\" content=\"July 2023 Tonalibus update &#8211; TONALIBUS Harmony and Tonalities\" \/>\n<meta property=\"og:description\" content=\"This July 2023 Tonalibus update touches on recent concert adventures, the rapid emergence of Playlist K, and some website changes.\" \/>\n<meta property=\"og:url\" content=\"https:\/\/tonalibus.org\/de\/2023\/07\/18\/july-2023-tonalibus-update\/\" \/>\n<meta property=\"og:site_name\" content=\"TONALIBUS\" \/>\n<meta property=\"article:published_time\" content=\"2023-07-18T21:44:55+00:00\" \/>\n<meta property=\"article:modified_time\" content=\"2023-07-18T21:44:56+00:00\" \/>\n<meta property=\"og:image\" content=\"https:\/\/tonalibus.org\/wp-content\/uploads\/2023\/07\/20230707_200009000_iOS-xcsqr-1024x1024.jpg\" \/>\n<meta name=\"author\" content=\"Ulrico\" \/>\n<meta name=\"twitter:card\" content=\"summary_large_image\" \/>\n<meta name=\"twitter:label1\" content=\"Verfasst von\" \/>\n\t<meta name=\"twitter:data1\" content=\"Ulrico\" \/>\n\t<meta name=\"twitter:label2\" content=\"Gesch\u00e4tzte Lesezeit\" \/>\n\t<meta name=\"twitter:data2\" content=\"3\u00a0Minuten\" \/>\n<script type=\"application\/ld+json\" class=\"yoast-schema-graph\">{\"@context\":\"https:\\\/\\\/schema.org\",\"@graph\":[{\"@type\":\"Article\",\"@id\":\"https:\\\/\\\/tonalibus.org\\\/de\\\/2023\\\/07\\\/18\\\/july-2023-tonalibus-update\\\/#article\",\"isPartOf\":{\"@id\":\"https:\\\/\\\/tonalibus.org\\\/de\\\/2023\\\/07\\\/18\\\/july-2023-tonalibus-update\\\/\"},\"author\":{\"name\":\"Ulrico\",\"@id\":\"https:\\\/\\\/tonalibus.org\\\/de\\\/#\\\/schema\\\/person\\\/749261d7bc96d1f00127273f83ab96a4\"},\"headline\":\"July 2023 Tonalibus update\",\"datePublished\":\"2023-07-18T21:44:55+00:00\",\"dateModified\":\"2023-07-18T21:44:56+00:00\",\"mainEntityOfPage\":{\"@id\":\"https:\\\/\\\/tonalibus.org\\\/de\\\/2023\\\/07\\\/18\\\/july-2023-tonalibus-update\\\/\"},\"wordCount\":338,\"publisher\":{\"@id\":\"https:\\\/\\\/tonalibus.org\\\/de\\\/#\\\/schema\\\/person\\\/749261d7bc96d1f00127273f83ab96a4\"},\"image\":{\"@id\":\"https:\\\/\\\/tonalibus.org\\\/de\\\/2023\\\/07\\\/18\\\/july-2023-tonalibus-update\\\/#primaryimage\"},\"thumbnailUrl\":\"https:\\\/\\\/tonalibus.org\\\/wp-content\\\/uploads\\\/2023\\\/07\\\/20230707_200009000_iOS-xcsqr-1024x1024.jpg\",\"articleSection\":[\"2023 fidal\",\"2023 tonal\",\"Fidibus\",\"Tonalibus\",\"Update\"],\"inLanguage\":\"de-CH\"},{\"@type\":\"WebPage\",\"@id\":\"https:\\\/\\\/tonalibus.org\\\/de\\\/2023\\\/07\\\/18\\\/july-2023-tonalibus-update\\\/\",\"url\":\"https:\\\/\\\/tonalibus.org\\\/de\\\/2023\\\/07\\\/18\\\/july-2023-tonalibus-update\\\/\",\"name\":\"July 2023 Tonalibus update &#8211; TONALIBUS Harmony and Tonalities\",\"isPartOf\":{\"@id\":\"https:\\\/\\\/tonalibus.org\\\/de\\\/#website\"},\"primaryImageOfPage\":{\"@id\":\"https:\\\/\\\/tonalibus.org\\\/de\\\/2023\\\/07\\\/18\\\/july-2023-tonalibus-update\\\/#primaryimage\"},\"image\":{\"@id\":\"https:\\\/\\\/tonalibus.org\\\/de\\\/2023\\\/07\\\/18\\\/july-2023-tonalibus-update\\\/#primaryimage\"},\"thumbnailUrl\":\"https:\\\/\\\/tonalibus.org\\\/wp-content\\\/uploads\\\/2023\\\/07\\\/20230707_200009000_iOS-xcsqr-1024x1024.jpg\",\"datePublished\":\"2023-07-18T21:44:55+00:00\",\"dateModified\":\"2023-07-18T21:44:56+00:00\",\"description\":\"This July 2023 Tonalibus update touches on recent concert adventures, the rapid emergence of Playlist K, and some website changes.\",\"breadcrumb\":{\"@id\":\"https:\\\/\\\/tonalibus.org\\\/de\\\/2023\\\/07\\\/18\\\/july-2023-tonalibus-update\\\/#breadcrumb\"},\"inLanguage\":\"de-CH\",\"potentialAction\":[{\"@type\":\"ReadAction\",\"target\":[\"https:\\\/\\\/tonalibus.org\\\/de\\\/2023\\\/07\\\/18\\\/july-2023-tonalibus-update\\\/\"]}]},{\"@type\":\"ImageObject\",\"inLanguage\":\"de-CH\",\"@id\":\"https:\\\/\\\/tonalibus.org\\\/de\\\/2023\\\/07\\\/18\\\/july-2023-tonalibus-update\\\/#primaryimage\",\"url\":\"https:\\\/\\\/tonalibus.org\\\/wp-content\\\/uploads\\\/2023\\\/07\\\/20230707_200009000_iOS-xcsqr-1024x1024.jpg\",\"contentUrl\":\"https:\\\/\\\/tonalibus.org\\\/wp-content\\\/uploads\\\/2023\\\/07\\\/20230707_200009000_iOS-xcsqr-1024x1024.jpg\"},{\"@type\":\"BreadcrumbList\",\"@id\":\"https:\\\/\\\/tonalibus.org\\\/de\\\/2023\\\/07\\\/18\\\/july-2023-tonalibus-update\\\/#breadcrumb\",\"itemListElement\":[{\"@type\":\"ListItem\",\"position\":1,\"name\":\"Home\",\"item\":\"https:\\\/\\\/tonalibus.org\\\/\"},{\"@type\":\"ListItem\",\"position\":2,\"name\":\"July 2023 Tonalibus update\"}]},{\"@type\":\"WebSite\",\"@id\":\"https:\\\/\\\/tonalibus.org\\\/de\\\/#website\",\"url\":\"https:\\\/\\\/tonalibus.org\\\/de\\\/\",\"name\":\"TONALIBUS\",\"description\":\"Anchored Harmony and Tonalities\",\"publisher\":{\"@id\":\"https:\\\/\\\/tonalibus.org\\\/de\\\/#\\\/schema\\\/person\\\/749261d7bc96d1f00127273f83ab96a4\"},\"potentialAction\":[{\"@type\":\"SearchAction\",\"target\":{\"@type\":\"EntryPoint\",\"urlTemplate\":\"https:\\\/\\\/tonalibus.org\\\/de\\\/?s={search_term_string}\"},\"query-input\":{\"@type\":\"PropertyValueSpecification\",\"valueRequired\":true,\"valueName\":\"search_term_string\"}}],\"inLanguage\":\"de-CH\"},{\"@type\":[\"Person\",\"Organization\"],\"@id\":\"https:\\\/\\\/tonalibus.org\\\/de\\\/#\\\/schema\\\/person\\\/749261d7bc96d1f00127273f83ab96a4\",\"name\":\"Ulrico\",\"image\":{\"@type\":\"ImageObject\",\"inLanguage\":\"de-CH\",\"@id\":\"https:\\\/\\\/tonalibus.org\\\/wp-content\\\/uploads\\\/2020\\\/06\\\/uli-pix.jpg\",\"url\":\"https:\\\/\\\/tonalibus.org\\\/wp-content\\\/uploads\\\/2020\\\/06\\\/uli-pix.jpg\",\"contentUrl\":\"https:\\\/\\\/tonalibus.org\\\/wp-content\\\/uploads\\\/2020\\\/06\\\/uli-pix.jpg\",\"width\":960,\"height\":720,\"caption\":\"Ulrico\"},\"logo\":{\"@id\":\"https:\\\/\\\/tonalibus.org\\\/wp-content\\\/uploads\\\/2020\\\/06\\\/uli-pix.jpg\"},\"sameAs\":[\"https:\\\/\\\/tonalibus.cyon.site\"]}]}<\/script>\n<!-- \/ Yoast SEO plugin. -->","yoast_head_json":{"title":"Juli 2023 Tonalibus update - TONALIBUS Harmonie und Tonalit\u00e4ten","description":"In diesem Tonalibus-Update vom Juli 2023 geht es um die j\u00fcngsten Konzerterlebnisse, das rasante Aufkommen der Playlist K und einige \u00c4nderungen auf der Website.","robots":{"index":"index","follow":"follow","max-snippet":"max-snippet:-1","max-image-preview":"max-image-preview:large","max-video-preview":"max-video-preview:-1"},"canonical":"https:\/\/tonalibus.org\/de\/2023\/07\/18\/july-2023-tonalibus-update\/","og_locale":"de_DE","og_type":"article","og_title":"July 2023 Tonalibus update &#8211; TONALIBUS Harmony and Tonalities","og_description":"This July 2023 Tonalibus update touches on recent concert adventures, the rapid emergence of Playlist K, and some website changes.","og_url":"https:\/\/tonalibus.org\/de\/2023\/07\/18\/july-2023-tonalibus-update\/","og_site_name":"TONALIBUS","article_published_time":"2023-07-18T21:44:55+00:00","article_modified_time":"2023-07-18T21:44:56+00:00","og_image":[{"url":"https:\/\/tonalibus.org\/wp-content\/uploads\/2023\/07\/20230707_200009000_iOS-xcsqr-1024x1024.jpg","type":"","width":"","height":""}],"author":"Ulrico","twitter_card":"summary_large_image","twitter_misc":{"Verfasst von":"Ulrico","Gesch\u00e4tzte Lesezeit":"3\u00a0Minuten"},"schema":{"@context":"https:\/\/schema.org","@graph":[{"@type":"Article","@id":"https:\/\/tonalibus.org\/de\/2023\/07\/18\/july-2023-tonalibus-update\/#article","isPartOf":{"@id":"https:\/\/tonalibus.org\/de\/2023\/07\/18\/july-2023-tonalibus-update\/"},"author":{"name":"Ulrico","@id":"https:\/\/tonalibus.org\/de\/#\/schema\/person\/749261d7bc96d1f00127273f83ab96a4"},"headline":"July 2023 Tonalibus update","datePublished":"2023-07-18T21:44:55+00:00","dateModified":"2023-07-18T21:44:56+00:00","mainEntityOfPage":{"@id":"https:\/\/tonalibus.org\/de\/2023\/07\/18\/july-2023-tonalibus-update\/"},"wordCount":338,"publisher":{"@id":"https:\/\/tonalibus.org\/de\/#\/schema\/person\/749261d7bc96d1f00127273f83ab96a4"},"image":{"@id":"https:\/\/tonalibus.org\/de\/2023\/07\/18\/july-2023-tonalibus-update\/#primaryimage"},"thumbnailUrl":"https:\/\/tonalibus.org\/wp-content\/uploads\/2023\/07\/20230707_200009000_iOS-xcsqr-1024x1024.jpg","articleSection":["2023 fidal","2023 tonal","Fidibus","Tonalibus","Update"],"inLanguage":"de-CH"},{"@type":"WebPage","@id":"https:\/\/tonalibus.org\/de\/2023\/07\/18\/july-2023-tonalibus-update\/","url":"https:\/\/tonalibus.org\/de\/2023\/07\/18\/july-2023-tonalibus-update\/","name":"Juli 2023 Tonalibus update - TONALIBUS Harmonie und Tonalit\u00e4ten","isPartOf":{"@id":"https:\/\/tonalibus.org\/de\/#website"},"primaryImageOfPage":{"@id":"https:\/\/tonalibus.org\/de\/2023\/07\/18\/july-2023-tonalibus-update\/#primaryimage"},"image":{"@id":"https:\/\/tonalibus.org\/de\/2023\/07\/18\/july-2023-tonalibus-update\/#primaryimage"},"thumbnailUrl":"https:\/\/tonalibus.org\/wp-content\/uploads\/2023\/07\/20230707_200009000_iOS-xcsqr-1024x1024.jpg","datePublished":"2023-07-18T21:44:55+00:00","dateModified":"2023-07-18T21:44:56+00:00","description":"In diesem Tonalibus-Update vom Juli 2023 geht es um die j\u00fcngsten Konzerterlebnisse, das rasante Aufkommen der Playlist K und einige \u00c4nderungen auf der Website.","breadcrumb":{"@id":"https:\/\/tonalibus.org\/de\/2023\/07\/18\/july-2023-tonalibus-update\/#breadcrumb"},"inLanguage":"de-CH","potentialAction":[{"@type":"ReadAction","target":["https:\/\/tonalibus.org\/de\/2023\/07\/18\/july-2023-tonalibus-update\/"]}]},{"@type":"ImageObject","inLanguage":"de-CH","@id":"https:\/\/tonalibus.org\/de\/2023\/07\/18\/july-2023-tonalibus-update\/#primaryimage","url":"https:\/\/tonalibus.org\/wp-content\/uploads\/2023\/07\/20230707_200009000_iOS-xcsqr-1024x1024.jpg","contentUrl":"https:\/\/tonalibus.org\/wp-content\/uploads\/2023\/07\/20230707_200009000_iOS-xcsqr-1024x1024.jpg"},{"@type":"BreadcrumbList","@id":"https:\/\/tonalibus.org\/de\/2023\/07\/18\/july-2023-tonalibus-update\/#breadcrumb","itemListElement":[{"@type":"ListItem","position":1,"name":"Home","item":"https:\/\/tonalibus.org\/"},{"@type":"ListItem","position":2,"name":"July 2023 Tonalibus update"}]},{"@type":"WebSite","@id":"https:\/\/tonalibus.org\/de\/#website","url":"https:\/\/tonalibus.org\/de\/","name":"TONALIBUS","description":"Verankerte Harmonie und Tonalit\u00e4ten","publisher":{"@id":"https:\/\/tonalibus.org\/de\/#\/schema\/person\/749261d7bc96d1f00127273f83ab96a4"},"potentialAction":[{"@type":"SearchAction","target":{"@type":"EntryPoint","urlTemplate":"https:\/\/tonalibus.org\/de\/?s={search_term_string}"},"query-input":{"@type":"PropertyValueSpecification","valueRequired":true,"valueName":"search_term_string"}}],"inLanguage":"de-CH"},{"@type":["Person","Organization"],"@id":"https:\/\/tonalibus.org\/de\/#\/schema\/person\/749261d7bc96d1f00127273f83ab96a4","name":"Ulrico","image":{"@type":"ImageObject","inLanguage":"de-CH","@id":"https:\/\/tonalibus.org\/wp-content\/uploads\/2020\/06\/uli-pix.jpg","url":"https:\/\/tonalibus.org\/wp-content\/uploads\/2020\/06\/uli-pix.jpg","contentUrl":"https:\/\/tonalibus.org\/wp-content\/uploads\/2020\/06\/uli-pix.jpg","width":960,"height":720,"caption":"Ulrico"},"logo":{"@id":"https:\/\/tonalibus.org\/wp-content\/uploads\/2020\/06\/uli-pix.jpg"},"sameAs":["https:\/\/tonalibus.cyon.site"]}]}},"_links":{"self":[{"href":"https:\/\/tonalibus.org\/de\/wp-json\/wp\/v2\/posts\/26122","targetHints":{"allow":["GET"]}}],"collection":[{"href":"https:\/\/tonalibus.org\/de\/wp-json\/wp\/v2\/posts"}],"about":[{"href":"https:\/\/tonalibus.org\/de\/wp-json\/wp\/v2\/types\/post"}],"author":[{"embeddable":true,"href":"https:\/\/tonalibus.org\/de\/wp-json\/wp\/v2\/users\/1"}],"replies":[{"embeddable":true,"href":"https:\/\/tonalibus.org\/de\/wp-json\/wp\/v2\/comments?post=26122"}],"version-history":[{"count":0,"href":"https:\/\/tonalibus.org\/de\/wp-json\/wp\/v2\/posts\/26122\/revisions"}],"wp:attachment":[{"href":"https:\/\/tonalibus.org\/de\/wp-json\/wp\/v2\/media?parent=26122"}],"wp:term":[{"taxonomy":"category","embeddable":true,"href":"https:\/\/tonalibus.org\/de\/wp-json\/wp\/v2\/categories?post=26122"},{"taxonomy":"post_tag","embeddable":true,"href":"https:\/\/tonalibus.org\/de\/wp-json\/wp\/v2\/tags?post=26122"}],"curies":[{"name":"wp","href":"https:\/\/api.w.org\/{rel}","templated":true}]}}