{"id":27807,"date":"2023-09-15T10:09:15","date_gmt":"2023-09-15T08:09:15","guid":{"rendered":"https:\/\/tonalibus.org\/?p=27807"},"modified":"2023-09-15T10:46:10","modified_gmt":"2023-09-15T08:46:10","slug":"tonality-of-the-month-minblue","status":"publish","type":"post","link":"https:\/\/tonalibus.org\/de\/2023\/09\/15\/tonality-of-the-month-minblue\/","title":{"rendered":"Tonalit\u00e4t des Monats: MinBlue"},"content":{"rendered":"<figure class=\"wp-block-audio\"><audio controls src=\"https:\/\/tonalibus.org\/wp-content\/uploads\/2023\/09\/2023-09-12-5GTA-MinBlue.mp3\"><\/audio><figcaption class=\"wp-element-caption\"><mark style=\"background-color:rgba(0, 0, 0, 0);color:#f7b320\" class=\"has-inline-color\">MinBlue auf G \u2013 5-saitige Gitarre und Tanpura \u2013 September 2023 \u2013 3:23 \u2013 <\/mark><a href=\"https:\/\/tonalibus.org\/de\/tonalities\/tritone-or-blues-tonalities\/minblue\/minblue-loops\/\" target=\"_blank\" rel=\"noreferrer noopener\"><mark style=\"background-color:rgba(0, 0, 0, 0);color:#f7b320\" class=\"has-inline-color\">als Loop<\/mark><\/a><mark style=\"background-color:rgba(0, 0, 0, 0);color:#f7b320\" class=\"has-inline-color\"> auf separatem Tab<\/mark><\/figcaption><\/figure>\n\n\n\n<div style=\"height:19px\" aria-hidden=\"true\" class=\"wp-block-spacer\"><\/div>\n\n\n\n<p class=\"has-text-color\" style=\"color:#f7b320\">Die Tonalit\u00e4t des Monats f\u00fcr September-Oktober 2023 ist <a href=\"https:\/\/tonalibus.org\/de\/tonalities\/tritone-or-blues-tonalities\/minblue\/\"><mark style=\"background-color:rgba(0, 0, 0, 0);color:#f7b320\" class=\"has-inline-color\">MinBlue<\/mark><\/a> \u2013 eine <a href=\"https:\/\/tonalibus.org\/de\/tonalities\/tritone-or-blues-tonalities\/\"><mark style=\"background-color:rgba(0, 0, 0, 0);color:#f7b320\" class=\"has-inline-color\">Tritonus- oder Blues-Tonalit\u00e4t<\/mark><\/a>. Diese packende Blues-Tonalit\u00e4t kann eine starke Anregung zum Mitschwingen vermitteln. Vielleicht hallt sie auch noch lange nach, nachdem du sie geh\u00f6rt, gespielt oder gesungen hast, falls du dazu neigst.<\/p>\n\n\n\n<p class=\"has-text-color\" style=\"color:#f7b320\">Der Tonalibus-Name MinBlue weist darauf hin, dass das untere Tetrachord \u00c4olDorisch ist, mit Tritonus. Der Reach-Schritt (\u00fcberm\u00e4ssige Sekunde), der f\u00fcr Tritonus- oder Blues-Tonalit\u00e4ten typisch ist, abgesehen nat\u00fcrlich vom Tritonus, befindet sich im oberen Tetrachord. Die Verteilung der Tonh\u00f6hen ausser des stark kontrastierenden Tritonus ergibt einen leicht regressiven und mollartigen Klangcharakter, vergleichbar mit \u00c4olisch und Dorisch, gleichermassen verankert in Quarte und Quinte, dem Regressiven und Progressiven.<\/p>\n\n\n\n<p class=\"has-text-color\" style=\"color:#f7b320\">Du kannst einen Tonbeispiel- oder Tonalit\u00e4ten-Loop als Ton-Mantra verwenden, zur <a href=\"https:\/\/de.wikipedia.org\/wiki\/Kontemplation\" target=\"_blank\" rel=\"noreferrer noopener\"><mark style=\"background-color:rgba(0, 0, 0, 0);color:#f7b320\" class=\"has-inline-color\">Kontemplation<\/mark><\/a> oder <a href=\"https:\/\/de.wikipedia.org\/wiki\/Meditation\" target=\"_blank\" rel=\"noreferrer noopener\"><mark style=\"background-color:rgba(0, 0, 0, 0);color:#f7b320\" class=\"has-inline-color\">Meditation<\/mark><\/a>. Dies kann zum Anheben, L\u00e4utern und Fokussieren behilflich sein. Oder du kannst es einfach als beruhigenden Hintergrundton zur Entspannung und Regeneration benutzen. Wenn du mitsummen, chanten oder singen m\u00f6chtest, k\u00f6nntest du dazu z.B. eine spirituell gepr\u00e4gte Silbe verwenden, wie <a href=\"https:\/\/de.wikipedia.org\/wiki\/Om\" target=\"_blank\" rel=\"noreferrer noopener\"><mark style=\"background-color:rgba(0, 0, 0, 0);color:#f7b320\" class=\"has-inline-color\"><em>\u014c\u1e43 \/ Aum<\/em><\/mark><\/a> \u0950, oder <em><a href=\"https:\/\/tonalibus.org\/de\/about-tonalibus\/hu-mantra-of-soul\/\"><mark style=\"background-color:rgba(0, 0, 0, 0);color:#f7b320\" class=\"has-inline-color\">HU<\/mark><\/a><\/em>, oder eine andere f\u00fcr dich stimmige Mantra-Silbe.<\/p>\n\n\n\n<div style=\"height:50px\" aria-hidden=\"true\" class=\"wp-block-spacer\"><\/div>\n\n\n\n<figure class=\"wp-block-image size-full\"><img loading=\"lazy\" decoding=\"async\" width=\"960\" height=\"720\" src=\"https:\/\/tonalibus.org\/wp-content\/uploads\/2021\/04\/Tonalibus-2cd-6-clusterblue-2021-04-33.jpg\" alt=\"Tonality of the month: MinBlue\" class=\"wp-image-10826\" srcset=\"https:\/\/tonalibus.org\/wp-content\/uploads\/2021\/04\/Tonalibus-2cd-6-clusterblue-2021-04-33.jpg 960w, https:\/\/tonalibus.org\/wp-content\/uploads\/2021\/04\/Tonalibus-2cd-6-clusterblue-2021-04-33-300x225.jpg 300w, https:\/\/tonalibus.org\/wp-content\/uploads\/2021\/04\/Tonalibus-2cd-6-clusterblue-2021-04-33-768x576.jpg 768w, https:\/\/tonalibus.org\/wp-content\/uploads\/2021\/04\/Tonalibus-2cd-6-clusterblue-2021-04-33-16x12.jpg 16w\" sizes=\"auto, (max-width: 706px) 89vw, (max-width: 767px) 82vw, 740px\" \/><figcaption class=\"wp-element-caption\">Tonalit\u00e4t des Monats: MinBlue \u2013 visuelle Zusammenfassung von Tonh\u00f6hen, Intervallen und einer harmonischen Achse<\/figcaption><\/figure>\n\n\n\n<p><\/p>\n\n\n\n<p><\/p>","protected":false},"excerpt":{"rendered":"<p>Die Tonalit\u00e4t des Monats f\u00fcr September-Oktober 2023 ist MinBlue \u2013 eine Tritonus- oder Blues-Tonalit\u00e4t. Diese packende Blues-Tonalit\u00e4t kann eine starke Anregung zum Mitschwingen vermitteln. Vielleicht hallt sie auch noch lange nach, nachdem du sie geh\u00f6rt, gespielt oder gesungen hast, falls du dazu neigst.<br \/>\n\u2026<\/p>","protected":false},"author":1,"featured_media":0,"comment_status":"closed","ping_status":"closed","sticky":false,"template":"","format":"standard","meta":{"footnotes":""},"categories":[25,11,15],"tags":[],"class_list":["post-27807","post","type-post","status-publish","format-standard","hentry","category-2023-tonal","category-tonalibus","category-tonality-of-the-month"],"yoast_head":"<!-- This site is optimized with the Yoast SEO plugin v27.4 - https:\/\/yoast.com\/product\/yoast-seo-wordpress\/ -->\n<title>Tonality of the month: MinBlue &#8211; TONALIBUS Harmony and Tonalities<\/title>\n<meta name=\"description\" content=\"The tonality of the month October 2023 is MinBlue, a tritone or blues tonality with the lower tetrachord AeolDorian and an upper Reach step\" \/>\n<meta name=\"robots\" content=\"index, follow, max-snippet:-1, max-image-preview:large, max-video-preview:-1\" \/>\n<link rel=\"canonical\" href=\"https:\/\/tonalibus.org\/de\/2023\/09\/15\/tonality-of-the-month-minblue\/\" \/>\n<meta property=\"og:locale\" content=\"de_DE\" \/>\n<meta property=\"og:type\" content=\"article\" \/>\n<meta property=\"og:title\" content=\"Tonality of the month: MinBlue &#8211; TONALIBUS Harmony and Tonalities\" \/>\n<meta property=\"og:description\" content=\"The tonality of the month October 2023 is MinBlue, a tritone or blues tonality with the lower tetrachord AeolDorian and an upper Reach step\" \/>\n<meta property=\"og:url\" content=\"https:\/\/tonalibus.org\/de\/2023\/09\/15\/tonality-of-the-month-minblue\/\" \/>\n<meta property=\"og:site_name\" content=\"TONALIBUS\" \/>\n<meta property=\"article:published_time\" content=\"2023-09-15T08:09:15+00:00\" \/>\n<meta property=\"article:modified_time\" content=\"2023-09-15T08:46:10+00:00\" \/>\n<meta property=\"og:image\" content=\"https:\/\/tonalibus.org\/wp-content\/uploads\/2021\/04\/Tonalibus-2cd-6-clusterblue-2021-04-33.jpg\" \/>\n<meta name=\"author\" content=\"Ulrico\" \/>\n<meta name=\"twitter:card\" content=\"summary_large_image\" \/>\n<meta name=\"twitter:label1\" content=\"Verfasst von\" \/>\n\t<meta name=\"twitter:data1\" content=\"Ulrico\" \/>\n\t<meta name=\"twitter:label2\" content=\"Gesch\u00e4tzte Lesezeit\" \/>\n\t<meta name=\"twitter:data2\" content=\"2\u00a0Minuten\" \/>\n<script type=\"application\/ld+json\" class=\"yoast-schema-graph\">{\"@context\":\"https:\\\/\\\/schema.org\",\"@graph\":[{\"@type\":\"Article\",\"@id\":\"https:\\\/\\\/tonalibus.org\\\/it\\\/2023\\\/09\\\/15\\\/tonality-of-the-month-minblue\\\/#article\",\"isPartOf\":{\"@id\":\"https:\\\/\\\/tonalibus.org\\\/it\\\/2023\\\/09\\\/15\\\/tonality-of-the-month-minblue\\\/\"},\"author\":{\"name\":\"Ulrico\",\"@id\":\"https:\\\/\\\/tonalibus.org\\\/de\\\/#\\\/schema\\\/person\\\/749261d7bc96d1f00127273f83ab96a4\"},\"headline\":\"Tonality of the month: MinBlue\",\"datePublished\":\"2023-09-15T08:09:15+00:00\",\"dateModified\":\"2023-09-15T08:46:10+00:00\",\"mainEntityOfPage\":{\"@id\":\"https:\\\/\\\/tonalibus.org\\\/it\\\/2023\\\/09\\\/15\\\/tonality-of-the-month-minblue\\\/\"},\"wordCount\":219,\"publisher\":{\"@id\":\"https:\\\/\\\/tonalibus.org\\\/de\\\/#\\\/schema\\\/person\\\/749261d7bc96d1f00127273f83ab96a4\"},\"image\":{\"@id\":\"https:\\\/\\\/tonalibus.org\\\/it\\\/2023\\\/09\\\/15\\\/tonality-of-the-month-minblue\\\/#primaryimage\"},\"thumbnailUrl\":\"https:\\\/\\\/tonalibus.org\\\/wp-content\\\/uploads\\\/2021\\\/04\\\/Tonalibus-2cd-6-clusterblue-2021-04-33.jpg\",\"articleSection\":[\"2023 tonal\",\"Tonalibus\",\"Tonality of the month\\\/moment\"],\"inLanguage\":\"de-CH\"},{\"@type\":\"WebPage\",\"@id\":\"https:\\\/\\\/tonalibus.org\\\/it\\\/2023\\\/09\\\/15\\\/tonality-of-the-month-minblue\\\/\",\"url\":\"https:\\\/\\\/tonalibus.org\\\/it\\\/2023\\\/09\\\/15\\\/tonality-of-the-month-minblue\\\/\",\"name\":\"Tonality of the month: MinBlue &#8211; TONALIBUS Harmony and Tonalities\",\"isPartOf\":{\"@id\":\"https:\\\/\\\/tonalibus.org\\\/de\\\/#website\"},\"primaryImageOfPage\":{\"@id\":\"https:\\\/\\\/tonalibus.org\\\/it\\\/2023\\\/09\\\/15\\\/tonality-of-the-month-minblue\\\/#primaryimage\"},\"image\":{\"@id\":\"https:\\\/\\\/tonalibus.org\\\/it\\\/2023\\\/09\\\/15\\\/tonality-of-the-month-minblue\\\/#primaryimage\"},\"thumbnailUrl\":\"https:\\\/\\\/tonalibus.org\\\/wp-content\\\/uploads\\\/2021\\\/04\\\/Tonalibus-2cd-6-clusterblue-2021-04-33.jpg\",\"datePublished\":\"2023-09-15T08:09:15+00:00\",\"dateModified\":\"2023-09-15T08:46:10+00:00\",\"description\":\"The tonality of the month October 2023 is MinBlue, a tritone or blues tonality with the lower tetrachord AeolDorian and an upper Reach step\",\"breadcrumb\":{\"@id\":\"https:\\\/\\\/tonalibus.org\\\/it\\\/2023\\\/09\\\/15\\\/tonality-of-the-month-minblue\\\/#breadcrumb\"},\"inLanguage\":\"de-CH\",\"potentialAction\":[{\"@type\":\"ReadAction\",\"target\":[\"https:\\\/\\\/tonalibus.org\\\/it\\\/2023\\\/09\\\/15\\\/tonality-of-the-month-minblue\\\/\"]}]},{\"@type\":\"ImageObject\",\"inLanguage\":\"de-CH\",\"@id\":\"https:\\\/\\\/tonalibus.org\\\/it\\\/2023\\\/09\\\/15\\\/tonality-of-the-month-minblue\\\/#primaryimage\",\"url\":\"https:\\\/\\\/tonalibus.org\\\/wp-content\\\/uploads\\\/2021\\\/04\\\/Tonalibus-2cd-6-clusterblue-2021-04-33.jpg\",\"contentUrl\":\"https:\\\/\\\/tonalibus.org\\\/wp-content\\\/uploads\\\/2021\\\/04\\\/Tonalibus-2cd-6-clusterblue-2021-04-33.jpg\"},{\"@type\":\"BreadcrumbList\",\"@id\":\"https:\\\/\\\/tonalibus.org\\\/it\\\/2023\\\/09\\\/15\\\/tonality-of-the-month-minblue\\\/#breadcrumb\",\"itemListElement\":[{\"@type\":\"ListItem\",\"position\":1,\"name\":\"Home\",\"item\":\"https:\\\/\\\/tonalibus.org\\\/\"},{\"@type\":\"ListItem\",\"position\":2,\"name\":\"Tonality of the month: MinBlue\"}]},{\"@type\":\"WebSite\",\"@id\":\"https:\\\/\\\/tonalibus.org\\\/de\\\/#website\",\"url\":\"https:\\\/\\\/tonalibus.org\\\/de\\\/\",\"name\":\"TONALIBUS\",\"description\":\"Anchored Harmony and Tonalities\",\"publisher\":{\"@id\":\"https:\\\/\\\/tonalibus.org\\\/de\\\/#\\\/schema\\\/person\\\/749261d7bc96d1f00127273f83ab96a4\"},\"potentialAction\":[{\"@type\":\"SearchAction\",\"target\":{\"@type\":\"EntryPoint\",\"urlTemplate\":\"https:\\\/\\\/tonalibus.org\\\/de\\\/?s={search_term_string}\"},\"query-input\":{\"@type\":\"PropertyValueSpecification\",\"valueRequired\":true,\"valueName\":\"search_term_string\"}}],\"inLanguage\":\"de-CH\"},{\"@type\":[\"Person\",\"Organization\"],\"@id\":\"https:\\\/\\\/tonalibus.org\\\/de\\\/#\\\/schema\\\/person\\\/749261d7bc96d1f00127273f83ab96a4\",\"name\":\"Ulrico\",\"image\":{\"@type\":\"ImageObject\",\"inLanguage\":\"de-CH\",\"@id\":\"https:\\\/\\\/tonalibus.org\\\/wp-content\\\/uploads\\\/2020\\\/06\\\/uli-pix.jpg\",\"url\":\"https:\\\/\\\/tonalibus.org\\\/wp-content\\\/uploads\\\/2020\\\/06\\\/uli-pix.jpg\",\"contentUrl\":\"https:\\\/\\\/tonalibus.org\\\/wp-content\\\/uploads\\\/2020\\\/06\\\/uli-pix.jpg\",\"width\":960,\"height\":720,\"caption\":\"Ulrico\"},\"logo\":{\"@id\":\"https:\\\/\\\/tonalibus.org\\\/wp-content\\\/uploads\\\/2020\\\/06\\\/uli-pix.jpg\"},\"sameAs\":[\"https:\\\/\\\/tonalibus.cyon.site\"]}]}<\/script>\n<!-- \/ Yoast SEO plugin. -->","yoast_head_json":{"title":"Tonalit\u00e4t des Monats: MinBlue - TONALIBUS Harmonie und Tonalit\u00e4ten","description":"Die Tonalit\u00e4t des Monats Oktober 2023 ist MinBlue, eine Tritonus- oder Blues-Tonalit\u00e4t mit dem unteren Tetrachord AeolDorian und einem oberen Schritt Reach","robots":{"index":"index","follow":"follow","max-snippet":"max-snippet:-1","max-image-preview":"max-image-preview:large","max-video-preview":"max-video-preview:-1"},"canonical":"https:\/\/tonalibus.org\/de\/2023\/09\/15\/tonality-of-the-month-minblue\/","og_locale":"de_DE","og_type":"article","og_title":"Tonality of the month: MinBlue &#8211; TONALIBUS Harmony and Tonalities","og_description":"The tonality of the month October 2023 is MinBlue, a tritone or blues tonality with the lower tetrachord AeolDorian and an upper Reach step","og_url":"https:\/\/tonalibus.org\/de\/2023\/09\/15\/tonality-of-the-month-minblue\/","og_site_name":"TONALIBUS","article_published_time":"2023-09-15T08:09:15+00:00","article_modified_time":"2023-09-15T08:46:10+00:00","og_image":[{"url":"https:\/\/tonalibus.org\/wp-content\/uploads\/2021\/04\/Tonalibus-2cd-6-clusterblue-2021-04-33.jpg","type":"","width":"","height":""}],"author":"Ulrico","twitter_card":"summary_large_image","twitter_misc":{"Verfasst von":"Ulrico","Gesch\u00e4tzte Lesezeit":"2\u00a0Minuten"},"schema":{"@context":"https:\/\/schema.org","@graph":[{"@type":"Article","@id":"https:\/\/tonalibus.org\/it\/2023\/09\/15\/tonality-of-the-month-minblue\/#article","isPartOf":{"@id":"https:\/\/tonalibus.org\/it\/2023\/09\/15\/tonality-of-the-month-minblue\/"},"author":{"name":"Ulrico","@id":"https:\/\/tonalibus.org\/de\/#\/schema\/person\/749261d7bc96d1f00127273f83ab96a4"},"headline":"Tonality of the month: MinBlue","datePublished":"2023-09-15T08:09:15+00:00","dateModified":"2023-09-15T08:46:10+00:00","mainEntityOfPage":{"@id":"https:\/\/tonalibus.org\/it\/2023\/09\/15\/tonality-of-the-month-minblue\/"},"wordCount":219,"publisher":{"@id":"https:\/\/tonalibus.org\/de\/#\/schema\/person\/749261d7bc96d1f00127273f83ab96a4"},"image":{"@id":"https:\/\/tonalibus.org\/it\/2023\/09\/15\/tonality-of-the-month-minblue\/#primaryimage"},"thumbnailUrl":"https:\/\/tonalibus.org\/wp-content\/uploads\/2021\/04\/Tonalibus-2cd-6-clusterblue-2021-04-33.jpg","articleSection":["2023 tonal","Tonalibus","Tonality of the month\/moment"],"inLanguage":"de-CH"},{"@type":"WebPage","@id":"https:\/\/tonalibus.org\/it\/2023\/09\/15\/tonality-of-the-month-minblue\/","url":"https:\/\/tonalibus.org\/it\/2023\/09\/15\/tonality-of-the-month-minblue\/","name":"Tonalit\u00e4t des Monats: MinBlue - TONALIBUS Harmonie und Tonalit\u00e4ten","isPartOf":{"@id":"https:\/\/tonalibus.org\/de\/#website"},"primaryImageOfPage":{"@id":"https:\/\/tonalibus.org\/it\/2023\/09\/15\/tonality-of-the-month-minblue\/#primaryimage"},"image":{"@id":"https:\/\/tonalibus.org\/it\/2023\/09\/15\/tonality-of-the-month-minblue\/#primaryimage"},"thumbnailUrl":"https:\/\/tonalibus.org\/wp-content\/uploads\/2021\/04\/Tonalibus-2cd-6-clusterblue-2021-04-33.jpg","datePublished":"2023-09-15T08:09:15+00:00","dateModified":"2023-09-15T08:46:10+00:00","description":"Die Tonalit\u00e4t des Monats Oktober 2023 ist MinBlue, eine Tritonus- oder Blues-Tonalit\u00e4t mit dem unteren Tetrachord AeolDorian und einem oberen Schritt Reach","breadcrumb":{"@id":"https:\/\/tonalibus.org\/it\/2023\/09\/15\/tonality-of-the-month-minblue\/#breadcrumb"},"inLanguage":"de-CH","potentialAction":[{"@type":"ReadAction","target":["https:\/\/tonalibus.org\/it\/2023\/09\/15\/tonality-of-the-month-minblue\/"]}]},{"@type":"ImageObject","inLanguage":"de-CH","@id":"https:\/\/tonalibus.org\/it\/2023\/09\/15\/tonality-of-the-month-minblue\/#primaryimage","url":"https:\/\/tonalibus.org\/wp-content\/uploads\/2021\/04\/Tonalibus-2cd-6-clusterblue-2021-04-33.jpg","contentUrl":"https:\/\/tonalibus.org\/wp-content\/uploads\/2021\/04\/Tonalibus-2cd-6-clusterblue-2021-04-33.jpg"},{"@type":"BreadcrumbList","@id":"https:\/\/tonalibus.org\/it\/2023\/09\/15\/tonality-of-the-month-minblue\/#breadcrumb","itemListElement":[{"@type":"ListItem","position":1,"name":"Home","item":"https:\/\/tonalibus.org\/"},{"@type":"ListItem","position":2,"name":"Tonality of the month: MinBlue"}]},{"@type":"WebSite","@id":"https:\/\/tonalibus.org\/de\/#website","url":"https:\/\/tonalibus.org\/de\/","name":"TONALIBUS","description":"Verankerte Harmonie und Tonalit\u00e4ten","publisher":{"@id":"https:\/\/tonalibus.org\/de\/#\/schema\/person\/749261d7bc96d1f00127273f83ab96a4"},"potentialAction":[{"@type":"SearchAction","target":{"@type":"EntryPoint","urlTemplate":"https:\/\/tonalibus.org\/de\/?s={search_term_string}"},"query-input":{"@type":"PropertyValueSpecification","valueRequired":true,"valueName":"search_term_string"}}],"inLanguage":"de-CH"},{"@type":["Person","Organization"],"@id":"https:\/\/tonalibus.org\/de\/#\/schema\/person\/749261d7bc96d1f00127273f83ab96a4","name":"Ulrico","image":{"@type":"ImageObject","inLanguage":"de-CH","@id":"https:\/\/tonalibus.org\/wp-content\/uploads\/2020\/06\/uli-pix.jpg","url":"https:\/\/tonalibus.org\/wp-content\/uploads\/2020\/06\/uli-pix.jpg","contentUrl":"https:\/\/tonalibus.org\/wp-content\/uploads\/2020\/06\/uli-pix.jpg","width":960,"height":720,"caption":"Ulrico"},"logo":{"@id":"https:\/\/tonalibus.org\/wp-content\/uploads\/2020\/06\/uli-pix.jpg"},"sameAs":["https:\/\/tonalibus.cyon.site"]}]}},"_links":{"self":[{"href":"https:\/\/tonalibus.org\/de\/wp-json\/wp\/v2\/posts\/27807","targetHints":{"allow":["GET"]}}],"collection":[{"href":"https:\/\/tonalibus.org\/de\/wp-json\/wp\/v2\/posts"}],"about":[{"href":"https:\/\/tonalibus.org\/de\/wp-json\/wp\/v2\/types\/post"}],"author":[{"embeddable":true,"href":"https:\/\/tonalibus.org\/de\/wp-json\/wp\/v2\/users\/1"}],"replies":[{"embeddable":true,"href":"https:\/\/tonalibus.org\/de\/wp-json\/wp\/v2\/comments?post=27807"}],"version-history":[{"count":0,"href":"https:\/\/tonalibus.org\/de\/wp-json\/wp\/v2\/posts\/27807\/revisions"}],"wp:attachment":[{"href":"https:\/\/tonalibus.org\/de\/wp-json\/wp\/v2\/media?parent=27807"}],"wp:term":[{"taxonomy":"category","embeddable":true,"href":"https:\/\/tonalibus.org\/de\/wp-json\/wp\/v2\/categories?post=27807"},{"taxonomy":"post_tag","embeddable":true,"href":"https:\/\/tonalibus.org\/de\/wp-json\/wp\/v2\/tags?post=27807"}],"curies":[{"name":"wp","href":"https:\/\/api.w.org\/{rel}","templated":true}]}}