{"id":33128,"date":"2024-06-23T16:31:47","date_gmt":"2024-06-23T14:31:47","guid":{"rendered":"https:\/\/tonalibus.org\/?p=33128"},"modified":"2025-12-17T11:21:32","modified_gmt":"2025-12-17T10:21:32","slug":"tonality-of-the-month-majreach","status":"publish","type":"post","link":"https:\/\/tonalibus.org\/de\/2024\/06\/23\/tonality-of-the-month-majreach\/","title":{"rendered":"Tonalit\u00e4t des Monats: MajReach"},"content":{"rendered":"<p class=\"has-text-color has-link-color wp-elements-41696ccae52f41ddbcc7e55623f61233\" style=\"color:#f7b320\">Die Tonalit\u00e4t des Monats ist MajReach oder harmonisch Dur.<\/p>\n\n\n\n<figure class=\"wp-block-audio\"><audio controls src=\"https:\/\/tonalibus.org\/wp-content\/uploads\/2024\/06\/2024-06-22-MAJREACH.mp3\" preload=\"metadata\"><\/audio><figcaption class=\"wp-element-caption\"><mark style=\"background-color:rgba(0, 0, 0, 0);color:#f7b320\" class=\"has-inline-color\">MajReach \u2013 umfangreiches Tonbeispiel, ruhig \u2013 Juni 2024 \u2013 4:27 \u2013 <\/mark><a href=\"https:\/\/tonalibus.org\/de\/tonalities\/reach-or-harmonic-heptatonalities\/majreach-harmonic-major\/majreach-harmonic-major-loops\/\" target=\"_blank\" rel=\"noreferrer noopener\"><mark style=\"background-color:rgba(0, 0, 0, 0);color:#f7b320\" class=\"has-inline-color\">als Loop<\/mark><\/a><mark style=\"background-color:rgba(0, 0, 0, 0);color:#f7b320\" class=\"has-inline-color\"> auf separatem Tab (oder via Rechts-Klick, falls vorhanden) <\/mark><\/figcaption><\/figure>\n\n\n\n<p class=\"has-text-color has-link-color wp-elements-05873af7dd06e560220182b31bfe5b75\" style=\"color:#f7b320\"><a href=\"https:\/\/tonalibus.org\/de\/tonalities\/reach-or-harmonic-heptatonalities\/majreach-harmonic-major\/\"><mark style=\"background-color:rgba(0, 0, 0, 0);color:#f7b320\" class=\"has-inline-color\">MajReach<\/mark><\/a> oder <a href=\"https:\/\/de.wikipedia.org\/wiki\/Harmonisch_Dur\" target=\"_blank\" rel=\"noreferrer noopener\"><mark style=\"background-color:rgba(0, 0, 0, 0);color:#f7b320\" class=\"has-inline-color\">harmonisch Dur<\/mark><\/a>, die Tonalit\u00e4t dieses Monats Juli 2024 unterscheidet sich von Ionisch oder diatonisch Dur nur in einer Tonh\u00f6he. Sie enth\u00e4lt die kleine statt der grossen Sexte. Sie stellt so ein unteres MixolydIonisch oder Dur-Tetrechord einem oberen Reach oder harmonischen Tetrachord gegen\u00fcber. Das verleiht dieser Tonalit\u00e4t viel Kontrast und Charakter. Harmonisch Dur taucht gelegentlich in der westlichen Musik auf, vor allem im Jazz und in Kompositionen aus der Zeit der allgemeinen Praxis. Das ist die Zeit des Barock, der Klassik und der Romantik vom 17. bis 19. Jahrhundert, als die Musik auf dem tonalen System basierte. In der klassischen hindustanischen (nordindischen) Musik entspricht MajReach oder harmonisch Dur dem Morgen-Raga <a href=\"https:\/\/en.wikipedia.org\/wiki\/Nat_Bhairav\" target=\"_blank\" rel=\"noreferrer noopener\"><mark style=\"background-color:rgba(0, 0, 0, 0);color:#f7b320\" class=\"has-inline-color\">Nat Bhairav<\/mark><\/a> \u0928\u091f \u092d\u0948\u0930\u0935, und in der karnatischen (s\u00fcdindischen) Musik zu dem Raga <a href=\"https:\/\/en.wikipedia.org\/wiki\/Sarasangi\" target=\"_blank\" rel=\"noreferrer noopener\"><mark style=\"background-color:rgba(0, 0, 0, 0);color:#f7b320\" class=\"has-inline-color\">Sarasangi<\/mark><\/a> \u0938\u0930\u0938 - \u0c05\u0c02\u0c17\u0c3f.<\/p>\n\n\n\n<div style=\"height:30px\" aria-hidden=\"true\" class=\"wp-block-spacer\"><\/div>\n\n\n\n<div class=\"wp-block-columns is-layout-flex wp-container-core-columns-is-layout-9d6595d7 wp-block-columns-is-layout-flex\">\n<div class=\"wp-block-column is-layout-flow wp-block-column-is-layout-flow\" style=\"flex-basis:66.66%\">\n<figure class=\"wp-block-image size-full\"><img loading=\"lazy\" decoding=\"async\" width=\"960\" height=\"720\" src=\"https:\/\/tonalibus.org\/wp-content\/uploads\/2021\/04\/Tonalibus-2b-5-reach-2021-04-33.jpg\" alt=\"Tonality of the month: MajReach\" class=\"wp-image-10898\" srcset=\"https:\/\/tonalibus.org\/wp-content\/uploads\/2021\/04\/Tonalibus-2b-5-reach-2021-04-33.jpg 960w, https:\/\/tonalibus.org\/wp-content\/uploads\/2021\/04\/Tonalibus-2b-5-reach-2021-04-33-300x225.jpg 300w, https:\/\/tonalibus.org\/wp-content\/uploads\/2021\/04\/Tonalibus-2b-5-reach-2021-04-33-768x576.jpg 768w, https:\/\/tonalibus.org\/wp-content\/uploads\/2021\/04\/Tonalibus-2b-5-reach-2021-04-33-16x12.jpg 16w\" sizes=\"auto, (max-width: 706px) 89vw, (max-width: 767px) 82vw, 740px\" \/><\/figure>\n<\/div>\n\n\n\n<div class=\"wp-block-column is-layout-flow wp-block-column-is-layout-flow\" style=\"flex-basis:33.33%\"><div class=\"wp-block-image\">\n<figure class=\"aligncenter size-large is-resized\"><img loading=\"lazy\" decoding=\"async\" width=\"768\" height=\"1024\" src=\"https:\/\/tonalibus.org\/wp-content\/uploads\/2024\/04\/20240325_154722354_iOS-x-768x1024.jpg\" alt=\"Tonality of the month: MajReach\" class=\"wp-image-32485\" style=\"width:209px;height:auto\" srcset=\"https:\/\/tonalibus.org\/wp-content\/uploads\/2024\/04\/20240325_154722354_iOS-x-768x1024.jpg 768w, https:\/\/tonalibus.org\/wp-content\/uploads\/2024\/04\/20240325_154722354_iOS-x-225x300.jpg 225w, https:\/\/tonalibus.org\/wp-content\/uploads\/2024\/04\/20240325_154722354_iOS-x-1152x1536.jpg 1152w, https:\/\/tonalibus.org\/wp-content\/uploads\/2024\/04\/20240325_154722354_iOS-x-1536x2048.jpg 1536w, https:\/\/tonalibus.org\/wp-content\/uploads\/2024\/04\/20240325_154722354_iOS-x-9x12.jpg 9w, https:\/\/tonalibus.org\/wp-content\/uploads\/2024\/04\/20240325_154722354_iOS-x-1320x1760.jpg 1320w, https:\/\/tonalibus.org\/wp-content\/uploads\/2024\/04\/20240325_154722354_iOS-x-scaled.jpg 1920w\" sizes=\"auto, (max-width: 706px) 89vw, (max-width: 767px) 82vw, 740px\" \/><figcaption class=\"wp-element-caption\"><br>Aprikosenbl\u00fcten zwischen Fr\u00f6sten in der Schweiz \u2013 M\u00e4rz 2024<\/figcaption><\/figure>\n<\/div><\/div>\n<\/div>\n\n\n\n<p class=\"has-text-color has-link-color wp-elements-5583279856c214b2b9bc35200fafcdf6\" style=\"color:#f7b320\">Du kannst einen Tonbeispiel- oder Tonalit\u00e4ten-Loop als Ton-Mantra verwenden, zur <a href=\"https:\/\/de.wikipedia.org\/wiki\/Kontemplation\" target=\"_blank\" rel=\"noreferrer noopener\"><mark style=\"background-color:rgba(0, 0, 0, 0);color:#f7b320\" class=\"has-inline-color\">Kontemplation<\/mark><\/a> oder <a href=\"https:\/\/de.wikipedia.org\/wiki\/Meditation\" target=\"_blank\" rel=\"noreferrer noopener\"><mark style=\"background-color:rgba(0, 0, 0, 0);color:#f7b320\" class=\"has-inline-color\">Meditation<\/mark><\/a>. Dies kann zum Anheben, L\u00e4utern und Fokussieren behilflich sein. Oder du kannst es einfach als beruhigenden Hintergrundton zur Entspannung und Regeneration benutzen. Wenn du mitsummen, chanten oder singen m\u00f6chtest, k\u00f6nntest du dazu z.B. eine spirituell gepr\u00e4gte Silbe verwenden, wie <a href=\"https:\/\/de.wikipedia.org\/wiki\/Om\" target=\"_blank\" rel=\"noreferrer noopener\"><em><mark style=\"background-color:rgba(0, 0, 0, 0);color:#f7b320\" class=\"has-inline-color\">\u014c\u1e43 \/ Aum<\/mark><\/em><\/a> \u0950, oder <em><a href=\"https:\/\/tonalibus.org\/de\/about-tonalibus\/hu-mantra-of-soul\/\"><mark style=\"background-color:rgba(0, 0, 0, 0);color:#f7b320\" class=\"has-inline-color\">HU<\/mark><\/a><\/em>, oder eine andere f\u00fcr dich stimmige Mantra-Silbe.<\/p>","protected":false},"excerpt":{"rendered":"<p>MajReach oder harmonisch Dur, die Tonalit\u00e4t dieses Monats Juli 2024 unterscheidet sich von Ionisch oder diatonisch Dur nur in einer Tonh\u00f6he. Sie enth\u00e4lt die kleine statt der grossen Sexte...<\/p>","protected":false},"author":1,"featured_media":0,"comment_status":"closed","ping_status":"open","sticky":false,"template":"","format":"standard","meta":{"footnotes":""},"categories":[33,11,15],"tags":[],"class_list":["post-33128","post","type-post","status-publish","format-standard","hentry","category-2024-tonal","category-tonalibus","category-tonality-of-the-month"],"yoast_head":"<!-- This site is optimized with the Yoast SEO plugin v27.5 - https:\/\/yoast.com\/product\/yoast-seo-wordpress\/ -->\n<title>Tonality of the month: MajReach &#8211; TONALIBUS Harmony<\/title>\n<meta name=\"description\" content=\"The tonality of the month of July 2024 is MajReach or harmonic major. It deviates from diatonic major in only one pitch, the minor sixth...\" \/>\n<meta name=\"robots\" content=\"index, follow, max-snippet:-1, max-image-preview:large, max-video-preview:-1\" \/>\n<link rel=\"canonical\" href=\"https:\/\/tonalibus.org\/de\/2024\/06\/23\/tonality-of-the-month-majreach\/\" \/>\n<meta property=\"og:locale\" content=\"de_DE\" \/>\n<meta property=\"og:type\" content=\"article\" \/>\n<meta property=\"og:title\" content=\"Tonality of the month: MajReach &#8211; TONALIBUS Harmony\" \/>\n<meta property=\"og:description\" content=\"The tonality of the month of July 2024 is MajReach or harmonic major. It deviates from diatonic major in only one pitch, the minor sixth...\" \/>\n<meta property=\"og:url\" content=\"https:\/\/tonalibus.org\/de\/2024\/06\/23\/tonality-of-the-month-majreach\/\" \/>\n<meta property=\"og:site_name\" content=\"TONALIBUS\" \/>\n<meta property=\"article:published_time\" content=\"2024-06-23T14:31:47+00:00\" \/>\n<meta property=\"article:modified_time\" content=\"2025-12-17T10:21:32+00:00\" \/>\n<meta property=\"og:image\" content=\"https:\/\/tonalibus.org\/wp-content\/uploads\/2021\/04\/Tonalibus-2b-5-reach-2021-04-33.jpg\" \/>\n\t<meta property=\"og:image:width\" content=\"960\" \/>\n\t<meta property=\"og:image:height\" content=\"720\" \/>\n\t<meta property=\"og:image:type\" content=\"image\/jpeg\" \/>\n<meta name=\"author\" content=\"Ulrico\" \/>\n<meta name=\"twitter:card\" content=\"summary_large_image\" \/>\n<meta name=\"twitter:label1\" content=\"Verfasst von\" \/>\n\t<meta name=\"twitter:data1\" content=\"Ulrico\" \/>\n\t<meta name=\"twitter:label2\" content=\"Gesch\u00e4tzte Lesezeit\" \/>\n\t<meta name=\"twitter:data2\" content=\"2\u00a0Minuten\" \/>\n<script type=\"application\/ld+json\" class=\"yoast-schema-graph\">{\"@context\":\"https:\\\/\\\/schema.org\",\"@graph\":[{\"@type\":\"Article\",\"@id\":\"https:\\\/\\\/tonalibus.org\\\/2024\\\/06\\\/23\\\/tonality-of-the-month-majreach\\\/#article\",\"isPartOf\":{\"@id\":\"https:\\\/\\\/tonalibus.org\\\/2024\\\/06\\\/23\\\/tonality-of-the-month-majreach\\\/\"},\"author\":{\"name\":\"Ulrico\",\"@id\":\"https:\\\/\\\/tonalibus.org\\\/de\\\/#\\\/schema\\\/person\\\/749261d7bc96d1f00127273f83ab96a4\"},\"headline\":\"Tonality of the month: MajReach\",\"datePublished\":\"2024-06-23T14:31:47+00:00\",\"dateModified\":\"2025-12-17T10:21:32+00:00\",\"mainEntityOfPage\":{\"@id\":\"https:\\\/\\\/tonalibus.org\\\/2024\\\/06\\\/23\\\/tonality-of-the-month-majreach\\\/\"},\"wordCount\":234,\"publisher\":{\"@id\":\"https:\\\/\\\/tonalibus.org\\\/de\\\/#\\\/schema\\\/person\\\/749261d7bc96d1f00127273f83ab96a4\"},\"image\":{\"@id\":\"https:\\\/\\\/tonalibus.org\\\/2024\\\/06\\\/23\\\/tonality-of-the-month-majreach\\\/#primaryimage\"},\"thumbnailUrl\":\"https:\\\/\\\/tonalibus.org\\\/wp-content\\\/uploads\\\/2021\\\/04\\\/Tonalibus-2b-5-reach-2021-04-33.jpg\",\"articleSection\":[\"2024 tonal\",\"Tonalibus\",\"Tonality of the month\\\/moment\"],\"inLanguage\":\"de-CH\"},{\"@type\":\"WebPage\",\"@id\":\"https:\\\/\\\/tonalibus.org\\\/2024\\\/06\\\/23\\\/tonality-of-the-month-majreach\\\/\",\"url\":\"https:\\\/\\\/tonalibus.org\\\/2024\\\/06\\\/23\\\/tonality-of-the-month-majreach\\\/\",\"name\":\"Tonality of the month: MajReach &#8211; TONALIBUS Harmony\",\"isPartOf\":{\"@id\":\"https:\\\/\\\/tonalibus.org\\\/de\\\/#website\"},\"primaryImageOfPage\":{\"@id\":\"https:\\\/\\\/tonalibus.org\\\/2024\\\/06\\\/23\\\/tonality-of-the-month-majreach\\\/#primaryimage\"},\"image\":{\"@id\":\"https:\\\/\\\/tonalibus.org\\\/2024\\\/06\\\/23\\\/tonality-of-the-month-majreach\\\/#primaryimage\"},\"thumbnailUrl\":\"https:\\\/\\\/tonalibus.org\\\/wp-content\\\/uploads\\\/2021\\\/04\\\/Tonalibus-2b-5-reach-2021-04-33.jpg\",\"datePublished\":\"2024-06-23T14:31:47+00:00\",\"dateModified\":\"2025-12-17T10:21:32+00:00\",\"description\":\"The tonality of the month of July 2024 is MajReach or harmonic major. It deviates from diatonic major in only one pitch, the minor sixth...\",\"breadcrumb\":{\"@id\":\"https:\\\/\\\/tonalibus.org\\\/2024\\\/06\\\/23\\\/tonality-of-the-month-majreach\\\/#breadcrumb\"},\"inLanguage\":\"de-CH\",\"potentialAction\":[{\"@type\":\"ReadAction\",\"target\":[\"https:\\\/\\\/tonalibus.org\\\/2024\\\/06\\\/23\\\/tonality-of-the-month-majreach\\\/\"]}]},{\"@type\":\"ImageObject\",\"inLanguage\":\"de-CH\",\"@id\":\"https:\\\/\\\/tonalibus.org\\\/2024\\\/06\\\/23\\\/tonality-of-the-month-majreach\\\/#primaryimage\",\"url\":\"https:\\\/\\\/tonalibus.org\\\/wp-content\\\/uploads\\\/2021\\\/04\\\/Tonalibus-2b-5-reach-2021-04-33.jpg\",\"contentUrl\":\"https:\\\/\\\/tonalibus.org\\\/wp-content\\\/uploads\\\/2021\\\/04\\\/Tonalibus-2b-5-reach-2021-04-33.jpg\"},{\"@type\":\"BreadcrumbList\",\"@id\":\"https:\\\/\\\/tonalibus.org\\\/2024\\\/06\\\/23\\\/tonality-of-the-month-majreach\\\/#breadcrumb\",\"itemListElement\":[{\"@type\":\"ListItem\",\"position\":1,\"name\":\"Home\",\"item\":\"https:\\\/\\\/tonalibus.org\\\/\"},{\"@type\":\"ListItem\",\"position\":2,\"name\":\"Tonality of the month: MajReach\"}]},{\"@type\":\"WebSite\",\"@id\":\"https:\\\/\\\/tonalibus.org\\\/de\\\/#website\",\"url\":\"https:\\\/\\\/tonalibus.org\\\/de\\\/\",\"name\":\"TONALIBUS\",\"description\":\"Anchored Harmony and Tonalities\",\"publisher\":{\"@id\":\"https:\\\/\\\/tonalibus.org\\\/de\\\/#\\\/schema\\\/person\\\/749261d7bc96d1f00127273f83ab96a4\"},\"potentialAction\":[{\"@type\":\"SearchAction\",\"target\":{\"@type\":\"EntryPoint\",\"urlTemplate\":\"https:\\\/\\\/tonalibus.org\\\/de\\\/?s={search_term_string}\"},\"query-input\":{\"@type\":\"PropertyValueSpecification\",\"valueRequired\":true,\"valueName\":\"search_term_string\"}}],\"inLanguage\":\"de-CH\"},{\"@type\":[\"Person\",\"Organization\"],\"@id\":\"https:\\\/\\\/tonalibus.org\\\/de\\\/#\\\/schema\\\/person\\\/749261d7bc96d1f00127273f83ab96a4\",\"name\":\"Ulrico\",\"image\":{\"@type\":\"ImageObject\",\"inLanguage\":\"de-CH\",\"@id\":\"https:\\\/\\\/tonalibus.org\\\/wp-content\\\/uploads\\\/2020\\\/06\\\/uli-pix.jpg\",\"url\":\"https:\\\/\\\/tonalibus.org\\\/wp-content\\\/uploads\\\/2020\\\/06\\\/uli-pix.jpg\",\"contentUrl\":\"https:\\\/\\\/tonalibus.org\\\/wp-content\\\/uploads\\\/2020\\\/06\\\/uli-pix.jpg\",\"width\":960,\"height\":720,\"caption\":\"Ulrico\"},\"logo\":{\"@id\":\"https:\\\/\\\/tonalibus.org\\\/wp-content\\\/uploads\\\/2020\\\/06\\\/uli-pix.jpg\"},\"sameAs\":[\"https:\\\/\\\/tonalibus.cyon.site\"]}]}<\/script>\n<!-- \/ Yoast SEO plugin. -->","yoast_head_json":{"title":"Tonalit\u00e4t des Monats: MajReach - TONALIBUS Harmonie","description":"Die Tonalit\u00e4t des Monats Juli 2024 ist MajReach oder harmonisches Dur. Sie weicht nur in einem Ton, der kleinen Sexte, von Diatonisch-Dur ab...","robots":{"index":"index","follow":"follow","max-snippet":"max-snippet:-1","max-image-preview":"max-image-preview:large","max-video-preview":"max-video-preview:-1"},"canonical":"https:\/\/tonalibus.org\/de\/2024\/06\/23\/tonality-of-the-month-majreach\/","og_locale":"de_DE","og_type":"article","og_title":"Tonality of the month: MajReach &#8211; TONALIBUS Harmony","og_description":"The tonality of the month of July 2024 is MajReach or harmonic major. It deviates from diatonic major in only one pitch, the minor sixth...","og_url":"https:\/\/tonalibus.org\/de\/2024\/06\/23\/tonality-of-the-month-majreach\/","og_site_name":"TONALIBUS","article_published_time":"2024-06-23T14:31:47+00:00","article_modified_time":"2025-12-17T10:21:32+00:00","og_image":[{"width":960,"height":720,"url":"https:\/\/tonalibus.org\/wp-content\/uploads\/2021\/04\/Tonalibus-2b-5-reach-2021-04-33.jpg","type":"image\/jpeg"}],"author":"Ulrico","twitter_card":"summary_large_image","twitter_misc":{"Verfasst von":"Ulrico","Gesch\u00e4tzte Lesezeit":"2\u00a0Minuten"},"schema":{"@context":"https:\/\/schema.org","@graph":[{"@type":"Article","@id":"https:\/\/tonalibus.org\/2024\/06\/23\/tonality-of-the-month-majreach\/#article","isPartOf":{"@id":"https:\/\/tonalibus.org\/2024\/06\/23\/tonality-of-the-month-majreach\/"},"author":{"name":"Ulrico","@id":"https:\/\/tonalibus.org\/de\/#\/schema\/person\/749261d7bc96d1f00127273f83ab96a4"},"headline":"Tonality of the month: MajReach","datePublished":"2024-06-23T14:31:47+00:00","dateModified":"2025-12-17T10:21:32+00:00","mainEntityOfPage":{"@id":"https:\/\/tonalibus.org\/2024\/06\/23\/tonality-of-the-month-majreach\/"},"wordCount":234,"publisher":{"@id":"https:\/\/tonalibus.org\/de\/#\/schema\/person\/749261d7bc96d1f00127273f83ab96a4"},"image":{"@id":"https:\/\/tonalibus.org\/2024\/06\/23\/tonality-of-the-month-majreach\/#primaryimage"},"thumbnailUrl":"https:\/\/tonalibus.org\/wp-content\/uploads\/2021\/04\/Tonalibus-2b-5-reach-2021-04-33.jpg","articleSection":["2024 tonal","Tonalibus","Tonality of the month\/moment"],"inLanguage":"de-CH"},{"@type":"WebPage","@id":"https:\/\/tonalibus.org\/2024\/06\/23\/tonality-of-the-month-majreach\/","url":"https:\/\/tonalibus.org\/2024\/06\/23\/tonality-of-the-month-majreach\/","name":"Tonalit\u00e4t des Monats: MajReach - TONALIBUS Harmonie","isPartOf":{"@id":"https:\/\/tonalibus.org\/de\/#website"},"primaryImageOfPage":{"@id":"https:\/\/tonalibus.org\/2024\/06\/23\/tonality-of-the-month-majreach\/#primaryimage"},"image":{"@id":"https:\/\/tonalibus.org\/2024\/06\/23\/tonality-of-the-month-majreach\/#primaryimage"},"thumbnailUrl":"https:\/\/tonalibus.org\/wp-content\/uploads\/2021\/04\/Tonalibus-2b-5-reach-2021-04-33.jpg","datePublished":"2024-06-23T14:31:47+00:00","dateModified":"2025-12-17T10:21:32+00:00","description":"Die Tonalit\u00e4t des Monats Juli 2024 ist MajReach oder harmonisches Dur. Sie weicht nur in einem Ton, der kleinen Sexte, von Diatonisch-Dur ab...","breadcrumb":{"@id":"https:\/\/tonalibus.org\/2024\/06\/23\/tonality-of-the-month-majreach\/#breadcrumb"},"inLanguage":"de-CH","potentialAction":[{"@type":"ReadAction","target":["https:\/\/tonalibus.org\/2024\/06\/23\/tonality-of-the-month-majreach\/"]}]},{"@type":"ImageObject","inLanguage":"de-CH","@id":"https:\/\/tonalibus.org\/2024\/06\/23\/tonality-of-the-month-majreach\/#primaryimage","url":"https:\/\/tonalibus.org\/wp-content\/uploads\/2021\/04\/Tonalibus-2b-5-reach-2021-04-33.jpg","contentUrl":"https:\/\/tonalibus.org\/wp-content\/uploads\/2021\/04\/Tonalibus-2b-5-reach-2021-04-33.jpg"},{"@type":"BreadcrumbList","@id":"https:\/\/tonalibus.org\/2024\/06\/23\/tonality-of-the-month-majreach\/#breadcrumb","itemListElement":[{"@type":"ListItem","position":1,"name":"Home","item":"https:\/\/tonalibus.org\/"},{"@type":"ListItem","position":2,"name":"Tonality of the month: MajReach"}]},{"@type":"WebSite","@id":"https:\/\/tonalibus.org\/de\/#website","url":"https:\/\/tonalibus.org\/de\/","name":"TONALIBUS","description":"Verankerte Harmonie und Tonalit\u00e4ten","publisher":{"@id":"https:\/\/tonalibus.org\/de\/#\/schema\/person\/749261d7bc96d1f00127273f83ab96a4"},"potentialAction":[{"@type":"SearchAction","target":{"@type":"EntryPoint","urlTemplate":"https:\/\/tonalibus.org\/de\/?s={search_term_string}"},"query-input":{"@type":"PropertyValueSpecification","valueRequired":true,"valueName":"search_term_string"}}],"inLanguage":"de-CH"},{"@type":["Person","Organization"],"@id":"https:\/\/tonalibus.org\/de\/#\/schema\/person\/749261d7bc96d1f00127273f83ab96a4","name":"Ulrico","image":{"@type":"ImageObject","inLanguage":"de-CH","@id":"https:\/\/tonalibus.org\/wp-content\/uploads\/2020\/06\/uli-pix.jpg","url":"https:\/\/tonalibus.org\/wp-content\/uploads\/2020\/06\/uli-pix.jpg","contentUrl":"https:\/\/tonalibus.org\/wp-content\/uploads\/2020\/06\/uli-pix.jpg","width":960,"height":720,"caption":"Ulrico"},"logo":{"@id":"https:\/\/tonalibus.org\/wp-content\/uploads\/2020\/06\/uli-pix.jpg"},"sameAs":["https:\/\/tonalibus.cyon.site"]}]}},"_links":{"self":[{"href":"https:\/\/tonalibus.org\/de\/wp-json\/wp\/v2\/posts\/33128","targetHints":{"allow":["GET"]}}],"collection":[{"href":"https:\/\/tonalibus.org\/de\/wp-json\/wp\/v2\/posts"}],"about":[{"href":"https:\/\/tonalibus.org\/de\/wp-json\/wp\/v2\/types\/post"}],"author":[{"embeddable":true,"href":"https:\/\/tonalibus.org\/de\/wp-json\/wp\/v2\/users\/1"}],"replies":[{"embeddable":true,"href":"https:\/\/tonalibus.org\/de\/wp-json\/wp\/v2\/comments?post=33128"}],"version-history":[{"count":1,"href":"https:\/\/tonalibus.org\/de\/wp-json\/wp\/v2\/posts\/33128\/revisions"}],"predecessor-version":[{"id":38048,"href":"https:\/\/tonalibus.org\/de\/wp-json\/wp\/v2\/posts\/33128\/revisions\/38048"}],"wp:attachment":[{"href":"https:\/\/tonalibus.org\/de\/wp-json\/wp\/v2\/media?parent=33128"}],"wp:term":[{"taxonomy":"category","embeddable":true,"href":"https:\/\/tonalibus.org\/de\/wp-json\/wp\/v2\/categories?post=33128"},{"taxonomy":"post_tag","embeddable":true,"href":"https:\/\/tonalibus.org\/de\/wp-json\/wp\/v2\/tags?post=33128"}],"curies":[{"name":"wp","href":"https:\/\/api.w.org\/{rel}","templated":true}]}}