{"id":38803,"date":"2026-04-29T07:32:57","date_gmt":"2026-04-29T05:32:57","guid":{"rendered":"https:\/\/tonalibus.org\/?p=38803"},"modified":"2026-04-29T08:10:02","modified_gmt":"2026-04-29T06:10:02","slug":"tonalibus-r-s-t-the-album","status":"publish","type":"post","link":"https:\/\/tonalibus.org\/de\/2026\/04\/29\/tonalibus-r-s-t-the-album\/","title":{"rendered":"Tonalibus R, S &amp; T \u2013 das Album"},"content":{"rendered":"<p class=\"has-text-color has-link-color wp-elements-0521d7decca55b733021a607925c483a\" style=\"color:#f7b320\">Das Triple-Album \u201cTonalibus R, S &amp; T\u201d erscheint weltweit auf vielen Musik-Plattformen am 1. Mai 2026 \u2013 auf <a href=\"https:\/\/open.spotify.com\/artist\/3JiD2vdPrQKW5cQ1kzVUfR\" target=\"_blank\" rel=\"noreferrer noopener\"><mark style=\"background-color:rgba(0, 0, 0, 0);color:#f7b320\" class=\"has-inline-color\">Spotify<\/mark><\/a><mark style=\"background-color:rgba(0, 0, 0, 0);color:#f7b320\" class=\"has-inline-color\">, <\/mark><a href=\"https:\/\/music.youtube.com\/channel\/UCihsJzyNwheaIF6_KHl7iPg\" target=\"_blank\" rel=\"noreferrer noopener\"><mark style=\"background-color:rgba(0, 0, 0, 0);color:#f7b320\" class=\"has-inline-color\">YouTube Music<\/mark><\/a><mark style=\"background-color:rgba(0, 0, 0, 0);color:#f7b320\" class=\"has-inline-color\"><mark style=\"background-color:rgba(0, 0, 0, 0);color:#f7b320\" class=\"has-inline-color\">, <\/mark><\/mark><a href=\"https:\/\/www.youtube.com\/channel\/UCihsJzyNwheaIF6_KHl7iPg\/featured\" target=\"_blank\" rel=\"noreferrer noopener\"><mark style=\"background-color:rgba(0, 0, 0, 0);color:#f7b320\" class=\"has-inline-color\">YouTube Channel<\/mark><\/a><mark style=\"background-color:rgba(0, 0, 0, 0);color:#f7b320\" class=\"has-inline-color\">, <mark style=\"background-color:rgba(0, 0, 0, 0);color:#f7b320\" class=\"has-inline-color\"><mark style=\"background-color:rgba(0, 0, 0, 0);color:#f7b320\" class=\"has-inline-color\"><a href=\"https:\/\/tidal.com\/artist\/26118548\" target=\"_blank\" rel=\"noreferrer noopener\"><mark style=\"background-color:rgba(0, 0, 0, 0);color:#f7b320\" class=\"has-inline-color\">Tidal<\/mark><\/a><\/mark>, <\/mark><\/mark><a href=\"https:\/\/music.apple.com\/us\/artist\/ulrico\/1572759764\" target=\"_blank\" rel=\"noreferrer noopener\"><mark style=\"background-color:rgba(0, 0, 0, 0);color:#f7b320\" class=\"has-inline-color\">Apple Music<\/mark><\/a><mark style=\"background-color:rgba(0, 0, 0, 0);color:#f7b320\" class=\"has-inline-color\"><mark style=\"background-color:rgba(0, 0, 0, 0);color:#f7b320\" class=\"has-inline-color\">, <\/mark><\/mark><a href=\"https:\/\/www.amazon.com\/music\/player\/artists\/B097D6BL1S\/ulrico\" target=\"_blank\" rel=\"noreferrer noopener\"><mark style=\"background-color:rgba(0, 0, 0, 0);color:#f7b320\" class=\"has-inline-color\">Amazon Music<\/mark><\/a><mark style=\"background-color:rgba(0, 0, 0, 0);color:#f7b320\" class=\"has-inline-color\">, <a href=\"https:\/\/www.deezer.com\/us\/artist\/136505382\" target=\"_blank\" rel=\"noreferrer noopener\"><mark style=\"background-color:rgba(0, 0, 0, 0);color:#f7b320\" class=\"has-inline-color\">Deezer<\/mark><\/a>, <\/mark>usw. Es bietet 27 meditative Improvisationen von <a href=\"https:\/\/tonalibus.org\/de\/about-tonalibus\/ulrico\/\"><mark style=\"background-color:rgba(0, 0, 0, 0);color:#f7b320\" class=\"has-inline-color\">Ulrico<\/mark><\/a> vom vergangenen Jahr in drei Stunden erbaulicher Musik, manchmal mit einem Hauch von Blues. Diese stammen aus den folgenden drei Themenbereichen:<\/p>\n\n\n\n<p class=\"has-text-align-left has-text-color has-link-color has-medium-font-size wp-elements-9f2afb0089f6e00750fe3033d40fce32\" style=\"color:#f7b320\"><em><strong>Wellen des stillen Friedens<\/strong><\/em>,<\/p>\n\n\n\n<p class=\"has-text-align-center has-text-color has-link-color has-medium-font-size wp-elements-d468b91fbc6ec0d22f63fcdb714d64a1\" style=\"color:#f7b320\"><em><strong>Geniesse die L\u00fccken dazwischen<\/strong><\/em>, und<\/p>\n\n\n\n<p class=\"has-text-align-right has-text-color has-link-color has-medium-font-size wp-elements-78d91d8727e9b7d0baea3372831cb9e5\" style=\"color:#f7b320\"><em><strong>Vorw\u00e4rts im Klang des Lichts<\/strong><\/em><\/p>\n\n\n\n<div class=\"wp-block-columns is-layout-flex wp-container-core-columns-is-layout-9d6595d7 wp-block-columns-is-layout-flex\">\n<div class=\"wp-block-column is-layout-flow wp-block-column-is-layout-flow\" style=\"flex-basis:66.66%\">\n<div class=\"wp-block-media-text is-stacked-on-mobile\" style=\"grid-template-columns:48% auto\"><figure class=\"wp-block-media-text__media\"><img loading=\"lazy\" decoding=\"async\" width=\"576\" height=\"1024\" src=\"https:\/\/tonalibus.org\/wp-content\/uploads\/2026\/04\/Tonalibus-RST-mtbb-576x1024.jpg\" alt=\"Tonalibus R, S &amp; T \u2013 the album\" class=\"wp-image-38788 size-full\" srcset=\"https:\/\/tonalibus.org\/wp-content\/uploads\/2026\/04\/Tonalibus-RST-mtbb-576x1024.jpg 576w, https:\/\/tonalibus.org\/wp-content\/uploads\/2026\/04\/Tonalibus-RST-mtbb-169x300.jpg 169w, https:\/\/tonalibus.org\/wp-content\/uploads\/2026\/04\/Tonalibus-RST-mtbb-7x12.jpg 7w, https:\/\/tonalibus.org\/wp-content\/uploads\/2026\/04\/Tonalibus-RST-mtbb.jpg 720w\" sizes=\"auto, (max-width: 576px) 100vw, 576px\" \/><\/figure><div class=\"wp-block-media-text__content\">\n<p class=\"has-text-align-left has-text-color has-link-color wp-elements-06a4f02d947353bb10ad6f55b21beb76\" style=\"color:#f7b320\">Die ersten zwei Minuten <br>des neuen Albums<br>\u201cTonalibus R, S &amp; T\u201d<\/p>\n\n\n\n<figure class=\"wp-block-audio\"><audio controls src=\"https:\/\/tonalibus.org\/wp-content\/uploads\/2026\/04\/2025-12-04-8GG-1st-2-min.mp3\"><\/audio><\/figure>\n\n\n\n<p class=\"has-text-align-left has-text-color has-link-color wp-elements-32d9eae8ff34d310c91475bcc36bfa48\" style=\"color:#f7b320\">Starte die Musik<br>und entz\u00fcnde das Feuer.<\/p>\n<\/div><\/div>\n<\/div>\n\n\n\n<div class=\"wp-block-column is-layout-flow wp-block-column-is-layout-flow\" style=\"flex-basis:33.33%\">\n<figure class=\"wp-block-video\"><video height=\"1280\" style=\"aspect-ratio: 720 \/ 1280;\" width=\"720\" controls loop muted poster=\"https:\/\/tonalibus.org\/wp-content\/uploads\/2026\/04\/20250910_130048791_iOS-xcz-scaled.jpg\" src=\"https:\/\/tonalibus.org\/wp-content\/uploads\/2026\/04\/fire-10-25.mp4\" playsinline><\/video><\/figure>\n<\/div>\n<\/div>\n\n\n\n<p class=\"has-text-color has-link-color wp-elements-cabfaa29f9e5255a469eb8816ae75b65\" style=\"color:#f7b320\"> Weitere Informationen findest du im Fidibus-Shop unter <em><a href=\"https:\/\/tonalibus.org\/de\/shop\/tonalibus-r-s-t-album\/\"><mark style=\"background-color:rgba(0, 0, 0, 0);color:#f7b320\" class=\"has-inline-color\">Tonalibus R, S &amp; T \u2013 Album<\/mark><\/a><\/em>.<\/p>\n\n\n\n<div style=\"height:30px\" aria-hidden=\"true\" class=\"wp-block-spacer\"><\/div>\n\n\n<div class=\"wp-block-image\">\n<figure class=\"aligncenter size-large is-resized\"><img loading=\"lazy\" decoding=\"async\" width=\"1024\" height=\"1024\" src=\"https:\/\/tonalibus.org\/wp-content\/uploads\/2025\/01\/20250102_070422267_iOS-xc-sqr-RST-1024x1024.jpg\" alt=\"Tonalibus R, S &amp; T \u2013 the album\" class=\"wp-image-35018\" style=\"width:416px;height:auto\" srcset=\"https:\/\/tonalibus.org\/wp-content\/uploads\/2025\/01\/20250102_070422267_iOS-xc-sqr-RST-1024x1024.jpg 1024w, https:\/\/tonalibus.org\/wp-content\/uploads\/2025\/01\/20250102_070422267_iOS-xc-sqr-RST-300x300.jpg 300w, https:\/\/tonalibus.org\/wp-content\/uploads\/2025\/01\/20250102_070422267_iOS-xc-sqr-RST-150x150.jpg 150w, https:\/\/tonalibus.org\/wp-content\/uploads\/2025\/01\/20250102_070422267_iOS-xc-sqr-RST-768x768.jpg 768w, https:\/\/tonalibus.org\/wp-content\/uploads\/2025\/01\/20250102_070422267_iOS-xc-sqr-RST-1536x1536.jpg 1536w, https:\/\/tonalibus.org\/wp-content\/uploads\/2025\/01\/20250102_070422267_iOS-xc-sqr-RST-2048x2048.jpg 2048w, https:\/\/tonalibus.org\/wp-content\/uploads\/2025\/01\/20250102_070422267_iOS-xc-sqr-RST-12x12.jpg 12w, https:\/\/tonalibus.org\/wp-content\/uploads\/2025\/01\/20250102_070422267_iOS-xc-sqr-RST-100x100.jpg 100w, https:\/\/tonalibus.org\/wp-content\/uploads\/2025\/01\/20250102_070422267_iOS-xc-sqr-RST-1320x1320.jpg 1320w, https:\/\/tonalibus.org\/wp-content\/uploads\/2025\/01\/20250102_070422267_iOS-xc-sqr-RST-560x560.jpg 560w\" sizes=\"auto, (max-width: 706px) 89vw, (max-width: 767px) 82vw, 740px\" \/><figcaption class=\"wp-element-caption\"><em>Wellen des stillen Friedens<\/em> \u2014 <em>Geniesse die L\u00fccken dazwischen <\/em>\u2014 <em>Vorw\u00e4rts im Klang des Lichts<\/em><\/figcaption><\/figure>\n<\/div>\n\n\n<h2 class=\"wp-block-heading has-text-color has-link-color wp-elements-e9488465d4b2fbe9cfec633bc7f27dc6\" style=\"color:#f7b320\">Der Klang der Stille<\/h2>\n\n\n\n<p class=\"has-text-color has-link-color wp-elements-fb770e7bb8641829496e106b41773bdf\" style=\"color:#f7b320\">\u201cIch nehme die Art von Klang im Hintergrund wahr, auf die ich mich als Klang der Stille beziehe, einen vibrierenden, nachhallenden Klang... eine Art hohe Schwingung, die immer pr\u00e4sent ist. ... Wenn du diesen Klang der Stille erkennst, h\u00f6rt dein Denk-Prozess auf \u2013 du kannst in diesem Strom ruhen. Es ist wie ein Strom. Es ist kein gew\u00f6hnlicher Klang, der auftaucht und verschwindet oder beginnt und endet. ... Dahinter, hinter allen anderen Kl\u00e4ngen, ist dieser Klang der Stille. ... Er ist immer pr\u00e4sent, er ist einfach da, ob ich ihn wahrnehme oder nicht.\u201d<\/p>\n\n\n\n<p class=\"has-text-color has-link-color wp-elements-ba88620f4e7c4c2019aca6c8a49cf15a\" style=\"color:#f7b320\">\u2014 <em>The Sound of Silence<\/em>, Ajahn Sumedho, S. 65-66<\/p>","protected":false},"excerpt":{"rendered":"<p>Das Triple-Album \u201cTonalibus R, S &amp; T\u201d erscheint weltweit auf vielen Musik-Plattformen am 1. Mai 2026 mit 27 meditative Improvisationen von Ulrico... <\/p>","protected":false},"author":1,"featured_media":0,"comment_status":"closed","ping_status":"open","sticky":false,"template":"","format":"standard","meta":{"footnotes":""},"categories":[40,41,12,11],"tags":[],"class_list":["post-38803","post","type-post","status-publish","format-standard","hentry","category-2026-fidal","category-2026-tonal","category-fidibus","category-tonalibus"],"yoast_head":"<!-- This site is optimized with the Yoast SEO plugin v27.5 - https:\/\/yoast.com\/product\/yoast-seo-wordpress\/ -->\n<title>Tonalibus R, S &amp; T \u2013 the album &#8211; TONALIBUS Harmony and Tonalities<\/title>\n<meta name=\"description\" content=\"The triple album &quot;Tonalibus R, S &amp; T&quot; appears globally on many music platforms on May 1, 2026 with 27 meditative improvisations by Ulrico...\" \/>\n<meta name=\"robots\" content=\"index, follow, max-snippet:-1, max-image-preview:large, max-video-preview:-1\" \/>\n<link rel=\"canonical\" href=\"https:\/\/tonalibus.org\/de\/2026\/04\/29\/tonalibus-r-s-t-the-album\/\" \/>\n<meta property=\"og:locale\" content=\"de_DE\" \/>\n<meta property=\"og:type\" content=\"article\" \/>\n<meta property=\"og:title\" content=\"Tonalibus R, S &amp; T \u2013 the album &#8211; TONALIBUS Harmony and Tonalities\" \/>\n<meta property=\"og:description\" content=\"The triple album &quot;Tonalibus R, S &amp; T&quot; appears globally on many music platforms on May 1, 2026 with 27 meditative improvisations by Ulrico...\" \/>\n<meta property=\"og:url\" content=\"https:\/\/tonalibus.org\/de\/2026\/04\/29\/tonalibus-r-s-t-the-album\/\" \/>\n<meta property=\"og:site_name\" content=\"TONALIBUS\" \/>\n<meta property=\"article:published_time\" content=\"2026-04-29T05:32:57+00:00\" \/>\n<meta property=\"article:modified_time\" content=\"2026-04-29T06:10:02+00:00\" \/>\n<meta property=\"og:image\" content=\"https:\/\/tonalibus.org\/wp-content\/uploads\/2026\/04\/Tonalibus-RST-mtbb.jpg\" \/>\n\t<meta property=\"og:image:width\" content=\"720\" \/>\n\t<meta property=\"og:image:height\" content=\"1280\" \/>\n\t<meta property=\"og:image:type\" content=\"image\/jpeg\" \/>\n<meta name=\"author\" content=\"Ulrico\" \/>\n<meta name=\"twitter:card\" content=\"summary_large_image\" \/>\n<meta name=\"twitter:label1\" content=\"Verfasst von\" \/>\n\t<meta name=\"twitter:data1\" content=\"Ulrico\" \/>\n\t<meta name=\"twitter:label2\" content=\"Gesch\u00e4tzte Lesezeit\" \/>\n\t<meta name=\"twitter:data2\" content=\"2\u00a0Minuten\" \/>\n<script type=\"application\/ld+json\" class=\"yoast-schema-graph\">{\"@context\":\"https:\\\/\\\/schema.org\",\"@graph\":[{\"@type\":\"Article\",\"@id\":\"https:\\\/\\\/tonalibus.org\\\/2026\\\/04\\\/29\\\/tonalibus-r-s-t-the-album\\\/#article\",\"isPartOf\":{\"@id\":\"https:\\\/\\\/tonalibus.org\\\/2026\\\/04\\\/29\\\/tonalibus-r-s-t-the-album\\\/\"},\"author\":{\"name\":\"Ulrico\",\"@id\":\"https:\\\/\\\/tonalibus.org\\\/de\\\/#\\\/schema\\\/person\\\/749261d7bc96d1f00127273f83ab96a4\"},\"headline\":\"Tonalibus R, S &amp; T \u2013 the album\",\"datePublished\":\"2026-04-29T05:32:57+00:00\",\"dateModified\":\"2026-04-29T06:10:02+00:00\",\"mainEntityOfPage\":{\"@id\":\"https:\\\/\\\/tonalibus.org\\\/2026\\\/04\\\/29\\\/tonalibus-r-s-t-the-album\\\/\"},\"wordCount\":242,\"publisher\":{\"@id\":\"https:\\\/\\\/tonalibus.org\\\/de\\\/#\\\/schema\\\/person\\\/749261d7bc96d1f00127273f83ab96a4\"},\"image\":{\"@id\":\"https:\\\/\\\/tonalibus.org\\\/2026\\\/04\\\/29\\\/tonalibus-r-s-t-the-album\\\/#primaryimage\"},\"thumbnailUrl\":\"https:\\\/\\\/tonalibus.org\\\/wp-content\\\/uploads\\\/2026\\\/04\\\/Tonalibus-RST-mtbb-576x1024.jpg\",\"articleSection\":[\"2026 fidal\",\"2026 tonal\",\"Fidibus\",\"Tonalibus\"],\"inLanguage\":\"de-CH\"},{\"@type\":\"WebPage\",\"@id\":\"https:\\\/\\\/tonalibus.org\\\/2026\\\/04\\\/29\\\/tonalibus-r-s-t-the-album\\\/\",\"url\":\"https:\\\/\\\/tonalibus.org\\\/2026\\\/04\\\/29\\\/tonalibus-r-s-t-the-album\\\/\",\"name\":\"Tonalibus R, S &amp; T \u2013 the album &#8211; TONALIBUS Harmony and Tonalities\",\"isPartOf\":{\"@id\":\"https:\\\/\\\/tonalibus.org\\\/de\\\/#website\"},\"primaryImageOfPage\":{\"@id\":\"https:\\\/\\\/tonalibus.org\\\/2026\\\/04\\\/29\\\/tonalibus-r-s-t-the-album\\\/#primaryimage\"},\"image\":{\"@id\":\"https:\\\/\\\/tonalibus.org\\\/2026\\\/04\\\/29\\\/tonalibus-r-s-t-the-album\\\/#primaryimage\"},\"thumbnailUrl\":\"https:\\\/\\\/tonalibus.org\\\/wp-content\\\/uploads\\\/2026\\\/04\\\/Tonalibus-RST-mtbb-576x1024.jpg\",\"datePublished\":\"2026-04-29T05:32:57+00:00\",\"dateModified\":\"2026-04-29T06:10:02+00:00\",\"description\":\"The triple album \\\"Tonalibus R, S & T\\\" appears globally on many music platforms on May 1, 2026 with 27 meditative improvisations by Ulrico...\",\"breadcrumb\":{\"@id\":\"https:\\\/\\\/tonalibus.org\\\/2026\\\/04\\\/29\\\/tonalibus-r-s-t-the-album\\\/#breadcrumb\"},\"inLanguage\":\"de-CH\",\"potentialAction\":[{\"@type\":\"ReadAction\",\"target\":[\"https:\\\/\\\/tonalibus.org\\\/2026\\\/04\\\/29\\\/tonalibus-r-s-t-the-album\\\/\"]}]},{\"@type\":\"ImageObject\",\"inLanguage\":\"de-CH\",\"@id\":\"https:\\\/\\\/tonalibus.org\\\/2026\\\/04\\\/29\\\/tonalibus-r-s-t-the-album\\\/#primaryimage\",\"url\":\"https:\\\/\\\/tonalibus.org\\\/wp-content\\\/uploads\\\/2026\\\/04\\\/Tonalibus-RST-mtbb-576x1024.jpg\",\"contentUrl\":\"https:\\\/\\\/tonalibus.org\\\/wp-content\\\/uploads\\\/2026\\\/04\\\/Tonalibus-RST-mtbb-576x1024.jpg\"},{\"@type\":\"BreadcrumbList\",\"@id\":\"https:\\\/\\\/tonalibus.org\\\/2026\\\/04\\\/29\\\/tonalibus-r-s-t-the-album\\\/#breadcrumb\",\"itemListElement\":[{\"@type\":\"ListItem\",\"position\":1,\"name\":\"Home\",\"item\":\"https:\\\/\\\/tonalibus.org\\\/\"},{\"@type\":\"ListItem\",\"position\":2,\"name\":\"Tonalibus R, S &amp; T \u2013 the album\"}]},{\"@type\":\"WebSite\",\"@id\":\"https:\\\/\\\/tonalibus.org\\\/de\\\/#website\",\"url\":\"https:\\\/\\\/tonalibus.org\\\/de\\\/\",\"name\":\"TONALIBUS\",\"description\":\"Anchored Harmony and Tonalities\",\"publisher\":{\"@id\":\"https:\\\/\\\/tonalibus.org\\\/de\\\/#\\\/schema\\\/person\\\/749261d7bc96d1f00127273f83ab96a4\"},\"potentialAction\":[{\"@type\":\"SearchAction\",\"target\":{\"@type\":\"EntryPoint\",\"urlTemplate\":\"https:\\\/\\\/tonalibus.org\\\/de\\\/?s={search_term_string}\"},\"query-input\":{\"@type\":\"PropertyValueSpecification\",\"valueRequired\":true,\"valueName\":\"search_term_string\"}}],\"inLanguage\":\"de-CH\"},{\"@type\":[\"Person\",\"Organization\"],\"@id\":\"https:\\\/\\\/tonalibus.org\\\/de\\\/#\\\/schema\\\/person\\\/749261d7bc96d1f00127273f83ab96a4\",\"name\":\"Ulrico\",\"image\":{\"@type\":\"ImageObject\",\"inLanguage\":\"de-CH\",\"@id\":\"https:\\\/\\\/tonalibus.org\\\/wp-content\\\/uploads\\\/2020\\\/06\\\/uli-pix.jpg\",\"url\":\"https:\\\/\\\/tonalibus.org\\\/wp-content\\\/uploads\\\/2020\\\/06\\\/uli-pix.jpg\",\"contentUrl\":\"https:\\\/\\\/tonalibus.org\\\/wp-content\\\/uploads\\\/2020\\\/06\\\/uli-pix.jpg\",\"width\":960,\"height\":720,\"caption\":\"Ulrico\"},\"logo\":{\"@id\":\"https:\\\/\\\/tonalibus.org\\\/wp-content\\\/uploads\\\/2020\\\/06\\\/uli-pix.jpg\"},\"sameAs\":[\"https:\\\/\\\/tonalibus.cyon.site\"]}]}<\/script>\n<!-- \/ Yoast SEO plugin. -->","yoast_head_json":{"title":"Tonalibus R, S &amp; T \u2013 the album &#8211; TONALIBUS Harmony and Tonalities","description":"The triple album \"Tonalibus R, S & T\" appears globally on many music platforms on May 1, 2026 with 27 meditative improvisations by Ulrico...","robots":{"index":"index","follow":"follow","max-snippet":"max-snippet:-1","max-image-preview":"max-image-preview:large","max-video-preview":"max-video-preview:-1"},"canonical":"https:\/\/tonalibus.org\/de\/2026\/04\/29\/tonalibus-r-s-t-the-album\/","og_locale":"de_DE","og_type":"article","og_title":"Tonalibus R, S &amp; T \u2013 the album &#8211; TONALIBUS Harmony and Tonalities","og_description":"The triple album \"Tonalibus R, S & T\" appears globally on many music platforms on May 1, 2026 with 27 meditative improvisations by Ulrico...","og_url":"https:\/\/tonalibus.org\/de\/2026\/04\/29\/tonalibus-r-s-t-the-album\/","og_site_name":"TONALIBUS","article_published_time":"2026-04-29T05:32:57+00:00","article_modified_time":"2026-04-29T06:10:02+00:00","og_image":[{"width":720,"height":1280,"url":"https:\/\/tonalibus.org\/wp-content\/uploads\/2026\/04\/Tonalibus-RST-mtbb.jpg","type":"image\/jpeg"}],"author":"Ulrico","twitter_card":"summary_large_image","twitter_misc":{"Verfasst von":"Ulrico","Gesch\u00e4tzte Lesezeit":"2\u00a0Minuten"},"schema":{"@context":"https:\/\/schema.org","@graph":[{"@type":"Article","@id":"https:\/\/tonalibus.org\/2026\/04\/29\/tonalibus-r-s-t-the-album\/#article","isPartOf":{"@id":"https:\/\/tonalibus.org\/2026\/04\/29\/tonalibus-r-s-t-the-album\/"},"author":{"name":"Ulrico","@id":"https:\/\/tonalibus.org\/de\/#\/schema\/person\/749261d7bc96d1f00127273f83ab96a4"},"headline":"Tonalibus R, S &amp; T \u2013 the album","datePublished":"2026-04-29T05:32:57+00:00","dateModified":"2026-04-29T06:10:02+00:00","mainEntityOfPage":{"@id":"https:\/\/tonalibus.org\/2026\/04\/29\/tonalibus-r-s-t-the-album\/"},"wordCount":242,"publisher":{"@id":"https:\/\/tonalibus.org\/de\/#\/schema\/person\/749261d7bc96d1f00127273f83ab96a4"},"image":{"@id":"https:\/\/tonalibus.org\/2026\/04\/29\/tonalibus-r-s-t-the-album\/#primaryimage"},"thumbnailUrl":"https:\/\/tonalibus.org\/wp-content\/uploads\/2026\/04\/Tonalibus-RST-mtbb-576x1024.jpg","articleSection":["2026 fidal","2026 tonal","Fidibus","Tonalibus"],"inLanguage":"de-CH"},{"@type":"WebPage","@id":"https:\/\/tonalibus.org\/2026\/04\/29\/tonalibus-r-s-t-the-album\/","url":"https:\/\/tonalibus.org\/2026\/04\/29\/tonalibus-r-s-t-the-album\/","name":"Tonalibus R, S &amp; T \u2013 the album &#8211; TONALIBUS Harmony and Tonalities","isPartOf":{"@id":"https:\/\/tonalibus.org\/de\/#website"},"primaryImageOfPage":{"@id":"https:\/\/tonalibus.org\/2026\/04\/29\/tonalibus-r-s-t-the-album\/#primaryimage"},"image":{"@id":"https:\/\/tonalibus.org\/2026\/04\/29\/tonalibus-r-s-t-the-album\/#primaryimage"},"thumbnailUrl":"https:\/\/tonalibus.org\/wp-content\/uploads\/2026\/04\/Tonalibus-RST-mtbb-576x1024.jpg","datePublished":"2026-04-29T05:32:57+00:00","dateModified":"2026-04-29T06:10:02+00:00","description":"The triple album \"Tonalibus R, S & T\" appears globally on many music platforms on May 1, 2026 with 27 meditative improvisations by Ulrico...","breadcrumb":{"@id":"https:\/\/tonalibus.org\/2026\/04\/29\/tonalibus-r-s-t-the-album\/#breadcrumb"},"inLanguage":"de-CH","potentialAction":[{"@type":"ReadAction","target":["https:\/\/tonalibus.org\/2026\/04\/29\/tonalibus-r-s-t-the-album\/"]}]},{"@type":"ImageObject","inLanguage":"de-CH","@id":"https:\/\/tonalibus.org\/2026\/04\/29\/tonalibus-r-s-t-the-album\/#primaryimage","url":"https:\/\/tonalibus.org\/wp-content\/uploads\/2026\/04\/Tonalibus-RST-mtbb-576x1024.jpg","contentUrl":"https:\/\/tonalibus.org\/wp-content\/uploads\/2026\/04\/Tonalibus-RST-mtbb-576x1024.jpg"},{"@type":"BreadcrumbList","@id":"https:\/\/tonalibus.org\/2026\/04\/29\/tonalibus-r-s-t-the-album\/#breadcrumb","itemListElement":[{"@type":"ListItem","position":1,"name":"Home","item":"https:\/\/tonalibus.org\/"},{"@type":"ListItem","position":2,"name":"Tonalibus R, S &amp; T \u2013 the album"}]},{"@type":"WebSite","@id":"https:\/\/tonalibus.org\/de\/#website","url":"https:\/\/tonalibus.org\/de\/","name":"TONALIBUS","description":"Verankerte Harmonie und Tonalit\u00e4ten","publisher":{"@id":"https:\/\/tonalibus.org\/de\/#\/schema\/person\/749261d7bc96d1f00127273f83ab96a4"},"potentialAction":[{"@type":"SearchAction","target":{"@type":"EntryPoint","urlTemplate":"https:\/\/tonalibus.org\/de\/?s={search_term_string}"},"query-input":{"@type":"PropertyValueSpecification","valueRequired":true,"valueName":"search_term_string"}}],"inLanguage":"de-CH"},{"@type":["Person","Organization"],"@id":"https:\/\/tonalibus.org\/de\/#\/schema\/person\/749261d7bc96d1f00127273f83ab96a4","name":"Ulrico","image":{"@type":"ImageObject","inLanguage":"de-CH","@id":"https:\/\/tonalibus.org\/wp-content\/uploads\/2020\/06\/uli-pix.jpg","url":"https:\/\/tonalibus.org\/wp-content\/uploads\/2020\/06\/uli-pix.jpg","contentUrl":"https:\/\/tonalibus.org\/wp-content\/uploads\/2020\/06\/uli-pix.jpg","width":960,"height":720,"caption":"Ulrico"},"logo":{"@id":"https:\/\/tonalibus.org\/wp-content\/uploads\/2020\/06\/uli-pix.jpg"},"sameAs":["https:\/\/tonalibus.cyon.site"]}]}},"_links":{"self":[{"href":"https:\/\/tonalibus.org\/de\/wp-json\/wp\/v2\/posts\/38803","targetHints":{"allow":["GET"]}}],"collection":[{"href":"https:\/\/tonalibus.org\/de\/wp-json\/wp\/v2\/posts"}],"about":[{"href":"https:\/\/tonalibus.org\/de\/wp-json\/wp\/v2\/types\/post"}],"author":[{"embeddable":true,"href":"https:\/\/tonalibus.org\/de\/wp-json\/wp\/v2\/users\/1"}],"replies":[{"embeddable":true,"href":"https:\/\/tonalibus.org\/de\/wp-json\/wp\/v2\/comments?post=38803"}],"version-history":[{"count":21,"href":"https:\/\/tonalibus.org\/de\/wp-json\/wp\/v2\/posts\/38803\/revisions"}],"predecessor-version":[{"id":38844,"href":"https:\/\/tonalibus.org\/de\/wp-json\/wp\/v2\/posts\/38803\/revisions\/38844"}],"wp:attachment":[{"href":"https:\/\/tonalibus.org\/de\/wp-json\/wp\/v2\/media?parent=38803"}],"wp:term":[{"taxonomy":"category","embeddable":true,"href":"https:\/\/tonalibus.org\/de\/wp-json\/wp\/v2\/categories?post=38803"},{"taxonomy":"post_tag","embeddable":true,"href":"https:\/\/tonalibus.org\/de\/wp-json\/wp\/v2\/tags?post=38803"}],"curies":[{"name":"wp","href":"https:\/\/api.w.org\/{rel}","templated":true}]}}