{"id":10180,"date":"2021-03-29T10:43:47","date_gmt":"2021-03-29T08:43:47","guid":{"rendered":"https:\/\/tonalibus.org\/?p=10180"},"modified":"2022-05-29T16:24:42","modified_gmt":"2022-05-29T14:24:42","slug":"te-de-%e5%be%b7","status":"publish","type":"post","link":"https:\/\/tonalibus.org\/fr\/2021\/03\/29\/te-de-%e5%be%b7\/","title":{"rendered":"T\u00ea \/ D\u00e9 \u5fb7"},"content":{"rendered":"<h2 class=\"has-text-align-center wp-block-heading\"><span style=\"color:#f7b320\" class=\"has-inline-color\">T\u00ea \/ D\u00e9 \u5fb7<\/span><\/h2>\n\n\n\n<pre class=\"wp-block-verse has-text-align-center\"><span style=\"color:#f7b320\" class=\"has-inline-color\">spontan\u00e9it\u00e9 et confiance\ndans le flux de l'harmonie\nc\u0153ur et progr\u00e8s purs\nla r\u00e9gression d\u00e9tach\u00e9e\nson avec tout l'amour\nle joyeux surpasse le triste\nl'exp\u00e9rience int\u00e9rieure\ndans son propre espace\nsacr\u00e9 et intouchable\npar tout impact ext\u00e9rieur\nla libert\u00e9 spirituelle\nr\u00e9alisation du c\u0153ur\ntout s'en va, dispara\u00eet\nquand tout est pr\u00e9sent\nau moment du bonheur\nlibre de tout cadre\ncar il n'en reste aucun\npour entraver l'\u00eatre pur\ncomme la lune se couche\net que le soleil se l\u00e8ve\nau-del\u00e0 des montagnes\ndes gorges et des plaines\ns'\u00e9levant comme des aigles\ndans les hauts cieux\nles pieds fermes sur terre\nle moment ici et maintenant\nle pr\u00e9cieux joyau du pr\u00e9sent\ndans la gratitude \u00e9ternelle\n\u5fb7<\/span><\/pre>\n\n\n\n<div style=\"height:16px\" aria-hidden=\"true\" class=\"wp-block-spacer\"><\/div>\n\n\n\n<figure class=\"wp-block-audio\"><audio controls src=\"https:\/\/tonalibus.org\/wp-content\/uploads\/2021\/03\/PentaCor-calm.mp3\"><\/audio><figcaption><a href=\"https:\/\/tonalibus.org\/fr\/tonalities\/pentatonalities\/pentacor\/\"><span style=\"color:#f7b320\" class=\"has-inline-color\">PentaCor<\/span><\/a><span style=\"color:#f7b320\" class=\"has-inline-color\"> \u2013 echantillon sonore, calme \u2013 guitare \u00e0 8 cordes \u2013 mars 2021 \u2013 2:17<\/span><\/figcaption><\/figure>\n\n\n\n<div style=\"height:40px\" aria-hidden=\"true\" class=\"wp-block-spacer\"><\/div>\n\n\n\n<p><span style=\"color:#f7b320\" class=\"has-inline-color\">En chinois, t\u00ea \/ d\u00e9 \u5fb7 signifie vertu, caract\u00e8re personnel, force int\u00e9rieure ou int\u00e9grit\u00e9. Ceci caract\u00e9rise le tao \/ d\u00e0o \u9053 qui signifie litt\u00e9ralement la voie.<\/span><\/p>\n\n\n\n<p><span style=\"color:#f7b320\" class=\"has-inline-color\">\"Les choses sont soit augment\u00e9es par r\u00e9duction, soit r\u00e9duites par augmentation.\"<br>\u2013 du verset 42 du <\/span><a href=\"https:\/\/fr.wikipedia.org\/wiki\/Dao_de_jing\" target=\"_blank\" rel=\"noreferrer noopener\"><em><span style=\"color:#f7b320\" class=\"has-inline-color\">Dao de jing<\/span><\/em><\/a><span style=\"color:#f7b320\" class=\"has-inline-color\"> \u9053\u5fb7\u7ecf de Lao Tseu (\u00e9dition Diederichs de 1972, p. 85)<\/span><\/p>\n\n\n\n<div style=\"height:32px\" aria-hidden=\"true\" class=\"wp-block-spacer\"><\/div>\n\n\n\n<div class=\"wp-block-image\"><figure class=\"aligncenter size-large is-resized\"><img loading=\"lazy\" decoding=\"async\" src=\"https:\/\/tonalibus.org\/wp-content\/uploads\/2021\/03\/IMG_3931-xc-comp-1024x667.jpg\" alt=\"T\u00ea \/ D\u00e9  \u5fb7\" class=\"wp-image-10182\" width=\"502\" height=\"327\" srcset=\"https:\/\/tonalibus.org\/wp-content\/uploads\/2021\/03\/IMG_3931-xc-comp-1024x667.jpg 1024w, https:\/\/tonalibus.org\/wp-content\/uploads\/2021\/03\/IMG_3931-xc-comp-300x195.jpg 300w, https:\/\/tonalibus.org\/wp-content\/uploads\/2021\/03\/IMG_3931-xc-comp-768x500.jpg 768w, https:\/\/tonalibus.org\/wp-content\/uploads\/2021\/03\/IMG_3931-xc-comp-1536x1000.jpg 1536w, https:\/\/tonalibus.org\/wp-content\/uploads\/2021\/03\/IMG_3931-xc-comp-2048x1333.jpg 2048w, https:\/\/tonalibus.org\/wp-content\/uploads\/2021\/03\/IMG_3931-xc-comp-16x10.jpg 16w, https:\/\/tonalibus.org\/wp-content\/uploads\/2021\/03\/IMG_3931-xc-comp-1320x859.jpg 1320w\" sizes=\"auto, (max-width: 502px) 100vw, 502px\" \/><figcaption>Bouleau d'hiver et les Alpes dans leur splendeur du soir \u2013 f\u00e9vrier 2021 \u2013 Meikirch <\/figcaption><\/figure><\/div>","protected":false},"excerpt":{"rendered":"<p>spontan\u00e9it\u00e9 et confiance<br \/>\ndans le flux de l'harmonie<br \/>\nc\u0153ur et progr\u00e8s pur<br \/>\nla r\u00e9gression d\u00e9tach\u00e9e<br \/>\nson avec tout l'amour ...<\/p>","protected":false},"author":1,"featured_media":0,"comment_status":"closed","ping_status":"open","sticky":false,"template":"","format":"standard","meta":{"footnotes":""},"categories":[18,10],"tags":[],"class_list":["post-10180","post","type-post","status-publish","format-standard","hentry","category-2021-spiritual","category-spiritualibus"],"yoast_head":"<!-- This site is optimized with the Yoast SEO plugin v27.5 - https:\/\/yoast.com\/product\/yoast-seo-wordpress\/ -->\n<title>T\u00ea \/ D\u00e9 \u5fb7 &#8211; TONALIBUS, Anchored Harmony and Tonalities<\/title>\n<meta name=\"description\" content=\"T\u00ea \/ D\u00e9 \u5fb7 -- virtue, personal character, inner strength, or integrity are either increased through reduction, or reduced through increase.\" \/>\n<meta name=\"robots\" content=\"index, follow, max-snippet:-1, max-image-preview:large, max-video-preview:-1\" \/>\n<link rel=\"canonical\" href=\"https:\/\/tonalibus.org\/fr\/2021\/03\/29\/te-de-\u5fb7\/\" \/>\n<meta property=\"og:locale\" content=\"fr_FR\" \/>\n<meta property=\"og:type\" content=\"article\" \/>\n<meta property=\"og:title\" content=\"T\u00ea \/ D\u00e9 \u5fb7 &#8211; TONALIBUS, Anchored Harmony and Tonalities\" \/>\n<meta property=\"og:description\" content=\"T\u00ea \/ D\u00e9 \u5fb7 -- virtue, personal character, inner strength, or integrity are either increased through reduction, or reduced through increase.\" \/>\n<meta property=\"og:url\" content=\"https:\/\/tonalibus.org\/fr\/2021\/03\/29\/te-de-\u5fb7\/\" \/>\n<meta property=\"og:site_name\" content=\"TONALIBUS\" \/>\n<meta property=\"article:published_time\" content=\"2021-03-29T08:43:47+00:00\" \/>\n<meta property=\"article:modified_time\" content=\"2022-05-29T14:24:42+00:00\" \/>\n<meta property=\"og:image\" content=\"https:\/\/tonalibus.org\/wp-content\/uploads\/2021\/03\/IMG_3931-xc-comp-1024x667.jpg\" \/>\n<meta name=\"author\" content=\"Ulrico\" \/>\n<meta name=\"twitter:card\" content=\"summary_large_image\" \/>\n<meta name=\"twitter:label1\" content=\"\u00c9crit par\" \/>\n\t<meta name=\"twitter:data1\" content=\"Ulrico\" \/>\n\t<meta name=\"twitter:label2\" content=\"Dur\u00e9e de lecture estim\u00e9e\" \/>\n\t<meta name=\"twitter:data2\" content=\"1 minute\" \/>\n<script type=\"application\/ld+json\" class=\"yoast-schema-graph\">{\"@context\":\"https:\\\/\\\/schema.org\",\"@graph\":[{\"@type\":\"Article\",\"@id\":\"https:\\\/\\\/tonalibus.org\\\/en\\\/2021\\\/03\\\/29\\\/te-de-%e5%be%b7\\\/#article\",\"isPartOf\":{\"@id\":\"https:\\\/\\\/tonalibus.org\\\/en\\\/2021\\\/03\\\/29\\\/te-de-%e5%be%b7\\\/\"},\"author\":{\"name\":\"Ulrico\",\"@id\":\"https:\\\/\\\/tonalibus.org\\\/de\\\/#\\\/schema\\\/person\\\/749261d7bc96d1f00127273f83ab96a4\"},\"headline\":\"T\u00ea \\\/ D\u00e9 \u5fb7\",\"datePublished\":\"2021-03-29T08:43:47+00:00\",\"dateModified\":\"2022-05-29T14:24:42+00:00\",\"mainEntityOfPage\":{\"@id\":\"https:\\\/\\\/tonalibus.org\\\/en\\\/2021\\\/03\\\/29\\\/te-de-%e5%be%b7\\\/\"},\"wordCount\":70,\"publisher\":{\"@id\":\"https:\\\/\\\/tonalibus.org\\\/de\\\/#\\\/schema\\\/person\\\/749261d7bc96d1f00127273f83ab96a4\"},\"image\":{\"@id\":\"https:\\\/\\\/tonalibus.org\\\/en\\\/2021\\\/03\\\/29\\\/te-de-%e5%be%b7\\\/#primaryimage\"},\"thumbnailUrl\":\"https:\\\/\\\/tonalibus.org\\\/wp-content\\\/uploads\\\/2021\\\/03\\\/IMG_3931-xc-comp-1024x667.jpg\",\"articleSection\":[\"2021 spiritual\",\"Spiritualibus\"],\"inLanguage\":\"fr-FR\"},{\"@type\":\"WebPage\",\"@id\":\"https:\\\/\\\/tonalibus.org\\\/en\\\/2021\\\/03\\\/29\\\/te-de-%e5%be%b7\\\/\",\"url\":\"https:\\\/\\\/tonalibus.org\\\/en\\\/2021\\\/03\\\/29\\\/te-de-%e5%be%b7\\\/\",\"name\":\"T\u00ea \\\/ D\u00e9 \u5fb7 &#8211; TONALIBUS, Anchored Harmony and Tonalities\",\"isPartOf\":{\"@id\":\"https:\\\/\\\/tonalibus.org\\\/de\\\/#website\"},\"primaryImageOfPage\":{\"@id\":\"https:\\\/\\\/tonalibus.org\\\/en\\\/2021\\\/03\\\/29\\\/te-de-%e5%be%b7\\\/#primaryimage\"},\"image\":{\"@id\":\"https:\\\/\\\/tonalibus.org\\\/en\\\/2021\\\/03\\\/29\\\/te-de-%e5%be%b7\\\/#primaryimage\"},\"thumbnailUrl\":\"https:\\\/\\\/tonalibus.org\\\/wp-content\\\/uploads\\\/2021\\\/03\\\/IMG_3931-xc-comp-1024x667.jpg\",\"datePublished\":\"2021-03-29T08:43:47+00:00\",\"dateModified\":\"2022-05-29T14:24:42+00:00\",\"description\":\"T\u00ea \\\/ D\u00e9 \u5fb7 -- virtue, personal character, inner strength, or integrity are either increased through reduction, or reduced through increase.\",\"breadcrumb\":{\"@id\":\"https:\\\/\\\/tonalibus.org\\\/en\\\/2021\\\/03\\\/29\\\/te-de-%e5%be%b7\\\/#breadcrumb\"},\"inLanguage\":\"fr-FR\",\"potentialAction\":[{\"@type\":\"ReadAction\",\"target\":[\"https:\\\/\\\/tonalibus.org\\\/en\\\/2021\\\/03\\\/29\\\/te-de-%e5%be%b7\\\/\"]}]},{\"@type\":\"ImageObject\",\"inLanguage\":\"fr-FR\",\"@id\":\"https:\\\/\\\/tonalibus.org\\\/en\\\/2021\\\/03\\\/29\\\/te-de-%e5%be%b7\\\/#primaryimage\",\"url\":\"https:\\\/\\\/tonalibus.org\\\/wp-content\\\/uploads\\\/2021\\\/03\\\/IMG_3931-xc-comp-1024x667.jpg\",\"contentUrl\":\"https:\\\/\\\/tonalibus.org\\\/wp-content\\\/uploads\\\/2021\\\/03\\\/IMG_3931-xc-comp-1024x667.jpg\"},{\"@type\":\"BreadcrumbList\",\"@id\":\"https:\\\/\\\/tonalibus.org\\\/en\\\/2021\\\/03\\\/29\\\/te-de-%e5%be%b7\\\/#breadcrumb\",\"itemListElement\":[{\"@type\":\"ListItem\",\"position\":1,\"name\":\"Home\",\"item\":\"https:\\\/\\\/tonalibus.org\\\/\"},{\"@type\":\"ListItem\",\"position\":2,\"name\":\"T\u00ea \\\/ D\u00e9 \u5fb7\"}]},{\"@type\":\"WebSite\",\"@id\":\"https:\\\/\\\/tonalibus.org\\\/de\\\/#website\",\"url\":\"https:\\\/\\\/tonalibus.org\\\/de\\\/\",\"name\":\"TONALIBUS\",\"description\":\"Anchored Harmony and Tonalities\",\"publisher\":{\"@id\":\"https:\\\/\\\/tonalibus.org\\\/de\\\/#\\\/schema\\\/person\\\/749261d7bc96d1f00127273f83ab96a4\"},\"potentialAction\":[{\"@type\":\"SearchAction\",\"target\":{\"@type\":\"EntryPoint\",\"urlTemplate\":\"https:\\\/\\\/tonalibus.org\\\/de\\\/?s={search_term_string}\"},\"query-input\":{\"@type\":\"PropertyValueSpecification\",\"valueRequired\":true,\"valueName\":\"search_term_string\"}}],\"inLanguage\":\"fr-FR\"},{\"@type\":[\"Person\",\"Organization\"],\"@id\":\"https:\\\/\\\/tonalibus.org\\\/de\\\/#\\\/schema\\\/person\\\/749261d7bc96d1f00127273f83ab96a4\",\"name\":\"Ulrico\",\"image\":{\"@type\":\"ImageObject\",\"inLanguage\":\"fr-FR\",\"@id\":\"https:\\\/\\\/tonalibus.org\\\/wp-content\\\/uploads\\\/2020\\\/06\\\/uli-pix.jpg\",\"url\":\"https:\\\/\\\/tonalibus.org\\\/wp-content\\\/uploads\\\/2020\\\/06\\\/uli-pix.jpg\",\"contentUrl\":\"https:\\\/\\\/tonalibus.org\\\/wp-content\\\/uploads\\\/2020\\\/06\\\/uli-pix.jpg\",\"width\":960,\"height\":720,\"caption\":\"Ulrico\"},\"logo\":{\"@id\":\"https:\\\/\\\/tonalibus.org\\\/wp-content\\\/uploads\\\/2020\\\/06\\\/uli-pix.jpg\"},\"sameAs\":[\"https:\\\/\\\/tonalibus.cyon.site\"]}]}<\/script>\n<!-- \/ Yoast SEO plugin. -->","yoast_head_json":{"title":"T\u00ea \/ D\u00e9 \u5fb7 - TONALIBUS, Harmonie ancr\u00e9e et tonalit\u00e9s","description":"T\u00ea \/ D\u00e9 \u5fb7 -- la vertu, le caract\u00e8re personnel, la force int\u00e9rieure ou l'int\u00e9grit\u00e9 sont soit augment\u00e9s par la r\u00e9duction, soit r\u00e9duits par l'augmentation.","robots":{"index":"index","follow":"follow","max-snippet":"max-snippet:-1","max-image-preview":"max-image-preview:large","max-video-preview":"max-video-preview:-1"},"canonical":"https:\/\/tonalibus.org\/fr\/2021\/03\/29\/te-de-\u5fb7\/","og_locale":"fr_FR","og_type":"article","og_title":"T\u00ea \/ D\u00e9 \u5fb7 &#8211; TONALIBUS, Anchored Harmony and Tonalities","og_description":"T\u00ea \/ D\u00e9 \u5fb7 -- virtue, personal character, inner strength, or integrity are either increased through reduction, or reduced through increase.","og_url":"https:\/\/tonalibus.org\/fr\/2021\/03\/29\/te-de-\u5fb7\/","og_site_name":"TONALIBUS","article_published_time":"2021-03-29T08:43:47+00:00","article_modified_time":"2022-05-29T14:24:42+00:00","og_image":[{"url":"https:\/\/tonalibus.org\/wp-content\/uploads\/2021\/03\/IMG_3931-xc-comp-1024x667.jpg","type":"","width":"","height":""}],"author":"Ulrico","twitter_card":"summary_large_image","twitter_misc":{"\u00c9crit par":"Ulrico","Dur\u00e9e de lecture estim\u00e9e":"1 minute"},"schema":{"@context":"https:\/\/schema.org","@graph":[{"@type":"Article","@id":"https:\/\/tonalibus.org\/en\/2021\/03\/29\/te-de-%e5%be%b7\/#article","isPartOf":{"@id":"https:\/\/tonalibus.org\/en\/2021\/03\/29\/te-de-%e5%be%b7\/"},"author":{"name":"Ulrico","@id":"https:\/\/tonalibus.org\/de\/#\/schema\/person\/749261d7bc96d1f00127273f83ab96a4"},"headline":"T\u00ea \/ D\u00e9 \u5fb7","datePublished":"2021-03-29T08:43:47+00:00","dateModified":"2022-05-29T14:24:42+00:00","mainEntityOfPage":{"@id":"https:\/\/tonalibus.org\/en\/2021\/03\/29\/te-de-%e5%be%b7\/"},"wordCount":70,"publisher":{"@id":"https:\/\/tonalibus.org\/de\/#\/schema\/person\/749261d7bc96d1f00127273f83ab96a4"},"image":{"@id":"https:\/\/tonalibus.org\/en\/2021\/03\/29\/te-de-%e5%be%b7\/#primaryimage"},"thumbnailUrl":"https:\/\/tonalibus.org\/wp-content\/uploads\/2021\/03\/IMG_3931-xc-comp-1024x667.jpg","articleSection":["2021 spiritual","Spiritualibus"],"inLanguage":"fr-FR"},{"@type":"WebPage","@id":"https:\/\/tonalibus.org\/en\/2021\/03\/29\/te-de-%e5%be%b7\/","url":"https:\/\/tonalibus.org\/en\/2021\/03\/29\/te-de-%e5%be%b7\/","name":"T\u00ea \/ D\u00e9 \u5fb7 - TONALIBUS, Harmonie ancr\u00e9e et tonalit\u00e9s","isPartOf":{"@id":"https:\/\/tonalibus.org\/de\/#website"},"primaryImageOfPage":{"@id":"https:\/\/tonalibus.org\/en\/2021\/03\/29\/te-de-%e5%be%b7\/#primaryimage"},"image":{"@id":"https:\/\/tonalibus.org\/en\/2021\/03\/29\/te-de-%e5%be%b7\/#primaryimage"},"thumbnailUrl":"https:\/\/tonalibus.org\/wp-content\/uploads\/2021\/03\/IMG_3931-xc-comp-1024x667.jpg","datePublished":"2021-03-29T08:43:47+00:00","dateModified":"2022-05-29T14:24:42+00:00","description":"T\u00ea \/ D\u00e9 \u5fb7 -- la vertu, le caract\u00e8re personnel, la force int\u00e9rieure ou l'int\u00e9grit\u00e9 sont soit augment\u00e9s par la r\u00e9duction, soit r\u00e9duits par l'augmentation.","breadcrumb":{"@id":"https:\/\/tonalibus.org\/en\/2021\/03\/29\/te-de-%e5%be%b7\/#breadcrumb"},"inLanguage":"fr-FR","potentialAction":[{"@type":"ReadAction","target":["https:\/\/tonalibus.org\/en\/2021\/03\/29\/te-de-%e5%be%b7\/"]}]},{"@type":"ImageObject","inLanguage":"fr-FR","@id":"https:\/\/tonalibus.org\/en\/2021\/03\/29\/te-de-%e5%be%b7\/#primaryimage","url":"https:\/\/tonalibus.org\/wp-content\/uploads\/2021\/03\/IMG_3931-xc-comp-1024x667.jpg","contentUrl":"https:\/\/tonalibus.org\/wp-content\/uploads\/2021\/03\/IMG_3931-xc-comp-1024x667.jpg"},{"@type":"BreadcrumbList","@id":"https:\/\/tonalibus.org\/en\/2021\/03\/29\/te-de-%e5%be%b7\/#breadcrumb","itemListElement":[{"@type":"ListItem","position":1,"name":"Home","item":"https:\/\/tonalibus.org\/"},{"@type":"ListItem","position":2,"name":"T\u00ea \/ D\u00e9 \u5fb7"}]},{"@type":"WebSite","@id":"https:\/\/tonalibus.org\/de\/#website","url":"https:\/\/tonalibus.org\/de\/","name":"TONALIBUS","description":"Harmonie et tonalit\u00e9s ancr\u00e9es","publisher":{"@id":"https:\/\/tonalibus.org\/de\/#\/schema\/person\/749261d7bc96d1f00127273f83ab96a4"},"potentialAction":[{"@type":"SearchAction","target":{"@type":"EntryPoint","urlTemplate":"https:\/\/tonalibus.org\/de\/?s={search_term_string}"},"query-input":{"@type":"PropertyValueSpecification","valueRequired":true,"valueName":"search_term_string"}}],"inLanguage":"fr-FR"},{"@type":["Person","Organization"],"@id":"https:\/\/tonalibus.org\/de\/#\/schema\/person\/749261d7bc96d1f00127273f83ab96a4","name":"Ulrico","image":{"@type":"ImageObject","inLanguage":"fr-FR","@id":"https:\/\/tonalibus.org\/wp-content\/uploads\/2020\/06\/uli-pix.jpg","url":"https:\/\/tonalibus.org\/wp-content\/uploads\/2020\/06\/uli-pix.jpg","contentUrl":"https:\/\/tonalibus.org\/wp-content\/uploads\/2020\/06\/uli-pix.jpg","width":960,"height":720,"caption":"Ulrico"},"logo":{"@id":"https:\/\/tonalibus.org\/wp-content\/uploads\/2020\/06\/uli-pix.jpg"},"sameAs":["https:\/\/tonalibus.cyon.site"]}]}},"_links":{"self":[{"href":"https:\/\/tonalibus.org\/fr\/wp-json\/wp\/v2\/posts\/10180","targetHints":{"allow":["GET"]}}],"collection":[{"href":"https:\/\/tonalibus.org\/fr\/wp-json\/wp\/v2\/posts"}],"about":[{"href":"https:\/\/tonalibus.org\/fr\/wp-json\/wp\/v2\/types\/post"}],"author":[{"embeddable":true,"href":"https:\/\/tonalibus.org\/fr\/wp-json\/wp\/v2\/users\/1"}],"replies":[{"embeddable":true,"href":"https:\/\/tonalibus.org\/fr\/wp-json\/wp\/v2\/comments?post=10180"}],"version-history":[{"count":0,"href":"https:\/\/tonalibus.org\/fr\/wp-json\/wp\/v2\/posts\/10180\/revisions"}],"wp:attachment":[{"href":"https:\/\/tonalibus.org\/fr\/wp-json\/wp\/v2\/media?parent=10180"}],"wp:term":[{"taxonomy":"category","embeddable":true,"href":"https:\/\/tonalibus.org\/fr\/wp-json\/wp\/v2\/categories?post=10180"},{"taxonomy":"post_tag","embeddable":true,"href":"https:\/\/tonalibus.org\/fr\/wp-json\/wp\/v2\/tags?post=10180"}],"curies":[{"name":"wp","href":"https:\/\/api.w.org\/{rel}","templated":true}]}}