{"id":11319,"date":"2021-04-29T13:55:17","date_gmt":"2021-04-29T11:55:17","guid":{"rendered":"https:\/\/tonalibus.org\/?p=11319"},"modified":"2022-05-29T16:59:32","modified_gmt":"2022-05-29T14:59:32","slug":"tonality-of-the-month-dorian","status":"publish","type":"post","link":"https:\/\/tonalibus.org\/fr\/2021\/04\/29\/tonality-of-the-month-dorian\/","title":{"rendered":"La tonalit\u00e9 du mois : Dorien"},"content":{"rendered":"<p><span style=\"color:#f7b320\" class=\"has-inline-color\">La tonalit\u00e9 du mois de mai 2021 est Dorien \u2013 une heptatonalit\u00e9 diatonique r\u00e9guli\u00e8re.<\/span><\/p>\n\n\n\n<div style=\"height:8px\" aria-hidden=\"true\" class=\"wp-block-spacer\"><\/div>\n\n\n\n<figure class=\"wp-block-audio\"><audio controls src=\"https:\/\/tonalibus.org\/wp-content\/uploads\/2020\/06\/Dorian2.wav\" loop><\/audio><figcaption><span style=\"color:#f7b320\" class=\"has-inline-color\">1) Dorien \u2013 \u00e9chantillon sonore court \u2013 0:26 loop \u2013 joue jusqu'\u00e0 l'arr\u00eat ou vous allez \u00e0 une autre page sur cet onglet.<\/span><\/figcaption><\/figure>\n\n\n\n<figure class=\"wp-block-audio\"><audio controls src=\"https:\/\/tonalibus.org\/wp-content\/uploads\/2021\/02\/2021-02-04-G-Dorian.mp3\" loop><\/audio><figcaption><span style=\"color:#f7b320\" class=\"has-inline-color\">2) Dorien \u2013 \u00e9chantillon sonore \u00e9largi, m\u00e9ditatif\/contemplatif \u2013 f\u00e9vrier 2021 \u2013 2:34 loop<\/span><\/figcaption><\/figure>\n\n\n\n<div style=\"height:24px\" aria-hidden=\"true\" class=\"wp-block-spacer\"><\/div>\n\n\n\n<p><a href=\"https:\/\/tonalibus.org\/fr\/tonalities\/diatonic-heptatonalities\/dorian\/\"><span style=\"color:#f7b320\" class=\"has-inline-color\">Dorien<\/span><\/a><span style=\"color:#f7b320\" class=\"has-inline-color\">, la tonalit\u00e9 du mois de mai 2021 est l'heptatonalit\u00e9 diatonique la plus \u00e9quilibr\u00e9e. En fait, elle se situe en plein milieu entre les contrastes mineur et majeur. Bien que ses classifications en t\u00e9tracorde l'associent au mineur. N\u00e9anmoins, Dorien r\u00e9alise un \u00e9quilibre tr\u00e8s saisissant entre les polarit\u00e9s r\u00e9gressive et progressive, majeure et mineure. Cela se voit dans l'exacte sym\u00e9trie de la matrice de distribution des intervalles et des hauteurs de cette tonalit\u00e9. Et cela se refl\u00e8te \u00e9galement dans son axe harmonique horizontal inh\u00e9rent. Sur le clavier du piano, Dorien correspond aux touches blanches avec Re\/D comme fondamentale.<\/span><\/p>\n\n\n\n<p><span style=\"color:#f7b320\" class=\"has-inline-color\">Vous pouvez appr\u00e9cier un \u00e9chantillon sonore en boucle\/loop, comme celui de la tonalit\u00e9 du mois, en tant que mantra sonore pour <\/span><a rel=\"noreferrer noopener\" href=\"https:\/\/fr.wikipedia.org\/wiki\/Contemplation\" target=\"_blank\"><span style=\"color:#f7b320\" class=\"has-inline-color\">la contemplation<\/span><\/a><span style=\"color:#f7b320\" class=\"has-inline-color\"> ou <\/span><a rel=\"noreferrer noopener\" href=\"https:\/\/fr.wikipedia.org\/wiki\/M\u00e9ditation\" target=\"_blank\"><span style=\"color:#f7b320\" class=\"has-inline-color\">la m\u00e9ditation<\/span><\/a><span style=\"color:#f7b320\" class=\"has-inline-color\">, pour l'\u00e9l\u00e9vation, la concentration, ou simplement pour la relaxation et la r\u00e9g\u00e9n\u00e9ration en tant que son de fond apaisant. De plus, vous pouvez fredonner ou chanter, par exemple en utilisant <\/span><a href=\"https:\/\/tonalibus.org\/fr\/about-tonalibus\/ulrico\/hu-mantra-of-soul\/\"><em><span style=\"color:#f7b320\" class=\"has-inline-color\">HU<\/span><\/em><\/a><span style=\"color:#f7b320\" class=\"has-inline-color\"> ou une autre syllabe mantra, et syntonisez-vous sur la fondamentale.<\/span><\/p>\n\n\n\n<div style=\"height:32px\" aria-hidden=\"true\" class=\"wp-block-spacer\"><\/div>\n\n\n\n<div class=\"wp-block-image\"><figure class=\"aligncenter size-large\"><img loading=\"lazy\" decoding=\"async\" width=\"1024\" height=\"293\" src=\"https:\/\/tonalibus.org\/wp-content\/uploads\/2020\/12\/IMG_3085-cxv-1024x293.jpg\" alt=\"IMG_3085 cxv - Tonality of the month: Dorian\" class=\"wp-image-6936\" srcset=\"https:\/\/tonalibus.org\/wp-content\/uploads\/2020\/12\/IMG_3085-cxv-1024x293.jpg 1024w, https:\/\/tonalibus.org\/wp-content\/uploads\/2020\/12\/IMG_3085-cxv-300x86.jpg 300w, https:\/\/tonalibus.org\/wp-content\/uploads\/2020\/12\/IMG_3085-cxv-768x219.jpg 768w, https:\/\/tonalibus.org\/wp-content\/uploads\/2020\/12\/IMG_3085-cxv-1536x439.jpg 1536w, https:\/\/tonalibus.org\/wp-content\/uploads\/2020\/12\/IMG_3085-cxv-2048x585.jpg 2048w, https:\/\/tonalibus.org\/wp-content\/uploads\/2020\/12\/IMG_3085-cxv-16x5.jpg 16w, https:\/\/tonalibus.org\/wp-content\/uploads\/2020\/12\/IMG_3085-cxv-1320x377.jpg 1320w\" sizes=\"auto, (max-width: 706px) 89vw, (max-width: 767px) 82vw, 740px\" \/><figcaption>Le soleil se couche, pour se relever un autre jour \u2013 Eriz, Suisse \u2013 juin 2020<\/figcaption><\/figure><\/div>","protected":false},"excerpt":{"rendered":"<p>La tonalit\u00e9 du mois de mai 2021 est Dorien \u2013 une heptatonalit\u00e9 diatonique r\u00e9guli\u00e8re. Dorien, la tonalit\u00e9 du mois de mai 2021 est l'heptatonalit\u00e9 diatonique la plus \u00e9quilibr\u00e9e. En fait, elle se situe en plein milieu entre les contrastes mineur et majeur. Bien que ses classifications en t\u00e9tracorde l'associent au mineur. N\u00e9anmoins, Dorien r\u00e9alise ... <\/p>\n<p class=\"link-more\"><a href=\"https:\/\/tonalibus.org\/fr\/2021\/04\/29\/tonality-of-the-month-dorian\/\" class=\"more-link\">Continuer la lecture<span class=\"screen-reader-text\"> de \" Tonalit\u00e9 du mois : Dorien \"<\/span><\/a><\/p>","protected":false},"author":1,"featured_media":0,"comment_status":"closed","ping_status":"open","sticky":false,"template":"","format":"standard","meta":{"footnotes":""},"categories":[21,11,15],"tags":[],"class_list":["post-11319","post","type-post","status-publish","format-standard","hentry","category-2021-tonal","category-tonalibus","category-tonality-of-the-month"],"yoast_head":"<!-- This site is optimized with the Yoast SEO plugin v27.5 - https:\/\/yoast.com\/product\/yoast-seo-wordpress\/ -->\n<title>Tonality of the month: Dorian &#8211; TONALIBUS Harmony &amp; Tonalities<\/title>\n<meta name=\"description\" content=\"The May 2021 tonality of the month is Dorian \u2013 a regular diatonic heptatonality that is well balanced between major and minor.\" \/>\n<meta name=\"robots\" content=\"index, follow, max-snippet:-1, max-image-preview:large, max-video-preview:-1\" \/>\n<link rel=\"canonical\" href=\"https:\/\/tonalibus.org\/fr\/2021\/04\/29\/tonality-of-the-month-dorian\/\" \/>\n<meta property=\"og:locale\" content=\"fr_FR\" \/>\n<meta property=\"og:type\" content=\"article\" \/>\n<meta property=\"og:title\" content=\"Tonality of the month: Dorian &#8211; TONALIBUS Harmony &amp; Tonalities\" \/>\n<meta property=\"og:description\" content=\"The May 2021 tonality of the month is Dorian \u2013 a regular diatonic heptatonality that is well balanced between major and minor.\" \/>\n<meta property=\"og:url\" content=\"https:\/\/tonalibus.org\/fr\/2021\/04\/29\/tonality-of-the-month-dorian\/\" \/>\n<meta property=\"og:site_name\" content=\"TONALIBUS\" \/>\n<meta property=\"article:published_time\" content=\"2021-04-29T11:55:17+00:00\" \/>\n<meta property=\"article:modified_time\" content=\"2022-05-29T14:59:32+00:00\" \/>\n<meta property=\"og:image\" content=\"https:\/\/tonalibus.org\/wp-content\/uploads\/2020\/12\/IMG_3085-cxv-1024x293.jpg\" \/>\n<meta name=\"author\" content=\"Ulrico\" \/>\n<meta name=\"twitter:card\" content=\"summary_large_image\" \/>\n<meta name=\"twitter:label1\" content=\"\u00c9crit par\" \/>\n\t<meta name=\"twitter:data1\" content=\"Ulrico\" \/>\n\t<meta name=\"twitter:label2\" content=\"Dur\u00e9e de lecture estim\u00e9e\" \/>\n\t<meta name=\"twitter:data2\" content=\"2 minutes\" \/>\n<script type=\"application\/ld+json\" class=\"yoast-schema-graph\">{\"@context\":\"https:\\\/\\\/schema.org\",\"@graph\":[{\"@type\":\"Article\",\"@id\":\"https:\\\/\\\/tonalibus.org\\\/en\\\/2021\\\/04\\\/29\\\/tonality-of-the-month-dorian\\\/#article\",\"isPartOf\":{\"@id\":\"https:\\\/\\\/tonalibus.org\\\/en\\\/2021\\\/04\\\/29\\\/tonality-of-the-month-dorian\\\/\"},\"author\":{\"name\":\"Ulrico\",\"@id\":\"https:\\\/\\\/tonalibus.org\\\/de\\\/#\\\/schema\\\/person\\\/749261d7bc96d1f00127273f83ab96a4\"},\"headline\":\"Tonality of the month: Dorian\",\"datePublished\":\"2021-04-29T11:55:17+00:00\",\"dateModified\":\"2022-05-29T14:59:32+00:00\",\"mainEntityOfPage\":{\"@id\":\"https:\\\/\\\/tonalibus.org\\\/en\\\/2021\\\/04\\\/29\\\/tonality-of-the-month-dorian\\\/\"},\"wordCount\":207,\"publisher\":{\"@id\":\"https:\\\/\\\/tonalibus.org\\\/de\\\/#\\\/schema\\\/person\\\/749261d7bc96d1f00127273f83ab96a4\"},\"image\":{\"@id\":\"https:\\\/\\\/tonalibus.org\\\/en\\\/2021\\\/04\\\/29\\\/tonality-of-the-month-dorian\\\/#primaryimage\"},\"thumbnailUrl\":\"https:\\\/\\\/tonalibus.org\\\/wp-content\\\/uploads\\\/2020\\\/12\\\/IMG_3085-cxv-1024x293.jpg\",\"articleSection\":[\"2021 tonal\",\"Tonalibus\",\"Tonality of the month\\\/moment\"],\"inLanguage\":\"fr-FR\"},{\"@type\":\"WebPage\",\"@id\":\"https:\\\/\\\/tonalibus.org\\\/en\\\/2021\\\/04\\\/29\\\/tonality-of-the-month-dorian\\\/\",\"url\":\"https:\\\/\\\/tonalibus.org\\\/en\\\/2021\\\/04\\\/29\\\/tonality-of-the-month-dorian\\\/\",\"name\":\"Tonality of the month: Dorian &#8211; TONALIBUS Harmony & Tonalities\",\"isPartOf\":{\"@id\":\"https:\\\/\\\/tonalibus.org\\\/de\\\/#website\"},\"primaryImageOfPage\":{\"@id\":\"https:\\\/\\\/tonalibus.org\\\/en\\\/2021\\\/04\\\/29\\\/tonality-of-the-month-dorian\\\/#primaryimage\"},\"image\":{\"@id\":\"https:\\\/\\\/tonalibus.org\\\/en\\\/2021\\\/04\\\/29\\\/tonality-of-the-month-dorian\\\/#primaryimage\"},\"thumbnailUrl\":\"https:\\\/\\\/tonalibus.org\\\/wp-content\\\/uploads\\\/2020\\\/12\\\/IMG_3085-cxv-1024x293.jpg\",\"datePublished\":\"2021-04-29T11:55:17+00:00\",\"dateModified\":\"2022-05-29T14:59:32+00:00\",\"description\":\"The May 2021 tonality of the month is Dorian \u2013 a regular diatonic heptatonality that is well balanced between major and minor.\",\"breadcrumb\":{\"@id\":\"https:\\\/\\\/tonalibus.org\\\/en\\\/2021\\\/04\\\/29\\\/tonality-of-the-month-dorian\\\/#breadcrumb\"},\"inLanguage\":\"fr-FR\",\"potentialAction\":[{\"@type\":\"ReadAction\",\"target\":[\"https:\\\/\\\/tonalibus.org\\\/en\\\/2021\\\/04\\\/29\\\/tonality-of-the-month-dorian\\\/\"]}]},{\"@type\":\"ImageObject\",\"inLanguage\":\"fr-FR\",\"@id\":\"https:\\\/\\\/tonalibus.org\\\/en\\\/2021\\\/04\\\/29\\\/tonality-of-the-month-dorian\\\/#primaryimage\",\"url\":\"https:\\\/\\\/tonalibus.org\\\/wp-content\\\/uploads\\\/2020\\\/12\\\/IMG_3085-cxv-1024x293.jpg\",\"contentUrl\":\"https:\\\/\\\/tonalibus.org\\\/wp-content\\\/uploads\\\/2020\\\/12\\\/IMG_3085-cxv-1024x293.jpg\"},{\"@type\":\"BreadcrumbList\",\"@id\":\"https:\\\/\\\/tonalibus.org\\\/en\\\/2021\\\/04\\\/29\\\/tonality-of-the-month-dorian\\\/#breadcrumb\",\"itemListElement\":[{\"@type\":\"ListItem\",\"position\":1,\"name\":\"Home\",\"item\":\"https:\\\/\\\/tonalibus.org\\\/\"},{\"@type\":\"ListItem\",\"position\":2,\"name\":\"Tonality of the month: Dorian\"}]},{\"@type\":\"WebSite\",\"@id\":\"https:\\\/\\\/tonalibus.org\\\/de\\\/#website\",\"url\":\"https:\\\/\\\/tonalibus.org\\\/de\\\/\",\"name\":\"TONALIBUS\",\"description\":\"Anchored Harmony and Tonalities\",\"publisher\":{\"@id\":\"https:\\\/\\\/tonalibus.org\\\/de\\\/#\\\/schema\\\/person\\\/749261d7bc96d1f00127273f83ab96a4\"},\"potentialAction\":[{\"@type\":\"SearchAction\",\"target\":{\"@type\":\"EntryPoint\",\"urlTemplate\":\"https:\\\/\\\/tonalibus.org\\\/de\\\/?s={search_term_string}\"},\"query-input\":{\"@type\":\"PropertyValueSpecification\",\"valueRequired\":true,\"valueName\":\"search_term_string\"}}],\"inLanguage\":\"fr-FR\"},{\"@type\":[\"Person\",\"Organization\"],\"@id\":\"https:\\\/\\\/tonalibus.org\\\/de\\\/#\\\/schema\\\/person\\\/749261d7bc96d1f00127273f83ab96a4\",\"name\":\"Ulrico\",\"image\":{\"@type\":\"ImageObject\",\"inLanguage\":\"fr-FR\",\"@id\":\"https:\\\/\\\/tonalibus.org\\\/wp-content\\\/uploads\\\/2020\\\/06\\\/uli-pix.jpg\",\"url\":\"https:\\\/\\\/tonalibus.org\\\/wp-content\\\/uploads\\\/2020\\\/06\\\/uli-pix.jpg\",\"contentUrl\":\"https:\\\/\\\/tonalibus.org\\\/wp-content\\\/uploads\\\/2020\\\/06\\\/uli-pix.jpg\",\"width\":960,\"height\":720,\"caption\":\"Ulrico\"},\"logo\":{\"@id\":\"https:\\\/\\\/tonalibus.org\\\/wp-content\\\/uploads\\\/2020\\\/06\\\/uli-pix.jpg\"},\"sameAs\":[\"https:\\\/\\\/tonalibus.cyon.site\"]}]}<\/script>\n<!-- \/ Yoast SEO plugin. -->","yoast_head_json":{"title":"Tonalit\u00e9 du mois : Dorien - TONALIBUS Harmonie &amp; Tonalit\u00e9s","description":"La tonalit\u00e9 du mois de mai 2021 est le dorien - une heptatonalit\u00e9 diatonique r\u00e9guli\u00e8re qui est bien \u00e9quilibr\u00e9e entre majeur et mineur.","robots":{"index":"index","follow":"follow","max-snippet":"max-snippet:-1","max-image-preview":"max-image-preview:large","max-video-preview":"max-video-preview:-1"},"canonical":"https:\/\/tonalibus.org\/fr\/2021\/04\/29\/tonality-of-the-month-dorian\/","og_locale":"fr_FR","og_type":"article","og_title":"Tonality of the month: Dorian &#8211; TONALIBUS Harmony & Tonalities","og_description":"The May 2021 tonality of the month is Dorian \u2013 a regular diatonic heptatonality that is well balanced between major and minor.","og_url":"https:\/\/tonalibus.org\/fr\/2021\/04\/29\/tonality-of-the-month-dorian\/","og_site_name":"TONALIBUS","article_published_time":"2021-04-29T11:55:17+00:00","article_modified_time":"2022-05-29T14:59:32+00:00","og_image":[{"url":"https:\/\/tonalibus.org\/wp-content\/uploads\/2020\/12\/IMG_3085-cxv-1024x293.jpg","type":"","width":"","height":""}],"author":"Ulrico","twitter_card":"summary_large_image","twitter_misc":{"\u00c9crit par":"Ulrico","Dur\u00e9e de lecture estim\u00e9e":"2 minutes"},"schema":{"@context":"https:\/\/schema.org","@graph":[{"@type":"Article","@id":"https:\/\/tonalibus.org\/en\/2021\/04\/29\/tonality-of-the-month-dorian\/#article","isPartOf":{"@id":"https:\/\/tonalibus.org\/en\/2021\/04\/29\/tonality-of-the-month-dorian\/"},"author":{"name":"Ulrico","@id":"https:\/\/tonalibus.org\/de\/#\/schema\/person\/749261d7bc96d1f00127273f83ab96a4"},"headline":"Tonality of the month: Dorian","datePublished":"2021-04-29T11:55:17+00:00","dateModified":"2022-05-29T14:59:32+00:00","mainEntityOfPage":{"@id":"https:\/\/tonalibus.org\/en\/2021\/04\/29\/tonality-of-the-month-dorian\/"},"wordCount":207,"publisher":{"@id":"https:\/\/tonalibus.org\/de\/#\/schema\/person\/749261d7bc96d1f00127273f83ab96a4"},"image":{"@id":"https:\/\/tonalibus.org\/en\/2021\/04\/29\/tonality-of-the-month-dorian\/#primaryimage"},"thumbnailUrl":"https:\/\/tonalibus.org\/wp-content\/uploads\/2020\/12\/IMG_3085-cxv-1024x293.jpg","articleSection":["2021 tonal","Tonalibus","Tonality of the month\/moment"],"inLanguage":"fr-FR"},{"@type":"WebPage","@id":"https:\/\/tonalibus.org\/en\/2021\/04\/29\/tonality-of-the-month-dorian\/","url":"https:\/\/tonalibus.org\/en\/2021\/04\/29\/tonality-of-the-month-dorian\/","name":"Tonalit\u00e9 du mois : Dorien - TONALIBUS Harmonie &amp; Tonalit\u00e9s","isPartOf":{"@id":"https:\/\/tonalibus.org\/de\/#website"},"primaryImageOfPage":{"@id":"https:\/\/tonalibus.org\/en\/2021\/04\/29\/tonality-of-the-month-dorian\/#primaryimage"},"image":{"@id":"https:\/\/tonalibus.org\/en\/2021\/04\/29\/tonality-of-the-month-dorian\/#primaryimage"},"thumbnailUrl":"https:\/\/tonalibus.org\/wp-content\/uploads\/2020\/12\/IMG_3085-cxv-1024x293.jpg","datePublished":"2021-04-29T11:55:17+00:00","dateModified":"2022-05-29T14:59:32+00:00","description":"La tonalit\u00e9 du mois de mai 2021 est le dorien - une heptatonalit\u00e9 diatonique r\u00e9guli\u00e8re qui est bien \u00e9quilibr\u00e9e entre majeur et mineur.","breadcrumb":{"@id":"https:\/\/tonalibus.org\/en\/2021\/04\/29\/tonality-of-the-month-dorian\/#breadcrumb"},"inLanguage":"fr-FR","potentialAction":[{"@type":"ReadAction","target":["https:\/\/tonalibus.org\/en\/2021\/04\/29\/tonality-of-the-month-dorian\/"]}]},{"@type":"ImageObject","inLanguage":"fr-FR","@id":"https:\/\/tonalibus.org\/en\/2021\/04\/29\/tonality-of-the-month-dorian\/#primaryimage","url":"https:\/\/tonalibus.org\/wp-content\/uploads\/2020\/12\/IMG_3085-cxv-1024x293.jpg","contentUrl":"https:\/\/tonalibus.org\/wp-content\/uploads\/2020\/12\/IMG_3085-cxv-1024x293.jpg"},{"@type":"BreadcrumbList","@id":"https:\/\/tonalibus.org\/en\/2021\/04\/29\/tonality-of-the-month-dorian\/#breadcrumb","itemListElement":[{"@type":"ListItem","position":1,"name":"Home","item":"https:\/\/tonalibus.org\/"},{"@type":"ListItem","position":2,"name":"Tonality of the month: Dorian"}]},{"@type":"WebSite","@id":"https:\/\/tonalibus.org\/de\/#website","url":"https:\/\/tonalibus.org\/de\/","name":"TONALIBUS","description":"Harmonie et tonalit\u00e9s ancr\u00e9es","publisher":{"@id":"https:\/\/tonalibus.org\/de\/#\/schema\/person\/749261d7bc96d1f00127273f83ab96a4"},"potentialAction":[{"@type":"SearchAction","target":{"@type":"EntryPoint","urlTemplate":"https:\/\/tonalibus.org\/de\/?s={search_term_string}"},"query-input":{"@type":"PropertyValueSpecification","valueRequired":true,"valueName":"search_term_string"}}],"inLanguage":"fr-FR"},{"@type":["Person","Organization"],"@id":"https:\/\/tonalibus.org\/de\/#\/schema\/person\/749261d7bc96d1f00127273f83ab96a4","name":"Ulrico","image":{"@type":"ImageObject","inLanguage":"fr-FR","@id":"https:\/\/tonalibus.org\/wp-content\/uploads\/2020\/06\/uli-pix.jpg","url":"https:\/\/tonalibus.org\/wp-content\/uploads\/2020\/06\/uli-pix.jpg","contentUrl":"https:\/\/tonalibus.org\/wp-content\/uploads\/2020\/06\/uli-pix.jpg","width":960,"height":720,"caption":"Ulrico"},"logo":{"@id":"https:\/\/tonalibus.org\/wp-content\/uploads\/2020\/06\/uli-pix.jpg"},"sameAs":["https:\/\/tonalibus.cyon.site"]}]}},"_links":{"self":[{"href":"https:\/\/tonalibus.org\/fr\/wp-json\/wp\/v2\/posts\/11319","targetHints":{"allow":["GET"]}}],"collection":[{"href":"https:\/\/tonalibus.org\/fr\/wp-json\/wp\/v2\/posts"}],"about":[{"href":"https:\/\/tonalibus.org\/fr\/wp-json\/wp\/v2\/types\/post"}],"author":[{"embeddable":true,"href":"https:\/\/tonalibus.org\/fr\/wp-json\/wp\/v2\/users\/1"}],"replies":[{"embeddable":true,"href":"https:\/\/tonalibus.org\/fr\/wp-json\/wp\/v2\/comments?post=11319"}],"version-history":[{"count":0,"href":"https:\/\/tonalibus.org\/fr\/wp-json\/wp\/v2\/posts\/11319\/revisions"}],"wp:attachment":[{"href":"https:\/\/tonalibus.org\/fr\/wp-json\/wp\/v2\/media?parent=11319"}],"wp:term":[{"taxonomy":"category","embeddable":true,"href":"https:\/\/tonalibus.org\/fr\/wp-json\/wp\/v2\/categories?post=11319"},{"taxonomy":"post_tag","embeddable":true,"href":"https:\/\/tonalibus.org\/fr\/wp-json\/wp\/v2\/tags?post=11319"}],"curies":[{"name":"wp","href":"https:\/\/api.w.org\/{rel}","templated":true}]}}