{"id":12161,"date":"2021-07-12T09:33:06","date_gmt":"2021-07-12T07:33:06","guid":{"rendered":"https:\/\/tonalibus.org\/?p=12161"},"modified":"2023-01-18T18:00:39","modified_gmt":"2023-01-18T17:00:39","slug":"july-2021-tonalibus-update","status":"publish","type":"post","link":"https:\/\/tonalibus.org\/fr\/2021\/07\/12\/july-2021-tonalibus-update\/","title":{"rendered":"Mise \u00e0 jour Tonalibus de juillet 2021"},"content":{"rendered":"<div class=\"wp-block-buttons is-content-justification-center is-layout-flex wp-block-buttons-is-layout-flex\">\n<div class=\"wp-block-button is-style-outline is-style-outline--1\"><a class=\"wp-block-button__link\" href=\"#sound\">Nouveaux \u00e9chantillons sonores<\/a><\/div>\n\n\n\n<div class=\"wp-block-button is-style-outline is-style-outline--2\"><a class=\"wp-block-button__link\" href=\"#album\">Sortie d'un album<\/a><\/div>\n\n\n\n<div class=\"wp-block-button is-style-outline is-style-outline--3\"><a class=\"wp-block-button__link\" href=\"#note\">Note de cl\u00f4ture sinc\u00e8re<\/a><\/div>\n<\/div>\n\n\n\n<div style=\"height:40px\" aria-hidden=\"true\" class=\"wp-block-spacer\"><\/div>\n\n\n\n<p id=\"sound\"><span style=\"color:#f7b320\" class=\"has-inline-color\">Cette br\u00e8ve mise \u00e0 jour Tonalibus de juillet 2021 pr\u00e9sente trois nouveaux \u00e9chantillons sonores personnels et un nouvel \u00e9chantillon sonore de cooperation. Elle souligne la sortie mondiale du nouvel album <em>Tonalibus A, B, &amp; C<\/em>. Un court message et une photo forment une conclusion touchante.<\/span><\/p>\n\n\n\n<h3 class=\"wp-block-heading\">Nouveaux \u00e9chantillons sonores personnels de juin et juillet 2021<\/h3>\n\n\n\n<h3 class=\"wp-block-heading\"><span style=\"color:#f7b320\" class=\"has-inline-color\">\u201c \u0950 \u092e\u0923\u093f\u092a\u0926\u094d\u092e\u0947 \u0939\u0942\u0901 <\/span><em><a href=\"https:\/\/fr.wikipedia.org\/wiki\/Om_mani_padme_hum\" target=\"_blank\" rel=\"noreferrer noopener\"><span style=\"color:#f7b320\" class=\"has-inline-color\">Au\u1e43 ma\u1e47i padme h\u016b\u1e43<\/span><\/a><\/em><span style=\"color:#f7b320\" class=\"has-inline-color\"> \u2013 blues\"<\/span><\/h3>\n\n\n\n<figure class=\"wp-block-audio\"><audio controls src=\"https:\/\/tonalibus.org\/wp-content\/uploads\/2021\/07\/2021-07-03-7GGGV-sing.mp3\"><\/audio><figcaption><a href=\"https:\/\/tonalibus.org\/fr\/tonalities\/pentatonalities\/pentamix-or-pentador-egyptian-scale\/\"><span style=\"color:#f7b320\" class=\"has-inline-color\">PentaMix \/ PentaDor (gamme \u00e9gyptienne)<\/span><\/a><span style=\"color:#f7b320\" class=\"has-inline-color\"> \u2013 triple guitare \u00e0 7 cordes et voix \u2013 8:28 \u2013 <\/span><a href=\"https:\/\/tonalibus.org\/fr\/sounds\/summer-2021\/summer-2021-loops\/#July\" target=\"_blank\" rel=\"noreferrer noopener\"><span style=\"color:#f7b320\" class=\"has-inline-color\">en loop<\/span><\/a><span style=\"color:#f7b320\" class=\"has-inline-color\"> sur un onglet s\u00e9par\u00e9<\/span><\/figcaption><\/figure>\n\n\n\n<h3 class=\"wp-block-heading\"><span style=\"color:#f7b320\" class=\"has-inline-color\">\"Reaching Up to Heaven\" \u2013 en tonalit\u00e9 ReachUp<\/span><\/h3>\n\n\n\n<figure class=\"wp-block-audio\"><audio controls src=\"https:\/\/tonalibus.org\/wp-content\/uploads\/2021\/06\/2021-06-27-ReachUp-GGGB-sing.mp3\"><\/audio><figcaption><a href=\"https:\/\/tonalibus.org\/fr\/tonalities\/reach-or-harmonic-heptatonalities\/reachup-dbl-h-gypsy-min\/\"><span style=\"color:#f7b320\" class=\"has-inline-color\">ReachUp<\/span><\/a><span style=\"color:#f7b320\" class=\"has-inline-color\"> \u2013 triple guitare \u00e0 8 cordes et basse \u2013 7:11 \u2013 <\/span><a href=\"https:\/\/tonalibus.org\/fr\/sounds\/summer-2021\/summer-2021-loops\/#June\" target=\"_blank\" rel=\"noreferrer noopener\"><span style=\"color:#f7b320\" class=\"has-inline-color\">en loop<\/span><\/a><span style=\"color:#f7b320\" class=\"has-inline-color\"> sur un onglet s\u00e9par\u00e9<\/span><\/figcaption><\/figure>\n\n\n\n<h3 class=\"wp-block-heading\"><span style=\"color:#f7b320\" class=\"has-inline-color\">\"Back on a Blue Track\" \u2013 pr\u00e9server des racines saines<\/span><\/h3>\n\n\n\n<figure class=\"wp-block-audio\"><audio controls src=\"https:\/\/tonalibus.org\/wp-content\/uploads\/2021\/06\/2021-06-21-GGBD-sing.mp3\"><\/audio><figcaption><a href=\"https:\/\/tonalibus.org\/fr\/tonalities\/pentatonalities\/pentamin-or-pentaeol-pentatonic-minor\/\"><span style=\"color:#f7b320\" class=\"has-inline-color\">PentaMin \/ Penta\u00c9ol (mineur pentatonique)<\/span><\/a><span style=\"color:#f7b320\" class=\"has-inline-color\"> sur Fa \u2013 double guitare \u00e0 8 cordes, basse, <\/span><a href=\"https:\/\/fr.wikipedia.org\/wiki\/Djemb\u00e9\" target=\"_blank\" rel=\"noreferrer noopener\"><span style=\"color:#f7b320\" class=\"has-inline-color\">djemb\u00e9<\/span><\/a><span style=\"color:#f7b320\" class=\"has-inline-color\"> \u2013 7:41 \u2013 <\/span><a href=\"https:\/\/tonalibus.org\/fr\/sounds\/summer-2021\/summer-2021-loops\/#June-1\" target=\"_blank\" rel=\"noreferrer noopener\"><span style=\"color:#f7b320\" class=\"has-inline-color\">en loop<\/span><\/a><span style=\"color:#f7b320\" class=\"has-inline-color\"> sur un onglet s\u00e9par\u00e9<\/span><\/figcaption><\/figure>\n\n\n\n<h3 class=\"wp-block-heading\"><span style=\"color:#f7b320\" class=\"has-inline-color\">\"Wild Thing\" \u2013 nouvel \u00e9chantillon sonore de coop\u00e9ration<\/span><\/h3>\n\n\n\n<figure id=\"album\" class=\"wp-block-audio\"><audio controls src=\"https:\/\/tonalibus.org\/wp-content\/uploads\/2021\/07\/2021-07-14-CBV-8G-Dub.mp3\"><\/audio><figcaption><a href=\"https:\/\/tonalibus.org\/fr\/tonalities\/reach-or-harmonic-heptatonalities\/reachup-dbl-h-gypsy-min\/\"><span style=\"color:#f7b320\" class=\"has-inline-color\">ReachUp<\/span><\/a><span style=\"color:#f7b320\" class=\"has-inline-color\"> (mineur double harmonique \/ Gypsy) \u2013 voix de Christina Braun \u2013 guitare \u00e0 8 cordes par Ulrico \u2013 3:48<\/span><\/figcaption><\/figure>\n\n\n\n<div style=\"height:32px\" aria-hidden=\"true\" class=\"wp-block-spacer\"><\/div>\n\n\n\n<p><span style=\"color:#f7b320\" class=\"has-inline-color\">Les nouveaux \u00e9chantillons sonores personnels peuvent \u00e9galement \u00eatre trouv\u00e9s dans la collection encore croissante<\/span> <a href=\"https:\/\/tonalibus.org\/fr\/sounds\/summer-2021\/\"><span style=\"color:#f7b320\" class=\"has-inline-color\">\u00c9t\u00e9 2021<\/span><\/a><span style=\"color:#f7b320\" class=\"has-inline-color\">, le nouvel \u00e9chantillon sonore de coop\u00e9ration sous <\/span><a href=\"https:\/\/tonalibus.org\/fr\/sounds\/cooperation-2020-2021\/\"><span style=\"color:#f7b320\" class=\"has-inline-color\">Coop\u00e9ration 2020-2021<\/span><\/a><span style=\"color:#f7b320\" class=\"has-inline-color\">.<\/span><\/p>\n\n\n\n<h3 class=\"wp-block-heading\"><em>Tonalibus A, B, &amp; C<\/em> \u2013 une sortie d'album en cours<\/h3>\n\n\n\n<div style=\"height:16px\" aria-hidden=\"true\" class=\"wp-block-spacer\"><\/div>\n\n\n\n<div class=\"wp-block-columns are-vertically-aligned-bottom is-layout-flex wp-container-core-columns-is-layout-9d6595d7 wp-block-columns-is-layout-flex\">\n<div class=\"wp-block-column is-vertically-aligned-bottom is-layout-flow wp-block-column-is-layout-flow\" style=\"flex-basis:100%\">\n<div class=\"wp-block-group alignwide\"><div class=\"wp-block-group__inner-container is-layout-flow wp-block-group-is-layout-flow\">\n<div class=\"wp-block-media-text alignwide is-stacked-on-mobile\" style=\"grid-template-columns:36% auto\"><figure class=\"wp-block-media-text__media\"><img loading=\"lazy\" decoding=\"async\" width=\"2560\" height=\"2560\" src=\"https:\/\/tonalibus.org\/wp-content\/uploads\/2021\/07\/IMG_2850-xcyz-scaled.jpg\" alt=\"Tonalibus A, B, &amp; C - album\" class=\"wp-image-12179 size-full\" srcset=\"https:\/\/tonalibus.org\/wp-content\/uploads\/2021\/07\/IMG_2850-xcyz-scaled.jpg 2560w, https:\/\/tonalibus.org\/wp-content\/uploads\/2021\/07\/IMG_2850-xcyz-300x300.jpg 300w, https:\/\/tonalibus.org\/wp-content\/uploads\/2021\/07\/IMG_2850-xcyz-1024x1024.jpg 1024w, https:\/\/tonalibus.org\/wp-content\/uploads\/2021\/07\/IMG_2850-xcyz-150x150.jpg 150w, https:\/\/tonalibus.org\/wp-content\/uploads\/2021\/07\/IMG_2850-xcyz-768x768.jpg 768w, https:\/\/tonalibus.org\/wp-content\/uploads\/2021\/07\/IMG_2850-xcyz-1536x1536.jpg 1536w, https:\/\/tonalibus.org\/wp-content\/uploads\/2021\/07\/IMG_2850-xcyz-2048x2048.jpg 2048w, https:\/\/tonalibus.org\/wp-content\/uploads\/2021\/07\/IMG_2850-xcyz-12x12.jpg 12w, https:\/\/tonalibus.org\/wp-content\/uploads\/2021\/07\/IMG_2850-xcyz-100x100.jpg 100w, https:\/\/tonalibus.org\/wp-content\/uploads\/2021\/07\/IMG_2850-xcyz-1320x1320.jpg 1320w\" sizes=\"auto, (max-width: 706px) 89vw, (max-width: 767px) 82vw, 740px\" \/><\/figure><div class=\"wp-block-media-text__content\">\n<p><span style=\"color:#f7b320\" class=\"has-inline-color\">L'album <em>Tonalibus A, B, &amp; C<\/em> est une collection assez \u00e9tendue de trente et un \u00e9chantillons sonores personnels s\u00e9lectionn\u00e9s par Ulrico. Il contient deux heures et demie de musique entra\u00eenante enregistr\u00e9e au cours de l'ann\u00e9e derni\u00e8re. \u00c0 l'heure actuelle, cet album ainsi que certains de ses singles sont en passe d'\u00eatre disponibles dans le monde entier sur de nombreuses plateformes musicales, telles que Spotify, YouTube Music, Apple Music, Deezer, etc. Une fois qu'ils seront disponibles, les plateformes proposant l'album et les singles de Tonalibus seront r\u00e9pertori\u00e9es dans le <\/span><a href=\"https:\/\/tonalibus.org\/fr\/shop\/\"><span style=\"color:#f7b320\" class=\"has-inline-color\">Shop Fidibus<\/span><\/a><span style=\"color:#f7b320\" class=\"has-inline-color\"> dans l'entr\u00e9e pour cet album. Vous y trouverez \u00e9galement une liste de ses trente et un morceaux avec leurs titres, leurs instruments et leur dur\u00e9e. Restez \u00e0 l'\u00e9coute pour l'album<\/span> <span style=\"color:#f7b320\" class=\"has-inline-color\"><em>Tonalibus A, B, &amp; C<\/em>!<\/span><\/p>\n<\/div><\/div>\n\n\n\n<p id=\"note\"><\/p>\n<\/div><\/div>\n<\/div>\n<\/div>\n\n\n\n<h3 class=\"wp-block-heading\">Note de cl\u00f4ture de la mise \u00e0 jour Tonalibus de juillet 2021<\/h3>\n\n\n\n<p><span style=\"color:#f7b320\" class=\"has-inline-color\">Voici un mot d'encouragement juste re\u00e7u d'un ami en France qui a v\u00e9cu une perte proche :<\/span><\/p>\n\n\n\n<p><span style=\"color:#f7b320\" class=\"has-inline-color\">\" Cher Uli, merci pour les notes musicales. Je les mets en fond sonore lorsque j\u2019\u00e9cris des courriers. Cela me porte et m\u2019accompagne. Merci pour cet univers ! \"<\/span><\/p>\n\n\n\n<div style=\"height:12px\" aria-hidden=\"true\" class=\"wp-block-spacer\"><\/div>\n\n\n\n<figure class=\"wp-block-image size-large is-resized\"><img loading=\"lazy\" decoding=\"async\" src=\"https:\/\/tonalibus.org\/wp-content\/uploads\/2021\/06\/20210623_190631933_iOS-cmp-hlf-x-1024x339.jpg\" alt=\"July 2021 Tonalibus Update\" class=\"wp-image-12075\" width=\"674\" height=\"223\" srcset=\"https:\/\/tonalibus.org\/wp-content\/uploads\/2021\/06\/20210623_190631933_iOS-cmp-hlf-x-1024x339.jpg 1024w, https:\/\/tonalibus.org\/wp-content\/uploads\/2021\/06\/20210623_190631933_iOS-cmp-hlf-x-300x99.jpg 300w, https:\/\/tonalibus.org\/wp-content\/uploads\/2021\/06\/20210623_190631933_iOS-cmp-hlf-x-768x254.jpg 768w, https:\/\/tonalibus.org\/wp-content\/uploads\/2021\/06\/20210623_190631933_iOS-cmp-hlf-x-1536x508.jpg 1536w, https:\/\/tonalibus.org\/wp-content\/uploads\/2021\/06\/20210623_190631933_iOS-cmp-hlf-x-2048x677.jpg 2048w, https:\/\/tonalibus.org\/wp-content\/uploads\/2021\/06\/20210623_190631933_iOS-cmp-hlf-x-16x5.jpg 16w, https:\/\/tonalibus.org\/wp-content\/uploads\/2021\/06\/20210623_190631933_iOS-cmp-hlf-x-1320x437.jpg 1320w\" sizes=\"auto, (max-width: 674px) 100vw, 674px\" \/><figcaption>Arc-en-ciel complet, marquant un moment d'ach\u00e8vement, d'unit\u00e9 et de libert\u00e9 \u2013 Juin 2021 \u2013 Gr\u00e4chwil, Suisse<\/figcaption><\/figure>\n\n\n\n<p><\/p>","protected":false},"excerpt":{"rendered":"<p>Cette br\u00e8ve mise \u00e0 jour Tonalibus de juillet 2021 pr\u00e9sente trois nouveaux \u00e9chantillons sonores personnels et un nouvel \u00e9chantillon sonore de cooperation. Elle souligne la sortie mondiale du nouvel album \"Tonalibus A, B, &amp; C\". Un court message et une photo forment une conclusion touchante. ...<\/p>","protected":false},"author":1,"featured_media":0,"comment_status":"closed","ping_status":"open","sticky":false,"template":"","format":"standard","meta":{"footnotes":""},"categories":[28,21,12,11,16],"tags":[],"class_list":["post-12161","post","type-post","status-publish","format-standard","hentry","category-2021-fidal","category-2021-tonal","category-fidibus","category-tonalibus","category-update"],"yoast_head":"<!-- This site is optimized with the Yoast SEO plugin v27.5 - https:\/\/yoast.com\/product\/yoast-seo-wordpress\/ -->\n<title>July 2021 Tonalibus update &#8211; TONALIBUS Harmony and Tonalities<\/title>\n<meta name=\"description\" content=\"The July 2021 Tonalibus update presents new personal sound samples, highlights the release of a Tonalibus album, and provides some comments\" \/>\n<meta name=\"robots\" content=\"index, follow, max-snippet:-1, max-image-preview:large, max-video-preview:-1\" \/>\n<link rel=\"canonical\" href=\"https:\/\/tonalibus.org\/fr\/2021\/07\/12\/july-2021-tonalibus-update\/\" \/>\n<meta property=\"og:locale\" content=\"fr_FR\" \/>\n<meta property=\"og:type\" content=\"article\" \/>\n<meta property=\"og:title\" content=\"July 2021 Tonalibus update &#8211; TONALIBUS Harmony and Tonalities\" \/>\n<meta property=\"og:description\" content=\"The July 2021 Tonalibus update presents new personal sound samples, highlights the release of a Tonalibus album, and provides some comments\" \/>\n<meta property=\"og:url\" content=\"https:\/\/tonalibus.org\/fr\/2021\/07\/12\/july-2021-tonalibus-update\/\" \/>\n<meta property=\"og:site_name\" content=\"TONALIBUS\" \/>\n<meta property=\"article:published_time\" content=\"2021-07-12T07:33:06+00:00\" \/>\n<meta property=\"article:modified_time\" content=\"2023-01-18T17:00:39+00:00\" \/>\n<meta property=\"og:image\" content=\"https:\/\/tonalibus.org\/wp-content\/uploads\/2021\/07\/IMG_2850-xcyz-scaled.jpg\" \/>\n<meta name=\"author\" content=\"Ulrico\" \/>\n<meta name=\"twitter:card\" content=\"summary_large_image\" \/>\n<meta name=\"twitter:label1\" content=\"\u00c9crit par\" \/>\n\t<meta name=\"twitter:data1\" content=\"Ulrico\" \/>\n\t<meta name=\"twitter:label2\" content=\"Dur\u00e9e de lecture estim\u00e9e\" \/>\n\t<meta name=\"twitter:data2\" content=\"3 minutes\" \/>\n<script type=\"application\/ld+json\" class=\"yoast-schema-graph\">{\"@context\":\"https:\\\/\\\/schema.org\",\"@graph\":[{\"@type\":\"Article\",\"@id\":\"https:\\\/\\\/tonalibus.org\\\/en\\\/2021\\\/07\\\/12\\\/july-2021-tonalibus-update\\\/#article\",\"isPartOf\":{\"@id\":\"https:\\\/\\\/tonalibus.org\\\/en\\\/2021\\\/07\\\/12\\\/july-2021-tonalibus-update\\\/\"},\"author\":{\"name\":\"Ulrico\",\"@id\":\"https:\\\/\\\/tonalibus.org\\\/de\\\/#\\\/schema\\\/person\\\/749261d7bc96d1f00127273f83ab96a4\"},\"headline\":\"July 2021 Tonalibus update\",\"datePublished\":\"2021-07-12T07:33:06+00:00\",\"dateModified\":\"2023-01-18T17:00:39+00:00\",\"mainEntityOfPage\":{\"@id\":\"https:\\\/\\\/tonalibus.org\\\/en\\\/2021\\\/07\\\/12\\\/july-2021-tonalibus-update\\\/\"},\"wordCount\":375,\"publisher\":{\"@id\":\"https:\\\/\\\/tonalibus.org\\\/de\\\/#\\\/schema\\\/person\\\/749261d7bc96d1f00127273f83ab96a4\"},\"image\":{\"@id\":\"https:\\\/\\\/tonalibus.org\\\/en\\\/2021\\\/07\\\/12\\\/july-2021-tonalibus-update\\\/#primaryimage\"},\"thumbnailUrl\":\"https:\\\/\\\/tonalibus.org\\\/wp-content\\\/uploads\\\/2021\\\/07\\\/IMG_2850-xcyz-scaled.jpg\",\"articleSection\":[\"2021 fidal\",\"2021 tonal\",\"Fidibus\",\"Tonalibus\",\"Update\"],\"inLanguage\":\"fr-FR\"},{\"@type\":\"WebPage\",\"@id\":\"https:\\\/\\\/tonalibus.org\\\/en\\\/2021\\\/07\\\/12\\\/july-2021-tonalibus-update\\\/\",\"url\":\"https:\\\/\\\/tonalibus.org\\\/en\\\/2021\\\/07\\\/12\\\/july-2021-tonalibus-update\\\/\",\"name\":\"July 2021 Tonalibus update &#8211; TONALIBUS Harmony and Tonalities\",\"isPartOf\":{\"@id\":\"https:\\\/\\\/tonalibus.org\\\/de\\\/#website\"},\"primaryImageOfPage\":{\"@id\":\"https:\\\/\\\/tonalibus.org\\\/en\\\/2021\\\/07\\\/12\\\/july-2021-tonalibus-update\\\/#primaryimage\"},\"image\":{\"@id\":\"https:\\\/\\\/tonalibus.org\\\/en\\\/2021\\\/07\\\/12\\\/july-2021-tonalibus-update\\\/#primaryimage\"},\"thumbnailUrl\":\"https:\\\/\\\/tonalibus.org\\\/wp-content\\\/uploads\\\/2021\\\/07\\\/IMG_2850-xcyz-scaled.jpg\",\"datePublished\":\"2021-07-12T07:33:06+00:00\",\"dateModified\":\"2023-01-18T17:00:39+00:00\",\"description\":\"The July 2021 Tonalibus update presents new personal sound samples, highlights the release of a Tonalibus album, and provides some comments\",\"breadcrumb\":{\"@id\":\"https:\\\/\\\/tonalibus.org\\\/en\\\/2021\\\/07\\\/12\\\/july-2021-tonalibus-update\\\/#breadcrumb\"},\"inLanguage\":\"fr-FR\",\"potentialAction\":[{\"@type\":\"ReadAction\",\"target\":[\"https:\\\/\\\/tonalibus.org\\\/en\\\/2021\\\/07\\\/12\\\/july-2021-tonalibus-update\\\/\"]}]},{\"@type\":\"ImageObject\",\"inLanguage\":\"fr-FR\",\"@id\":\"https:\\\/\\\/tonalibus.org\\\/en\\\/2021\\\/07\\\/12\\\/july-2021-tonalibus-update\\\/#primaryimage\",\"url\":\"https:\\\/\\\/tonalibus.org\\\/wp-content\\\/uploads\\\/2021\\\/07\\\/IMG_2850-xcyz-scaled.jpg\",\"contentUrl\":\"https:\\\/\\\/tonalibus.org\\\/wp-content\\\/uploads\\\/2021\\\/07\\\/IMG_2850-xcyz-scaled.jpg\"},{\"@type\":\"BreadcrumbList\",\"@id\":\"https:\\\/\\\/tonalibus.org\\\/en\\\/2021\\\/07\\\/12\\\/july-2021-tonalibus-update\\\/#breadcrumb\",\"itemListElement\":[{\"@type\":\"ListItem\",\"position\":1,\"name\":\"Home\",\"item\":\"https:\\\/\\\/tonalibus.org\\\/\"},{\"@type\":\"ListItem\",\"position\":2,\"name\":\"July 2021 Tonalibus update\"}]},{\"@type\":\"WebSite\",\"@id\":\"https:\\\/\\\/tonalibus.org\\\/de\\\/#website\",\"url\":\"https:\\\/\\\/tonalibus.org\\\/de\\\/\",\"name\":\"TONALIBUS\",\"description\":\"Anchored Harmony and Tonalities\",\"publisher\":{\"@id\":\"https:\\\/\\\/tonalibus.org\\\/de\\\/#\\\/schema\\\/person\\\/749261d7bc96d1f00127273f83ab96a4\"},\"potentialAction\":[{\"@type\":\"SearchAction\",\"target\":{\"@type\":\"EntryPoint\",\"urlTemplate\":\"https:\\\/\\\/tonalibus.org\\\/de\\\/?s={search_term_string}\"},\"query-input\":{\"@type\":\"PropertyValueSpecification\",\"valueRequired\":true,\"valueName\":\"search_term_string\"}}],\"inLanguage\":\"fr-FR\"},{\"@type\":[\"Person\",\"Organization\"],\"@id\":\"https:\\\/\\\/tonalibus.org\\\/de\\\/#\\\/schema\\\/person\\\/749261d7bc96d1f00127273f83ab96a4\",\"name\":\"Ulrico\",\"image\":{\"@type\":\"ImageObject\",\"inLanguage\":\"fr-FR\",\"@id\":\"https:\\\/\\\/tonalibus.org\\\/wp-content\\\/uploads\\\/2020\\\/06\\\/uli-pix.jpg\",\"url\":\"https:\\\/\\\/tonalibus.org\\\/wp-content\\\/uploads\\\/2020\\\/06\\\/uli-pix.jpg\",\"contentUrl\":\"https:\\\/\\\/tonalibus.org\\\/wp-content\\\/uploads\\\/2020\\\/06\\\/uli-pix.jpg\",\"width\":960,\"height\":720,\"caption\":\"Ulrico\"},\"logo\":{\"@id\":\"https:\\\/\\\/tonalibus.org\\\/wp-content\\\/uploads\\\/2020\\\/06\\\/uli-pix.jpg\"},\"sameAs\":[\"https:\\\/\\\/tonalibus.cyon.site\"]}]}<\/script>\n<!-- \/ Yoast SEO plugin. -->","yoast_head_json":{"title":"Juillet 2021 Mise \u00e0 jour du Tonalibus - TONALIBUS Harmonie et tonalit\u00e9s","description":"La mise \u00e0 jour Tonalibus de juillet 2021 pr\u00e9sente de nouveaux \u00e9chantillons sonores personnels, souligne la sortie d'un album Tonalibus et fournit quelques commentaires.","robots":{"index":"index","follow":"follow","max-snippet":"max-snippet:-1","max-image-preview":"max-image-preview:large","max-video-preview":"max-video-preview:-1"},"canonical":"https:\/\/tonalibus.org\/fr\/2021\/07\/12\/july-2021-tonalibus-update\/","og_locale":"fr_FR","og_type":"article","og_title":"July 2021 Tonalibus update &#8211; TONALIBUS Harmony and Tonalities","og_description":"The July 2021 Tonalibus update presents new personal sound samples, highlights the release of a Tonalibus album, and provides some comments","og_url":"https:\/\/tonalibus.org\/fr\/2021\/07\/12\/july-2021-tonalibus-update\/","og_site_name":"TONALIBUS","article_published_time":"2021-07-12T07:33:06+00:00","article_modified_time":"2023-01-18T17:00:39+00:00","og_image":[{"url":"https:\/\/tonalibus.org\/wp-content\/uploads\/2021\/07\/IMG_2850-xcyz-scaled.jpg","type":"","width":"","height":""}],"author":"Ulrico","twitter_card":"summary_large_image","twitter_misc":{"\u00c9crit par":"Ulrico","Dur\u00e9e de lecture estim\u00e9e":"3 minutes"},"schema":{"@context":"https:\/\/schema.org","@graph":[{"@type":"Article","@id":"https:\/\/tonalibus.org\/en\/2021\/07\/12\/july-2021-tonalibus-update\/#article","isPartOf":{"@id":"https:\/\/tonalibus.org\/en\/2021\/07\/12\/july-2021-tonalibus-update\/"},"author":{"name":"Ulrico","@id":"https:\/\/tonalibus.org\/de\/#\/schema\/person\/749261d7bc96d1f00127273f83ab96a4"},"headline":"July 2021 Tonalibus update","datePublished":"2021-07-12T07:33:06+00:00","dateModified":"2023-01-18T17:00:39+00:00","mainEntityOfPage":{"@id":"https:\/\/tonalibus.org\/en\/2021\/07\/12\/july-2021-tonalibus-update\/"},"wordCount":375,"publisher":{"@id":"https:\/\/tonalibus.org\/de\/#\/schema\/person\/749261d7bc96d1f00127273f83ab96a4"},"image":{"@id":"https:\/\/tonalibus.org\/en\/2021\/07\/12\/july-2021-tonalibus-update\/#primaryimage"},"thumbnailUrl":"https:\/\/tonalibus.org\/wp-content\/uploads\/2021\/07\/IMG_2850-xcyz-scaled.jpg","articleSection":["2021 fidal","2021 tonal","Fidibus","Tonalibus","Update"],"inLanguage":"fr-FR"},{"@type":"WebPage","@id":"https:\/\/tonalibus.org\/en\/2021\/07\/12\/july-2021-tonalibus-update\/","url":"https:\/\/tonalibus.org\/en\/2021\/07\/12\/july-2021-tonalibus-update\/","name":"Juillet 2021 Mise \u00e0 jour du Tonalibus - TONALIBUS Harmonie et tonalit\u00e9s","isPartOf":{"@id":"https:\/\/tonalibus.org\/de\/#website"},"primaryImageOfPage":{"@id":"https:\/\/tonalibus.org\/en\/2021\/07\/12\/july-2021-tonalibus-update\/#primaryimage"},"image":{"@id":"https:\/\/tonalibus.org\/en\/2021\/07\/12\/july-2021-tonalibus-update\/#primaryimage"},"thumbnailUrl":"https:\/\/tonalibus.org\/wp-content\/uploads\/2021\/07\/IMG_2850-xcyz-scaled.jpg","datePublished":"2021-07-12T07:33:06+00:00","dateModified":"2023-01-18T17:00:39+00:00","description":"La mise \u00e0 jour Tonalibus de juillet 2021 pr\u00e9sente de nouveaux \u00e9chantillons sonores personnels, souligne la sortie d'un album Tonalibus et fournit quelques commentaires.","breadcrumb":{"@id":"https:\/\/tonalibus.org\/en\/2021\/07\/12\/july-2021-tonalibus-update\/#breadcrumb"},"inLanguage":"fr-FR","potentialAction":[{"@type":"ReadAction","target":["https:\/\/tonalibus.org\/en\/2021\/07\/12\/july-2021-tonalibus-update\/"]}]},{"@type":"ImageObject","inLanguage":"fr-FR","@id":"https:\/\/tonalibus.org\/en\/2021\/07\/12\/july-2021-tonalibus-update\/#primaryimage","url":"https:\/\/tonalibus.org\/wp-content\/uploads\/2021\/07\/IMG_2850-xcyz-scaled.jpg","contentUrl":"https:\/\/tonalibus.org\/wp-content\/uploads\/2021\/07\/IMG_2850-xcyz-scaled.jpg"},{"@type":"BreadcrumbList","@id":"https:\/\/tonalibus.org\/en\/2021\/07\/12\/july-2021-tonalibus-update\/#breadcrumb","itemListElement":[{"@type":"ListItem","position":1,"name":"Home","item":"https:\/\/tonalibus.org\/"},{"@type":"ListItem","position":2,"name":"July 2021 Tonalibus update"}]},{"@type":"WebSite","@id":"https:\/\/tonalibus.org\/de\/#website","url":"https:\/\/tonalibus.org\/de\/","name":"TONALIBUS","description":"Harmonie et tonalit\u00e9s ancr\u00e9es","publisher":{"@id":"https:\/\/tonalibus.org\/de\/#\/schema\/person\/749261d7bc96d1f00127273f83ab96a4"},"potentialAction":[{"@type":"SearchAction","target":{"@type":"EntryPoint","urlTemplate":"https:\/\/tonalibus.org\/de\/?s={search_term_string}"},"query-input":{"@type":"PropertyValueSpecification","valueRequired":true,"valueName":"search_term_string"}}],"inLanguage":"fr-FR"},{"@type":["Person","Organization"],"@id":"https:\/\/tonalibus.org\/de\/#\/schema\/person\/749261d7bc96d1f00127273f83ab96a4","name":"Ulrico","image":{"@type":"ImageObject","inLanguage":"fr-FR","@id":"https:\/\/tonalibus.org\/wp-content\/uploads\/2020\/06\/uli-pix.jpg","url":"https:\/\/tonalibus.org\/wp-content\/uploads\/2020\/06\/uli-pix.jpg","contentUrl":"https:\/\/tonalibus.org\/wp-content\/uploads\/2020\/06\/uli-pix.jpg","width":960,"height":720,"caption":"Ulrico"},"logo":{"@id":"https:\/\/tonalibus.org\/wp-content\/uploads\/2020\/06\/uli-pix.jpg"},"sameAs":["https:\/\/tonalibus.cyon.site"]}]}},"_links":{"self":[{"href":"https:\/\/tonalibus.org\/fr\/wp-json\/wp\/v2\/posts\/12161","targetHints":{"allow":["GET"]}}],"collection":[{"href":"https:\/\/tonalibus.org\/fr\/wp-json\/wp\/v2\/posts"}],"about":[{"href":"https:\/\/tonalibus.org\/fr\/wp-json\/wp\/v2\/types\/post"}],"author":[{"embeddable":true,"href":"https:\/\/tonalibus.org\/fr\/wp-json\/wp\/v2\/users\/1"}],"replies":[{"embeddable":true,"href":"https:\/\/tonalibus.org\/fr\/wp-json\/wp\/v2\/comments?post=12161"}],"version-history":[{"count":0,"href":"https:\/\/tonalibus.org\/fr\/wp-json\/wp\/v2\/posts\/12161\/revisions"}],"wp:attachment":[{"href":"https:\/\/tonalibus.org\/fr\/wp-json\/wp\/v2\/media?parent=12161"}],"wp:term":[{"taxonomy":"category","embeddable":true,"href":"https:\/\/tonalibus.org\/fr\/wp-json\/wp\/v2\/categories?post=12161"},{"taxonomy":"post_tag","embeddable":true,"href":"https:\/\/tonalibus.org\/fr\/wp-json\/wp\/v2\/tags?post=12161"}],"curies":[{"name":"wp","href":"https:\/\/api.w.org\/{rel}","templated":true}]}}