{"id":13204,"date":"2021-09-02T22:43:27","date_gmt":"2021-09-02T20:43:27","guid":{"rendered":"https:\/\/tonalibus.org\/?p=13204"},"modified":"2022-05-29T16:57:09","modified_gmt":"2022-05-29T14:57:09","slug":"tonality-of-the-month-tetrana","status":"publish","type":"post","link":"https:\/\/tonalibus.org\/fr\/2021\/09\/02\/tonality-of-the-month-tetrana\/","title":{"rendered":"La tonalit\u00e9 du mois : T\u00e9traNa"},"content":{"rendered":"<p> <span style=\"color:#f7b320\" class=\"has-inline-color\">La tonalit\u00e9 du mois de septembre 2021 est TetraNa, une tonalit\u00e9 Na et une t\u00e9tratonalit\u00e9.<\/span><\/p>\n\n\n\n<figure class=\"wp-block-audio\"><audio controls src=\"https:\/\/tonalibus.org\/wp-content\/uploads\/2021\/09\/2021-08-31-TETRANA-RHYTHM-loop.mp3\" loop><\/audio><figcaption><span style=\"color:#f7b320\" class=\"has-inline-color\">1) T\u00e9traNa \u2013 \u00e9chantillon sonore court, rythmique \u2013 ao\u00fbt 2021 \u2013 1:44 en loop <\/span><\/figcaption><\/figure>\n\n\n\n<figure class=\"wp-block-audio\"><audio controls src=\"https:\/\/tonalibus.org\/wp-content\/uploads\/2021\/09\/2021-08-31-TETRANA-CALM-loop.mp3\" loop><\/audio><figcaption> <span style=\"color:#f7b320\" class=\"has-inline-color\">2) T\u00e9traNa \u2013 \u00e9chantillon sonore court, calme \u2013 ao\u00fbt 2021 \u2013 1:51 en loop  <\/span><\/figcaption><\/figure>\n\n\n\n<figure class=\"wp-block-audio\"><audio controls src=\"https:\/\/tonalibus.org\/wp-content\/uploads\/2021\/09\/2021-08-30-GGGS-Moon-x.mp3\"><\/audio><figcaption><span style=\"color:#f7b320\" class=\"has-inline-color\">3) T\u00e9traNa avec une touche de Mixolydien \u2013 double guitare \u00e0 8 cordes, gong, scie musicale \u2013 ao\u00fbt 2021 \u2013 10:31<\/span><\/figcaption><\/figure>\n\n\n\n<div style=\"height:24px\" aria-hidden=\"true\" class=\"wp-block-spacer\"><\/div>\n\n\n\n<p><span style=\"color:#f7b320\" class=\"has-inline-color\">La tonalit\u00e9 de ce mois de septembre est <\/span><a href=\"https:\/\/tonalibus.org\/fr\/tonalities\/pentatonalities\/tetrana\/\"><span style=\"color:#f7b320\" class=\"has-inline-color\">T\u00e9traNa<\/span><\/a><span style=\"color:#f7b320\" class=\"has-inline-color\">, une <\/span><a href=\"https:\/\/tonalibus.org\/fr\/tonalities\/na-tonalities\/\"><span style=\"color:#f7b320\" class=\"has-inline-color\">tonalit\u00e9 Na(turelle et harmonique)<\/span><\/a><span style=\"color:#f7b320\" class=\"has-inline-color\"> et une t\u00e9tratonalit\u00e9 exceptionnelle.  \u00c9tant donn\u00e9 qu'il s'agit de la seule t\u00e9tratonalit\u00e9 figurant actuellement dans le catalogue Tonalibus, elle est r\u00e9pertori\u00e9e aux c\u00f4t\u00e9s des <\/span><a href=\"https:\/\/tonalibus.org\/fr\/tonalities\/pentatonalities\/\"><span style=\"color:#f7b320\" class=\"has-inline-color\">pentatonalit\u00e9s<\/span><\/a><span style=\"color:#f7b320\" class=\"has-inline-color\">. C'est la premi\u00e8re tonalit\u00e9 Na, la plus fondamentalement pure, car elle ne contient que les quatre premi\u00e8res harmoniques naturelles. Les tonalit\u00e9s Na sont d'une harmonie unique et s'\u00e9tendent id\u00e9alement sur plusieurs octaves, de pr\u00e9f\u00e9rence trois ou quatre. Elles suivent la s\u00e9quence des harmoniques naturelles et finissent par former un arc dont les harmoniques secondaires se transforment en harmoniques tertiaires (ou r\u00e9ciproques) et conduisent ainsi \u00e0 des tonalit\u00e9s plus connues. T\u00e9traNa est le point d'entr\u00e9e de cette progression. Les tonalit\u00e9s Na(turelles et harmoniques) appara\u00eetront bient\u00f4t dans le catalogue Tonalibus.  <\/span><\/p>\n\n\n\n<div style=\"height:16px\" aria-hidden=\"true\" class=\"wp-block-spacer\"><\/div>\n\n\n\n<p> <span style=\"color:#f7b320\" class=\"has-inline-color\">Vous pouvez appr\u00e9cier un \u00e9chantillon sonore en boucle\/loop, comme celui de la tonalit\u00e9 du mois, en tant que mantra sonore pour <\/span><a rel=\"noreferrer noopener\" href=\"https:\/\/fr.wikipedia.org\/wiki\/Contemplation\" target=\"_blank\"><span style=\"color:#f7b320\" class=\"has-inline-color\">la contemplation<\/span><\/a><span style=\"color:#f7b320\" class=\"has-inline-color\"> ou <\/span><a rel=\"noreferrer noopener\" href=\"https:\/\/fr.wikipedia.org\/wiki\/M\u00e9ditation\" target=\"_blank\"><span style=\"color:#f7b320\" class=\"has-inline-color\">la m\u00e9ditation<\/span><\/a><span style=\"color:#f7b320\" class=\"has-inline-color\">, pour l'\u00e9l\u00e9vation, la concentration, ou simplement pour la relaxation et la r\u00e9g\u00e9n\u00e9ration en tant que son de fond apaisant. De plus, vous pouvez fredonner ou chanter, par exemple en utilisant <\/span><a href=\"https:\/\/tonalibus.org\/fr\/about-tonalibus\/ulrico\/hu-mantra-of-soul\/\"><em><span style=\"color:#f7b320\" class=\"has-inline-color\">HU<\/span><\/em><\/a><span style=\"color:#f7b320\" class=\"has-inline-color\"> ou une autre syllabe mantra, et syntonisez-vous sur la fondamentale.<\/span>  <\/p>\n\n\n\n<div style=\"height:24px\" aria-hidden=\"true\" class=\"wp-block-spacer\"><\/div>\n\n\n\n<figure class=\"wp-block-image size-large\"><img loading=\"lazy\" decoding=\"async\" width=\"1024\" height=\"576\" src=\"https:\/\/tonalibus.org\/wp-content\/uploads\/2021\/08\/IMG_4979xc-1024x576.jpg\" alt=\"Tonality of the month: TetraNa\" class=\"wp-image-13190\" srcset=\"https:\/\/tonalibus.org\/wp-content\/uploads\/2021\/08\/IMG_4979xc-1024x576.jpg 1024w, https:\/\/tonalibus.org\/wp-content\/uploads\/2021\/08\/IMG_4979xc-300x169.jpg 300w, https:\/\/tonalibus.org\/wp-content\/uploads\/2021\/08\/IMG_4979xc-768x432.jpg 768w, https:\/\/tonalibus.org\/wp-content\/uploads\/2021\/08\/IMG_4979xc-1536x864.jpg 1536w, https:\/\/tonalibus.org\/wp-content\/uploads\/2021\/08\/IMG_4979xc-18x10.jpg 18w, https:\/\/tonalibus.org\/wp-content\/uploads\/2021\/08\/IMG_4979xc-1320x742.jpg 1320w, https:\/\/tonalibus.org\/wp-content\/uploads\/2021\/08\/IMG_4979xc.jpg 1842w\" sizes=\"auto, (max-width: 706px) 89vw, (max-width: 767px) 82vw, 740px\" \/><figcaption>Bureau et balcon de Tonalibus avant le lever du soleil \u2013 ao\u00fbt 2021 \u2013 Gr\u00e4chwil, Suisse<\/figcaption><\/figure>\n\n\n\n<p> <\/p>","protected":false},"excerpt":{"rendered":"<p>La tonalit\u00e9 de ce mois de septembre est TetraNa, une tonalit\u00e9 Na(turelle et harmonique) et une tetratonalit\u00e9 exceptionnelle. C'est la premi\u00e8re tonalit\u00e9 Na, la plus fondamentalement pure, car elle ne contient que les quatre premi\u00e8res harmoniques naturelles. Les tonalit\u00e9s Na sont d'une harmonie unique et s'\u00e9tendent id\u00e9alement sur plusieurs octaves, de pr\u00e9f\u00e9rence trois ou quatre. Elles suivent la ...<\/p>","protected":false},"author":1,"featured_media":0,"comment_status":"closed","ping_status":"open","sticky":false,"template":"","format":"standard","meta":{"footnotes":""},"categories":[21,11,15],"tags":[],"class_list":["post-13204","post","type-post","status-publish","format-standard","hentry","category-2021-tonal","category-tonalibus","category-tonality-of-the-month"],"yoast_head":"<!-- This site is optimized with the Yoast SEO plugin v27.4 - https:\/\/yoast.com\/product\/yoast-seo-wordpress\/ -->\n<title>Tonality of the month: TetraNa &#8211; TONALIBUS Harmony &amp; Tonalities<\/title>\n<meta name=\"description\" content=\"The tonality of this month of September is TetraNa, a Na tonality and tetratonality. It is the first, most fundamentally pure Na tonality.\" \/>\n<meta name=\"robots\" content=\"index, follow, max-snippet:-1, max-image-preview:large, max-video-preview:-1\" \/>\n<link rel=\"canonical\" href=\"https:\/\/tonalibus.org\/fr\/2021\/09\/02\/tonality-of-the-month-tetrana\/\" \/>\n<meta property=\"og:locale\" content=\"fr_FR\" \/>\n<meta property=\"og:type\" content=\"article\" \/>\n<meta property=\"og:title\" content=\"Tonality of the month: TetraNa &#8211; TONALIBUS Harmony &amp; Tonalities\" \/>\n<meta property=\"og:description\" content=\"The tonality of this month of September is TetraNa, a Na tonality and tetratonality. It is the first, most fundamentally pure Na tonality.\" \/>\n<meta property=\"og:url\" content=\"https:\/\/tonalibus.org\/fr\/2021\/09\/02\/tonality-of-the-month-tetrana\/\" \/>\n<meta property=\"og:site_name\" content=\"TONALIBUS\" \/>\n<meta property=\"article:published_time\" content=\"2021-09-02T20:43:27+00:00\" \/>\n<meta property=\"article:modified_time\" content=\"2022-05-29T14:57:09+00:00\" \/>\n<meta property=\"og:image\" content=\"https:\/\/tonalibus.org\/wp-content\/uploads\/2021\/08\/IMG_4979xc-1024x576.jpg\" \/>\n<meta name=\"author\" content=\"Ulrico\" \/>\n<meta name=\"twitter:card\" content=\"summary_large_image\" \/>\n<meta name=\"twitter:label1\" content=\"\u00c9crit par\" \/>\n\t<meta name=\"twitter:data1\" content=\"Ulrico\" \/>\n\t<meta name=\"twitter:label2\" content=\"Dur\u00e9e de lecture estim\u00e9e\" \/>\n\t<meta name=\"twitter:data2\" content=\"2 minutes\" \/>\n<script type=\"application\/ld+json\" class=\"yoast-schema-graph\">{\"@context\":\"https:\\\/\\\/schema.org\",\"@graph\":[{\"@type\":\"Article\",\"@id\":\"https:\\\/\\\/tonalibus.org\\\/it\\\/2021\\\/09\\\/02\\\/tonality-of-the-month-tetrana\\\/#article\",\"isPartOf\":{\"@id\":\"https:\\\/\\\/tonalibus.org\\\/it\\\/2021\\\/09\\\/02\\\/tonality-of-the-month-tetrana\\\/\"},\"author\":{\"name\":\"Ulrico\",\"@id\":\"https:\\\/\\\/tonalibus.org\\\/de\\\/#\\\/schema\\\/person\\\/749261d7bc96d1f00127273f83ab96a4\"},\"headline\":\"Tonality of the month: TetraNa\",\"datePublished\":\"2021-09-02T20:43:27+00:00\",\"dateModified\":\"2022-05-29T14:57:09+00:00\",\"mainEntityOfPage\":{\"@id\":\"https:\\\/\\\/tonalibus.org\\\/it\\\/2021\\\/09\\\/02\\\/tonality-of-the-month-tetrana\\\/\"},\"wordCount\":239,\"publisher\":{\"@id\":\"https:\\\/\\\/tonalibus.org\\\/de\\\/#\\\/schema\\\/person\\\/749261d7bc96d1f00127273f83ab96a4\"},\"image\":{\"@id\":\"https:\\\/\\\/tonalibus.org\\\/it\\\/2021\\\/09\\\/02\\\/tonality-of-the-month-tetrana\\\/#primaryimage\"},\"thumbnailUrl\":\"https:\\\/\\\/tonalibus.org\\\/wp-content\\\/uploads\\\/2021\\\/08\\\/IMG_4979xc-1024x576.jpg\",\"articleSection\":[\"2021 tonal\",\"Tonalibus\",\"Tonality of the month\\\/moment\"],\"inLanguage\":\"fr-FR\"},{\"@type\":\"WebPage\",\"@id\":\"https:\\\/\\\/tonalibus.org\\\/it\\\/2021\\\/09\\\/02\\\/tonality-of-the-month-tetrana\\\/\",\"url\":\"https:\\\/\\\/tonalibus.org\\\/it\\\/2021\\\/09\\\/02\\\/tonality-of-the-month-tetrana\\\/\",\"name\":\"Tonality of the month: TetraNa &#8211; TONALIBUS Harmony & Tonalities\",\"isPartOf\":{\"@id\":\"https:\\\/\\\/tonalibus.org\\\/de\\\/#website\"},\"primaryImageOfPage\":{\"@id\":\"https:\\\/\\\/tonalibus.org\\\/it\\\/2021\\\/09\\\/02\\\/tonality-of-the-month-tetrana\\\/#primaryimage\"},\"image\":{\"@id\":\"https:\\\/\\\/tonalibus.org\\\/it\\\/2021\\\/09\\\/02\\\/tonality-of-the-month-tetrana\\\/#primaryimage\"},\"thumbnailUrl\":\"https:\\\/\\\/tonalibus.org\\\/wp-content\\\/uploads\\\/2021\\\/08\\\/IMG_4979xc-1024x576.jpg\",\"datePublished\":\"2021-09-02T20:43:27+00:00\",\"dateModified\":\"2022-05-29T14:57:09+00:00\",\"description\":\"The tonality of this month of September is TetraNa, a Na tonality and tetratonality. It is the first, most fundamentally pure Na tonality.\",\"breadcrumb\":{\"@id\":\"https:\\\/\\\/tonalibus.org\\\/it\\\/2021\\\/09\\\/02\\\/tonality-of-the-month-tetrana\\\/#breadcrumb\"},\"inLanguage\":\"fr-FR\",\"potentialAction\":[{\"@type\":\"ReadAction\",\"target\":[\"https:\\\/\\\/tonalibus.org\\\/it\\\/2021\\\/09\\\/02\\\/tonality-of-the-month-tetrana\\\/\"]}]},{\"@type\":\"ImageObject\",\"inLanguage\":\"fr-FR\",\"@id\":\"https:\\\/\\\/tonalibus.org\\\/it\\\/2021\\\/09\\\/02\\\/tonality-of-the-month-tetrana\\\/#primaryimage\",\"url\":\"https:\\\/\\\/tonalibus.org\\\/wp-content\\\/uploads\\\/2021\\\/08\\\/IMG_4979xc-1024x576.jpg\",\"contentUrl\":\"https:\\\/\\\/tonalibus.org\\\/wp-content\\\/uploads\\\/2021\\\/08\\\/IMG_4979xc-1024x576.jpg\"},{\"@type\":\"BreadcrumbList\",\"@id\":\"https:\\\/\\\/tonalibus.org\\\/it\\\/2021\\\/09\\\/02\\\/tonality-of-the-month-tetrana\\\/#breadcrumb\",\"itemListElement\":[{\"@type\":\"ListItem\",\"position\":1,\"name\":\"Home\",\"item\":\"https:\\\/\\\/tonalibus.org\\\/\"},{\"@type\":\"ListItem\",\"position\":2,\"name\":\"Tonality of the month: TetraNa\"}]},{\"@type\":\"WebSite\",\"@id\":\"https:\\\/\\\/tonalibus.org\\\/de\\\/#website\",\"url\":\"https:\\\/\\\/tonalibus.org\\\/de\\\/\",\"name\":\"TONALIBUS\",\"description\":\"Anchored Harmony and Tonalities\",\"publisher\":{\"@id\":\"https:\\\/\\\/tonalibus.org\\\/de\\\/#\\\/schema\\\/person\\\/749261d7bc96d1f00127273f83ab96a4\"},\"potentialAction\":[{\"@type\":\"SearchAction\",\"target\":{\"@type\":\"EntryPoint\",\"urlTemplate\":\"https:\\\/\\\/tonalibus.org\\\/de\\\/?s={search_term_string}\"},\"query-input\":{\"@type\":\"PropertyValueSpecification\",\"valueRequired\":true,\"valueName\":\"search_term_string\"}}],\"inLanguage\":\"fr-FR\"},{\"@type\":[\"Person\",\"Organization\"],\"@id\":\"https:\\\/\\\/tonalibus.org\\\/de\\\/#\\\/schema\\\/person\\\/749261d7bc96d1f00127273f83ab96a4\",\"name\":\"Ulrico\",\"image\":{\"@type\":\"ImageObject\",\"inLanguage\":\"fr-FR\",\"@id\":\"https:\\\/\\\/tonalibus.org\\\/wp-content\\\/uploads\\\/2020\\\/06\\\/uli-pix.jpg\",\"url\":\"https:\\\/\\\/tonalibus.org\\\/wp-content\\\/uploads\\\/2020\\\/06\\\/uli-pix.jpg\",\"contentUrl\":\"https:\\\/\\\/tonalibus.org\\\/wp-content\\\/uploads\\\/2020\\\/06\\\/uli-pix.jpg\",\"width\":960,\"height\":720,\"caption\":\"Ulrico\"},\"logo\":{\"@id\":\"https:\\\/\\\/tonalibus.org\\\/wp-content\\\/uploads\\\/2020\\\/06\\\/uli-pix.jpg\"},\"sameAs\":[\"https:\\\/\\\/tonalibus.cyon.site\"]}]}<\/script>\n<!-- \/ Yoast SEO plugin. -->","yoast_head_json":{"title":"Tonalit\u00e9 du mois : TetraNa - TONALIBUS Harmonie et tonalit\u00e9s","description":"La tonalit\u00e9 de ce mois de septembre est TetraNa, une tonalit\u00e9 Na et une tetratonalit\u00e9. C'est la premi\u00e8re tonalit\u00e9 Na, la plus fondamentalement pure.","robots":{"index":"index","follow":"follow","max-snippet":"max-snippet:-1","max-image-preview":"max-image-preview:large","max-video-preview":"max-video-preview:-1"},"canonical":"https:\/\/tonalibus.org\/fr\/2021\/09\/02\/tonality-of-the-month-tetrana\/","og_locale":"fr_FR","og_type":"article","og_title":"Tonality of the month: TetraNa &#8211; TONALIBUS Harmony & Tonalities","og_description":"The tonality of this month of September is TetraNa, a Na tonality and tetratonality. It is the first, most fundamentally pure Na tonality.","og_url":"https:\/\/tonalibus.org\/fr\/2021\/09\/02\/tonality-of-the-month-tetrana\/","og_site_name":"TONALIBUS","article_published_time":"2021-09-02T20:43:27+00:00","article_modified_time":"2022-05-29T14:57:09+00:00","og_image":[{"url":"https:\/\/tonalibus.org\/wp-content\/uploads\/2021\/08\/IMG_4979xc-1024x576.jpg","type":"","width":"","height":""}],"author":"Ulrico","twitter_card":"summary_large_image","twitter_misc":{"\u00c9crit par":"Ulrico","Dur\u00e9e de lecture estim\u00e9e":"2 minutes"},"schema":{"@context":"https:\/\/schema.org","@graph":[{"@type":"Article","@id":"https:\/\/tonalibus.org\/it\/2021\/09\/02\/tonality-of-the-month-tetrana\/#article","isPartOf":{"@id":"https:\/\/tonalibus.org\/it\/2021\/09\/02\/tonality-of-the-month-tetrana\/"},"author":{"name":"Ulrico","@id":"https:\/\/tonalibus.org\/de\/#\/schema\/person\/749261d7bc96d1f00127273f83ab96a4"},"headline":"Tonality of the month: TetraNa","datePublished":"2021-09-02T20:43:27+00:00","dateModified":"2022-05-29T14:57:09+00:00","mainEntityOfPage":{"@id":"https:\/\/tonalibus.org\/it\/2021\/09\/02\/tonality-of-the-month-tetrana\/"},"wordCount":239,"publisher":{"@id":"https:\/\/tonalibus.org\/de\/#\/schema\/person\/749261d7bc96d1f00127273f83ab96a4"},"image":{"@id":"https:\/\/tonalibus.org\/it\/2021\/09\/02\/tonality-of-the-month-tetrana\/#primaryimage"},"thumbnailUrl":"https:\/\/tonalibus.org\/wp-content\/uploads\/2021\/08\/IMG_4979xc-1024x576.jpg","articleSection":["2021 tonal","Tonalibus","Tonality of the month\/moment"],"inLanguage":"fr-FR"},{"@type":"WebPage","@id":"https:\/\/tonalibus.org\/it\/2021\/09\/02\/tonality-of-the-month-tetrana\/","url":"https:\/\/tonalibus.org\/it\/2021\/09\/02\/tonality-of-the-month-tetrana\/","name":"Tonalit\u00e9 du mois : TetraNa - TONALIBUS Harmonie et tonalit\u00e9s","isPartOf":{"@id":"https:\/\/tonalibus.org\/de\/#website"},"primaryImageOfPage":{"@id":"https:\/\/tonalibus.org\/it\/2021\/09\/02\/tonality-of-the-month-tetrana\/#primaryimage"},"image":{"@id":"https:\/\/tonalibus.org\/it\/2021\/09\/02\/tonality-of-the-month-tetrana\/#primaryimage"},"thumbnailUrl":"https:\/\/tonalibus.org\/wp-content\/uploads\/2021\/08\/IMG_4979xc-1024x576.jpg","datePublished":"2021-09-02T20:43:27+00:00","dateModified":"2022-05-29T14:57:09+00:00","description":"La tonalit\u00e9 de ce mois de septembre est TetraNa, une tonalit\u00e9 Na et une tetratonalit\u00e9. C'est la premi\u00e8re tonalit\u00e9 Na, la plus fondamentalement pure.","breadcrumb":{"@id":"https:\/\/tonalibus.org\/it\/2021\/09\/02\/tonality-of-the-month-tetrana\/#breadcrumb"},"inLanguage":"fr-FR","potentialAction":[{"@type":"ReadAction","target":["https:\/\/tonalibus.org\/it\/2021\/09\/02\/tonality-of-the-month-tetrana\/"]}]},{"@type":"ImageObject","inLanguage":"fr-FR","@id":"https:\/\/tonalibus.org\/it\/2021\/09\/02\/tonality-of-the-month-tetrana\/#primaryimage","url":"https:\/\/tonalibus.org\/wp-content\/uploads\/2021\/08\/IMG_4979xc-1024x576.jpg","contentUrl":"https:\/\/tonalibus.org\/wp-content\/uploads\/2021\/08\/IMG_4979xc-1024x576.jpg"},{"@type":"BreadcrumbList","@id":"https:\/\/tonalibus.org\/it\/2021\/09\/02\/tonality-of-the-month-tetrana\/#breadcrumb","itemListElement":[{"@type":"ListItem","position":1,"name":"Home","item":"https:\/\/tonalibus.org\/"},{"@type":"ListItem","position":2,"name":"Tonality of the month: TetraNa"}]},{"@type":"WebSite","@id":"https:\/\/tonalibus.org\/de\/#website","url":"https:\/\/tonalibus.org\/de\/","name":"TONALIBUS","description":"Harmonie et tonalit\u00e9s ancr\u00e9es","publisher":{"@id":"https:\/\/tonalibus.org\/de\/#\/schema\/person\/749261d7bc96d1f00127273f83ab96a4"},"potentialAction":[{"@type":"SearchAction","target":{"@type":"EntryPoint","urlTemplate":"https:\/\/tonalibus.org\/de\/?s={search_term_string}"},"query-input":{"@type":"PropertyValueSpecification","valueRequired":true,"valueName":"search_term_string"}}],"inLanguage":"fr-FR"},{"@type":["Person","Organization"],"@id":"https:\/\/tonalibus.org\/de\/#\/schema\/person\/749261d7bc96d1f00127273f83ab96a4","name":"Ulrico","image":{"@type":"ImageObject","inLanguage":"fr-FR","@id":"https:\/\/tonalibus.org\/wp-content\/uploads\/2020\/06\/uli-pix.jpg","url":"https:\/\/tonalibus.org\/wp-content\/uploads\/2020\/06\/uli-pix.jpg","contentUrl":"https:\/\/tonalibus.org\/wp-content\/uploads\/2020\/06\/uli-pix.jpg","width":960,"height":720,"caption":"Ulrico"},"logo":{"@id":"https:\/\/tonalibus.org\/wp-content\/uploads\/2020\/06\/uli-pix.jpg"},"sameAs":["https:\/\/tonalibus.cyon.site"]}]}},"_links":{"self":[{"href":"https:\/\/tonalibus.org\/fr\/wp-json\/wp\/v2\/posts\/13204","targetHints":{"allow":["GET"]}}],"collection":[{"href":"https:\/\/tonalibus.org\/fr\/wp-json\/wp\/v2\/posts"}],"about":[{"href":"https:\/\/tonalibus.org\/fr\/wp-json\/wp\/v2\/types\/post"}],"author":[{"embeddable":true,"href":"https:\/\/tonalibus.org\/fr\/wp-json\/wp\/v2\/users\/1"}],"replies":[{"embeddable":true,"href":"https:\/\/tonalibus.org\/fr\/wp-json\/wp\/v2\/comments?post=13204"}],"version-history":[{"count":0,"href":"https:\/\/tonalibus.org\/fr\/wp-json\/wp\/v2\/posts\/13204\/revisions"}],"wp:attachment":[{"href":"https:\/\/tonalibus.org\/fr\/wp-json\/wp\/v2\/media?parent=13204"}],"wp:term":[{"taxonomy":"category","embeddable":true,"href":"https:\/\/tonalibus.org\/fr\/wp-json\/wp\/v2\/categories?post=13204"},{"taxonomy":"post_tag","embeddable":true,"href":"https:\/\/tonalibus.org\/fr\/wp-json\/wp\/v2\/tags?post=13204"}],"curies":[{"name":"wp","href":"https:\/\/api.w.org\/{rel}","templated":true}]}}