{"id":15973,"date":"2021-12-16T13:45:01","date_gmt":"2021-12-16T12:45:01","guid":{"rendered":"https:\/\/tonalibus.org\/?p=15973"},"modified":"2025-12-17T12:15:22","modified_gmt":"2025-12-17T11:15:22","slug":"december-2021-tonalibus-update","status":"publish","type":"post","link":"https:\/\/tonalibus.org\/fr\/2021\/12\/16\/december-2021-tonalibus-update\/","title":{"rendered":"Mise \u00e0 jour Tonalibus de d\u00e9cembre 2021"},"content":{"rendered":"<div class=\"wp-block-buttons is-horizontal is-content-justification-center is-layout-flex wp-container-core-buttons-is-layout-499968f5 wp-block-buttons-is-layout-flex\">\n<div class=\"wp-block-button is-style-outline is-style-outline--1\"><a class=\"wp-block-button__link wp-element-button\" href=\"#concert\">Invitation \u00e0 un concert <br>\u00e0 B\u00e2le le 10 f\u00e9vrier<\/a><\/div>\n\n\n\n<div class=\"wp-block-button is-style-outline is-style-outline--2\"><a class=\"wp-block-button__link wp-element-button\" href=\"#playlist\">Nouveaut\u00e9s du shop Fidibus :<br>Playlists gratuites<\/a><\/div>\n\n\n\n<div class=\"wp-block-button is-style-outline is-style-outline--3\"><a class=\"wp-block-button__link wp-element-button\" href=\"#catalogue\">Nouvelles Tonalibus : <br>Ach\u00e8vement du catalogue <\/a><\/div>\n\n\n\n<div class=\"wp-block-button is-style-outline is-style-outline--4\"><a class=\"wp-block-button__link wp-element-button\" href=\"#glossary\">Nouvelles Tonalibus : <br>Expansion du glossaire <\/a><\/div>\n\n\n\n<div class=\"wp-block-button is-style-outline is-style-outline--5\"><a class=\"wp-block-button__link wp-element-button\" href=\"#happy\">Citation Spiritualibus \u2013<br>Joyeuses f\u00eates et la meilleure 2022 !<\/a><\/div>\n<\/div>\n\n\n\n<div style=\"height:40px\" aria-hidden=\"true\" class=\"wp-block-spacer\"><\/div>\n\n\n\n<p class=\"has-text-color\" id=\"concert\" style=\"color:#f7b320\"><mark style=\"background-color:rgba(0, 0, 0, 0);color:#f7b320\" class=\"has-inline-color\">Cette mise \u00e0 jour Tonalibus de d\u00e9cembre 2021 lance une invitation \u00e0 un prochain concert \u00e0 B\u00e2le le 10 f\u00e9vrier. De plus, elle annonce la mise \u00e0 disposition dans le shop Fidibus de playlists pour une \u00e9coute continue gratuite. Enfin, elle \u00e9voque l'ach\u00e8vement du catalogue des tonalit\u00e9s et l'\u00e9largissement du glossaire. Enfin, une citation inspirante conclut cette mise \u00e0 jour Tonalibus.  <\/mark><\/p>\n\n\n\n<h2 class=\"wp-block-heading has-text-color\" id=\"invitation-to-a-cooperation-concert-in-basel-switzerland\" style=\"color:#f7b320\">Invitation \u00e0 un <strong><em>concert de coop\u00e9ration<\/em><\/strong> \u00e0 B\u00e2le, Suisse<\/h2>\n\n\n\n<div class=\"wp-block-group\"><div class=\"wp-block-group__inner-container is-layout-flow wp-block-group-is-layout-flow\">\n<div class=\"wp-block-columns are-vertically-aligned-bottom is-layout-flex wp-container-core-columns-is-layout-9d6595d7 wp-block-columns-is-layout-flex\">\n<div class=\"wp-block-column is-layout-flow wp-block-column-is-layout-flow\" style=\"flex-basis:25%\"><div class=\"wp-block-image is-style-rounded\">\n<figure class=\"alignright size-full is-resized\"><img loading=\"lazy\" decoding=\"async\" width=\"480\" height=\"531\" src=\"https:\/\/tonalibus.org\/wp-content\/uploads\/2022\/01\/Marcel-2022-02.jpg\" alt=\"\" class=\"wp-image-16457\" style=\"width:226px;height:182px\" srcset=\"https:\/\/tonalibus.org\/wp-content\/uploads\/2022\/01\/Marcel-2022-02.jpg 480w, https:\/\/tonalibus.org\/wp-content\/uploads\/2022\/01\/Marcel-2022-02-271x300.jpg 271w, https:\/\/tonalibus.org\/wp-content\/uploads\/2022\/01\/Marcel-2022-02-11x12.jpg 11w\" sizes=\"auto, (max-width: 480px) 100vw, 480px\" \/><\/figure>\n<\/div><\/div>\n\n\n\n<div class=\"wp-block-column is-layout-flow wp-block-column-is-layout-flow\" style=\"flex-basis:50%\">\n<p><\/p>\n\n\n\n<p class=\"has-text-align-center has-text-color\" style=\"color:#f7b320\">Troubadour <a href=\"https:\/\/www.marcelhaag.com\/\" target=\"_blank\" rel=\"noreferrer noopener\"><mark style=\"background-color:rgba(0, 0, 0, 0);color:#f7b320\" class=\"has-inline-color\">Marcel Haag<\/mark><\/a> <br>et <a href=\"https:\/\/tonalibus.org\/fr\/about-tonalibus\/ulrico\/\"><mark style=\"background-color:rgba(0, 0, 0, 0);color:#f7b320\" class=\"has-inline-color\">Ulrico<\/mark><\/a> de Tonalibus <\/p>\n\n\n\n<p class=\"has-text-align-center has-text-color\" style=\"color:#f7b320\">en<br><strong>C O N C E R T<\/strong><\/p>\n<\/div>\n\n\n\n<div class=\"wp-block-column is-layout-flow wp-block-column-is-layout-flow\" style=\"flex-basis:25%\"><div class=\"wp-block-image is-style-rounded\">\n<figure class=\"alignright size-full is-resized\"><img loading=\"lazy\" decoding=\"async\" width=\"482\" height=\"529\" src=\"https:\/\/tonalibus.org\/wp-content\/uploads\/2020\/06\/Kiental-2020-02.jpg\" alt=\"Kiental Ulrico\" class=\"wp-image-1350\" style=\"width:115px;height:126px\" srcset=\"https:\/\/tonalibus.org\/wp-content\/uploads\/2020\/06\/Kiental-2020-02.jpg 482w, https:\/\/tonalibus.org\/wp-content\/uploads\/2020\/06\/Kiental-2020-02-273x300.jpg 273w\" sizes=\"auto, (max-width: 482px) 100vw, 482px\" \/><\/figure>\n<\/div>\n\n\n<p><\/p>\n<\/div>\n<\/div>\n<\/div><\/div>\n\n\n\n<p class=\"has-text-align-center has-text-color\" style=\"color:#f7b320\">Jeudi, 10 f\u00e9vrier 2022, 19:30~21:30<br><a href=\"https:\/\/www.qtp-basel.ch\/quba\/\" target=\"_blank\" rel=\"noreferrer noopener\"><mark style=\"background-color:rgba(0, 0, 0, 0);color:#f7b320\" class=\"has-inline-color\">QuBa Quartierzentrum Bachletten<\/mark><\/a><br>Bachlettenstrasse 12, B\u00e2le<\/p>\n\n\n\n<p class=\"has-text-align-center has-text-color\" id=\"playlist\" style=\"color:#f7b320\">(Plus d'informations et les points forts du programme seront disponibles en janvier.)<\/p>\n\n\n\n<h2 class=\"wp-block-heading has-text-color\" id=\"fidibus-shop-news-free-playlists\" style=\"color:#f7b320\">Nouveaut\u00e9s du shop Fidibus :  <strong><em>Playlists gratuites<\/em><\/strong><\/h2>\n\n\n\n<div class=\"wp-block-media-text alignwide is-stacked-on-mobile\" style=\"grid-template-columns:18% auto\"><figure class=\"wp-block-media-text__media\"><img loading=\"lazy\" decoding=\"async\" width=\"1024\" height=\"752\" src=\"https:\/\/tonalibus.org\/wp-content\/uploads\/2021\/11\/IMG_5486x-min-1024x752.jpg\" alt=\"December 2021 Tonalibus update\" class=\"wp-image-14712 size-full\" srcset=\"https:\/\/tonalibus.org\/wp-content\/uploads\/2021\/11\/IMG_5486x-min-1024x752.jpg 1024w, https:\/\/tonalibus.org\/wp-content\/uploads\/2021\/11\/IMG_5486x-min-300x220.jpg 300w, https:\/\/tonalibus.org\/wp-content\/uploads\/2021\/11\/IMG_5486x-min-768x564.jpg 768w, https:\/\/tonalibus.org\/wp-content\/uploads\/2021\/11\/IMG_5486x-min-1536x1127.jpg 1536w, https:\/\/tonalibus.org\/wp-content\/uploads\/2021\/11\/IMG_5486x-min-16x12.jpg 16w, https:\/\/tonalibus.org\/wp-content\/uploads\/2021\/11\/IMG_5486x-min-1320x969.jpg 1320w, https:\/\/tonalibus.org\/wp-content\/uploads\/2021\/11\/IMG_5486x-min.jpg 2015w\" sizes=\"auto, (max-width: 706px) 89vw, (max-width: 767px) 82vw, 740px\" \/><\/figure><div class=\"wp-block-media-text__content\">\n<p class=\"has-text-color has-normal-font-size\" style=\"color:#f7b320\"><a href=\"https:\/\/tonalibus.org\/fr\/shop\/playlists\/\"><mark style=\"background-color:rgba(0, 0, 0, 0);color:#f7b320\" class=\"has-inline-color\">playlists Tonalibus<\/mark><\/a> offrent la possibilit\u00e9 d'\u00e9couter continuellement et de t\u00e9l\u00e9charger des pi\u00e8ces individuels, facilement et gratuitement. Syntonisez-vous et savourez !   <\/p>\n\n\n\n<p class=\"has-text-color has-normal-font-size\" style=\"color:#f7b320\">Les playlists propos\u00e9es en ce moment dans le <a href=\"https:\/\/tonalibus.org\/fr\/shop\/\"><mark style=\"background-color:rgba(0, 0, 0, 0);color:#f7b320\" class=\"has-inline-color\">Shop Fidibus<\/mark><\/a> sont :  <\/p>\n<\/div><\/div>\n\n\n\n<ol style=\"color:#f7b320\" id=\"catalogue\" class=\"wp-block-list has-text-color\">\n<li><em><strong>La haute montagne en feu, lumi\u00e8re et son<\/strong><\/em> \u2014 <a href=\"https:\/\/tonalibus.org\/fr\/shop\/playlists\/#d\"><span style=\"color:#f7b320\" class=\"has-inline-color\">playlist Tonalibus D<\/span><\/a> \u2013 jusqu'\u00e0 pr\u00e9sent : cinq nouvelles pi\u00e8ces, 33 minutes \u2013 un travail en cours, qui s'accumule comme la neige sur les montagnes<\/li>\n\n\n\n<li><em><strong>Surfer sur la cr\u00eate des vagues<\/strong><\/em> \u2014 <a href=\"https:\/\/tonalibus.org\/fr\/shop\/playlists\/#c\"><span style=\"color:#f7b320\" class=\"has-inline-color\">playlist Tonalibus C<\/span><\/a> \u2013 dix pi\u00e8ces, mi 2021, 67 minutes<\/li>\n\n\n\n<li><em><strong>Savourer le pr\u00e9sent<\/strong><\/em> \u2014 <a href=\"https:\/\/tonalibus.org\/fr\/shop\/playlists\/#b\"><span style=\"color:#f7b320\" class=\"has-inline-color\">playlist Tonalibus B<\/span><\/a> \u2013 neuf pi\u00e8ces, d\u00e9but 2021, 45 minutes<\/li>\n\n\n\n<li><em><strong>La joie cr\u00e9ative d'une nouvelle vie<\/strong><\/em> \u2014 <a href=\"https:\/\/tonalibus.org\/fr\/shop\/playlists\/#a\"><span style=\"color:#f7b320\" class=\"has-inline-color\">playlist Tonalibus A<\/span><\/a> \u2013 douze pi\u00e8ces, 2020, 39 minutes<\/li>\n<\/ol>\n\n\n\n<h2 class=\"wp-block-heading has-text-color\" id=\"tonalibus-news-catalogue-completion\" style=\"color:#f7b320\">Nouvelles Tonalibus :  <em><strong>Ach\u00e8vement du catalogue<\/strong><\/em>  <\/h2>\n\n\n\n<div class=\"wp-block-media-text alignwide is-stacked-on-mobile\" style=\"grid-template-columns:22% auto\"><figure class=\"wp-block-media-text__media\"><img loading=\"lazy\" decoding=\"async\" width=\"1024\" height=\"691\" src=\"https:\/\/tonalibus.org\/wp-content\/uploads\/2021\/11\/IMG_5798-xc-1024x691.jpg\" alt=\"December 2021 Tonalibus update\" class=\"wp-image-15571 size-full\" srcset=\"https:\/\/tonalibus.org\/wp-content\/uploads\/2021\/11\/IMG_5798-xc-1024x691.jpg 1024w, https:\/\/tonalibus.org\/wp-content\/uploads\/2021\/11\/IMG_5798-xc-300x202.jpg 300w, https:\/\/tonalibus.org\/wp-content\/uploads\/2021\/11\/IMG_5798-xc-768x518.jpg 768w, https:\/\/tonalibus.org\/wp-content\/uploads\/2021\/11\/IMG_5798-xc-1536x1036.jpg 1536w, https:\/\/tonalibus.org\/wp-content\/uploads\/2021\/11\/IMG_5798-xc-18x12.jpg 18w, https:\/\/tonalibus.org\/wp-content\/uploads\/2021\/11\/IMG_5798-xc-1320x890.jpg 1320w, https:\/\/tonalibus.org\/wp-content\/uploads\/2021\/11\/IMG_5798-xc.jpg 2016w\" sizes=\"auto, (max-width: 706px) 89vw, (max-width: 767px) 82vw, 740px\" \/><\/figure><div class=\"wp-block-media-text__content\">\n<p class=\"has-text-color has-normal-font-size\" style=\"color:#f7b320\">Le catalogue Tonalibus des tonalit\u00e9s ancr\u00e9es, apr\u00e8s tout, semble raisonnablement complet avec ses quatre-vingts entr\u00e9es. Un dernier ajout r\u00e9cent a \u00e9t\u00e9 la <a href=\"https:\/\/tonalibus.org\/fr\/tonalities\/pentatonalities\/tetrana-progression\/\"><mark style=\"background-color:rgba(0, 0, 0, 0);color:#f7b320\" class=\"has-inline-color\">Progression T\u00e9traNa<\/mark><\/a>. Outre la tonalit\u00e9 TetraNa annonc\u00e9e pr\u00e9c\u00e9demment, cette progression pr\u00e9sente les trois inversions TetraNa : Norcor, Locor, et Upcor.<\/p>\n<\/div><\/div>\n\n\n\n<figure class=\"wp-block-audio\"><audio controls src=\"https:\/\/tonalibus.org\/wp-content\/uploads\/2021\/12\/2021-12-13-TETRA-NORCOR-DOR-GBTs-sing.mp3\"><\/audio><figcaption class=\"wp-element-caption\"><mark style=\"background-color:rgba(0, 0, 0, 0);color:#f7b320\" class=\"has-inline-color\"><strong>\u201cInversion progression, from here to there and back\u201d<\/strong> \u2013 guitare \u00e0 8 cordes, basse, paire de cymbales tib\u00e9taines (<\/mark><a href=\"https:\/\/en.wikipedia.org\/wiki\/Tingsha\" target=\"_blank\" rel=\"noreferrer noopener\"><mark style=\"background-color:rgba(0, 0, 0, 0);color:#f7b320\" class=\"has-inline-color\">tingsha<\/mark><\/a><mark style=\"background-color:rgba(0, 0, 0, 0);color:#f7b320\" class=\"has-inline-color\">) \u2013<\/mark> <br><mark style=\"background-color:rgba(0, 0, 0, 0);color:#f7b320\" class=\"has-inline-color\">inversion TetraNa Norcor, progression \u00e0 Dorien via PentaMinLa \/ Pentabal et retour \u2013 7:26 \u2013 <\/mark><a href=\"https:\/\/tonalibus.org\/fr\/sounds\/winter-2021-2022\/winter-2021-2022-loops\/#late\" target=\"_blank\" rel=\"noreferrer noopener\"><mark style=\"background-color:rgba(0, 0, 0, 0);color:#f7b320\" class=\"has-inline-color\">en loop<\/mark><\/a><mark style=\"background-color:rgba(0, 0, 0, 0);color:#f7b320\" class=\"has-inline-color\"> sur un onglet s\u00e9par\u00e9 \u2013<\/mark> <mark style=\"background-color:rgba(0, 0, 0, 0);color:#f7b320\" class=\"has-inline-color\">visuels de progression TetraNa et \u00e9chantillons sonores simples que vous trouverez sur la page <\/mark><a href=\"https:\/\/tonalibus.org\/fr\/tonalities\/pentatonalities\/tetrana-progression\/\"><mark style=\"background-color:rgba(0, 0, 0, 0);color:#f7b320\" class=\"has-inline-color\">Progression T\u00e9traNa<\/mark><\/a><\/figcaption><\/figure>\n\n\n\n<p class=\"has-text-color\" style=\"color:#f7b320\">L'harmonie, c'est lorsque les oppos\u00e9s se rencontrent en unit\u00e9 et que les cercles se referment \u2013 tout en restant ouverts. La progression TetraNa en est un exemple tr\u00e8s visible dans sa relative simplicit\u00e9.<\/p>\n\n\n\n<p class=\"has-text-color\" style=\"color:#f7b320\"><a href=\"https:\/\/tonalibus.org\/fr\/tonalities\/pentatonalities\/tetrana\/\"><mark style=\"background-color:rgba(0, 0, 0, 0);color:#f7b320\" class=\"has-inline-color\">T\u00e9traNa<\/mark><\/a>, comme tetratonalit\u00e9, ne s'\u00e9tend que sur quatre hauteurs, la fondamentale et les trois premi\u00e8res harmoniques de la <a href=\"https:\/\/en.wikipedia.org\/wiki\/Harmonic_series_(music)\" target=\"_blank\" rel=\"noreferrer noopener\"><mark style=\"background-color:rgba(0, 0, 0, 0);color:#f7b320\" class=\"has-inline-color\">s\u00e9rie d'harmoniques<\/mark><\/a>. Cette progression enrichit le <a href=\"https:\/\/tonalibus.org\/fr\/tonalities\/\"><mark style=\"background-color:rgba(0, 0, 0, 0);color:#f7b320\" class=\"has-inline-color\">catalogue Tonalibus des tonalit\u00e9s<\/mark><\/a>, apr\u00e8s avoir atteint un nombre consid\u00e9rable d'entr\u00e9es. Elle unifie la base harmonique avec la progression de mod\u00e8les, compl\u00e8te et partielle, progressive et r\u00e9gressive, ainsi qu'ancr\u00e9e et, dans une certaine mesure, non ancr\u00e9e.<\/p>\n\n\n\n<p class=\"has-text-color\" id=\"glossary\" style=\"color:#f7b320\">L'harmonie, dans son sens le plus large, inclut et reste ouverte \u00e0 tout et \u00e0 tous. Cette progression repr\u00e9sente la mani\u00e8re dont le catalogue Tonalibus reste ouvert apr\u00e8s avoir atteint un certain niveau de compl\u00e9tude de quelque chose qui, dans sa totalit\u00e9, \u00e9chappera toujours \u00e0 la compr\u00e9hension humaine, sera toujours plus grand et ira plus loin \u2013 l'harmonie, ici dans son expression en tant que myriade de tonalit\u00e9s ancr\u00e9es.<\/p>\n\n\n\n<h2 class=\"wp-block-heading has-text-color\" id=\"tonalibus-news-glossary-expansion\" style=\"color:#f7b320\"> Nouvelles Tonalibus :  <strong><em>Expansion du glossaire<\/em><\/strong> <\/h2>\n\n\n\n<div class=\"wp-block-media-text alignwide is-stacked-on-mobile\" style=\"grid-template-columns:15% auto\"><figure class=\"wp-block-media-text__media\"><img loading=\"lazy\" decoding=\"async\" width=\"1024\" height=\"1024\" src=\"https:\/\/tonalibus.org\/wp-content\/uploads\/2021\/12\/20211203_071013970_iOS-xc-square-1024x1024.jpg\" alt=\"December 2021 Tonalibus update\" class=\"wp-image-15747 size-full\" srcset=\"https:\/\/tonalibus.org\/wp-content\/uploads\/2021\/12\/20211203_071013970_iOS-xc-square-1024x1024.jpg 1024w, https:\/\/tonalibus.org\/wp-content\/uploads\/2021\/12\/20211203_071013970_iOS-xc-square-300x300.jpg 300w, https:\/\/tonalibus.org\/wp-content\/uploads\/2021\/12\/20211203_071013970_iOS-xc-square-150x150.jpg 150w, https:\/\/tonalibus.org\/wp-content\/uploads\/2021\/12\/20211203_071013970_iOS-xc-square-768x769.jpg 768w, https:\/\/tonalibus.org\/wp-content\/uploads\/2021\/12\/20211203_071013970_iOS-xc-square-12x12.jpg 12w, https:\/\/tonalibus.org\/wp-content\/uploads\/2021\/12\/20211203_071013970_iOS-xc-square-100x100.jpg 100w, https:\/\/tonalibus.org\/wp-content\/uploads\/2021\/12\/20211203_071013970_iOS-xc-square-560x560.jpg 560w, https:\/\/tonalibus.org\/wp-content\/uploads\/2021\/12\/20211203_071013970_iOS-xc-square.jpg 1230w\" sizes=\"auto, (max-width: 706px) 89vw, (max-width: 767px) 82vw, 740px\" \/><\/figure><div class=\"wp-block-media-text__content\">\n<p class=\"has-text-color has-normal-font-size\" style=\"color:#f7b320\">La <a href=\"https:\/\/tonalibus.org\/fr\/concepts\/glossary\/glossaire-francais\/\"><mark style=\"background-color:rgba(0, 0, 0, 0);color:#f7b320\" class=\"has-inline-color\">glossaire<\/mark><\/a> d\u00e9finit les termes et noms fondamentaux et uniques utilis\u00e9s par Tonalibus. Il s'agit de la premi\u00e8re option sous <em>Concepts <\/em>dans le menu sup\u00e9rieur ou sur la <a href=\"https:\/\/tonalibus.org\/fr\/concepts\/\"><mark style=\"background-color:rgba(0, 0, 0, 0);color:#f7b320\" class=\"has-inline-color\">page Concepts<\/mark><\/a>. D\u00e9sormais, il inclut \u00e9galement les diff\u00e9rentes syllabes cl\u00e9s utilis\u00e9es par Tonalibus dans les noms de tonalit\u00e9s. Ainsi, un nom de tonalit\u00e9 peut exprimer la structure inh\u00e9rente de la tonalit\u00e9 correspondante.<\/p>\n<\/div><\/div>\n\n\n\n<p class=\"has-text-color\" id=\"happy\" style=\"color:#f7b320\">Les termes du glossaire sont class\u00e9s par ordre alphab\u00e9tique. Toutefois, cet ordre diff\u00e8re d'une langue \u00e0 l'autre. Ce site web affiche automatiquement la version correspondant \u00e0 la langue de votre syst\u00e8me ou \u00e0 votre situation g\u00e9ographique, par exemple avec les liens mentionn\u00e9s ci-dessus. Les liens suivants vous permettent toutefois de voir les diff\u00e9rentes versions du glossaire en fonction de la langue. Le <a href=\"https:\/\/tonalibus.org\/fr\/concepts\/glossary\/\"><mark style=\"background-color:rgba(0, 0, 0, 0);color:#f7b320\" class=\"has-inline-color\">glossaire en anglais<\/mark><\/a> se traduit en allemand, fran\u00e7ais et italien mais conserve l'ordre alphab\u00e9tique des termes en anglais. Alors que les versions du <a href=\"https:\/\/tonalibus.org\/fr\/concepts\/glossary\/glossar-deutsch\/\"><mark style=\"background-color:rgba(0, 0, 0, 0);color:#f7b320\" class=\"has-inline-color\">glossaire en allemand<\/mark><\/a>, <a href=\"https:\/\/tonalibus.org\/fr\/concepts\/glossary\/glossaire-francais\/\"><mark style=\"background-color:rgba(0, 0, 0, 0);color:#f7b320\" class=\"has-inline-color\">en fran\u00e7ais<\/mark><\/a>, et <a href=\"https:\/\/tonalibus.org\/fr\/concepts\/glossary\/glossario-italiano\/\"><mark style=\"background-color:rgba(0, 0, 0, 0);color:#f7b320\" class=\"has-inline-color\">en italien<\/mark><\/a> restent dans la langue donn\u00e9e et listent les termes dans l'ordre alphab\u00e9tique correspondant. <\/p>\n\n\n\n<h2 class=\"wp-block-heading has-text-color\" id=\"spiritualibus-quote\" style=\"color:#f7b320\"> Citation Spiritualibus<\/h2>\n\n\n\n<p class=\"has-text-color\" style=\"color:#f7b320\">\u201cLa nature essentielle des mots n'est donc pas \u00e9puis\u00e9e par leur signification actuelle, et leur importance ne se limite pas \u00e0 leur utilit\u00e9 en tant que transmetteurs de pens\u00e9es et d'id\u00e9es ; mais ils expriment, \u00e0 ce moment-l\u00e0, des qualit\u00e9s qui ne sont pas traduisibles en concepts. C'est comme une m\u00e9lodie qui, bien qu'elle soit associ\u00e9e \u00e0 un sens profond, ne peut \u00eatre d\u00e9crite par des mots ou par tout autre moyen d'expression. C'est cette qualit\u00e9 irrationnelle qui remue nos sentiments les plus profonds, \u00e9l\u00e8ve notre \u00eatre le plus intime, et le fait vibrer avec ceux avec qui nous sommes \u00e9troitement li\u00e9s en amour et au travail.\u201d<\/p>\n\n\n\n<p class=\"has-text-color\" style=\"color:#f7b320\">\u201c Tout ce qui est visible s'accroche \u00e0 l'invisible, l'audible \u00e0 l'inaudible, le tangible \u00e0 l'intangible, et, bien s\u00fbr, le pensable \u00e0 l'impensable. \u201d<\/p>\n\n\n\n<p class=\"has-text-color\" style=\"color:#f7b320\">\u2014 <em>The Shariyat-Ki-Sugmad, Books One &amp; Two<\/em>, Paul Twitchell, p. 414-415<\/p>\n\n\n\n<h2 class=\"wp-block-heading has-text-color\" id=\"happy-holidays-and-the-best-2022\" style=\"color:#f7b320\">Joyeuses f\u00eates et la meilleure 2022 !<\/h2>\n\n\n\n<figure class=\"wp-block-image size-large\"><img loading=\"lazy\" decoding=\"async\" width=\"1024\" height=\"257\" src=\"https:\/\/tonalibus.org\/wp-content\/uploads\/2021\/12\/Webp.net-compress-image2-1024x257.jpg\" alt=\"\" class=\"wp-image-16122\" srcset=\"https:\/\/tonalibus.org\/wp-content\/uploads\/2021\/12\/Webp.net-compress-image2-1024x257.jpg 1024w, https:\/\/tonalibus.org\/wp-content\/uploads\/2021\/12\/Webp.net-compress-image2-300x75.jpg 300w, https:\/\/tonalibus.org\/wp-content\/uploads\/2021\/12\/Webp.net-compress-image2-768x193.jpg 768w, https:\/\/tonalibus.org\/wp-content\/uploads\/2021\/12\/Webp.net-compress-image2-1536x386.jpg 1536w, https:\/\/tonalibus.org\/wp-content\/uploads\/2021\/12\/Webp.net-compress-image2-2048x514.jpg 2048w, https:\/\/tonalibus.org\/wp-content\/uploads\/2021\/12\/Webp.net-compress-image2-18x5.jpg 18w, https:\/\/tonalibus.org\/wp-content\/uploads\/2021\/12\/Webp.net-compress-image2-1320x332.jpg 1320w\" sizes=\"auto, (max-width: 706px) 89vw, (max-width: 767px) 82vw, 740px\" \/><figcaption class=\"wp-element-caption\">Le miracle du moment pr\u00e9sent \u2013 d\u00e9cembre 2021 \u2013 pr\u00e8s de Gr\u00e4chwil \/ Meikirch, Suisse<\/figcaption><\/figure>\n\n\n\n<p><\/p>","protected":false},"excerpt":{"rendered":"<p>Cette mise \u00e0 jour Tonalibus de d\u00e9cembre 2021 lance une invitation \u00e0 un prochain concert \u00e0 B\u00e2le le 10 f\u00e9vrier. De plus, elle annonce la mise \u00e0 disposition dans le shop Fidibus de playlists pour une \u00e9coute continue gratuite. Enfin, elle \u00e9voque l'ach\u00e8vement du catalogue des tonalit\u00e9s et l'\u00e9largissement du glossaire. Enfin, une citation inspirante conclut cette mise \u00e0 jour Tonalibus.<br \/>\n\u2026<\/p>","protected":false},"author":1,"featured_media":0,"comment_status":"closed","ping_status":"open","sticky":false,"template":"","format":"standard","meta":{"footnotes":""},"categories":[28,21,12,11,16],"tags":[],"class_list":["post-15973","post","type-post","status-publish","format-standard","hentry","category-2021-fidal","category-2021-tonal","category-fidibus","category-tonalibus","category-update"],"yoast_head":"<!-- This site is optimized with the Yoast SEO plugin v27.4 - https:\/\/yoast.com\/product\/yoast-seo-wordpress\/ -->\n<title>December 2021 Tonalibus update &#8211; TONALIBUS Harmony<\/title>\n<meta name=\"description\" content=\"This December 2021 Tonalibus update announces playlists, upcoming concerts, the completion of the tonalities catalogue, etc..\" \/>\n<meta name=\"robots\" content=\"index, follow, max-snippet:-1, max-image-preview:large, max-video-preview:-1\" \/>\n<link rel=\"canonical\" href=\"https:\/\/tonalibus.org\/fr\/2021\/12\/16\/december-2021-tonalibus-update\/\" \/>\n<meta property=\"og:locale\" content=\"fr_FR\" \/>\n<meta property=\"og:type\" content=\"article\" \/>\n<meta property=\"og:title\" content=\"December 2021 Tonalibus update &#8211; TONALIBUS Harmony\" \/>\n<meta property=\"og:description\" content=\"This December 2021 Tonalibus update announces playlists, upcoming concerts, the completion of the tonalities catalogue, etc..\" \/>\n<meta property=\"og:url\" content=\"https:\/\/tonalibus.org\/fr\/2021\/12\/16\/december-2021-tonalibus-update\/\" \/>\n<meta property=\"og:site_name\" content=\"TONALIBUS\" \/>\n<meta property=\"article:published_time\" content=\"2021-12-16T12:45:01+00:00\" \/>\n<meta property=\"article:modified_time\" content=\"2025-12-17T11:15:22+00:00\" \/>\n<meta property=\"og:image\" content=\"https:\/\/tonalibus.org\/wp-content\/uploads\/2022\/01\/Marcel-2022-02.jpg\" \/>\n\t<meta property=\"og:image:width\" content=\"480\" \/>\n\t<meta property=\"og:image:height\" content=\"531\" \/>\n\t<meta property=\"og:image:type\" content=\"image\/jpeg\" \/>\n<meta name=\"author\" content=\"Ulrico\" \/>\n<meta name=\"twitter:card\" content=\"summary_large_image\" \/>\n<meta name=\"twitter:label1\" content=\"\u00c9crit par\" \/>\n\t<meta name=\"twitter:data1\" content=\"Ulrico\" \/>\n\t<meta name=\"twitter:label2\" content=\"Dur\u00e9e de lecture estim\u00e9e\" \/>\n\t<meta name=\"twitter:data2\" content=\"5 minutes\" \/>\n<script type=\"application\/ld+json\" class=\"yoast-schema-graph\">{\"@context\":\"https:\\\/\\\/schema.org\",\"@graph\":[{\"@type\":\"Article\",\"@id\":\"https:\\\/\\\/tonalibus.org\\\/2021\\\/12\\\/16\\\/december-2021-tonalibus-update\\\/#article\",\"isPartOf\":{\"@id\":\"https:\\\/\\\/tonalibus.org\\\/2021\\\/12\\\/16\\\/december-2021-tonalibus-update\\\/\"},\"author\":{\"name\":\"Ulrico\",\"@id\":\"https:\\\/\\\/tonalibus.org\\\/de\\\/#\\\/schema\\\/person\\\/749261d7bc96d1f00127273f83ab96a4\"},\"headline\":\"December 2021 Tonalibus update\",\"datePublished\":\"2021-12-16T12:45:01+00:00\",\"dateModified\":\"2025-12-17T11:15:22+00:00\",\"mainEntityOfPage\":{\"@id\":\"https:\\\/\\\/tonalibus.org\\\/2021\\\/12\\\/16\\\/december-2021-tonalibus-update\\\/\"},\"wordCount\":778,\"publisher\":{\"@id\":\"https:\\\/\\\/tonalibus.org\\\/de\\\/#\\\/schema\\\/person\\\/749261d7bc96d1f00127273f83ab96a4\"},\"image\":{\"@id\":\"https:\\\/\\\/tonalibus.org\\\/2021\\\/12\\\/16\\\/december-2021-tonalibus-update\\\/#primaryimage\"},\"thumbnailUrl\":\"https:\\\/\\\/tonalibus.org\\\/wp-content\\\/uploads\\\/2022\\\/01\\\/Marcel-2022-02.jpg\",\"articleSection\":[\"2021 fidal\",\"2021 tonal\",\"Fidibus\",\"Tonalibus\",\"Update\"],\"inLanguage\":\"fr-FR\"},{\"@type\":\"WebPage\",\"@id\":\"https:\\\/\\\/tonalibus.org\\\/2021\\\/12\\\/16\\\/december-2021-tonalibus-update\\\/\",\"url\":\"https:\\\/\\\/tonalibus.org\\\/2021\\\/12\\\/16\\\/december-2021-tonalibus-update\\\/\",\"name\":\"December 2021 Tonalibus update &#8211; TONALIBUS Harmony\",\"isPartOf\":{\"@id\":\"https:\\\/\\\/tonalibus.org\\\/de\\\/#website\"},\"primaryImageOfPage\":{\"@id\":\"https:\\\/\\\/tonalibus.org\\\/2021\\\/12\\\/16\\\/december-2021-tonalibus-update\\\/#primaryimage\"},\"image\":{\"@id\":\"https:\\\/\\\/tonalibus.org\\\/2021\\\/12\\\/16\\\/december-2021-tonalibus-update\\\/#primaryimage\"},\"thumbnailUrl\":\"https:\\\/\\\/tonalibus.org\\\/wp-content\\\/uploads\\\/2022\\\/01\\\/Marcel-2022-02.jpg\",\"datePublished\":\"2021-12-16T12:45:01+00:00\",\"dateModified\":\"2025-12-17T11:15:22+00:00\",\"description\":\"This December 2021 Tonalibus update announces playlists, upcoming concerts, the completion of the tonalities catalogue, etc..\",\"breadcrumb\":{\"@id\":\"https:\\\/\\\/tonalibus.org\\\/2021\\\/12\\\/16\\\/december-2021-tonalibus-update\\\/#breadcrumb\"},\"inLanguage\":\"fr-FR\",\"potentialAction\":[{\"@type\":\"ReadAction\",\"target\":[\"https:\\\/\\\/tonalibus.org\\\/2021\\\/12\\\/16\\\/december-2021-tonalibus-update\\\/\"]}]},{\"@type\":\"ImageObject\",\"inLanguage\":\"fr-FR\",\"@id\":\"https:\\\/\\\/tonalibus.org\\\/2021\\\/12\\\/16\\\/december-2021-tonalibus-update\\\/#primaryimage\",\"url\":\"https:\\\/\\\/tonalibus.org\\\/wp-content\\\/uploads\\\/2022\\\/01\\\/Marcel-2022-02.jpg\",\"contentUrl\":\"https:\\\/\\\/tonalibus.org\\\/wp-content\\\/uploads\\\/2022\\\/01\\\/Marcel-2022-02.jpg\"},{\"@type\":\"BreadcrumbList\",\"@id\":\"https:\\\/\\\/tonalibus.org\\\/2021\\\/12\\\/16\\\/december-2021-tonalibus-update\\\/#breadcrumb\",\"itemListElement\":[{\"@type\":\"ListItem\",\"position\":1,\"name\":\"Home\",\"item\":\"https:\\\/\\\/tonalibus.org\\\/\"},{\"@type\":\"ListItem\",\"position\":2,\"name\":\"December 2021 Tonalibus update\"}]},{\"@type\":\"WebSite\",\"@id\":\"https:\\\/\\\/tonalibus.org\\\/de\\\/#website\",\"url\":\"https:\\\/\\\/tonalibus.org\\\/de\\\/\",\"name\":\"TONALIBUS\",\"description\":\"Anchored Harmony and Tonalities\",\"publisher\":{\"@id\":\"https:\\\/\\\/tonalibus.org\\\/de\\\/#\\\/schema\\\/person\\\/749261d7bc96d1f00127273f83ab96a4\"},\"potentialAction\":[{\"@type\":\"SearchAction\",\"target\":{\"@type\":\"EntryPoint\",\"urlTemplate\":\"https:\\\/\\\/tonalibus.org\\\/de\\\/?s={search_term_string}\"},\"query-input\":{\"@type\":\"PropertyValueSpecification\",\"valueRequired\":true,\"valueName\":\"search_term_string\"}}],\"inLanguage\":\"fr-FR\"},{\"@type\":[\"Person\",\"Organization\"],\"@id\":\"https:\\\/\\\/tonalibus.org\\\/de\\\/#\\\/schema\\\/person\\\/749261d7bc96d1f00127273f83ab96a4\",\"name\":\"Ulrico\",\"image\":{\"@type\":\"ImageObject\",\"inLanguage\":\"fr-FR\",\"@id\":\"https:\\\/\\\/tonalibus.org\\\/wp-content\\\/uploads\\\/2020\\\/06\\\/uli-pix.jpg\",\"url\":\"https:\\\/\\\/tonalibus.org\\\/wp-content\\\/uploads\\\/2020\\\/06\\\/uli-pix.jpg\",\"contentUrl\":\"https:\\\/\\\/tonalibus.org\\\/wp-content\\\/uploads\\\/2020\\\/06\\\/uli-pix.jpg\",\"width\":960,\"height\":720,\"caption\":\"Ulrico\"},\"logo\":{\"@id\":\"https:\\\/\\\/tonalibus.org\\\/wp-content\\\/uploads\\\/2020\\\/06\\\/uli-pix.jpg\"},\"sameAs\":[\"https:\\\/\\\/tonalibus.cyon.site\"]}]}<\/script>\n<!-- \/ Yoast SEO plugin. -->","yoast_head_json":{"title":"D\u00e9cembre 2021 Mise \u00e0 jour du Tonalibus - TONALIBUS Harmony","description":"Cette mise \u00e0 jour de d\u00e9cembre 2021 de Tonalibus annonce les listes de lecture, les concerts \u00e0 venir, l'ach\u00e8vement du catalogue des tonalit\u00e9s, etc.","robots":{"index":"index","follow":"follow","max-snippet":"max-snippet:-1","max-image-preview":"max-image-preview:large","max-video-preview":"max-video-preview:-1"},"canonical":"https:\/\/tonalibus.org\/fr\/2021\/12\/16\/december-2021-tonalibus-update\/","og_locale":"fr_FR","og_type":"article","og_title":"December 2021 Tonalibus update &#8211; TONALIBUS Harmony","og_description":"This December 2021 Tonalibus update announces playlists, upcoming concerts, the completion of the tonalities catalogue, etc..","og_url":"https:\/\/tonalibus.org\/fr\/2021\/12\/16\/december-2021-tonalibus-update\/","og_site_name":"TONALIBUS","article_published_time":"2021-12-16T12:45:01+00:00","article_modified_time":"2025-12-17T11:15:22+00:00","og_image":[{"width":480,"height":531,"url":"https:\/\/tonalibus.org\/wp-content\/uploads\/2022\/01\/Marcel-2022-02.jpg","type":"image\/jpeg"}],"author":"Ulrico","twitter_card":"summary_large_image","twitter_misc":{"\u00c9crit par":"Ulrico","Dur\u00e9e de lecture estim\u00e9e":"5 minutes"},"schema":{"@context":"https:\/\/schema.org","@graph":[{"@type":"Article","@id":"https:\/\/tonalibus.org\/2021\/12\/16\/december-2021-tonalibus-update\/#article","isPartOf":{"@id":"https:\/\/tonalibus.org\/2021\/12\/16\/december-2021-tonalibus-update\/"},"author":{"name":"Ulrico","@id":"https:\/\/tonalibus.org\/de\/#\/schema\/person\/749261d7bc96d1f00127273f83ab96a4"},"headline":"December 2021 Tonalibus update","datePublished":"2021-12-16T12:45:01+00:00","dateModified":"2025-12-17T11:15:22+00:00","mainEntityOfPage":{"@id":"https:\/\/tonalibus.org\/2021\/12\/16\/december-2021-tonalibus-update\/"},"wordCount":778,"publisher":{"@id":"https:\/\/tonalibus.org\/de\/#\/schema\/person\/749261d7bc96d1f00127273f83ab96a4"},"image":{"@id":"https:\/\/tonalibus.org\/2021\/12\/16\/december-2021-tonalibus-update\/#primaryimage"},"thumbnailUrl":"https:\/\/tonalibus.org\/wp-content\/uploads\/2022\/01\/Marcel-2022-02.jpg","articleSection":["2021 fidal","2021 tonal","Fidibus","Tonalibus","Update"],"inLanguage":"fr-FR"},{"@type":"WebPage","@id":"https:\/\/tonalibus.org\/2021\/12\/16\/december-2021-tonalibus-update\/","url":"https:\/\/tonalibus.org\/2021\/12\/16\/december-2021-tonalibus-update\/","name":"D\u00e9cembre 2021 Mise \u00e0 jour du Tonalibus - TONALIBUS Harmony","isPartOf":{"@id":"https:\/\/tonalibus.org\/de\/#website"},"primaryImageOfPage":{"@id":"https:\/\/tonalibus.org\/2021\/12\/16\/december-2021-tonalibus-update\/#primaryimage"},"image":{"@id":"https:\/\/tonalibus.org\/2021\/12\/16\/december-2021-tonalibus-update\/#primaryimage"},"thumbnailUrl":"https:\/\/tonalibus.org\/wp-content\/uploads\/2022\/01\/Marcel-2022-02.jpg","datePublished":"2021-12-16T12:45:01+00:00","dateModified":"2025-12-17T11:15:22+00:00","description":"Cette mise \u00e0 jour de d\u00e9cembre 2021 de Tonalibus annonce les listes de lecture, les concerts \u00e0 venir, l'ach\u00e8vement du catalogue des tonalit\u00e9s, etc.","breadcrumb":{"@id":"https:\/\/tonalibus.org\/2021\/12\/16\/december-2021-tonalibus-update\/#breadcrumb"},"inLanguage":"fr-FR","potentialAction":[{"@type":"ReadAction","target":["https:\/\/tonalibus.org\/2021\/12\/16\/december-2021-tonalibus-update\/"]}]},{"@type":"ImageObject","inLanguage":"fr-FR","@id":"https:\/\/tonalibus.org\/2021\/12\/16\/december-2021-tonalibus-update\/#primaryimage","url":"https:\/\/tonalibus.org\/wp-content\/uploads\/2022\/01\/Marcel-2022-02.jpg","contentUrl":"https:\/\/tonalibus.org\/wp-content\/uploads\/2022\/01\/Marcel-2022-02.jpg"},{"@type":"BreadcrumbList","@id":"https:\/\/tonalibus.org\/2021\/12\/16\/december-2021-tonalibus-update\/#breadcrumb","itemListElement":[{"@type":"ListItem","position":1,"name":"Home","item":"https:\/\/tonalibus.org\/"},{"@type":"ListItem","position":2,"name":"December 2021 Tonalibus update"}]},{"@type":"WebSite","@id":"https:\/\/tonalibus.org\/de\/#website","url":"https:\/\/tonalibus.org\/de\/","name":"TONALIBUS","description":"Harmonie et tonalit\u00e9s ancr\u00e9es","publisher":{"@id":"https:\/\/tonalibus.org\/de\/#\/schema\/person\/749261d7bc96d1f00127273f83ab96a4"},"potentialAction":[{"@type":"SearchAction","target":{"@type":"EntryPoint","urlTemplate":"https:\/\/tonalibus.org\/de\/?s={search_term_string}"},"query-input":{"@type":"PropertyValueSpecification","valueRequired":true,"valueName":"search_term_string"}}],"inLanguage":"fr-FR"},{"@type":["Person","Organization"],"@id":"https:\/\/tonalibus.org\/de\/#\/schema\/person\/749261d7bc96d1f00127273f83ab96a4","name":"Ulrico","image":{"@type":"ImageObject","inLanguage":"fr-FR","@id":"https:\/\/tonalibus.org\/wp-content\/uploads\/2020\/06\/uli-pix.jpg","url":"https:\/\/tonalibus.org\/wp-content\/uploads\/2020\/06\/uli-pix.jpg","contentUrl":"https:\/\/tonalibus.org\/wp-content\/uploads\/2020\/06\/uli-pix.jpg","width":960,"height":720,"caption":"Ulrico"},"logo":{"@id":"https:\/\/tonalibus.org\/wp-content\/uploads\/2020\/06\/uli-pix.jpg"},"sameAs":["https:\/\/tonalibus.cyon.site"]}]}},"_links":{"self":[{"href":"https:\/\/tonalibus.org\/fr\/wp-json\/wp\/v2\/posts\/15973","targetHints":{"allow":["GET"]}}],"collection":[{"href":"https:\/\/tonalibus.org\/fr\/wp-json\/wp\/v2\/posts"}],"about":[{"href":"https:\/\/tonalibus.org\/fr\/wp-json\/wp\/v2\/types\/post"}],"author":[{"embeddable":true,"href":"https:\/\/tonalibus.org\/fr\/wp-json\/wp\/v2\/users\/1"}],"replies":[{"embeddable":true,"href":"https:\/\/tonalibus.org\/fr\/wp-json\/wp\/v2\/comments?post=15973"}],"version-history":[{"count":1,"href":"https:\/\/tonalibus.org\/fr\/wp-json\/wp\/v2\/posts\/15973\/revisions"}],"predecessor-version":[{"id":38075,"href":"https:\/\/tonalibus.org\/fr\/wp-json\/wp\/v2\/posts\/15973\/revisions\/38075"}],"wp:attachment":[{"href":"https:\/\/tonalibus.org\/fr\/wp-json\/wp\/v2\/media?parent=15973"}],"wp:term":[{"taxonomy":"category","embeddable":true,"href":"https:\/\/tonalibus.org\/fr\/wp-json\/wp\/v2\/categories?post=15973"},{"taxonomy":"post_tag","embeddable":true,"href":"https:\/\/tonalibus.org\/fr\/wp-json\/wp\/v2\/tags?post=15973"}],"curies":[{"name":"wp","href":"https:\/\/api.w.org\/{rel}","templated":true}]}}