{"id":17758,"date":"2022-03-15T15:27:13","date_gmt":"2022-03-15T14:27:13","guid":{"rendered":"https:\/\/tonalibus.org\/?p=17758"},"modified":"2023-01-18T18:01:13","modified_gmt":"2023-01-18T17:01:13","slug":"february-march-2022-tonalibus-update","status":"publish","type":"post","link":"https:\/\/tonalibus.org\/fr\/2022\/03\/15\/february-march-2022-tonalibus-update\/","title":{"rendered":"Mise \u00e0 jour Tonalibus de f\u00e9vrier-mars 2022"},"content":{"rendered":"<div class=\"wp-block-buttons is-content-justification-center is-layout-flex wp-container-core-buttons-is-layout-16018d1d wp-block-buttons-is-layout-flex\">\n<div class=\"wp-block-button is-style-outline is-style-outline--1\"><a class=\"wp-block-button__link\" href=\"#playlist\">Nouvelles des playlists<\/a><\/div>\n\n\n\n<div class=\"wp-block-button is-style-outline is-style-outline--2\"><a class=\"wp-block-button__link\" href=\"#album\">Album de coop\u00e9ration<\/a><\/div>\n\n\n\n<div class=\"wp-block-button is-style-outline is-style-outline--3\"><a class=\"wp-block-button__link\" href=\"#concert\">R\u00e9sum\u00e9 du concert<\/a><\/div>\n\n\n\n<div class=\"wp-block-button is-style-outline is-style-outline--4\"><a class=\"wp-block-button__link\" href=\"#quotes\">Citations sur l'harmonie<\/a><\/div>\n<\/div>\n\n\n\n<div style=\"height:40px\" aria-hidden=\"true\" class=\"wp-block-spacer\"><\/div>\n\n\n\n<p class=\"has-text-color\" id=\"playlist\" style=\"color:#f7b320\">Cette mise \u00e0 jour Tonalibus de f\u00e9vrier-mars 2022 annonce la sortie mondiale de l'album <em>Tonalibus Cooperation A<\/em>. Mais tout d'abord, elle met en avant des playlists Tonalibus avec bien de nouveaux \u00e9chantillons sonores personnels. Ainsi, la playlist <em>Tonalibus D<\/em> est maintenant compl\u00e8te. De plus, la playlist <em>Tonalibus E<\/em> a connu un d\u00e9but tr\u00e8s d\u00e9cisif. Ensuite, il y a un r\u00e9capitulatif du concert de coop\u00e9ration du 10 f\u00e9vrier \u00e0 B\u00e2le. Enfin, cette mise \u00e0 jour se termine par des citations inspirantes concernant l'harmonie et un commentaire correspondant.<\/p>\n\n\n\n<h2 class=\"has-text-color wp-block-heading\" style=\"color:#f7b320\">Une playlist compl\u00e9t\u00e9e et une nouvelle dans le shop Fidibus<\/h2>\n\n\n\n<div style=\"height:10px\" aria-hidden=\"true\" class=\"wp-block-spacer\"><\/div>\n\n\n\n<div class=\"wp-block-media-text alignwide is-stacked-on-mobile\" style=\"grid-template-columns:24% auto\"><figure class=\"wp-block-media-text__media\"><img loading=\"lazy\" decoding=\"async\" width=\"1024\" height=\"1024\" src=\"https:\/\/tonalibus.org\/wp-content\/uploads\/2021\/12\/xc-square-comp-d-1024x1024.jpg\" alt=\"February-March 2022 Tonalibus update\" class=\"wp-image-15764 size-full\" srcset=\"https:\/\/tonalibus.org\/wp-content\/uploads\/2021\/12\/xc-square-comp-d-1024x1024.jpg 1024w, https:\/\/tonalibus.org\/wp-content\/uploads\/2021\/12\/xc-square-comp-d-300x300.jpg 300w, https:\/\/tonalibus.org\/wp-content\/uploads\/2021\/12\/xc-square-comp-d-150x150.jpg 150w, https:\/\/tonalibus.org\/wp-content\/uploads\/2021\/12\/xc-square-comp-d-768x769.jpg 768w, https:\/\/tonalibus.org\/wp-content\/uploads\/2021\/12\/xc-square-comp-d-12x12.jpg 12w, https:\/\/tonalibus.org\/wp-content\/uploads\/2021\/12\/xc-square-comp-d-100x100.jpg 100w, https:\/\/tonalibus.org\/wp-content\/uploads\/2021\/12\/xc-square-comp-d-560x560.jpg 560w, https:\/\/tonalibus.org\/wp-content\/uploads\/2021\/12\/xc-square-comp-d.jpg 1230w\" sizes=\"auto, (max-width: 706px) 89vw, (max-width: 767px) 82vw, 740px\" \/><\/figure><div class=\"wp-block-media-text__content\">\n<h3 class=\"has-text-color wp-block-heading\" style=\"color:#f7b320\">Ach\u00e8vement de la playlist <a href=\"https:\/\/tonalibus.org\/fr\/shop\/playlists\/#d\"><mark style=\"background-color:rgba(0, 0, 0, 0);color:#f7b320\" class=\"has-inline-color\"><em>Tonalibus D<\/em><\/mark><\/a><\/h3>\n\n\n\n<p class=\"has-text-color\" style=\"color:#f7b320\">Cette playlist <em>La haute montagne en feu, lumi\u00e8re et son<\/em> est maintenant comp\u00e8te avec 12 pi\u00e8ces couvrant 72 minutes de musique originale. \u201c Courage it takes \u201d et \u201c \u7121\u70ba Wu wei \u2013 contemplation \u201d sont issus des pr\u00e9paratifs du concert de coop\u00e9ration \u00e0 B\u00e2le, \u201c Blessings may be \u201d et \u201c Guggisb\u00e4rg-Melodie \u201d des enregistrements de concert live le 10 f\u00e9vrier. <\/p>\n<\/div><\/div>\n\n\n\n<div style=\"height:12px\" aria-hidden=\"true\" class=\"wp-block-spacer\"><\/div>\n\n\n\n<div class=\"wp-block-media-text alignwide is-stacked-on-mobile\" style=\"grid-template-columns:24% auto\"><figure class=\"wp-block-media-text__media\"><img loading=\"lazy\" decoding=\"async\" width=\"1024\" height=\"1024\" src=\"https:\/\/tonalibus.org\/wp-content\/uploads\/2022\/03\/xc-square-E-1024x1024.jpg\" alt=\"\" class=\"wp-image-18248 size-full\" srcset=\"https:\/\/tonalibus.org\/wp-content\/uploads\/2022\/03\/xc-square-E-1024x1024.jpg 1024w, https:\/\/tonalibus.org\/wp-content\/uploads\/2022\/03\/xc-square-E-300x300.jpg 300w, https:\/\/tonalibus.org\/wp-content\/uploads\/2022\/03\/xc-square-E-150x150.jpg 150w, https:\/\/tonalibus.org\/wp-content\/uploads\/2022\/03\/xc-square-E-768x769.jpg 768w, https:\/\/tonalibus.org\/wp-content\/uploads\/2022\/03\/xc-square-E-12x12.jpg 12w, https:\/\/tonalibus.org\/wp-content\/uploads\/2022\/03\/xc-square-E-100x100.jpg 100w, https:\/\/tonalibus.org\/wp-content\/uploads\/2022\/03\/xc-square-E-560x560.jpg 560w, https:\/\/tonalibus.org\/wp-content\/uploads\/2022\/03\/xc-square-E.jpg 1230w\" sizes=\"auto, (max-width: 706px) 89vw, (max-width: 767px) 82vw, 740px\" \/><\/figure><div class=\"wp-block-media-text__content\">\n<h3 class=\"has-text-color wp-block-heading\" style=\"color:#f7b320\">D\u00e9but d'une nouvelle playlist <a href=\"https:\/\/tonalibus.org\/fr\/shop\/playlists\/#e\"><mark style=\"background-color:rgba(0, 0, 0, 0);color:#f7b320\" class=\"has-inline-color\"><em>Tonalibus E<\/em><\/mark><\/a><\/h3>\n\n\n\n<p class=\"has-text-color\" style=\"color:#f7b320\">Cette playlist en pleine expansion <em>Libert\u00e9 du son et de l'harmonie<\/em> comprend d\u00e9j\u00e0 6 morceaux offrant 33 minutes de nouvelle musique. Ceci comprend deux \u00e9chantillons sonores de LydReach, un rythmique et l'autre calme, \u201c Happy birthday, Robin Hood ! \u201d, \u201c Thundering liberty and freedom \u201d, \u201c Bagisacro blues \u2013 dansons ! \u201d, et \u201c Tagicrosago \u2013 le cheval noir de W. A. Mathieu \u201d qui est propos\u00e9 comme \u00e9chantillon ci-dessous.<\/p>\n<\/div><\/div>\n\n\n\n<div style=\"height:10px\" aria-hidden=\"true\" class=\"wp-block-spacer\"><\/div>\n\n\n\n<figure class=\"wp-block-audio\"><audio controls src=\"https:\/\/tonalibus.org\/wp-content\/uploads\/2022\/03\/2022-03-10-PHRYGDORIAN-TAGICROSAGO-sing.mp3\"><\/audio><figcaption><mark style=\"background-color:rgba(0, 0, 0, 0);color:#f7b320\" class=\"has-inline-color\">\u201c Tagicrosago \u201d \u2013 <\/mark><a href=\"https:\/\/tonalibus.org\/fr\/tonalities\/clustered-or-melodic-heptatonalities\/phrygdorian\/\"><mark style=\"background-color:rgba(0, 0, 0, 0);color:#f7b320\" class=\"has-inline-color\">PhrygDorien<\/mark><\/a><mark style=\"background-color:rgba(0, 0, 0, 0);color:#f7b320\" class=\"has-inline-color\"> \u2013 tanpura, guitare \u00e0 8 cordes, crotales, scie musicale, gong \u2013 mars 2022 \u2013 5:45<\/mark><\/figcaption><\/figure>\n\n\n\n<div style=\"height:12px\" aria-hidden=\"true\" class=\"wp-block-spacer\"><\/div>\n\n\n\n<p class=\"has-text-color\" id=\"album\" style=\"color:#f7b320\">Les nouveaux titres mentionn\u00e9s ici sont \u00e9galement disponibles sous <mark style=\"background-color:rgba(0, 0, 0, 0);color:#f7b320\" class=\"has-inline-color\">Sons<\/mark>, individuellement et en loop. Les enregistrements qui concluent la playlist <em>Tonalibus D<\/em> ainsi que les deux nouveaux \u00e9chantillons de LydReach sont sous <a href=\"https:\/\/tonalibus.org\/fr\/sounds\/winter-2021-2022\/\"><mark style=\"background-color:rgba(0, 0, 0, 0);color:#f7b320\" class=\"has-inline-color\">Hiver 2021-2022<\/mark><\/a>. Alors que les autres enregistrements de la playlist <em>Tonalibus E<\/em> sont sous <a href=\"https:\/\/tonalibus.org\/fr\/sounds\/spring-2022\/\"><mark style=\"background-color:rgba(0, 0, 0, 0);color:#f7b320\" class=\"has-inline-color\">Printemps 2022<\/mark><\/a>. Et les \u00e9chantillons sonores de la coop\u00e9ration du d\u00e9but 2022 mentionn\u00e9s ci-dessous sont sous <a href=\"https:\/\/tonalibus.org\/fr\/sounds\/cooperation-2020-2021\/\"><mark style=\"background-color:rgba(0, 0, 0, 0);color:#f7b320\" class=\"has-inline-color\">Coop\u00e9ration 2020-2021<\/mark><\/a>.<\/p>\n\n\n\n<h2 class=\"has-text-color wp-block-heading\" style=\"color:#f7b320\">Sortie de l'album <em>Tonalibus Cooperation A<\/em><\/h2>\n\n\n\n<div class=\"wp-block-media-text alignwide is-stacked-on-mobile\" style=\"grid-template-columns:24% auto\"><figure class=\"wp-block-media-text__media\"><img loading=\"lazy\" decoding=\"async\" width=\"479\" height=\"479\" src=\"https:\/\/tonalibus.org\/wp-content\/uploads\/2022\/01\/IMG_3194-v-square.jpg\" alt=\"\" class=\"wp-image-16398 size-full\" srcset=\"https:\/\/tonalibus.org\/wp-content\/uploads\/2022\/01\/IMG_3194-v-square.jpg 479w, https:\/\/tonalibus.org\/wp-content\/uploads\/2022\/01\/IMG_3194-v-square-300x300.jpg 300w, https:\/\/tonalibus.org\/wp-content\/uploads\/2022\/01\/IMG_3194-v-square-150x150.jpg 150w, https:\/\/tonalibus.org\/wp-content\/uploads\/2022\/01\/IMG_3194-v-square-12x12.jpg 12w, https:\/\/tonalibus.org\/wp-content\/uploads\/2022\/01\/IMG_3194-v-square-100x100.jpg 100w\" sizes=\"auto, (max-width: 479px) 100vw, 479px\" \/><\/figure><div class=\"wp-block-media-text__content\">\n<h3 class=\"has-text-color wp-block-heading\" style=\"color:#f7b320\"><a href=\"https:\/\/bewegung-tanz-stimme.ch\/\" target=\"_blank\" rel=\"noreferrer noopener\"><mark style=\"background-color:rgba(0, 0, 0, 0);color:#f7b320\" class=\"has-inline-color\">Christina Braun<\/mark><\/a>, voix, &amp; Ulrico, instruments<\/h3>\n\n\n\n<p class=\"has-text-color\" style=\"color:#f7b320\">Comme annonc\u00e9 dans un pr\u00e9c\u00e9dent message du blog, <em>Cooperation A \u2013 l'album<\/em> est sorti sur les plateformes musicales mondiales le 22 f\u00e9vrier. Vous trouverez plus de d\u00e9tails \u00e0 ce sujet sous <a href=\"https:\/\/tonalibus.org\/fr\/shop\/cooperation-a-album\/\"><mark style=\"background-color:rgba(0, 0, 0, 0);color:#f7b320\" class=\"has-inline-color\">Cooperation A \u2013 album<\/mark><\/a> dans le shop Fidibus. Il pr\u00e9sente des improvisations spontan\u00e9es comme dans la playlist <em><a href=\"https:\/\/tonalibus.org\/fr\/shop\/playlists\/#ca\"><mark style=\"background-color:rgba(0, 0, 0, 0);color:#f7b320\" class=\"has-inline-color\">Cooperation A<\/mark><\/a><mark><mark style=\"background-color:rgba(0, 0, 0, 0);color:#f7b320\" class=\"has-inline-color\"><\/mark><\/mark><\/em>, dont les nouveaux \u201c Starry Sky \u201d et \u201c Heart in Misty Forest \u201d. Un \u00e9chantillon sonore est propos\u00e9 ci-dessous.<\/p>\n<\/div><\/div>\n\n\n\n<figure id=\"concert\" class=\"wp-block-audio\"><audio controls src=\"https:\/\/tonalibus.org\/wp-content\/uploads\/2022\/01\/2021-12-15-CB-CHEERFUL.mp3\"><\/audio><figcaption><mark style=\"background-color:rgba(0, 0, 0, 0);color:#f7b320\" class=\"has-inline-color\">\u201c Cheerful Hey, Hey ! \u2013 une danse joyeuse \u201d \u2013 <\/mark><a href=\"https:\/\/tonalibus.org\/fr\/tonalities\/diatonic-heptatonalities\/mixolydian\/\"><mark style=\"background-color:rgba(0, 0, 0, 0);color:#f7b320\" class=\"has-inline-color\">Mixolydien<\/mark><\/a><mark style=\"background-color:rgba(0, 0, 0, 0);color:#f7b320\" class=\"has-inline-color\"> \u2013 voix de Christina Braun \u2013 guitare \u00e0 8 cordes par Ulrico \u2013 5:18<\/mark><\/figcaption><\/figure>\n\n\n\n<h2 class=\"has-text-color wp-block-heading\" style=\"color:#f7b320\">Concert de coop\u00e9ration du 10 f\u00e9vrier \u2013 r\u00e9capitulatif<\/h2>\n\n\n\n<div style=\"height:12px\" aria-hidden=\"true\" class=\"wp-block-spacer\"><\/div>\n\n\n\n<div class=\"wp-block-columns is-layout-flex wp-container-core-columns-is-layout-9d6595d7 wp-block-columns-is-layout-flex\">\n<div class=\"wp-block-column is-layout-flow wp-block-column-is-layout-flow\" style=\"flex-basis:50%\">\n<div class=\"wp-block-image\"><figure class=\"aligncenter size-large is-resized\"><img loading=\"lazy\" decoding=\"async\" src=\"https:\/\/tonalibus.org\/wp-content\/uploads\/2022\/03\/20220210_074424788_iOS-xcomp-1024x768.jpg\" alt=\"\" class=\"wp-image-17872\" width=\"280\" height=\"210\" srcset=\"https:\/\/tonalibus.org\/wp-content\/uploads\/2022\/03\/20220210_074424788_iOS-xcomp-1024x768.jpg 1024w, https:\/\/tonalibus.org\/wp-content\/uploads\/2022\/03\/20220210_074424788_iOS-xcomp-300x225.jpg 300w, https:\/\/tonalibus.org\/wp-content\/uploads\/2022\/03\/20220210_074424788_iOS-xcomp-768x576.jpg 768w, https:\/\/tonalibus.org\/wp-content\/uploads\/2022\/03\/20220210_074424788_iOS-xcomp-1536x1152.jpg 1536w, https:\/\/tonalibus.org\/wp-content\/uploads\/2022\/03\/20220210_074424788_iOS-xcomp-2048x1536.jpg 2048w, https:\/\/tonalibus.org\/wp-content\/uploads\/2022\/03\/20220210_074424788_iOS-xcomp-16x12.jpg 16w, https:\/\/tonalibus.org\/wp-content\/uploads\/2022\/03\/20220210_074424788_iOS-xcomp-1320x990.jpg 1320w\" sizes=\"auto, (max-width: 280px) 100vw, 280px\" \/><figcaption><mark style=\"background-color:rgba(0, 0, 0, 0);color:#f7b320\" class=\"has-inline-color\">La voiture de concert emball\u00e9e jusqu'au toit<\/mark><\/figcaption><\/figure><\/div>\n<\/div>\n\n\n\n<div class=\"wp-block-column is-layout-flow wp-block-column-is-layout-flow\" style=\"flex-basis:50%\">\n<div class=\"wp-block-image\"><figure class=\"aligncenter size-large\"><img loading=\"lazy\" decoding=\"async\" width=\"1024\" height=\"607\" src=\"https:\/\/tonalibus.org\/wp-content\/uploads\/2022\/02\/20220210_183454996_iOS-cv-cmpd-1024x607.jpg\" alt=\"\" class=\"wp-image-17047\" srcset=\"https:\/\/tonalibus.org\/wp-content\/uploads\/2022\/02\/20220210_183454996_iOS-cv-cmpd-1024x607.jpg 1024w, https:\/\/tonalibus.org\/wp-content\/uploads\/2022\/02\/20220210_183454996_iOS-cv-cmpd-300x178.jpg 300w, https:\/\/tonalibus.org\/wp-content\/uploads\/2022\/02\/20220210_183454996_iOS-cv-cmpd-768x455.jpg 768w, https:\/\/tonalibus.org\/wp-content\/uploads\/2022\/02\/20220210_183454996_iOS-cv-cmpd-1536x911.jpg 1536w, https:\/\/tonalibus.org\/wp-content\/uploads\/2022\/02\/20220210_183454996_iOS-cv-cmpd-2048x1215.jpg 2048w, https:\/\/tonalibus.org\/wp-content\/uploads\/2022\/02\/20220210_183454996_iOS-cv-cmpd-18x12.jpg 18w, https:\/\/tonalibus.org\/wp-content\/uploads\/2022\/02\/20220210_183454996_iOS-cv-cmpd-1320x783.jpg 1320w\" sizes=\"auto, (max-width: 706px) 89vw, (max-width: 767px) 82vw, 740px\" \/><figcaption><mark style=\"background-color:rgba(0, 0, 0, 0);color:#f7b320\" class=\"has-inline-color\">La salle du concert de la coop\u00e9ration en action<\/mark><\/figcaption><\/figure><\/div>\n<\/div>\n<\/div>\n\n\n\n<div class=\"wp-block-columns is-layout-flex wp-container-core-columns-is-layout-9d6595d7 wp-block-columns-is-layout-flex\">\n<div class=\"wp-block-column is-layout-flow wp-block-column-is-layout-flow\" style=\"flex-basis:33.34%\">\n<figure class=\"wp-block-image size-large is-resized\"><img loading=\"lazy\" decoding=\"async\" src=\"https:\/\/tonalibus.org\/wp-content\/uploads\/2022\/02\/20220210_191726532_iOS-xcv-cmp-682x1024.jpg\" alt=\"\" class=\"wp-image-17123\" width=\"159\" height=\"240\" srcset=\"https:\/\/tonalibus.org\/wp-content\/uploads\/2022\/02\/20220210_191726532_iOS-xcv-cmp-682x1024.jpg 682w, https:\/\/tonalibus.org\/wp-content\/uploads\/2022\/02\/20220210_191726532_iOS-xcv-cmp-200x300.jpg 200w, https:\/\/tonalibus.org\/wp-content\/uploads\/2022\/02\/20220210_191726532_iOS-xcv-cmp-768x1154.jpg 768w, https:\/\/tonalibus.org\/wp-content\/uploads\/2022\/02\/20220210_191726532_iOS-xcv-cmp-1023x1536.jpg 1023w, https:\/\/tonalibus.org\/wp-content\/uploads\/2022\/02\/20220210_191726532_iOS-xcv-cmp-1363x2048.jpg 1363w, https:\/\/tonalibus.org\/wp-content\/uploads\/2022\/02\/20220210_191726532_iOS-xcv-cmp-8x12.jpg 8w, https:\/\/tonalibus.org\/wp-content\/uploads\/2022\/02\/20220210_191726532_iOS-xcv-cmp-1320x1983.jpg 1320w, https:\/\/tonalibus.org\/wp-content\/uploads\/2022\/02\/20220210_191726532_iOS-xcv-cmp-scaled.jpg 1704w\" sizes=\"auto, (max-width: 159px) 100vw, 159px\" \/><figcaption><mark style=\"background-color:rgba(0, 0, 0, 0);color:#f7b320\" class=\"has-inline-color\">Fretted vichitra v\u00een\u00e2<\/mark><\/figcaption><\/figure>\n<\/div>\n\n\n\n<div class=\"wp-block-column is-layout-flow wp-block-column-is-layout-flow\" style=\"flex-basis:33.34%\">\n<figure class=\"wp-block-image size-large is-resized\"><img loading=\"lazy\" decoding=\"async\" src=\"https:\/\/tonalibus.org\/wp-content\/uploads\/2022\/02\/20220210_181338108_iOS-xcv-cmp-768x1024.jpg\" alt=\"\" class=\"wp-image-17124\" width=\"180\" height=\"240\" srcset=\"https:\/\/tonalibus.org\/wp-content\/uploads\/2022\/02\/20220210_181338108_iOS-xcv-cmp-768x1024.jpg 768w, https:\/\/tonalibus.org\/wp-content\/uploads\/2022\/02\/20220210_181338108_iOS-xcv-cmp-225x300.jpg 225w, https:\/\/tonalibus.org\/wp-content\/uploads\/2022\/02\/20220210_181338108_iOS-xcv-cmp-1152x1536.jpg 1152w, https:\/\/tonalibus.org\/wp-content\/uploads\/2022\/02\/20220210_181338108_iOS-xcv-cmp-1536x2048.jpg 1536w, https:\/\/tonalibus.org\/wp-content\/uploads\/2022\/02\/20220210_181338108_iOS-xcv-cmp-9x12.jpg 9w, https:\/\/tonalibus.org\/wp-content\/uploads\/2022\/02\/20220210_181338108_iOS-xcv-cmp-1320x1760.jpg 1320w, https:\/\/tonalibus.org\/wp-content\/uploads\/2022\/02\/20220210_181338108_iOS-xcv-cmp-scaled.jpg 1920w\" sizes=\"auto, (max-width: 180px) 100vw, 180px\" \/><figcaption><mark style=\"background-color:rgba(0, 0, 0, 0);color:#f7b320\" class=\"has-inline-color\">guitare \u00e0 8 cordes<\/mark><\/figcaption><\/figure>\n<\/div>\n\n\n\n<div class=\"wp-block-column is-layout-flow wp-block-column-is-layout-flow\" style=\"flex-basis:33.33%\">\n<h3 class=\"has-text-color wp-block-heading\" style=\"color:#f7b320\"><em>Le jardin du bonheur \u2013<\/em><br><em>sons &amp; chansons<\/em><\/h3>\n\n\n\n<p class=\"has-text-color\" style=\"color:#f7b320\"><mark style=\"background-color:rgba(0, 0, 0, 0);color:#f7b320\" class=\"has-inline-color\">Concert de coop\u00e9ration <\/mark><br><mark style=\"background-color:rgba(0, 0, 0, 0);color:#f7b320\" class=\"has-inline-color\">avec Ulrico et <\/mark><br><a href=\"https:\/\/www.marcelhaag.com\/\" target=\"_blank\" rel=\"noreferrer noopener\"><mark style=\"background-color:rgba(0, 0, 0, 0);color:#f7b320\" class=\"has-inline-color\">Marcel Haag<\/mark><\/a><br>QuBa, B\u00e2le<br>10 f\u00e9vrier 2022<\/p>\n\n\n\n<p><a href=\"https:\/\/tonalibus.org\/fr\/2022\/02\/12\/in-the-happy-garden-sound-song\/\"><mark style=\"background-color:rgba(0, 0, 0, 0);color:#f7b320\" class=\"has-inline-color\">Message du blog r\u00e9capitulant le concert<\/mark><\/a><a href=\"https:\/\/tonalibus.org\/wp-content\/uploads\/2022\/03\/2022-02-10-QuBa-concert-1-1.pdf\" target=\"_blank\" rel=\"noreferrer noopener\"><mark style=\"background-color:rgba(0, 0, 0, 0);color:#f7b320\" class=\"has-inline-color\"><\/mark><\/a><\/p>\n<\/div>\n<\/div>\n\n\n\n<p class=\"has-text-color\" id=\"quotes\" style=\"color:#f7b320\">D'autres concerts dans diverses configurations de coop\u00e9ration sont en cours de planification. Un concert priv\u00e9 dans un salon avec Ulrico est pr\u00e9vu le 2 avril \u00e0 Liebefeld, dans la banlieue de Berne. <\/p>\n\n\n\n<h2 class=\"has-text-color wp-block-heading\" style=\"color:#f7b320\">Mise \u00e0 jour Tonalibus \u2013 des citations concernant l'harmonie<\/h2>\n\n\n\n<p class=\"has-text-color\" style=\"color:#f7b320\">\u201c En s'accordant \u00e0 un son, vous accordez votre espace, votre famille et votre voisinage. Il n'y a rien d'extravagant \u00e0 ce qu'il en soit ainsi. Vous placez l'\u00e9nergie de votre son dans <em>ce <\/em>monde, et l'\u00e9nergie de ce monde ne meurt pas ; au contraire, elle se transforme. Et tout ce en quoi elle se transforme porte avec elle pour toujours l'histoire de vos bonnes intentions. \u201d<\/p>\n\n\n\n<p class=\"has-text-color\" style=\"color:#f7b320\">Le terrain harmonique, \u201c m\u00eame s'il s'av\u00e8re impossible \u00e0 d\u00e9crire, il est n\u00e9anmoins <em>votre <\/em>terrain et il est \u00e9minemment possible de l'explorer. Un vrai musicien conna\u00eet le domaine int\u00e9rieur.<br>Le chant est la voie royale vers ce domaine int\u00e9rieur. Une fois que l'on y est entr\u00e9, on devient le cartographe. Vous nommez les gorges et les cha\u00eenes de montagnes, les vall\u00e9es cach\u00e9es, les rivi\u00e8res souterraines, l'innommable. Mais le plus \u00e9tonnant est que votre carte semble \u00eatre plus ou moins identique \u00e0 la mienne. (*) C'est pourquoi la musique relie des individus, des communaut\u00e9s, des cultures, et peut-\u00eatre un jour tout la population mondiale : Nous sommes plus identiques que diff\u00e9rents. Et pourtant, <em>vive la diff\u00e9rence<\/em>. Sans cela, la musique, comme l'\u00e9volution, aurait disparu depuis longtemps. \u201d<\/p>\n\n\n\n<p class=\"has-text-color\" style=\"color:#f7b320\">\u201c Traitez les syst\u00e8mes de d\u00e9nomination ... comme s'ils \u00e9taient vrais. Mais nous devons garder \u00e0 l'esprit qu'ils ne sont pas tout \u00e0 fait vrais. Il est essentiel de comprendre les limites des noms que nous utilisons. La demi-v\u00e9rit\u00e9 d'une structure dans notre esprit peut effectivement fermer nos oreilles \u00e0 la v\u00e9rit\u00e9 d'un son dans l'air. Des structures incompl\u00e8tes ou erron\u00e9es peuvent en fait nous \u00e9loigner de la subtilit\u00e9 que nous cherchons. ... D\u00e9sormais, nous aurons \u00e9t\u00e9 avertis, et pr\u00e9par\u00e9s aux vacillements et aux effondrements imminents. Nous les comprendrons et nous nous adapterons. \u201d<\/p>\n\n\n\n<p class=\"has-text-color\" style=\"color:#f7b320\">\u201c Il est puissant, en \u00e9coutant la musique des \u00e9trangers... de reconna\u00eetre les fils communs qui relient les r\u00e9sonances harmoniques de divers individus. Il ne s'agit pas d'une autorit\u00e9 personnelle mais du pouvoir collectif de l'\u00eatre humain. Que vous ayez ou non une formation musicale, vous ressentirez la puissance des r\u00e9sonances harmoniques. Mais lorsque vous \u00eates vous-m\u00eame capable de produire de tels sons, vous r\u00e9alisez la mani\u00e8re dont vous <em>\u00eates <\/em>cette force. \u201d<\/p>\n\n\n\n<p class=\"has-text-color\" style=\"color:#f7b320\">\u201c Les sons purs peuvent apprendre \u00e0 \u00eatre vivants dans votre corps. \u201d <\/p>\n\n\n\n<p class=\"has-text-color\" style=\"color:#f7b320\">\u2014 <em>Harmonic Experience<\/em>, W. A. Mathieu, p. 90, 94, 101, 129 et 131<\/p>\n\n\n\n<h2 class=\"has-text-color wp-block-heading\" style=\"color:#f7b320\">Mise \u00e0 jour Tonalibus de f\u00e9vrier-mars 2022 \u2013 conclusion<\/h2>\n\n\n\n<p class=\"has-text-color\" style=\"color:#f7b320\">(*) \u2013 En effet, la cartographie harmonique de W. A. Mathieu semble largement identique dans son essence \u00e0 celle de Tonalibus. Bien qu'il accorde beaucoup plus de poids \u00e0 la cinqui\u00e8me harmonique (la tierce majeure) et qu'il la place \u00e0 c\u00f4t\u00e9 de la troisi\u00e8me (la quinte) comme base de sa cartographie harmonique fondamentale et aussi la fait reposer sur elle. Tonalibus, par contre, s'en tient plus \u00e9troitement \u00e0 l'approche pythagoricienne pure, c'est-\u00e0-dire au cycle des quintes, et donne plus de poids \u00e0 la s\u00e9quence naturelle des harmoniques. N\u00e9anmoins, il est tr\u00e8s \u00e9vident que les vues sur l'harmonie sont ancr\u00e9s dans des points communs. Comme l'a dit Mathieu ci-dessus : \u201c Nous sommes plus semblables que diff\u00e9rents. Et pourtant, <em>vive la diff\u00e9rence<\/em>. \u201d Apr\u00e8s tout, il y a toujours beaucoup, beaucoup plus \u00e0 explorer et \u00e0 exp\u00e9rimenter dans l'harmonie, la vie et l'amour. \u2013 \ud83d\ude42<\/p>\n\n\n\n<div style=\"height:40px\" aria-hidden=\"true\" class=\"wp-block-spacer\"><\/div>\n\n\n\n<figure class=\"wp-block-image size-large\"><img loading=\"lazy\" decoding=\"async\" width=\"1024\" height=\"424\" src=\"https:\/\/tonalibus.org\/wp-content\/uploads\/2022\/03\/20220228_102900190_iOS-xcomp-1024x424.jpg\" alt=\"February-March 2022 Tonalibus update\" class=\"wp-image-17664\" srcset=\"https:\/\/tonalibus.org\/wp-content\/uploads\/2022\/03\/20220228_102900190_iOS-xcomp-1024x424.jpg 1024w, https:\/\/tonalibus.org\/wp-content\/uploads\/2022\/03\/20220228_102900190_iOS-xcomp-300x124.jpg 300w, https:\/\/tonalibus.org\/wp-content\/uploads\/2022\/03\/20220228_102900190_iOS-xcomp-768x318.jpg 768w, https:\/\/tonalibus.org\/wp-content\/uploads\/2022\/03\/20220228_102900190_iOS-xcomp-1536x636.jpg 1536w, https:\/\/tonalibus.org\/wp-content\/uploads\/2022\/03\/20220228_102900190_iOS-xcomp-2048x848.jpg 2048w, https:\/\/tonalibus.org\/wp-content\/uploads\/2022\/03\/20220228_102900190_iOS-xcomp-18x7.jpg 18w, https:\/\/tonalibus.org\/wp-content\/uploads\/2022\/03\/20220228_102900190_iOS-xcomp-1320x546.jpg 1320w\" sizes=\"auto, (max-width: 706px) 89vw, (max-width: 767px) 82vw, 740px\" \/><figcaption>Profil de l'ombre sur les rochers enneig\u00e9s dans un ruisseau de montagne \u2013 f\u00e9vrier 2022 \u2013 pont sur Kiene, Fulbrunni, Suisse <\/figcaption><\/figure>\n\n\n\n<p><\/p>","protected":false},"excerpt":{"rendered":"<p>Cette mise \u00e0 jour Tonalibus de f\u00e9vrier-mars 2022 annonce la sortie mondiale de l'album \u201c Tonalibus Cooperation A \u201d. Elle met en avant des playlists Tonalibus avec bien de nouveaux \u00e9chantillons sonores personnels. Il y a un r\u00e9capitulatif du concert de coop\u00e9ration du 10 f\u00e9vrier \u00e0 B\u00e2le. Enfin, cette mise \u00e0 jour se termine par des citations inspirantes concernant l'harmonie et un commentaire correspondant.<br \/>\n\u2026<\/p>","protected":false},"author":1,"featured_media":0,"comment_status":"closed","ping_status":"open","sticky":false,"template":"","format":"standard","meta":{"footnotes":""},"categories":[29,20,12,11,16],"tags":[],"class_list":["post-17758","post","type-post","status-publish","format-standard","hentry","category-2022-fidal","category-2022-tonal","category-fidibus","category-tonalibus","category-update"],"yoast_head":"<!-- This site is optimized with the Yoast SEO plugin v27.5 - https:\/\/yoast.com\/product\/yoast-seo-wordpress\/ -->\n<title>February-March 2022 Tonalibus update &#8211; TONALIBUS Harmony<\/title>\n<meta name=\"description\" content=\"The February-March 2022 Tonalibus update highlights the global release of the album Tonalibus Cooperation A and new Tonalibus playlists.\" \/>\n<meta name=\"robots\" content=\"index, follow, max-snippet:-1, max-image-preview:large, max-video-preview:-1\" \/>\n<link rel=\"canonical\" href=\"https:\/\/tonalibus.org\/fr\/2022\/03\/15\/february-march-2022-tonalibus-update\/\" \/>\n<meta property=\"og:locale\" content=\"fr_FR\" \/>\n<meta property=\"og:type\" content=\"article\" \/>\n<meta property=\"og:title\" content=\"February-March 2022 Tonalibus update &#8211; TONALIBUS Harmony\" \/>\n<meta property=\"og:description\" content=\"The February-March 2022 Tonalibus update highlights the global release of the album Tonalibus Cooperation A and new Tonalibus playlists.\" \/>\n<meta property=\"og:url\" content=\"https:\/\/tonalibus.org\/fr\/2022\/03\/15\/february-march-2022-tonalibus-update\/\" \/>\n<meta property=\"og:site_name\" content=\"TONALIBUS\" \/>\n<meta property=\"article:published_time\" content=\"2022-03-15T14:27:13+00:00\" \/>\n<meta property=\"article:modified_time\" content=\"2023-01-18T17:01:13+00:00\" \/>\n<meta property=\"og:image\" content=\"https:\/\/tonalibus.org\/wp-content\/uploads\/2021\/12\/xc-square-comp-d-1024x1024.jpg\" \/>\n<meta name=\"author\" content=\"Ulrico\" \/>\n<meta name=\"twitter:card\" content=\"summary_large_image\" \/>\n<meta name=\"twitter:label1\" content=\"\u00c9crit par\" \/>\n\t<meta name=\"twitter:data1\" content=\"Ulrico\" \/>\n\t<meta name=\"twitter:label2\" content=\"Dur\u00e9e de lecture estim\u00e9e\" \/>\n\t<meta name=\"twitter:data2\" content=\"6 minutes\" \/>\n<script type=\"application\/ld+json\" class=\"yoast-schema-graph\">{\"@context\":\"https:\\\/\\\/schema.org\",\"@graph\":[{\"@type\":\"Article\",\"@id\":\"https:\\\/\\\/tonalibus.org\\\/it\\\/2022\\\/03\\\/15\\\/february-march-2022-tonalibus-update\\\/#article\",\"isPartOf\":{\"@id\":\"https:\\\/\\\/tonalibus.org\\\/it\\\/2022\\\/03\\\/15\\\/february-march-2022-tonalibus-update\\\/\"},\"author\":{\"name\":\"Ulrico\",\"@id\":\"https:\\\/\\\/tonalibus.org\\\/de\\\/#\\\/schema\\\/person\\\/749261d7bc96d1f00127273f83ab96a4\"},\"headline\":\"February-March 2022 Tonalibus update\",\"datePublished\":\"2022-03-15T14:27:13+00:00\",\"dateModified\":\"2023-01-18T17:01:13+00:00\",\"mainEntityOfPage\":{\"@id\":\"https:\\\/\\\/tonalibus.org\\\/it\\\/2022\\\/03\\\/15\\\/february-march-2022-tonalibus-update\\\/\"},\"wordCount\":937,\"publisher\":{\"@id\":\"https:\\\/\\\/tonalibus.org\\\/de\\\/#\\\/schema\\\/person\\\/749261d7bc96d1f00127273f83ab96a4\"},\"image\":{\"@id\":\"https:\\\/\\\/tonalibus.org\\\/it\\\/2022\\\/03\\\/15\\\/february-march-2022-tonalibus-update\\\/#primaryimage\"},\"thumbnailUrl\":\"https:\\\/\\\/tonalibus.org\\\/wp-content\\\/uploads\\\/2021\\\/12\\\/xc-square-comp-d-1024x1024.jpg\",\"articleSection\":[\"2022 fidal\",\"2022 tonal\",\"Fidibus\",\"Tonalibus\",\"Update\"],\"inLanguage\":\"fr-FR\"},{\"@type\":\"WebPage\",\"@id\":\"https:\\\/\\\/tonalibus.org\\\/it\\\/2022\\\/03\\\/15\\\/february-march-2022-tonalibus-update\\\/\",\"url\":\"https:\\\/\\\/tonalibus.org\\\/it\\\/2022\\\/03\\\/15\\\/february-march-2022-tonalibus-update\\\/\",\"name\":\"February-March 2022 Tonalibus update &#8211; TONALIBUS Harmony\",\"isPartOf\":{\"@id\":\"https:\\\/\\\/tonalibus.org\\\/de\\\/#website\"},\"primaryImageOfPage\":{\"@id\":\"https:\\\/\\\/tonalibus.org\\\/it\\\/2022\\\/03\\\/15\\\/february-march-2022-tonalibus-update\\\/#primaryimage\"},\"image\":{\"@id\":\"https:\\\/\\\/tonalibus.org\\\/it\\\/2022\\\/03\\\/15\\\/february-march-2022-tonalibus-update\\\/#primaryimage\"},\"thumbnailUrl\":\"https:\\\/\\\/tonalibus.org\\\/wp-content\\\/uploads\\\/2021\\\/12\\\/xc-square-comp-d-1024x1024.jpg\",\"datePublished\":\"2022-03-15T14:27:13+00:00\",\"dateModified\":\"2023-01-18T17:01:13+00:00\",\"description\":\"The February-March 2022 Tonalibus update highlights the global release of the album Tonalibus Cooperation A and new Tonalibus playlists.\",\"breadcrumb\":{\"@id\":\"https:\\\/\\\/tonalibus.org\\\/it\\\/2022\\\/03\\\/15\\\/february-march-2022-tonalibus-update\\\/#breadcrumb\"},\"inLanguage\":\"fr-FR\",\"potentialAction\":[{\"@type\":\"ReadAction\",\"target\":[\"https:\\\/\\\/tonalibus.org\\\/it\\\/2022\\\/03\\\/15\\\/february-march-2022-tonalibus-update\\\/\"]}]},{\"@type\":\"ImageObject\",\"inLanguage\":\"fr-FR\",\"@id\":\"https:\\\/\\\/tonalibus.org\\\/it\\\/2022\\\/03\\\/15\\\/february-march-2022-tonalibus-update\\\/#primaryimage\",\"url\":\"https:\\\/\\\/tonalibus.org\\\/wp-content\\\/uploads\\\/2021\\\/12\\\/xc-square-comp-d-1024x1024.jpg\",\"contentUrl\":\"https:\\\/\\\/tonalibus.org\\\/wp-content\\\/uploads\\\/2021\\\/12\\\/xc-square-comp-d-1024x1024.jpg\"},{\"@type\":\"BreadcrumbList\",\"@id\":\"https:\\\/\\\/tonalibus.org\\\/it\\\/2022\\\/03\\\/15\\\/february-march-2022-tonalibus-update\\\/#breadcrumb\",\"itemListElement\":[{\"@type\":\"ListItem\",\"position\":1,\"name\":\"Home\",\"item\":\"https:\\\/\\\/tonalibus.org\\\/\"},{\"@type\":\"ListItem\",\"position\":2,\"name\":\"February-March 2022 Tonalibus update\"}]},{\"@type\":\"WebSite\",\"@id\":\"https:\\\/\\\/tonalibus.org\\\/de\\\/#website\",\"url\":\"https:\\\/\\\/tonalibus.org\\\/de\\\/\",\"name\":\"TONALIBUS\",\"description\":\"Anchored Harmony and Tonalities\",\"publisher\":{\"@id\":\"https:\\\/\\\/tonalibus.org\\\/de\\\/#\\\/schema\\\/person\\\/749261d7bc96d1f00127273f83ab96a4\"},\"potentialAction\":[{\"@type\":\"SearchAction\",\"target\":{\"@type\":\"EntryPoint\",\"urlTemplate\":\"https:\\\/\\\/tonalibus.org\\\/de\\\/?s={search_term_string}\"},\"query-input\":{\"@type\":\"PropertyValueSpecification\",\"valueRequired\":true,\"valueName\":\"search_term_string\"}}],\"inLanguage\":\"fr-FR\"},{\"@type\":[\"Person\",\"Organization\"],\"@id\":\"https:\\\/\\\/tonalibus.org\\\/de\\\/#\\\/schema\\\/person\\\/749261d7bc96d1f00127273f83ab96a4\",\"name\":\"Ulrico\",\"image\":{\"@type\":\"ImageObject\",\"inLanguage\":\"fr-FR\",\"@id\":\"https:\\\/\\\/tonalibus.org\\\/wp-content\\\/uploads\\\/2020\\\/06\\\/uli-pix.jpg\",\"url\":\"https:\\\/\\\/tonalibus.org\\\/wp-content\\\/uploads\\\/2020\\\/06\\\/uli-pix.jpg\",\"contentUrl\":\"https:\\\/\\\/tonalibus.org\\\/wp-content\\\/uploads\\\/2020\\\/06\\\/uli-pix.jpg\",\"width\":960,\"height\":720,\"caption\":\"Ulrico\"},\"logo\":{\"@id\":\"https:\\\/\\\/tonalibus.org\\\/wp-content\\\/uploads\\\/2020\\\/06\\\/uli-pix.jpg\"},\"sameAs\":[\"https:\\\/\\\/tonalibus.cyon.site\"]}]}<\/script>\n<!-- \/ Yoast SEO plugin. -->","yoast_head_json":{"title":"F\u00e9vrier-Mars 2022 Mise \u00e0 jour du Tonalibus - TONALIBUS Harmony","description":"La mise \u00e0 jour Tonalibus de f\u00e9vrier-mars 2022 met en avant la sortie mondiale de l'album Tonalibus Cooperation A et de nouvelles listes de lecture Tonalibus.","robots":{"index":"index","follow":"follow","max-snippet":"max-snippet:-1","max-image-preview":"max-image-preview:large","max-video-preview":"max-video-preview:-1"},"canonical":"https:\/\/tonalibus.org\/fr\/2022\/03\/15\/february-march-2022-tonalibus-update\/","og_locale":"fr_FR","og_type":"article","og_title":"February-March 2022 Tonalibus update &#8211; TONALIBUS Harmony","og_description":"The February-March 2022 Tonalibus update highlights the global release of the album Tonalibus Cooperation A and new Tonalibus playlists.","og_url":"https:\/\/tonalibus.org\/fr\/2022\/03\/15\/february-march-2022-tonalibus-update\/","og_site_name":"TONALIBUS","article_published_time":"2022-03-15T14:27:13+00:00","article_modified_time":"2023-01-18T17:01:13+00:00","og_image":[{"url":"https:\/\/tonalibus.org\/wp-content\/uploads\/2021\/12\/xc-square-comp-d-1024x1024.jpg","type":"","width":"","height":""}],"author":"Ulrico","twitter_card":"summary_large_image","twitter_misc":{"\u00c9crit par":"Ulrico","Dur\u00e9e de lecture estim\u00e9e":"6 minutes"},"schema":{"@context":"https:\/\/schema.org","@graph":[{"@type":"Article","@id":"https:\/\/tonalibus.org\/it\/2022\/03\/15\/february-march-2022-tonalibus-update\/#article","isPartOf":{"@id":"https:\/\/tonalibus.org\/it\/2022\/03\/15\/february-march-2022-tonalibus-update\/"},"author":{"name":"Ulrico","@id":"https:\/\/tonalibus.org\/de\/#\/schema\/person\/749261d7bc96d1f00127273f83ab96a4"},"headline":"February-March 2022 Tonalibus update","datePublished":"2022-03-15T14:27:13+00:00","dateModified":"2023-01-18T17:01:13+00:00","mainEntityOfPage":{"@id":"https:\/\/tonalibus.org\/it\/2022\/03\/15\/february-march-2022-tonalibus-update\/"},"wordCount":937,"publisher":{"@id":"https:\/\/tonalibus.org\/de\/#\/schema\/person\/749261d7bc96d1f00127273f83ab96a4"},"image":{"@id":"https:\/\/tonalibus.org\/it\/2022\/03\/15\/february-march-2022-tonalibus-update\/#primaryimage"},"thumbnailUrl":"https:\/\/tonalibus.org\/wp-content\/uploads\/2021\/12\/xc-square-comp-d-1024x1024.jpg","articleSection":["2022 fidal","2022 tonal","Fidibus","Tonalibus","Update"],"inLanguage":"fr-FR"},{"@type":"WebPage","@id":"https:\/\/tonalibus.org\/it\/2022\/03\/15\/february-march-2022-tonalibus-update\/","url":"https:\/\/tonalibus.org\/it\/2022\/03\/15\/february-march-2022-tonalibus-update\/","name":"F\u00e9vrier-Mars 2022 Mise \u00e0 jour du Tonalibus - TONALIBUS Harmony","isPartOf":{"@id":"https:\/\/tonalibus.org\/de\/#website"},"primaryImageOfPage":{"@id":"https:\/\/tonalibus.org\/it\/2022\/03\/15\/february-march-2022-tonalibus-update\/#primaryimage"},"image":{"@id":"https:\/\/tonalibus.org\/it\/2022\/03\/15\/february-march-2022-tonalibus-update\/#primaryimage"},"thumbnailUrl":"https:\/\/tonalibus.org\/wp-content\/uploads\/2021\/12\/xc-square-comp-d-1024x1024.jpg","datePublished":"2022-03-15T14:27:13+00:00","dateModified":"2023-01-18T17:01:13+00:00","description":"La mise \u00e0 jour Tonalibus de f\u00e9vrier-mars 2022 met en avant la sortie mondiale de l'album Tonalibus Cooperation A et de nouvelles listes de lecture Tonalibus.","breadcrumb":{"@id":"https:\/\/tonalibus.org\/it\/2022\/03\/15\/february-march-2022-tonalibus-update\/#breadcrumb"},"inLanguage":"fr-FR","potentialAction":[{"@type":"ReadAction","target":["https:\/\/tonalibus.org\/it\/2022\/03\/15\/february-march-2022-tonalibus-update\/"]}]},{"@type":"ImageObject","inLanguage":"fr-FR","@id":"https:\/\/tonalibus.org\/it\/2022\/03\/15\/february-march-2022-tonalibus-update\/#primaryimage","url":"https:\/\/tonalibus.org\/wp-content\/uploads\/2021\/12\/xc-square-comp-d-1024x1024.jpg","contentUrl":"https:\/\/tonalibus.org\/wp-content\/uploads\/2021\/12\/xc-square-comp-d-1024x1024.jpg"},{"@type":"BreadcrumbList","@id":"https:\/\/tonalibus.org\/it\/2022\/03\/15\/february-march-2022-tonalibus-update\/#breadcrumb","itemListElement":[{"@type":"ListItem","position":1,"name":"Home","item":"https:\/\/tonalibus.org\/"},{"@type":"ListItem","position":2,"name":"February-March 2022 Tonalibus update"}]},{"@type":"WebSite","@id":"https:\/\/tonalibus.org\/de\/#website","url":"https:\/\/tonalibus.org\/de\/","name":"TONALIBUS","description":"Harmonie et tonalit\u00e9s ancr\u00e9es","publisher":{"@id":"https:\/\/tonalibus.org\/de\/#\/schema\/person\/749261d7bc96d1f00127273f83ab96a4"},"potentialAction":[{"@type":"SearchAction","target":{"@type":"EntryPoint","urlTemplate":"https:\/\/tonalibus.org\/de\/?s={search_term_string}"},"query-input":{"@type":"PropertyValueSpecification","valueRequired":true,"valueName":"search_term_string"}}],"inLanguage":"fr-FR"},{"@type":["Person","Organization"],"@id":"https:\/\/tonalibus.org\/de\/#\/schema\/person\/749261d7bc96d1f00127273f83ab96a4","name":"Ulrico","image":{"@type":"ImageObject","inLanguage":"fr-FR","@id":"https:\/\/tonalibus.org\/wp-content\/uploads\/2020\/06\/uli-pix.jpg","url":"https:\/\/tonalibus.org\/wp-content\/uploads\/2020\/06\/uli-pix.jpg","contentUrl":"https:\/\/tonalibus.org\/wp-content\/uploads\/2020\/06\/uli-pix.jpg","width":960,"height":720,"caption":"Ulrico"},"logo":{"@id":"https:\/\/tonalibus.org\/wp-content\/uploads\/2020\/06\/uli-pix.jpg"},"sameAs":["https:\/\/tonalibus.cyon.site"]}]}},"_links":{"self":[{"href":"https:\/\/tonalibus.org\/fr\/wp-json\/wp\/v2\/posts\/17758","targetHints":{"allow":["GET"]}}],"collection":[{"href":"https:\/\/tonalibus.org\/fr\/wp-json\/wp\/v2\/posts"}],"about":[{"href":"https:\/\/tonalibus.org\/fr\/wp-json\/wp\/v2\/types\/post"}],"author":[{"embeddable":true,"href":"https:\/\/tonalibus.org\/fr\/wp-json\/wp\/v2\/users\/1"}],"replies":[{"embeddable":true,"href":"https:\/\/tonalibus.org\/fr\/wp-json\/wp\/v2\/comments?post=17758"}],"version-history":[{"count":0,"href":"https:\/\/tonalibus.org\/fr\/wp-json\/wp\/v2\/posts\/17758\/revisions"}],"wp:attachment":[{"href":"https:\/\/tonalibus.org\/fr\/wp-json\/wp\/v2\/media?parent=17758"}],"wp:term":[{"taxonomy":"category","embeddable":true,"href":"https:\/\/tonalibus.org\/fr\/wp-json\/wp\/v2\/categories?post=17758"},{"taxonomy":"post_tag","embeddable":true,"href":"https:\/\/tonalibus.org\/fr\/wp-json\/wp\/v2\/tags?post=17758"}],"curies":[{"name":"wp","href":"https:\/\/api.w.org\/{rel}","templated":true}]}}