{"id":19189,"date":"2022-06-13T17:08:10","date_gmt":"2022-06-13T15:08:10","guid":{"rendered":"https:\/\/tonalibus.org\/?p=19189"},"modified":"2023-03-22T10:33:10","modified_gmt":"2023-03-22T09:33:10","slug":"june-2022-tonalibus-update","status":"publish","type":"post","link":"https:\/\/tonalibus.org\/fr\/2022\/06\/13\/june-2022-tonalibus-update\/","title":{"rendered":"Mise \u00e0 jour Tonalibus de juin 2022"},"content":{"rendered":"<div style=\"height:16px\" aria-hidden=\"true\" class=\"wp-block-spacer\"><\/div>\n\n\n\n<p class=\"has-text-color\" style=\"color:#f7b320\">Cette mise \u00e0 jour Tonalibus de juin 2022 confirme la sortie du nouvel album \u201cTonalibus D &amp; E\u201d. Elle aborde \u00e9galement les playlists Tonalibus et l'option Sons du menu principal. Enfin, elle pr\u00e9sente quelques citations inspirantes sur l'harmonie et une image de conclusion.<\/p>\n\n\n\n<h2 class=\"has-text-color wp-block-heading\" style=\"color:#f7b320\">Le nuvel album \u201cTonalibus D &amp; E\u201d<\/h2>\n\n\n\n<div class=\"wp-block-media-text alignwide is-stacked-on-mobile\" style=\"grid-template-columns:20% auto\"><figure class=\"wp-block-media-text__media\"><img loading=\"lazy\" decoding=\"async\" width=\"1024\" height=\"1024\" src=\"https:\/\/tonalibus.org\/wp-content\/uploads\/2022\/03\/xc-square-DE-NOC-1024x1024.jpg\" alt=\"\" class=\"wp-image-18231 size-full\" srcset=\"https:\/\/tonalibus.org\/wp-content\/uploads\/2022\/03\/xc-square-DE-NOC-1024x1024.jpg 1024w, https:\/\/tonalibus.org\/wp-content\/uploads\/2022\/03\/xc-square-DE-NOC-300x300.jpg 300w, https:\/\/tonalibus.org\/wp-content\/uploads\/2022\/03\/xc-square-DE-NOC-150x150.jpg 150w, https:\/\/tonalibus.org\/wp-content\/uploads\/2022\/03\/xc-square-DE-NOC-768x769.jpg 768w, https:\/\/tonalibus.org\/wp-content\/uploads\/2022\/03\/xc-square-DE-NOC-12x12.jpg 12w, https:\/\/tonalibus.org\/wp-content\/uploads\/2022\/03\/xc-square-DE-NOC-100x100.jpg 100w, https:\/\/tonalibus.org\/wp-content\/uploads\/2022\/03\/xc-square-DE-NOC-560x560.jpg 560w, https:\/\/tonalibus.org\/wp-content\/uploads\/2022\/03\/xc-square-DE-NOC.jpg 1230w\" sizes=\"auto, (max-width: 706px) 89vw, (max-width: 767px) 82vw, 740px\" \/><\/figure><div class=\"wp-block-media-text__content\">\n<p class=\"has-text-color\" style=\"color:#f7b320\">Ce nouvel album est d\u00e9sormais disponible dans le monde entier sur des plateformes musicales telles que <a href=\"https:\/\/open.spotify.com\/artist\/3JiD2vdPrQKW5cQ1kzVUfR\" target=\"_blank\" rel=\"noreferrer noopener\"><mark style=\"background-color:rgba(0, 0, 0, 0);color:#f7b320\" class=\"has-inline-color\">Spotify<\/mark><\/a>, <a href=\"https:\/\/www.deezer.com\/artist\/136505382\" target=\"_blank\" rel=\"noreferrer noopener\"><mark style=\"background-color:rgba(0, 0, 0, 0);color:#f7b320\" class=\"has-inline-color\">Deezer<\/mark><\/a>, <a href=\"https:\/\/music.youtube.com\/channel\/UCihsJzyNwheaIF6_KHl7iPg\" target=\"_blank\" rel=\"noreferrer noopener\"><mark style=\"background-color:rgba(0, 0, 0, 0);color:#f7b320\" class=\"has-inline-color\">YouTube Music<\/mark><\/a><mark style=\"background-color:rgba(0, 0, 0, 0);color:#f7b320\" class=\"has-inline-color\">, <\/mark><a href=\"https:\/\/music.apple.com\/us\/artist\/ulrico\/1572759764\" target=\"_blank\" rel=\"noreferrer noopener\"><mark style=\"background-color:rgba(0, 0, 0, 0);color:#f7b320\" class=\"has-inline-color\">Apple Music<\/mark><\/a>, <a href=\"https:\/\/www.amazon.com\/s?k=tonalibus+music\" target=\"_blank\" rel=\"noreferrer noopener\"><mark style=\"background-color:rgba(0, 0, 0, 0);color:#f7b320\" class=\"has-inline-color\">Amazon<\/mark><\/a>, etc. Ces plateformes et d'autres sont list\u00e9es sur la page <a href=\"https:\/\/tonalibus.org\/fr\/shop\/tonalibus-d-e-album\/\"><em><mark style=\"background-color:rgba(0, 0, 0, 0);color:#f7b320\" class=\"has-inline-color\">Tonalibus D &amp; E \u2013 album<\/mark><\/em><\/a>. On y trouve \u00e9galement des d\u00e9tails sur ses vingt-sept titres exaltants. Ci-dessous en guise d'\u00e9chantillon, \u201c\u091a\u0948\u0924\u0928\u094d\u092f Chaitanya \u2013 blues\u201d.<\/p>\n<\/div><\/div>\n\n\n\n<figure class=\"wp-block-audio\"><audio controls src=\"https:\/\/tonalibus.org\/wp-content\/uploads\/2022\/01\/2022-01-17-VVVV-sing.mp3\"><\/audio><figcaption class=\"wp-element-caption\"><mark><mark style=\"background-color:rgba(0, 0, 0, 0);color:#f7b320\" class=\"has-inline-color\">\u201c\u091a\u0948\u0924\u0928\u094d\u092f Chaitanya \u2014 blues\u201d \u2013 Sol#\/G# <\/mark><a href=\"https:\/\/tonalibus.org\/fr\/tonalities\/diatonic-heptatonalities\/mixolydian\/\"><mark style=\"background-color:rgba(0, 0, 0, 0);color:#f7b320\" class=\"has-inline-color\">Mixolydien<\/mark><\/a><mark style=\"background-color:rgba(0, 0, 0, 0);color:#f7b320\" class=\"has-inline-color\"> avec R\u00e9#\/D# <\/mark><a href=\"https:\/\/tonalibus.org\/fr\/tonalities\/pentatonalities\/tetrana\/\"><mark style=\"background-color:rgba(0, 0, 0, 0);color:#f7b320\" class=\"has-inline-color\">T\u00e9traNa<\/mark><\/a><mark style=\"background-color:rgba(0, 0, 0, 0);color:#f7b320\" class=\"has-inline-color\"> \/ La#\/A# <\/mark><a href=\"https:\/\/tonalibus.org\/fr\/tonalities\/pentatonalities\/tetrana-progression\/\"><mark style=\"background-color:rgba(0, 0, 0, 0);color:#f7b320\" class=\"has-inline-color\">inversion Norcor<\/mark><\/a><mark style=\"background-color:rgba(0, 0, 0, 0);color:#f7b320\" class=\"has-inline-color\"> \u2013 fretted <\/mark><a href=\"https:\/\/fr.wikipedia.org\/wiki\/V\u00een\u00e2\" target=\"_blank\" rel=\"noreferrer noopener\"><mark style=\"background-color:rgba(0, 0, 0, 0);color:#f7b320\" class=\"has-inline-color\">vichitra v\u00een\u00e2<\/mark><\/a><mark style=\"background-color:rgba(0, 0, 0, 0);color:#f7b320\" class=\"has-inline-color\"> et double violon 3\/4 \u2013 janvier 2022 \u2013 9:47 \u2013 <\/mark><a href=\"https:\/\/tonalibus.org\/fr\/sounds\/winter-2021-2022\/winter-2021-2022-loops\/#early-2\" target=\"_blank\" rel=\"noreferrer noopener\"><mark style=\"background-color:rgba(0, 0, 0, 0);color:#f7b320\" class=\"has-inline-color\">en loop<\/mark><\/a><mark style=\"background-color:rgba(0, 0, 0, 0);color:#f7b320\" class=\"has-inline-color\"> sur un onglet s\u00e9par\u00e9<\/mark><\/mark><\/figcaption><\/figure>\n\n\n\n<h2 class=\"has-text-color wp-block-heading\" style=\"color:#f7b320\">Mise \u00e0 jour des playlists Tonalibus et Sons<\/h2>\n\n\n\n<div class=\"wp-block-media-text alignwide is-stacked-on-mobile\" style=\"grid-template-columns:20% auto\"><figure class=\"wp-block-media-text__media\"><img loading=\"lazy\" decoding=\"async\" width=\"1024\" height=\"1024\" src=\"https:\/\/tonalibus.org\/wp-content\/uploads\/2022\/03\/IMG_6294-cv-sqr-F-1024x1024.jpg\" alt=\"\" class=\"wp-image-18250 size-full\" srcset=\"https:\/\/tonalibus.org\/wp-content\/uploads\/2022\/03\/IMG_6294-cv-sqr-F-1024x1024.jpg 1024w, https:\/\/tonalibus.org\/wp-content\/uploads\/2022\/03\/IMG_6294-cv-sqr-F-300x300.jpg 300w, https:\/\/tonalibus.org\/wp-content\/uploads\/2022\/03\/IMG_6294-cv-sqr-F-150x150.jpg 150w, https:\/\/tonalibus.org\/wp-content\/uploads\/2022\/03\/IMG_6294-cv-sqr-F-768x768.jpg 768w, https:\/\/tonalibus.org\/wp-content\/uploads\/2022\/03\/IMG_6294-cv-sqr-F-12x12.jpg 12w, https:\/\/tonalibus.org\/wp-content\/uploads\/2022\/03\/IMG_6294-cv-sqr-F-100x100.jpg 100w, https:\/\/tonalibus.org\/wp-content\/uploads\/2022\/03\/IMG_6294-cv-sqr-F-560x560.jpg 560w, https:\/\/tonalibus.org\/wp-content\/uploads\/2022\/03\/IMG_6294-cv-sqr-F.jpg 1303w\" sizes=\"auto, (max-width: 706px) 89vw, (max-width: 767px) 82vw, 740px\" \/><\/figure><div class=\"wp-block-media-text__content\">\n<p class=\"has-text-color\" style=\"color:#f7b320\">Les playlists se trouvent maintenant principalement sous Sons. La playlist \u201c<a href=\"https:\/\/tonalibus.org\/fr\/sounds\/playlists\/#f\"><mark style=\"background-color:rgba(0, 0, 0, 0);color:#f7b320\" class=\"has-inline-color\">Tonalibus F<\/mark><\/a>\u201d offre d\u00e9j\u00e0 quatre nouveaux enregistrements, dont \u201cPhrygian HU\u201d \u2013 un blues m\u00e9ditatif (ci-dessous). Tous les titres des playlists sont \u00e9galement disponibles sous Sons, regroup\u00e9s par saison. R\u00e9cemment <a href=\"https:\/\/tonalibus.org\/fr\/sounds\/summer-2022\/\"><mark style=\"background-color:rgba(0, 0, 0, 0);color:#f7b320\" class=\"has-inline-color\">\u00c9t\u00e9 2022<\/mark><\/a> est apparu, puisque <a href=\"https:\/\/tonalibus.org\/fr\/sounds\/spring-2022\/\"><mark style=\"background-color:rgba(0, 0, 0, 0);color:#f7b320\" class=\"has-inline-color\">Printemps 2022<\/mark><\/a> est complet.<\/p>\n<\/div><\/div>\n\n\n\n<figure class=\"wp-block-audio\"><audio controls src=\"https:\/\/tonalibus.org\/wp-content\/uploads\/2022\/05\/2022-05-23-GGGTVCRO-sing.mp3\"><\/audio><figcaption class=\"wp-element-caption\"><mark style=\"background-color:rgba(0, 0, 0, 0);color:#f7b320\" class=\"has-inline-color\">\u201cPhrygian HU\u201d \u2013 <\/mark><mark><a href=\"https:\/\/tonalibus.org\/fr\/tonalities\/diatonic-heptatonalities\/phrygian\/\"><mark style=\"background-color:rgba(0, 0, 0, 0);color:#f7b320\" class=\"has-inline-color\">Phrygien<\/mark><\/a><mark style=\"background-color:rgba(0, 0, 0, 0);color:#f7b320\" class=\"has-inline-color\"> \u2013 multiple guitare \u00e0 8 cordes, voix, crotales, tampura \u2013 10:20 \u2013 <\/mark><a href=\"https:\/\/tonalibus.org\/fr\/sounds\/spring-2022-loops\/#phryghu\" target=\"_blank\" rel=\"noreferrer noopener\"><mark style=\"background-color:rgba(0, 0, 0, 0);color:#f7b320\" class=\"has-inline-color\">en loop<\/mark><\/a><mark style=\"background-color:rgba(0, 0, 0, 0);color:#f7b320\" class=\"has-inline-color\"> sur un onglet s\u00e9par\u00e9<\/mark><\/mark><\/figcaption><\/figure>\n\n\n\n<h2 class=\"has-text-color wp-block-heading\" style=\"color:#f7b320\">Un, deux, trois... en harmonie et en musique<\/h2>\n\n\n\n<p class=\"has-text-color\" style=\"color:#f7b320\">\u201cLao-Tseu, vers 600 avant notre \u00e8re, a \u00e9crit : \u2018Un a produit deux, deux a produit trois.\u2019 Un commentateur explique : \u2018Ces mots signifient que l'un a \u00e9t\u00e9 divis\u00e9 en Yin, le principe f\u00e9minin, et Yang, le principe masculin. Ces deux-l\u00e0 se sont unis, et de leur jonction est n\u00e9 un troisi\u00e8me, l'harmonie. L'esprit de l'harmonie, en se condensant, produit tous les \u00eatres.\u2019\u201d<\/p>\n\n\n\n<p class=\"has-text-color\" style=\"color:#f7b320\">\u201cEn effet, Pythagore, qui vivait en Gr\u00e8ce \u00e0 peu pr\u00e8s \u00e0 la m\u00eame \u00e9poque que Lao-Tseu en Chine, pensait que le triplement \u00e9tait le seul principe harmonique acceptable ; par cons\u00e9quent, le syst\u00e8me harmonique g\u00e9n\u00e9r\u00e9 par la composition des quintes et la r\u00e9duction des octaves est appel\u00e9 pythagoricien.\u201d<\/p>\n\n\n\n<p class=\"has-text-color\" style=\"color:#f7b320\">\u201cSol\/G vit entre Do\/C et R\u00e9\/D ... C'est une lumi\u00e8re qui s'allume \u00e0 l'int\u00e9rieur.\u201d<\/p>\n\n\n\n<p class=\"has-text-color\" style=\"color:#f7b320\">\u2014 <em>Harmonic Experience<\/em>, W. A. Mathieu, p. 34-36<\/p>\n\n\n\n<h2 class=\"has-text-color wp-block-heading\" style=\"color:#f7b320\">Image de la mise \u00e0 jour Tonalibus de juin 2022<\/h2>\n\n\n\n<figure class=\"wp-block-image size-large\"><img loading=\"lazy\" decoding=\"async\" width=\"1024\" height=\"576\" src=\"https:\/\/tonalibus.org\/wp-content\/uploads\/2022\/06\/20220501_054412084_iOS-2-1024x576.jpg\" alt=\"June 2022 Tonalibus update\" class=\"wp-image-19138\" srcset=\"https:\/\/tonalibus.org\/wp-content\/uploads\/2022\/06\/20220501_054412084_iOS-2-1024x576.jpg 1024w, https:\/\/tonalibus.org\/wp-content\/uploads\/2022\/06\/20220501_054412084_iOS-2-300x169.jpg 300w, https:\/\/tonalibus.org\/wp-content\/uploads\/2022\/06\/20220501_054412084_iOS-2-768x432.jpg 768w, https:\/\/tonalibus.org\/wp-content\/uploads\/2022\/06\/20220501_054412084_iOS-2-1536x864.jpg 1536w, https:\/\/tonalibus.org\/wp-content\/uploads\/2022\/06\/20220501_054412084_iOS-2-2048x1152.jpg 2048w, https:\/\/tonalibus.org\/wp-content\/uploads\/2022\/06\/20220501_054412084_iOS-2-18x10.jpg 18w, https:\/\/tonalibus.org\/wp-content\/uploads\/2022\/06\/20220501_054412084_iOS-2-1320x743.jpg 1320w\" sizes=\"auto, (max-width: 706px) 89vw, (max-width: 767px) 82vw, 740px\" \/><figcaption class=\"wp-element-caption\">Graines de pissenlit pr\u00eates \u00e0 \u00eatre transport\u00e9es par le vent dans le grand monde ouvert \u2013 mai 2022 \u2013 Gr\u00e4chwil, Suisse<\/figcaption><\/figure>","protected":false},"excerpt":{"rendered":"<p>Cette mise \u00e0 jour Tonalibus de juin 2022 confirme la sortie du nouvel album \u201cTonalibus D &amp; E\u201d. Elle aborde \u00e9galement les playlists Tonalibus et l'option Sons du menu principal. Enfin, elle pr\u00e9sente quelques citations inspirantes sur l'harmonie et une image de conclusion.<\/p>","protected":false},"author":1,"featured_media":0,"comment_status":"open","ping_status":"closed","sticky":false,"template":"","format":"standard","meta":{"footnotes":""},"categories":[29,20,12,11,16],"tags":[],"class_list":["post-19189","post","type-post","status-publish","format-standard","hentry","category-2022-fidal","category-2022-tonal","category-fidibus","category-tonalibus","category-update"],"yoast_head":"<!-- This site is optimized with the Yoast SEO plugin v27.5 - https:\/\/yoast.com\/product\/yoast-seo-wordpress\/ -->\n<title>June 2022 Tonalibus update &#8211; TONALIBUS Harmony and Tonalities<\/title>\n<meta name=\"description\" content=\"This June 2022 Tonalibus update touches on the global release of the new album &quot;Tonalibus D &amp; E&quot;, on Tonalibus playlists and Sounds.\" \/>\n<meta name=\"robots\" content=\"index, follow, max-snippet:-1, max-image-preview:large, max-video-preview:-1\" \/>\n<link rel=\"canonical\" href=\"https:\/\/tonalibus.org\/fr\/2022\/06\/13\/june-2022-tonalibus-update\/\" \/>\n<meta property=\"og:locale\" content=\"fr_FR\" \/>\n<meta property=\"og:type\" content=\"article\" \/>\n<meta property=\"og:title\" content=\"June 2022 Tonalibus update &#8211; TONALIBUS Harmony and Tonalities\" \/>\n<meta property=\"og:description\" content=\"This June 2022 Tonalibus update touches on the global release of the new album &quot;Tonalibus D &amp; E&quot;, on Tonalibus playlists and Sounds.\" \/>\n<meta property=\"og:url\" content=\"https:\/\/tonalibus.org\/fr\/2022\/06\/13\/june-2022-tonalibus-update\/\" \/>\n<meta property=\"og:site_name\" content=\"TONALIBUS\" \/>\n<meta property=\"article:published_time\" content=\"2022-06-13T15:08:10+00:00\" \/>\n<meta property=\"article:modified_time\" content=\"2023-03-22T09:33:10+00:00\" \/>\n<meta property=\"og:image\" content=\"https:\/\/tonalibus.org\/wp-content\/uploads\/2022\/03\/xc-square-DE-NOC-1024x1024.jpg\" \/>\n<meta name=\"author\" content=\"Ulrico\" \/>\n<meta name=\"twitter:card\" content=\"summary_large_image\" \/>\n<meta name=\"twitter:label1\" content=\"\u00c9crit par\" \/>\n\t<meta name=\"twitter:data1\" content=\"Ulrico\" \/>\n\t<meta name=\"twitter:label2\" content=\"Dur\u00e9e de lecture estim\u00e9e\" \/>\n\t<meta name=\"twitter:data2\" content=\"3 minutes\" \/>\n<script type=\"application\/ld+json\" class=\"yoast-schema-graph\">{\"@context\":\"https:\\\/\\\/schema.org\",\"@graph\":[{\"@type\":\"Article\",\"@id\":\"https:\\\/\\\/tonalibus.org\\\/de\\\/2022\\\/06\\\/13\\\/june-2022-tonalibus-update\\\/#article\",\"isPartOf\":{\"@id\":\"https:\\\/\\\/tonalibus.org\\\/de\\\/2022\\\/06\\\/13\\\/june-2022-tonalibus-update\\\/\"},\"author\":{\"name\":\"Ulrico\",\"@id\":\"https:\\\/\\\/tonalibus.org\\\/de\\\/#\\\/schema\\\/person\\\/749261d7bc96d1f00127273f83ab96a4\"},\"headline\":\"June 2022 Tonalibus update\",\"datePublished\":\"2022-06-13T15:08:10+00:00\",\"dateModified\":\"2023-03-22T09:33:10+00:00\",\"mainEntityOfPage\":{\"@id\":\"https:\\\/\\\/tonalibus.org\\\/de\\\/2022\\\/06\\\/13\\\/june-2022-tonalibus-update\\\/\"},\"wordCount\":334,\"commentCount\":2,\"publisher\":{\"@id\":\"https:\\\/\\\/tonalibus.org\\\/de\\\/#\\\/schema\\\/person\\\/749261d7bc96d1f00127273f83ab96a4\"},\"image\":{\"@id\":\"https:\\\/\\\/tonalibus.org\\\/de\\\/2022\\\/06\\\/13\\\/june-2022-tonalibus-update\\\/#primaryimage\"},\"thumbnailUrl\":\"https:\\\/\\\/tonalibus.org\\\/wp-content\\\/uploads\\\/2022\\\/03\\\/xc-square-DE-NOC-1024x1024.jpg\",\"articleSection\":[\"2022 fidal\",\"2022 tonal\",\"Fidibus\",\"Tonalibus\",\"Update\"],\"inLanguage\":\"fr-FR\",\"potentialAction\":[{\"@type\":\"CommentAction\",\"name\":\"Comment\",\"target\":[\"https:\\\/\\\/tonalibus.org\\\/de\\\/2022\\\/06\\\/13\\\/june-2022-tonalibus-update\\\/#respond\"]}]},{\"@type\":\"WebPage\",\"@id\":\"https:\\\/\\\/tonalibus.org\\\/de\\\/2022\\\/06\\\/13\\\/june-2022-tonalibus-update\\\/\",\"url\":\"https:\\\/\\\/tonalibus.org\\\/de\\\/2022\\\/06\\\/13\\\/june-2022-tonalibus-update\\\/\",\"name\":\"June 2022 Tonalibus update &#8211; TONALIBUS Harmony and Tonalities\",\"isPartOf\":{\"@id\":\"https:\\\/\\\/tonalibus.org\\\/de\\\/#website\"},\"primaryImageOfPage\":{\"@id\":\"https:\\\/\\\/tonalibus.org\\\/de\\\/2022\\\/06\\\/13\\\/june-2022-tonalibus-update\\\/#primaryimage\"},\"image\":{\"@id\":\"https:\\\/\\\/tonalibus.org\\\/de\\\/2022\\\/06\\\/13\\\/june-2022-tonalibus-update\\\/#primaryimage\"},\"thumbnailUrl\":\"https:\\\/\\\/tonalibus.org\\\/wp-content\\\/uploads\\\/2022\\\/03\\\/xc-square-DE-NOC-1024x1024.jpg\",\"datePublished\":\"2022-06-13T15:08:10+00:00\",\"dateModified\":\"2023-03-22T09:33:10+00:00\",\"description\":\"This June 2022 Tonalibus update touches on the global release of the new album \\\"Tonalibus D & E\\\", on Tonalibus playlists and Sounds.\",\"breadcrumb\":{\"@id\":\"https:\\\/\\\/tonalibus.org\\\/de\\\/2022\\\/06\\\/13\\\/june-2022-tonalibus-update\\\/#breadcrumb\"},\"inLanguage\":\"fr-FR\",\"potentialAction\":[{\"@type\":\"ReadAction\",\"target\":[\"https:\\\/\\\/tonalibus.org\\\/de\\\/2022\\\/06\\\/13\\\/june-2022-tonalibus-update\\\/\"]}]},{\"@type\":\"ImageObject\",\"inLanguage\":\"fr-FR\",\"@id\":\"https:\\\/\\\/tonalibus.org\\\/de\\\/2022\\\/06\\\/13\\\/june-2022-tonalibus-update\\\/#primaryimage\",\"url\":\"https:\\\/\\\/tonalibus.org\\\/wp-content\\\/uploads\\\/2022\\\/03\\\/xc-square-DE-NOC-1024x1024.jpg\",\"contentUrl\":\"https:\\\/\\\/tonalibus.org\\\/wp-content\\\/uploads\\\/2022\\\/03\\\/xc-square-DE-NOC-1024x1024.jpg\"},{\"@type\":\"BreadcrumbList\",\"@id\":\"https:\\\/\\\/tonalibus.org\\\/de\\\/2022\\\/06\\\/13\\\/june-2022-tonalibus-update\\\/#breadcrumb\",\"itemListElement\":[{\"@type\":\"ListItem\",\"position\":1,\"name\":\"Home\",\"item\":\"https:\\\/\\\/tonalibus.org\\\/\"},{\"@type\":\"ListItem\",\"position\":2,\"name\":\"June 2022 Tonalibus update\"}]},{\"@type\":\"WebSite\",\"@id\":\"https:\\\/\\\/tonalibus.org\\\/de\\\/#website\",\"url\":\"https:\\\/\\\/tonalibus.org\\\/de\\\/\",\"name\":\"TONALIBUS\",\"description\":\"Anchored Harmony and Tonalities\",\"publisher\":{\"@id\":\"https:\\\/\\\/tonalibus.org\\\/de\\\/#\\\/schema\\\/person\\\/749261d7bc96d1f00127273f83ab96a4\"},\"potentialAction\":[{\"@type\":\"SearchAction\",\"target\":{\"@type\":\"EntryPoint\",\"urlTemplate\":\"https:\\\/\\\/tonalibus.org\\\/de\\\/?s={search_term_string}\"},\"query-input\":{\"@type\":\"PropertyValueSpecification\",\"valueRequired\":true,\"valueName\":\"search_term_string\"}}],\"inLanguage\":\"fr-FR\"},{\"@type\":[\"Person\",\"Organization\"],\"@id\":\"https:\\\/\\\/tonalibus.org\\\/de\\\/#\\\/schema\\\/person\\\/749261d7bc96d1f00127273f83ab96a4\",\"name\":\"Ulrico\",\"image\":{\"@type\":\"ImageObject\",\"inLanguage\":\"fr-FR\",\"@id\":\"https:\\\/\\\/tonalibus.org\\\/wp-content\\\/uploads\\\/2020\\\/06\\\/uli-pix.jpg\",\"url\":\"https:\\\/\\\/tonalibus.org\\\/wp-content\\\/uploads\\\/2020\\\/06\\\/uli-pix.jpg\",\"contentUrl\":\"https:\\\/\\\/tonalibus.org\\\/wp-content\\\/uploads\\\/2020\\\/06\\\/uli-pix.jpg\",\"width\":960,\"height\":720,\"caption\":\"Ulrico\"},\"logo\":{\"@id\":\"https:\\\/\\\/tonalibus.org\\\/wp-content\\\/uploads\\\/2020\\\/06\\\/uli-pix.jpg\"},\"sameAs\":[\"https:\\\/\\\/tonalibus.cyon.site\"]}]}<\/script>\n<!-- \/ Yoast SEO plugin. -->","yoast_head_json":{"title":"Juin 2022 Mise \u00e0 jour du Tonalibus - TONALIBUS Harmonie et tonalit\u00e9s","description":"Cette mise \u00e0 jour du Tonalibus de juin 2022 porte sur la sortie mondiale du nouvel album \"Tonalibus D &amp; E\", sur les playlists et les sons du Tonalibus.","robots":{"index":"index","follow":"follow","max-snippet":"max-snippet:-1","max-image-preview":"max-image-preview:large","max-video-preview":"max-video-preview:-1"},"canonical":"https:\/\/tonalibus.org\/fr\/2022\/06\/13\/june-2022-tonalibus-update\/","og_locale":"fr_FR","og_type":"article","og_title":"June 2022 Tonalibus update &#8211; TONALIBUS Harmony and Tonalities","og_description":"This June 2022 Tonalibus update touches on the global release of the new album \"Tonalibus D & E\", on Tonalibus playlists and Sounds.","og_url":"https:\/\/tonalibus.org\/fr\/2022\/06\/13\/june-2022-tonalibus-update\/","og_site_name":"TONALIBUS","article_published_time":"2022-06-13T15:08:10+00:00","article_modified_time":"2023-03-22T09:33:10+00:00","og_image":[{"url":"https:\/\/tonalibus.org\/wp-content\/uploads\/2022\/03\/xc-square-DE-NOC-1024x1024.jpg","type":"","width":"","height":""}],"author":"Ulrico","twitter_card":"summary_large_image","twitter_misc":{"\u00c9crit par":"Ulrico","Dur\u00e9e de lecture estim\u00e9e":"3 minutes"},"schema":{"@context":"https:\/\/schema.org","@graph":[{"@type":"Article","@id":"https:\/\/tonalibus.org\/de\/2022\/06\/13\/june-2022-tonalibus-update\/#article","isPartOf":{"@id":"https:\/\/tonalibus.org\/de\/2022\/06\/13\/june-2022-tonalibus-update\/"},"author":{"name":"Ulrico","@id":"https:\/\/tonalibus.org\/de\/#\/schema\/person\/749261d7bc96d1f00127273f83ab96a4"},"headline":"June 2022 Tonalibus update","datePublished":"2022-06-13T15:08:10+00:00","dateModified":"2023-03-22T09:33:10+00:00","mainEntityOfPage":{"@id":"https:\/\/tonalibus.org\/de\/2022\/06\/13\/june-2022-tonalibus-update\/"},"wordCount":334,"commentCount":2,"publisher":{"@id":"https:\/\/tonalibus.org\/de\/#\/schema\/person\/749261d7bc96d1f00127273f83ab96a4"},"image":{"@id":"https:\/\/tonalibus.org\/de\/2022\/06\/13\/june-2022-tonalibus-update\/#primaryimage"},"thumbnailUrl":"https:\/\/tonalibus.org\/wp-content\/uploads\/2022\/03\/xc-square-DE-NOC-1024x1024.jpg","articleSection":["2022 fidal","2022 tonal","Fidibus","Tonalibus","Update"],"inLanguage":"fr-FR","potentialAction":[{"@type":"CommentAction","name":"Comment","target":["https:\/\/tonalibus.org\/de\/2022\/06\/13\/june-2022-tonalibus-update\/#respond"]}]},{"@type":"WebPage","@id":"https:\/\/tonalibus.org\/de\/2022\/06\/13\/june-2022-tonalibus-update\/","url":"https:\/\/tonalibus.org\/de\/2022\/06\/13\/june-2022-tonalibus-update\/","name":"Juin 2022 Mise \u00e0 jour du Tonalibus - TONALIBUS Harmonie et tonalit\u00e9s","isPartOf":{"@id":"https:\/\/tonalibus.org\/de\/#website"},"primaryImageOfPage":{"@id":"https:\/\/tonalibus.org\/de\/2022\/06\/13\/june-2022-tonalibus-update\/#primaryimage"},"image":{"@id":"https:\/\/tonalibus.org\/de\/2022\/06\/13\/june-2022-tonalibus-update\/#primaryimage"},"thumbnailUrl":"https:\/\/tonalibus.org\/wp-content\/uploads\/2022\/03\/xc-square-DE-NOC-1024x1024.jpg","datePublished":"2022-06-13T15:08:10+00:00","dateModified":"2023-03-22T09:33:10+00:00","description":"Cette mise \u00e0 jour du Tonalibus de juin 2022 porte sur la sortie mondiale du nouvel album \"Tonalibus D &amp; E\", sur les playlists et les sons du Tonalibus.","breadcrumb":{"@id":"https:\/\/tonalibus.org\/de\/2022\/06\/13\/june-2022-tonalibus-update\/#breadcrumb"},"inLanguage":"fr-FR","potentialAction":[{"@type":"ReadAction","target":["https:\/\/tonalibus.org\/de\/2022\/06\/13\/june-2022-tonalibus-update\/"]}]},{"@type":"ImageObject","inLanguage":"fr-FR","@id":"https:\/\/tonalibus.org\/de\/2022\/06\/13\/june-2022-tonalibus-update\/#primaryimage","url":"https:\/\/tonalibus.org\/wp-content\/uploads\/2022\/03\/xc-square-DE-NOC-1024x1024.jpg","contentUrl":"https:\/\/tonalibus.org\/wp-content\/uploads\/2022\/03\/xc-square-DE-NOC-1024x1024.jpg"},{"@type":"BreadcrumbList","@id":"https:\/\/tonalibus.org\/de\/2022\/06\/13\/june-2022-tonalibus-update\/#breadcrumb","itemListElement":[{"@type":"ListItem","position":1,"name":"Home","item":"https:\/\/tonalibus.org\/"},{"@type":"ListItem","position":2,"name":"June 2022 Tonalibus update"}]},{"@type":"WebSite","@id":"https:\/\/tonalibus.org\/de\/#website","url":"https:\/\/tonalibus.org\/de\/","name":"TONALIBUS","description":"Harmonie et tonalit\u00e9s ancr\u00e9es","publisher":{"@id":"https:\/\/tonalibus.org\/de\/#\/schema\/person\/749261d7bc96d1f00127273f83ab96a4"},"potentialAction":[{"@type":"SearchAction","target":{"@type":"EntryPoint","urlTemplate":"https:\/\/tonalibus.org\/de\/?s={search_term_string}"},"query-input":{"@type":"PropertyValueSpecification","valueRequired":true,"valueName":"search_term_string"}}],"inLanguage":"fr-FR"},{"@type":["Person","Organization"],"@id":"https:\/\/tonalibus.org\/de\/#\/schema\/person\/749261d7bc96d1f00127273f83ab96a4","name":"Ulrico","image":{"@type":"ImageObject","inLanguage":"fr-FR","@id":"https:\/\/tonalibus.org\/wp-content\/uploads\/2020\/06\/uli-pix.jpg","url":"https:\/\/tonalibus.org\/wp-content\/uploads\/2020\/06\/uli-pix.jpg","contentUrl":"https:\/\/tonalibus.org\/wp-content\/uploads\/2020\/06\/uli-pix.jpg","width":960,"height":720,"caption":"Ulrico"},"logo":{"@id":"https:\/\/tonalibus.org\/wp-content\/uploads\/2020\/06\/uli-pix.jpg"},"sameAs":["https:\/\/tonalibus.cyon.site"]}]}},"_links":{"self":[{"href":"https:\/\/tonalibus.org\/fr\/wp-json\/wp\/v2\/posts\/19189","targetHints":{"allow":["GET"]}}],"collection":[{"href":"https:\/\/tonalibus.org\/fr\/wp-json\/wp\/v2\/posts"}],"about":[{"href":"https:\/\/tonalibus.org\/fr\/wp-json\/wp\/v2\/types\/post"}],"author":[{"embeddable":true,"href":"https:\/\/tonalibus.org\/fr\/wp-json\/wp\/v2\/users\/1"}],"replies":[{"embeddable":true,"href":"https:\/\/tonalibus.org\/fr\/wp-json\/wp\/v2\/comments?post=19189"}],"version-history":[{"count":0,"href":"https:\/\/tonalibus.org\/fr\/wp-json\/wp\/v2\/posts\/19189\/revisions"}],"wp:attachment":[{"href":"https:\/\/tonalibus.org\/fr\/wp-json\/wp\/v2\/media?parent=19189"}],"wp:term":[{"taxonomy":"category","embeddable":true,"href":"https:\/\/tonalibus.org\/fr\/wp-json\/wp\/v2\/categories?post=19189"},{"taxonomy":"post_tag","embeddable":true,"href":"https:\/\/tonalibus.org\/fr\/wp-json\/wp\/v2\/tags?post=19189"}],"curies":[{"name":"wp","href":"https:\/\/api.w.org\/{rel}","templated":true}]}}