{"id":20156,"date":"2022-09-05T10:10:54","date_gmt":"2022-09-05T08:10:54","guid":{"rendered":"https:\/\/tonalibus.org\/?p=20156"},"modified":"2024-09-16T16:38:48","modified_gmt":"2024-09-16T14:38:48","slug":"beyond-duality-2","status":"publish","type":"post","link":"https:\/\/tonalibus.org\/fr\/2022\/09\/05\/beyond-duality-2\/","title":{"rendered":"Au-del\u00e0 de la dualit\u00e9..."},"content":{"rendered":"<p class=\"has-text-align-center has-text-color\" style=\"color:#f7b320\">Au-del\u00e0 de la dualit\u00e9...<br>Pas de noir et blanc<br>Mais plein de couleurs<br>Pas seulement n\u00e9gatif<br>Ni m\u00eame juste positif<br>Mais la vie et l'amour<br>Pas d'impairs avec l'ire<br>Mais les compl\u00e9ments<br>Des impairs et des pairs<br>Des cercles et des vagues<br>Et puis surtout<br>Pas de fins, jamais<br>Sans commencements<br>L'harmonie de la nature<br>Pas de lutte contre soi-m\u00eame<br>Mais la paix dans le c\u0153ur<br>Observant en tous<br>Et en toutes choses<br>Comment Dieu se r\u00e9alise<br>\u00c0 chaque moment<br>Nourrit chacun et tous<br>Et \u00e9quilibre la balance<br>En libert\u00e9 d'esprit<br>Promise \u00e0 l'\u00e2me<br>Mais inattendue<br>En d\u00e9tachant tout<br>De l'un, de l'unique<br>Au-del\u00e0 de la dualit\u00e9...<\/p>\n\n\n\n<h3 class=\"has-text-color wp-block-heading\" style=\"color:#f7b320\">\u201cHoly sham\u201d \u2013 une courte excursion sonore bien loin \u2013 pour M&amp;M<\/h3>\n\n\n\n<figure class=\"wp-block-audio\"><audio controls src=\"https:\/\/tonalibus.org\/wp-content\/uploads\/2022\/08\/2022-08-20-FFG-sing.mp3\"><\/audio><figcaption><a href=\"https:\/\/tonalibus.org\/fr\/tonalities\/diatonic-heptatonalities\/mixolydian\/\"><mark style=\"background-color:rgba(0, 0, 0, 0);color:#f7b320\" class=\"has-inline-color\">Mixolydien<\/mark><\/a><mark style=\"background-color:rgba(0, 0, 0, 0);color:#f7b320\" class=\"has-inline-color\"> sur Sol\/G, \u00e9pic\u00e9 \u2013 multiple fujara et guitare \u00e0 8 cordes \u2013 4:25 \u2013 <\/mark><a href=\"https:\/\/tonalibus.org\/fr\/sounds\/summer-2022\/summer-2022-loops\/#holy\" target=\"_blank\" rel=\"noreferrer noopener\"><mark style=\"background-color:rgba(0, 0, 0, 0);color:#f7b320\" class=\"has-inline-color\">en loop<\/mark><\/a><mark style=\"background-color:rgba(0, 0, 0, 0);color:#f7b320\" class=\"has-inline-color\"> sur un onglet s\u00e9par\u00e9<\/mark><\/figcaption><\/figure>\n\n\n\n<h3 class=\"has-text-color wp-block-heading\" style=\"color:#f7b320\">La dualit\u00e9 et aller au-del\u00e0<\/h3>\n\n\n\n<p class=\"has-text-color\" style=\"color:#f7b320\">Cela a commenc\u00e9 par se rebeller contre les dogmes exclusifs. La bulle avait bien tenu pendant des d\u00e9cennies. Mais elle a finalement \u00e9clat\u00e9. La tol\u00e9rance \u00e0 l'\u00e9gard de la d\u00e9valorisation des autres pour se faire valoir s'est \u00e9vapor\u00e9e. Tout comme la volont\u00e9 d'amadouer ou d'ignorer les exc\u00e8s de l'autopromotion, surtout lorsqu'elle se fait au d\u00e9triment des autres. Pourtant, la gratitude l'emporte sur tout. La libert\u00e9 spirituelle s'est r\u00e9alis\u00e9e comme promis. Pas du tout comme pr\u00e9vu cependant, mais avec un d\u00e9tachement effrayant, jusqu'\u00e0 une coupure et une distanciation apparentes.<\/p>\n\n\n\n<p class=\"has-text-color\" style=\"color:#f7b320\">L'essence du c\u0153ur aimant va au-del\u00e0 de la dualit\u00e9. Non pas d'un c\u00f4t\u00e9 \u00e0 l'autre, mais en fondant et en fusionnant tout en un tout unifi\u00e9. L'harmonie dans la nature est divine. L'un permet l'existence de l'autre. Le rongeur et son pr\u00e9dateur. Le rapace et l'oisillon. Les populations se maintiennent en \u00e9quilibre. L'un aide l'autre d'un moment au suivant, d'une incarnation \u00e0 l'autre. Les humains se font de nombreuses guerres entre eux \u2013 jusqu'\u00e0 ce que nous r\u00e9alisions individuellement que tout ce contre quoi nous nous battons est notre propre personne et que nous arr\u00eations tout pour \u00eatre simplement en harmonie et en \u00e9quilibre, dans l'amour divin. Au-del\u00e0 de la dualit\u00e9... <\/p>\n\n\n\n<p class=\"has-text-color\" style=\"color:#f7b320\"><a href=\"https:\/\/tonalibus.org\/fr\/2020\/12\/25\/beyond-duality\/\"><mark style=\"background-color:rgba(0, 0, 0, 0);color:#f7b320\" class=\"has-inline-color\"><em>Au-del\u00e0 de la dualit\u00e9<\/em><\/mark><\/a> a \u00e9galement fait l'objet d'un pr\u00e9c\u00e9dent message du blog le 25 d\u00e9cembre 2020.<\/p>\n\n\n\n<h3 class=\"has-text-color wp-block-heading\" style=\"color:#f7b320\">Enfin une inspiration de la Gr\u00e8ce antique<\/h3>\n\n\n\n<p class=\"has-text-color\" style=\"color:#f7b320\">\"Dans le dialogue <em>Ph\u00e9don<\/em>, Platon a formul\u00e9 sa c\u00e9l\u00e8bre th\u00e9orie des formes, substances distinctes et immat\u00e9rielles dont les objets et autres ph\u00e9nom\u00e8nes que nous percevons dans le monde ne sont que de simples ombres. ... Les formes sont les <em>universalia ante res<\/em>, c'est-\u00e0-dire qu'il s'agit d'universaux id\u00e9aux, gr\u00e2ce auxquels nous pouvons comprendre le monde. Dans son all\u00e9gorie de la caverne, Platon compare l'accomplissement de la compr\u00e9hension philosophique \u00e0 l'\u00e9mergence au soleil d'une caverne sombre, o\u00f9 seules de vagues ombres de ce qui se trouve au-del\u00e0 de cette prison sont projet\u00e9es faiblement sur le mur. Les formes de Platon sont non-physiques et non-mentales. Elles n'existent nulle part dans le temps ou dans l'espace, mais elles n'existent pas non plus dans le mental, ni dans le <a href=\"https:\/\/en.wikipedia.org\/wiki\/Pleroma\" target=\"_blank\" rel=\"noreferrer noopener\"><mark style=\"background-color:rgba(0, 0, 0, 0);color:#f7b320\" class=\"has-inline-color\">pl\u00e9r\u00f4me<\/mark><\/a> de la mati\u00e8re ; on dit plut\u00f4t que la mati\u00e8re 'participe' \u00e0 la forme (\u03bc\u03b5\u03b8\u03b5\u03be\u03b9\u03c2, <em><a href=\"https:\/\/en.wikipedia.org\/wiki\/Methexis\" target=\"_blank\" rel=\"noreferrer noopener\"><mark style=\"background-color:rgba(0, 0, 0, 0);color:#f7b320\" class=\"has-inline-color\">methexis<\/mark><\/a><\/em>).\u201d <br>\u2013 de Wikip\u00e9dia sur le <a href=\"https:\/\/en.wikipedia.org\/wiki\/Mind%E2%80%93body_dualism#Ancient_Greek_philosophy\" target=\"_blank\" rel=\"noreferrer noopener\"><mark style=\"background-color:rgba(0, 0, 0, 0);color:#f7b320\" class=\"has-inline-color\">dualisme corps-esprit<\/mark><\/a><\/p>\n\n\n\n<div style=\"height:54px\" aria-hidden=\"true\" class=\"wp-block-spacer\"><\/div>\n\n\n\n<figure class=\"wp-block-image size-large\"><img loading=\"lazy\" decoding=\"async\" width=\"1024\" height=\"554\" src=\"https:\/\/tonalibus.org\/wp-content\/uploads\/2022\/09\/20220902_065905133_iOS-2-min-1024x554.jpg\" alt=\"Beyond duality...\" class=\"wp-image-20157\" srcset=\"https:\/\/tonalibus.org\/wp-content\/uploads\/2022\/09\/20220902_065905133_iOS-2-min-1024x554.jpg 1024w, https:\/\/tonalibus.org\/wp-content\/uploads\/2022\/09\/20220902_065905133_iOS-2-min-300x162.jpg 300w, https:\/\/tonalibus.org\/wp-content\/uploads\/2022\/09\/20220902_065905133_iOS-2-min-768x415.jpg 768w, https:\/\/tonalibus.org\/wp-content\/uploads\/2022\/09\/20220902_065905133_iOS-2-min-1536x831.jpg 1536w, https:\/\/tonalibus.org\/wp-content\/uploads\/2022\/09\/20220902_065905133_iOS-2-min-2048x1108.jpg 2048w, https:\/\/tonalibus.org\/wp-content\/uploads\/2022\/09\/20220902_065905133_iOS-2-min-18x10.jpg 18w, https:\/\/tonalibus.org\/wp-content\/uploads\/2022\/09\/20220902_065905133_iOS-2-min-1320x714.jpg 1320w\" sizes=\"auto, (max-width: 706px) 89vw, (max-width: 767px) 82vw, 740px\" \/><figcaption>Assistante Tonalibus Luna, la chatte \u00e0 trois pattes \u2013 Septembre 2022 \u2013 Gr\u00e4chwil, Suisse<\/figcaption><\/figure>","protected":false},"excerpt":{"rendered":"<p>Au-del\u00e0 de la dualit\u00e9...<br \/>\nPas de noir et blanc<br \/>\nMais plein de couleurs<br \/>\nPas seulement n\u00e9gatif<br \/>\nNi m\u00eame juste positif<br \/>\nMais la vie et l'amour<br \/>\n\u2026<\/p>","protected":false},"author":1,"featured_media":0,"comment_status":"closed","ping_status":"closed","sticky":false,"template":"","format":"standard","meta":{"footnotes":""},"categories":[19,10],"tags":[],"class_list":["post-20156","post","type-post","status-publish","format-standard","hentry","category-2022-spiritual","category-spiritualibus"],"yoast_head":"<!-- This site is optimized with the Yoast SEO plugin v27.5 - https:\/\/yoast.com\/product\/yoast-seo-wordpress\/ -->\n<title>Beyond duality... &#8211; TONALIBUS, Anchored Harmony and Tonalities<\/title>\n<meta name=\"description\" content=\"Beyond duality... No black or white, but most colorful. Not just negative, nor even positive, but life and love. No odds with ire, but...\" \/>\n<meta name=\"robots\" content=\"index, follow, max-snippet:-1, max-image-preview:large, max-video-preview:-1\" \/>\n<link rel=\"canonical\" href=\"https:\/\/tonalibus.org\/fr\/2022\/09\/05\/beyond-duality-2\/\" \/>\n<meta property=\"og:locale\" content=\"fr_FR\" \/>\n<meta property=\"og:type\" content=\"article\" \/>\n<meta property=\"og:title\" content=\"Beyond duality... &#8211; TONALIBUS, Anchored Harmony and Tonalities\" \/>\n<meta property=\"og:description\" content=\"Beyond duality... No black or white, but most colorful. Not just negative, nor even positive, but life and love. No odds with ire, but...\" \/>\n<meta property=\"og:url\" content=\"https:\/\/tonalibus.org\/fr\/2022\/09\/05\/beyond-duality-2\/\" \/>\n<meta property=\"og:site_name\" content=\"TONALIBUS\" \/>\n<meta property=\"article:published_time\" content=\"2022-09-05T08:10:54+00:00\" \/>\n<meta property=\"article:modified_time\" content=\"2024-09-16T14:38:48+00:00\" \/>\n<meta property=\"og:image\" content=\"https:\/\/tonalibus.org\/wp-content\/uploads\/2022\/09\/20220902_065905133_iOS-2-min-1024x554.jpg\" \/>\n<meta name=\"author\" content=\"Ulrico\" \/>\n<meta name=\"twitter:card\" content=\"summary_large_image\" \/>\n<meta name=\"twitter:label1\" content=\"\u00c9crit par\" \/>\n\t<meta name=\"twitter:data1\" content=\"Ulrico\" \/>\n\t<meta name=\"twitter:label2\" content=\"Dur\u00e9e de lecture estim\u00e9e\" \/>\n\t<meta name=\"twitter:data2\" content=\"3 minutes\" \/>\n<script type=\"application\/ld+json\" class=\"yoast-schema-graph\">{\"@context\":\"https:\\\/\\\/schema.org\",\"@graph\":[{\"@type\":\"Article\",\"@id\":\"https:\\\/\\\/tonalibus.org\\\/en\\\/2022\\\/09\\\/05\\\/beyond-duality-2\\\/#article\",\"isPartOf\":{\"@id\":\"https:\\\/\\\/tonalibus.org\\\/en\\\/2022\\\/09\\\/05\\\/beyond-duality-2\\\/\"},\"author\":{\"name\":\"Ulrico\",\"@id\":\"https:\\\/\\\/tonalibus.org\\\/de\\\/#\\\/schema\\\/person\\\/749261d7bc96d1f00127273f83ab96a4\"},\"headline\":\"Beyond duality&#8230;\",\"datePublished\":\"2022-09-05T08:10:54+00:00\",\"dateModified\":\"2024-09-16T14:38:48+00:00\",\"mainEntityOfPage\":{\"@id\":\"https:\\\/\\\/tonalibus.org\\\/en\\\/2022\\\/09\\\/05\\\/beyond-duality-2\\\/\"},\"wordCount\":453,\"publisher\":{\"@id\":\"https:\\\/\\\/tonalibus.org\\\/de\\\/#\\\/schema\\\/person\\\/749261d7bc96d1f00127273f83ab96a4\"},\"image\":{\"@id\":\"https:\\\/\\\/tonalibus.org\\\/en\\\/2022\\\/09\\\/05\\\/beyond-duality-2\\\/#primaryimage\"},\"thumbnailUrl\":\"https:\\\/\\\/tonalibus.org\\\/wp-content\\\/uploads\\\/2022\\\/09\\\/20220902_065905133_iOS-2-min-1024x554.jpg\",\"articleSection\":[\"2022 spiritual\",\"Spiritualibus\"],\"inLanguage\":\"fr-FR\"},{\"@type\":\"WebPage\",\"@id\":\"https:\\\/\\\/tonalibus.org\\\/en\\\/2022\\\/09\\\/05\\\/beyond-duality-2\\\/\",\"url\":\"https:\\\/\\\/tonalibus.org\\\/en\\\/2022\\\/09\\\/05\\\/beyond-duality-2\\\/\",\"name\":\"Beyond duality... &#8211; TONALIBUS, Anchored Harmony and Tonalities\",\"isPartOf\":{\"@id\":\"https:\\\/\\\/tonalibus.org\\\/de\\\/#website\"},\"primaryImageOfPage\":{\"@id\":\"https:\\\/\\\/tonalibus.org\\\/en\\\/2022\\\/09\\\/05\\\/beyond-duality-2\\\/#primaryimage\"},\"image\":{\"@id\":\"https:\\\/\\\/tonalibus.org\\\/en\\\/2022\\\/09\\\/05\\\/beyond-duality-2\\\/#primaryimage\"},\"thumbnailUrl\":\"https:\\\/\\\/tonalibus.org\\\/wp-content\\\/uploads\\\/2022\\\/09\\\/20220902_065905133_iOS-2-min-1024x554.jpg\",\"datePublished\":\"2022-09-05T08:10:54+00:00\",\"dateModified\":\"2024-09-16T14:38:48+00:00\",\"description\":\"Beyond duality... No black or white, but most colorful. Not just negative, nor even positive, but life and love. No odds with ire, but...\",\"breadcrumb\":{\"@id\":\"https:\\\/\\\/tonalibus.org\\\/en\\\/2022\\\/09\\\/05\\\/beyond-duality-2\\\/#breadcrumb\"},\"inLanguage\":\"fr-FR\",\"potentialAction\":[{\"@type\":\"ReadAction\",\"target\":[\"https:\\\/\\\/tonalibus.org\\\/en\\\/2022\\\/09\\\/05\\\/beyond-duality-2\\\/\"]}]},{\"@type\":\"ImageObject\",\"inLanguage\":\"fr-FR\",\"@id\":\"https:\\\/\\\/tonalibus.org\\\/en\\\/2022\\\/09\\\/05\\\/beyond-duality-2\\\/#primaryimage\",\"url\":\"https:\\\/\\\/tonalibus.org\\\/wp-content\\\/uploads\\\/2022\\\/09\\\/20220902_065905133_iOS-2-min-1024x554.jpg\",\"contentUrl\":\"https:\\\/\\\/tonalibus.org\\\/wp-content\\\/uploads\\\/2022\\\/09\\\/20220902_065905133_iOS-2-min-1024x554.jpg\"},{\"@type\":\"BreadcrumbList\",\"@id\":\"https:\\\/\\\/tonalibus.org\\\/en\\\/2022\\\/09\\\/05\\\/beyond-duality-2\\\/#breadcrumb\",\"itemListElement\":[{\"@type\":\"ListItem\",\"position\":1,\"name\":\"Home\",\"item\":\"https:\\\/\\\/tonalibus.org\\\/\"},{\"@type\":\"ListItem\",\"position\":2,\"name\":\"Beyond duality&#8230;\"}]},{\"@type\":\"WebSite\",\"@id\":\"https:\\\/\\\/tonalibus.org\\\/de\\\/#website\",\"url\":\"https:\\\/\\\/tonalibus.org\\\/de\\\/\",\"name\":\"TONALIBUS\",\"description\":\"Anchored Harmony and Tonalities\",\"publisher\":{\"@id\":\"https:\\\/\\\/tonalibus.org\\\/de\\\/#\\\/schema\\\/person\\\/749261d7bc96d1f00127273f83ab96a4\"},\"potentialAction\":[{\"@type\":\"SearchAction\",\"target\":{\"@type\":\"EntryPoint\",\"urlTemplate\":\"https:\\\/\\\/tonalibus.org\\\/de\\\/?s={search_term_string}\"},\"query-input\":{\"@type\":\"PropertyValueSpecification\",\"valueRequired\":true,\"valueName\":\"search_term_string\"}}],\"inLanguage\":\"fr-FR\"},{\"@type\":[\"Person\",\"Organization\"],\"@id\":\"https:\\\/\\\/tonalibus.org\\\/de\\\/#\\\/schema\\\/person\\\/749261d7bc96d1f00127273f83ab96a4\",\"name\":\"Ulrico\",\"image\":{\"@type\":\"ImageObject\",\"inLanguage\":\"fr-FR\",\"@id\":\"https:\\\/\\\/tonalibus.org\\\/wp-content\\\/uploads\\\/2020\\\/06\\\/uli-pix.jpg\",\"url\":\"https:\\\/\\\/tonalibus.org\\\/wp-content\\\/uploads\\\/2020\\\/06\\\/uli-pix.jpg\",\"contentUrl\":\"https:\\\/\\\/tonalibus.org\\\/wp-content\\\/uploads\\\/2020\\\/06\\\/uli-pix.jpg\",\"width\":960,\"height\":720,\"caption\":\"Ulrico\"},\"logo\":{\"@id\":\"https:\\\/\\\/tonalibus.org\\\/wp-content\\\/uploads\\\/2020\\\/06\\\/uli-pix.jpg\"},\"sameAs\":[\"https:\\\/\\\/tonalibus.cyon.site\"]}]}<\/script>\n<!-- \/ Yoast SEO plugin. -->","yoast_head_json":{"title":"Au-del\u00e0 de la dualit\u00e9... - TONALIBUS, Harmonie ancr\u00e9e et tonalit\u00e9s","description":"Au-del\u00e0 de la dualit\u00e9... Ni noir ni blanc, mais tr\u00e8s color\u00e9. Pas seulement n\u00e9gatif, ni m\u00eame positif, mais la vie et l'amour. Pas de cote avec ire, mais...","robots":{"index":"index","follow":"follow","max-snippet":"max-snippet:-1","max-image-preview":"max-image-preview:large","max-video-preview":"max-video-preview:-1"},"canonical":"https:\/\/tonalibus.org\/fr\/2022\/09\/05\/beyond-duality-2\/","og_locale":"fr_FR","og_type":"article","og_title":"Beyond duality... &#8211; TONALIBUS, Anchored Harmony and Tonalities","og_description":"Beyond duality... No black or white, but most colorful. Not just negative, nor even positive, but life and love. No odds with ire, but...","og_url":"https:\/\/tonalibus.org\/fr\/2022\/09\/05\/beyond-duality-2\/","og_site_name":"TONALIBUS","article_published_time":"2022-09-05T08:10:54+00:00","article_modified_time":"2024-09-16T14:38:48+00:00","og_image":[{"url":"https:\/\/tonalibus.org\/wp-content\/uploads\/2022\/09\/20220902_065905133_iOS-2-min-1024x554.jpg","type":"","width":"","height":""}],"author":"Ulrico","twitter_card":"summary_large_image","twitter_misc":{"\u00c9crit par":"Ulrico","Dur\u00e9e de lecture estim\u00e9e":"3 minutes"},"schema":{"@context":"https:\/\/schema.org","@graph":[{"@type":"Article","@id":"https:\/\/tonalibus.org\/en\/2022\/09\/05\/beyond-duality-2\/#article","isPartOf":{"@id":"https:\/\/tonalibus.org\/en\/2022\/09\/05\/beyond-duality-2\/"},"author":{"name":"Ulrico","@id":"https:\/\/tonalibus.org\/de\/#\/schema\/person\/749261d7bc96d1f00127273f83ab96a4"},"headline":"Beyond duality&#8230;","datePublished":"2022-09-05T08:10:54+00:00","dateModified":"2024-09-16T14:38:48+00:00","mainEntityOfPage":{"@id":"https:\/\/tonalibus.org\/en\/2022\/09\/05\/beyond-duality-2\/"},"wordCount":453,"publisher":{"@id":"https:\/\/tonalibus.org\/de\/#\/schema\/person\/749261d7bc96d1f00127273f83ab96a4"},"image":{"@id":"https:\/\/tonalibus.org\/en\/2022\/09\/05\/beyond-duality-2\/#primaryimage"},"thumbnailUrl":"https:\/\/tonalibus.org\/wp-content\/uploads\/2022\/09\/20220902_065905133_iOS-2-min-1024x554.jpg","articleSection":["2022 spiritual","Spiritualibus"],"inLanguage":"fr-FR"},{"@type":"WebPage","@id":"https:\/\/tonalibus.org\/en\/2022\/09\/05\/beyond-duality-2\/","url":"https:\/\/tonalibus.org\/en\/2022\/09\/05\/beyond-duality-2\/","name":"Au-del\u00e0 de la dualit\u00e9... - TONALIBUS, Harmonie ancr\u00e9e et tonalit\u00e9s","isPartOf":{"@id":"https:\/\/tonalibus.org\/de\/#website"},"primaryImageOfPage":{"@id":"https:\/\/tonalibus.org\/en\/2022\/09\/05\/beyond-duality-2\/#primaryimage"},"image":{"@id":"https:\/\/tonalibus.org\/en\/2022\/09\/05\/beyond-duality-2\/#primaryimage"},"thumbnailUrl":"https:\/\/tonalibus.org\/wp-content\/uploads\/2022\/09\/20220902_065905133_iOS-2-min-1024x554.jpg","datePublished":"2022-09-05T08:10:54+00:00","dateModified":"2024-09-16T14:38:48+00:00","description":"Au-del\u00e0 de la dualit\u00e9... Ni noir ni blanc, mais tr\u00e8s color\u00e9. Pas seulement n\u00e9gatif, ni m\u00eame positif, mais la vie et l'amour. Pas de cote avec ire, mais...","breadcrumb":{"@id":"https:\/\/tonalibus.org\/en\/2022\/09\/05\/beyond-duality-2\/#breadcrumb"},"inLanguage":"fr-FR","potentialAction":[{"@type":"ReadAction","target":["https:\/\/tonalibus.org\/en\/2022\/09\/05\/beyond-duality-2\/"]}]},{"@type":"ImageObject","inLanguage":"fr-FR","@id":"https:\/\/tonalibus.org\/en\/2022\/09\/05\/beyond-duality-2\/#primaryimage","url":"https:\/\/tonalibus.org\/wp-content\/uploads\/2022\/09\/20220902_065905133_iOS-2-min-1024x554.jpg","contentUrl":"https:\/\/tonalibus.org\/wp-content\/uploads\/2022\/09\/20220902_065905133_iOS-2-min-1024x554.jpg"},{"@type":"BreadcrumbList","@id":"https:\/\/tonalibus.org\/en\/2022\/09\/05\/beyond-duality-2\/#breadcrumb","itemListElement":[{"@type":"ListItem","position":1,"name":"Home","item":"https:\/\/tonalibus.org\/"},{"@type":"ListItem","position":2,"name":"Beyond duality&#8230;"}]},{"@type":"WebSite","@id":"https:\/\/tonalibus.org\/de\/#website","url":"https:\/\/tonalibus.org\/de\/","name":"TONALIBUS","description":"Harmonie et tonalit\u00e9s ancr\u00e9es","publisher":{"@id":"https:\/\/tonalibus.org\/de\/#\/schema\/person\/749261d7bc96d1f00127273f83ab96a4"},"potentialAction":[{"@type":"SearchAction","target":{"@type":"EntryPoint","urlTemplate":"https:\/\/tonalibus.org\/de\/?s={search_term_string}"},"query-input":{"@type":"PropertyValueSpecification","valueRequired":true,"valueName":"search_term_string"}}],"inLanguage":"fr-FR"},{"@type":["Person","Organization"],"@id":"https:\/\/tonalibus.org\/de\/#\/schema\/person\/749261d7bc96d1f00127273f83ab96a4","name":"Ulrico","image":{"@type":"ImageObject","inLanguage":"fr-FR","@id":"https:\/\/tonalibus.org\/wp-content\/uploads\/2020\/06\/uli-pix.jpg","url":"https:\/\/tonalibus.org\/wp-content\/uploads\/2020\/06\/uli-pix.jpg","contentUrl":"https:\/\/tonalibus.org\/wp-content\/uploads\/2020\/06\/uli-pix.jpg","width":960,"height":720,"caption":"Ulrico"},"logo":{"@id":"https:\/\/tonalibus.org\/wp-content\/uploads\/2020\/06\/uli-pix.jpg"},"sameAs":["https:\/\/tonalibus.cyon.site"]}]}},"_links":{"self":[{"href":"https:\/\/tonalibus.org\/fr\/wp-json\/wp\/v2\/posts\/20156","targetHints":{"allow":["GET"]}}],"collection":[{"href":"https:\/\/tonalibus.org\/fr\/wp-json\/wp\/v2\/posts"}],"about":[{"href":"https:\/\/tonalibus.org\/fr\/wp-json\/wp\/v2\/types\/post"}],"author":[{"embeddable":true,"href":"https:\/\/tonalibus.org\/fr\/wp-json\/wp\/v2\/users\/1"}],"replies":[{"embeddable":true,"href":"https:\/\/tonalibus.org\/fr\/wp-json\/wp\/v2\/comments?post=20156"}],"version-history":[{"count":0,"href":"https:\/\/tonalibus.org\/fr\/wp-json\/wp\/v2\/posts\/20156\/revisions"}],"wp:attachment":[{"href":"https:\/\/tonalibus.org\/fr\/wp-json\/wp\/v2\/media?parent=20156"}],"wp:term":[{"taxonomy":"category","embeddable":true,"href":"https:\/\/tonalibus.org\/fr\/wp-json\/wp\/v2\/categories?post=20156"},{"taxonomy":"post_tag","embeddable":true,"href":"https:\/\/tonalibus.org\/fr\/wp-json\/wp\/v2\/tags?post=20156"}],"curies":[{"name":"wp","href":"https:\/\/api.w.org\/{rel}","templated":true}]}}