{"id":24399,"date":"2023-03-26T11:10:14","date_gmt":"2023-03-26T09:10:14","guid":{"rendered":"https:\/\/tonalibus.org\/?p=24399"},"modified":"2023-03-26T11:12:04","modified_gmt":"2023-03-26T09:12:04","slug":"the-divine","status":"publish","type":"post","link":"https:\/\/tonalibus.org\/fr\/2023\/03\/26\/the-divine\/","title":{"rendered":"Le divin"},"content":{"rendered":"<p class=\"has-text-align-center has-text-color\" style=\"color:#f7b320\">Le divin<br>Toujours<br>Avec moi<br>Cependant<br>Aucun nom<br>N'est n\u00e9cessaire<br>Et certainement<br>Pas de marque<br>Qui limite<br>Le tout<br>Illimit\u00e9<br>Et libre<br>R\u00e9clamant<br>La libert\u00e9<br>En mettant<br>Des cl\u00f4tures<br>Autour de tout<br>\u00c0 \u00eatre d\u00e9molies<br>D'abord une fois<br>Et pour toutes<br>\u00c0 bien couler<br>Avec la vie<br>Et l'amour<br>Le divin<br>Toujours<br>Avec tous<br>En dehors<br>Aucun nom<br>Bien mieux<br>Pour moi<br>Si libre<br>La fin.<\/p>\n\n\n\n<h2 class=\"has-text-color wp-block-heading\" style=\"color:#f7b320\">\u201cUmbilical\u201d \u2013 des sons dans le silence<\/h2>\n\n\n\n<figure class=\"wp-block-audio\"><audio controls src=\"https:\/\/tonalibus.org\/wp-content\/uploads\/2023\/03\/2023-Feb-Mar-PHU-guit-s.mp3\"><\/audio><figcaption class=\"wp-element-caption\"><a href=\"https:\/\/tonalibus.org\/fr\/tonalities\/reach-or-harmonic-heptatonalities\/reachmin-phryg-dominant\/\"><mark style=\"background-color:rgba(0, 0, 0, 0);color:#f7b320\" class=\"has-inline-color\">ReachMin<\/mark><\/a><mark style=\"background-color:rgba(0, 0, 0, 0);color:#f7b320\" class=\"has-inline-color\"> ou<em> <\/em>Phrygien dominant<em> <\/em>sur 136 Hz \u2013 guitare \u00e0 8 cordes \u2013 10:05<\/mark><em> <\/em><mark style=\"background-color:rgba(0, 0, 0, 0);color:#f7b320\" class=\"has-inline-color\">\u2013 d\u00e9riv\u00e9 des enregistrements sonores pour \u201cKlanggeschichte\u201d, <\/mark><a href=\"https:\/\/tonalibus.org\/fr\/shop\/story-nabelschnur\/\"><mark style=\"background-color:rgba(0, 0, 0, 0);color:#f7b320\" class=\"has-inline-color\">histoire : Nabelschnur<\/mark><\/a><mark style=\"background-color:rgba(0, 0, 0, 0);color:#f7b320\" class=\"has-inline-color\"> sur le d\u00e9veloppement du cordon ombilical<\/mark><\/figcaption><\/figure>\n\n\n\n<h2 class=\"has-text-color wp-block-heading\" style=\"color:#f7b320\">\u3069 \u9053 \u2013 D\u014c \/ MICHI \u2013 chemin<\/h2>\n\n\n\n<p class=\"has-text-align-center has-text-color\" style=\"color:#f7b320\">\u201cAider tout le monde, c'est s'aider soi-m\u00eame<br>c'est le meilleur chemin !\u201d<\/p>\n\n\n\n<p class=\"has-text-align-center has-text-color\" style=\"color:#f7b320\">\u201cLe grand chemin n'a pas de porte !\u201d<\/p>\n\n\n\n<p class=\"has-text-align-center has-text-color\" style=\"color:#f7b320\">\u201cQuel est le chemin ?<br>Le chemin n'est pas une chose visible<br>il n'est pas non plus une chose invisible<br>il n'est rien de compr\u00e9hensible<br>il n'est pas une chose incompr\u00e9hensible<br>ne le cherche pas<br>ne l'apprend pas<br>ne le noms pas<br>sois large et ouvert comme le ciel<br>et tu es sur le chemin\u201d<\/p>\n\n\n\n<p class=\"has-text-color\" style=\"color:#f7b320\">\u2014 \u58a8\u8de1 Bokuseki \/ Tuschspuren, Tetsuo Roshi Nagaya Kiichi, p. 102, original en allemand<\/p>\n\n\n\n<h2 class=\"has-text-color wp-block-heading\" style=\"color:#f7b320\">Le divin est tout autour de nous, partout et tout le temps<\/h2>\n\n\n\n<figure class=\"wp-block-image size-large\"><img loading=\"lazy\" decoding=\"async\" width=\"1024\" height=\"555\" src=\"https:\/\/tonalibus.org\/wp-content\/uploads\/2023\/03\/20230312_154719449_iOS-xc-1024x555.jpg\" alt=\"The divine\" class=\"wp-image-24449\" srcset=\"https:\/\/tonalibus.org\/wp-content\/uploads\/2023\/03\/20230312_154719449_iOS-xc-1024x555.jpg 1024w, https:\/\/tonalibus.org\/wp-content\/uploads\/2023\/03\/20230312_154719449_iOS-xc-300x163.jpg 300w, https:\/\/tonalibus.org\/wp-content\/uploads\/2023\/03\/20230312_154719449_iOS-xc-768x416.jpg 768w, https:\/\/tonalibus.org\/wp-content\/uploads\/2023\/03\/20230312_154719449_iOS-xc-1536x832.jpg 1536w, https:\/\/tonalibus.org\/wp-content\/uploads\/2023\/03\/20230312_154719449_iOS-xc-2048x1110.jpg 2048w, https:\/\/tonalibus.org\/wp-content\/uploads\/2023\/03\/20230312_154719449_iOS-xc-18x10.jpg 18w, https:\/\/tonalibus.org\/wp-content\/uploads\/2023\/03\/20230312_154719449_iOS-xc-1320x715.jpg 1320w\" sizes=\"auto, (max-width: 706px) 89vw, (max-width: 767px) 82vw, 740px\" \/><figcaption class=\"wp-element-caption\">Bouleau solitaire, gardien de l'\u00e2ge, s'\u00e9lan\u00e7ant vers le ciel \u2013 mars 2023 \u2013 Meikirch, Suisse<\/figcaption><\/figure>","protected":false},"excerpt":{"rendered":"<p>Le divin<br \/>\nToujours<br \/>\nAvec moi<br \/>\nCependant<br \/>\nAucun nom<br \/>\nN'est n\u00e9cessaire<br \/>\n\u2026<\/p>","protected":false},"author":1,"featured_media":0,"comment_status":"closed","ping_status":"closed","sticky":false,"template":"","format":"standard","meta":{"footnotes":""},"categories":[24,10],"tags":[],"class_list":["post-24399","post","type-post","status-publish","format-standard","hentry","category-2023-spiritual","category-spiritualibus"],"yoast_head":"<!-- This site is optimized with the Yoast SEO plugin v27.4 - https:\/\/yoast.com\/product\/yoast-seo-wordpress\/ -->\n<title>The divine &#8211; TONALIBUS, Anchored Harmony and Tonalities<\/title>\n<meta name=\"description\" content=\"The divine is always with me, however no name is needed and certainly no trademark which limits everything unlimited and free...\" \/>\n<meta name=\"robots\" content=\"index, follow, max-snippet:-1, max-image-preview:large, max-video-preview:-1\" \/>\n<link rel=\"canonical\" href=\"https:\/\/tonalibus.org\/fr\/2023\/03\/26\/the-divine\/\" \/>\n<meta property=\"og:locale\" content=\"fr_FR\" \/>\n<meta property=\"og:type\" content=\"article\" \/>\n<meta property=\"og:title\" content=\"The divine &#8211; TONALIBUS, Anchored Harmony and Tonalities\" \/>\n<meta property=\"og:description\" content=\"The divine is always with me, however no name is needed and certainly no trademark which limits everything unlimited and free...\" \/>\n<meta property=\"og:url\" content=\"https:\/\/tonalibus.org\/fr\/2023\/03\/26\/the-divine\/\" \/>\n<meta property=\"og:site_name\" content=\"TONALIBUS\" \/>\n<meta property=\"article:published_time\" content=\"2023-03-26T09:10:14+00:00\" \/>\n<meta property=\"article:modified_time\" content=\"2023-03-26T09:12:04+00:00\" \/>\n<meta property=\"og:image\" content=\"https:\/\/tonalibus.org\/wp-content\/uploads\/2023\/03\/20230312_154719449_iOS-xc-1024x555.jpg\" \/>\n<meta name=\"author\" content=\"Ulrico\" \/>\n<meta name=\"twitter:card\" content=\"summary_large_image\" \/>\n<meta name=\"twitter:label1\" content=\"\u00c9crit par\" \/>\n\t<meta name=\"twitter:data1\" content=\"Ulrico\" \/>\n\t<meta name=\"twitter:label2\" content=\"Dur\u00e9e de lecture estim\u00e9e\" \/>\n\t<meta name=\"twitter:data2\" content=\"2 minutes\" \/>\n<script type=\"application\/ld+json\" class=\"yoast-schema-graph\">{\"@context\":\"https:\\\/\\\/schema.org\",\"@graph\":[{\"@type\":\"Article\",\"@id\":\"https:\\\/\\\/tonalibus.org\\\/it\\\/2023\\\/03\\\/26\\\/the-divine\\\/#article\",\"isPartOf\":{\"@id\":\"https:\\\/\\\/tonalibus.org\\\/it\\\/2023\\\/03\\\/26\\\/the-divine\\\/\"},\"author\":{\"name\":\"Ulrico\",\"@id\":\"https:\\\/\\\/tonalibus.org\\\/de\\\/#\\\/schema\\\/person\\\/749261d7bc96d1f00127273f83ab96a4\"},\"headline\":\"The divine\",\"datePublished\":\"2023-03-26T09:10:14+00:00\",\"dateModified\":\"2023-03-26T09:12:04+00:00\",\"mainEntityOfPage\":{\"@id\":\"https:\\\/\\\/tonalibus.org\\\/it\\\/2023\\\/03\\\/26\\\/the-divine\\\/\"},\"wordCount\":168,\"publisher\":{\"@id\":\"https:\\\/\\\/tonalibus.org\\\/de\\\/#\\\/schema\\\/person\\\/749261d7bc96d1f00127273f83ab96a4\"},\"image\":{\"@id\":\"https:\\\/\\\/tonalibus.org\\\/it\\\/2023\\\/03\\\/26\\\/the-divine\\\/#primaryimage\"},\"thumbnailUrl\":\"https:\\\/\\\/tonalibus.org\\\/wp-content\\\/uploads\\\/2023\\\/03\\\/20230312_154719449_iOS-xc-1024x555.jpg\",\"articleSection\":[\"2023 spiritual\",\"Spiritualibus\"],\"inLanguage\":\"fr-FR\"},{\"@type\":\"WebPage\",\"@id\":\"https:\\\/\\\/tonalibus.org\\\/it\\\/2023\\\/03\\\/26\\\/the-divine\\\/\",\"url\":\"https:\\\/\\\/tonalibus.org\\\/it\\\/2023\\\/03\\\/26\\\/the-divine\\\/\",\"name\":\"The divine &#8211; TONALIBUS, Anchored Harmony and Tonalities\",\"isPartOf\":{\"@id\":\"https:\\\/\\\/tonalibus.org\\\/de\\\/#website\"},\"primaryImageOfPage\":{\"@id\":\"https:\\\/\\\/tonalibus.org\\\/it\\\/2023\\\/03\\\/26\\\/the-divine\\\/#primaryimage\"},\"image\":{\"@id\":\"https:\\\/\\\/tonalibus.org\\\/it\\\/2023\\\/03\\\/26\\\/the-divine\\\/#primaryimage\"},\"thumbnailUrl\":\"https:\\\/\\\/tonalibus.org\\\/wp-content\\\/uploads\\\/2023\\\/03\\\/20230312_154719449_iOS-xc-1024x555.jpg\",\"datePublished\":\"2023-03-26T09:10:14+00:00\",\"dateModified\":\"2023-03-26T09:12:04+00:00\",\"description\":\"The divine is always with me, however no name is needed and certainly no trademark which limits everything unlimited and free...\",\"breadcrumb\":{\"@id\":\"https:\\\/\\\/tonalibus.org\\\/it\\\/2023\\\/03\\\/26\\\/the-divine\\\/#breadcrumb\"},\"inLanguage\":\"fr-FR\",\"potentialAction\":[{\"@type\":\"ReadAction\",\"target\":[\"https:\\\/\\\/tonalibus.org\\\/it\\\/2023\\\/03\\\/26\\\/the-divine\\\/\"]}]},{\"@type\":\"ImageObject\",\"inLanguage\":\"fr-FR\",\"@id\":\"https:\\\/\\\/tonalibus.org\\\/it\\\/2023\\\/03\\\/26\\\/the-divine\\\/#primaryimage\",\"url\":\"https:\\\/\\\/tonalibus.org\\\/wp-content\\\/uploads\\\/2023\\\/03\\\/20230312_154719449_iOS-xc-1024x555.jpg\",\"contentUrl\":\"https:\\\/\\\/tonalibus.org\\\/wp-content\\\/uploads\\\/2023\\\/03\\\/20230312_154719449_iOS-xc-1024x555.jpg\"},{\"@type\":\"BreadcrumbList\",\"@id\":\"https:\\\/\\\/tonalibus.org\\\/it\\\/2023\\\/03\\\/26\\\/the-divine\\\/#breadcrumb\",\"itemListElement\":[{\"@type\":\"ListItem\",\"position\":1,\"name\":\"Home\",\"item\":\"https:\\\/\\\/tonalibus.org\\\/\"},{\"@type\":\"ListItem\",\"position\":2,\"name\":\"The divine\"}]},{\"@type\":\"WebSite\",\"@id\":\"https:\\\/\\\/tonalibus.org\\\/de\\\/#website\",\"url\":\"https:\\\/\\\/tonalibus.org\\\/de\\\/\",\"name\":\"TONALIBUS\",\"description\":\"Anchored Harmony and Tonalities\",\"publisher\":{\"@id\":\"https:\\\/\\\/tonalibus.org\\\/de\\\/#\\\/schema\\\/person\\\/749261d7bc96d1f00127273f83ab96a4\"},\"potentialAction\":[{\"@type\":\"SearchAction\",\"target\":{\"@type\":\"EntryPoint\",\"urlTemplate\":\"https:\\\/\\\/tonalibus.org\\\/de\\\/?s={search_term_string}\"},\"query-input\":{\"@type\":\"PropertyValueSpecification\",\"valueRequired\":true,\"valueName\":\"search_term_string\"}}],\"inLanguage\":\"fr-FR\"},{\"@type\":[\"Person\",\"Organization\"],\"@id\":\"https:\\\/\\\/tonalibus.org\\\/de\\\/#\\\/schema\\\/person\\\/749261d7bc96d1f00127273f83ab96a4\",\"name\":\"Ulrico\",\"image\":{\"@type\":\"ImageObject\",\"inLanguage\":\"fr-FR\",\"@id\":\"https:\\\/\\\/tonalibus.org\\\/wp-content\\\/uploads\\\/2020\\\/06\\\/uli-pix.jpg\",\"url\":\"https:\\\/\\\/tonalibus.org\\\/wp-content\\\/uploads\\\/2020\\\/06\\\/uli-pix.jpg\",\"contentUrl\":\"https:\\\/\\\/tonalibus.org\\\/wp-content\\\/uploads\\\/2020\\\/06\\\/uli-pix.jpg\",\"width\":960,\"height\":720,\"caption\":\"Ulrico\"},\"logo\":{\"@id\":\"https:\\\/\\\/tonalibus.org\\\/wp-content\\\/uploads\\\/2020\\\/06\\\/uli-pix.jpg\"},\"sameAs\":[\"https:\\\/\\\/tonalibus.cyon.site\"]}]}<\/script>\n<!-- \/ Yoast SEO plugin. -->","yoast_head_json":{"title":"Le divin - TONALIBUS, Harmonie ancr\u00e9e et tonalit\u00e9s","description":"Le divin est toujours avec moi, mais aucun nom n'est n\u00e9cessaire et encore moins une marque d\u00e9pos\u00e9e qui limite tout ce qui est illimit\u00e9 et libre...","robots":{"index":"index","follow":"follow","max-snippet":"max-snippet:-1","max-image-preview":"max-image-preview:large","max-video-preview":"max-video-preview:-1"},"canonical":"https:\/\/tonalibus.org\/fr\/2023\/03\/26\/the-divine\/","og_locale":"fr_FR","og_type":"article","og_title":"The divine &#8211; TONALIBUS, Anchored Harmony and Tonalities","og_description":"The divine is always with me, however no name is needed and certainly no trademark which limits everything unlimited and free...","og_url":"https:\/\/tonalibus.org\/fr\/2023\/03\/26\/the-divine\/","og_site_name":"TONALIBUS","article_published_time":"2023-03-26T09:10:14+00:00","article_modified_time":"2023-03-26T09:12:04+00:00","og_image":[{"url":"https:\/\/tonalibus.org\/wp-content\/uploads\/2023\/03\/20230312_154719449_iOS-xc-1024x555.jpg","type":"","width":"","height":""}],"author":"Ulrico","twitter_card":"summary_large_image","twitter_misc":{"\u00c9crit par":"Ulrico","Dur\u00e9e de lecture estim\u00e9e":"2 minutes"},"schema":{"@context":"https:\/\/schema.org","@graph":[{"@type":"Article","@id":"https:\/\/tonalibus.org\/it\/2023\/03\/26\/the-divine\/#article","isPartOf":{"@id":"https:\/\/tonalibus.org\/it\/2023\/03\/26\/the-divine\/"},"author":{"name":"Ulrico","@id":"https:\/\/tonalibus.org\/de\/#\/schema\/person\/749261d7bc96d1f00127273f83ab96a4"},"headline":"The divine","datePublished":"2023-03-26T09:10:14+00:00","dateModified":"2023-03-26T09:12:04+00:00","mainEntityOfPage":{"@id":"https:\/\/tonalibus.org\/it\/2023\/03\/26\/the-divine\/"},"wordCount":168,"publisher":{"@id":"https:\/\/tonalibus.org\/de\/#\/schema\/person\/749261d7bc96d1f00127273f83ab96a4"},"image":{"@id":"https:\/\/tonalibus.org\/it\/2023\/03\/26\/the-divine\/#primaryimage"},"thumbnailUrl":"https:\/\/tonalibus.org\/wp-content\/uploads\/2023\/03\/20230312_154719449_iOS-xc-1024x555.jpg","articleSection":["2023 spiritual","Spiritualibus"],"inLanguage":"fr-FR"},{"@type":"WebPage","@id":"https:\/\/tonalibus.org\/it\/2023\/03\/26\/the-divine\/","url":"https:\/\/tonalibus.org\/it\/2023\/03\/26\/the-divine\/","name":"Le divin - TONALIBUS, Harmonie ancr\u00e9e et tonalit\u00e9s","isPartOf":{"@id":"https:\/\/tonalibus.org\/de\/#website"},"primaryImageOfPage":{"@id":"https:\/\/tonalibus.org\/it\/2023\/03\/26\/the-divine\/#primaryimage"},"image":{"@id":"https:\/\/tonalibus.org\/it\/2023\/03\/26\/the-divine\/#primaryimage"},"thumbnailUrl":"https:\/\/tonalibus.org\/wp-content\/uploads\/2023\/03\/20230312_154719449_iOS-xc-1024x555.jpg","datePublished":"2023-03-26T09:10:14+00:00","dateModified":"2023-03-26T09:12:04+00:00","description":"Le divin est toujours avec moi, mais aucun nom n'est n\u00e9cessaire et encore moins une marque d\u00e9pos\u00e9e qui limite tout ce qui est illimit\u00e9 et libre...","breadcrumb":{"@id":"https:\/\/tonalibus.org\/it\/2023\/03\/26\/the-divine\/#breadcrumb"},"inLanguage":"fr-FR","potentialAction":[{"@type":"ReadAction","target":["https:\/\/tonalibus.org\/it\/2023\/03\/26\/the-divine\/"]}]},{"@type":"ImageObject","inLanguage":"fr-FR","@id":"https:\/\/tonalibus.org\/it\/2023\/03\/26\/the-divine\/#primaryimage","url":"https:\/\/tonalibus.org\/wp-content\/uploads\/2023\/03\/20230312_154719449_iOS-xc-1024x555.jpg","contentUrl":"https:\/\/tonalibus.org\/wp-content\/uploads\/2023\/03\/20230312_154719449_iOS-xc-1024x555.jpg"},{"@type":"BreadcrumbList","@id":"https:\/\/tonalibus.org\/it\/2023\/03\/26\/the-divine\/#breadcrumb","itemListElement":[{"@type":"ListItem","position":1,"name":"Home","item":"https:\/\/tonalibus.org\/"},{"@type":"ListItem","position":2,"name":"The divine"}]},{"@type":"WebSite","@id":"https:\/\/tonalibus.org\/de\/#website","url":"https:\/\/tonalibus.org\/de\/","name":"TONALIBUS","description":"Harmonie et tonalit\u00e9s ancr\u00e9es","publisher":{"@id":"https:\/\/tonalibus.org\/de\/#\/schema\/person\/749261d7bc96d1f00127273f83ab96a4"},"potentialAction":[{"@type":"SearchAction","target":{"@type":"EntryPoint","urlTemplate":"https:\/\/tonalibus.org\/de\/?s={search_term_string}"},"query-input":{"@type":"PropertyValueSpecification","valueRequired":true,"valueName":"search_term_string"}}],"inLanguage":"fr-FR"},{"@type":["Person","Organization"],"@id":"https:\/\/tonalibus.org\/de\/#\/schema\/person\/749261d7bc96d1f00127273f83ab96a4","name":"Ulrico","image":{"@type":"ImageObject","inLanguage":"fr-FR","@id":"https:\/\/tonalibus.org\/wp-content\/uploads\/2020\/06\/uli-pix.jpg","url":"https:\/\/tonalibus.org\/wp-content\/uploads\/2020\/06\/uli-pix.jpg","contentUrl":"https:\/\/tonalibus.org\/wp-content\/uploads\/2020\/06\/uli-pix.jpg","width":960,"height":720,"caption":"Ulrico"},"logo":{"@id":"https:\/\/tonalibus.org\/wp-content\/uploads\/2020\/06\/uli-pix.jpg"},"sameAs":["https:\/\/tonalibus.cyon.site"]}]}},"_links":{"self":[{"href":"https:\/\/tonalibus.org\/fr\/wp-json\/wp\/v2\/posts\/24399","targetHints":{"allow":["GET"]}}],"collection":[{"href":"https:\/\/tonalibus.org\/fr\/wp-json\/wp\/v2\/posts"}],"about":[{"href":"https:\/\/tonalibus.org\/fr\/wp-json\/wp\/v2\/types\/post"}],"author":[{"embeddable":true,"href":"https:\/\/tonalibus.org\/fr\/wp-json\/wp\/v2\/users\/1"}],"replies":[{"embeddable":true,"href":"https:\/\/tonalibus.org\/fr\/wp-json\/wp\/v2\/comments?post=24399"}],"version-history":[{"count":0,"href":"https:\/\/tonalibus.org\/fr\/wp-json\/wp\/v2\/posts\/24399\/revisions"}],"wp:attachment":[{"href":"https:\/\/tonalibus.org\/fr\/wp-json\/wp\/v2\/media?parent=24399"}],"wp:term":[{"taxonomy":"category","embeddable":true,"href":"https:\/\/tonalibus.org\/fr\/wp-json\/wp\/v2\/categories?post=24399"},{"taxonomy":"post_tag","embeddable":true,"href":"https:\/\/tonalibus.org\/fr\/wp-json\/wp\/v2\/tags?post=24399"}],"curies":[{"name":"wp","href":"https:\/\/api.w.org\/{rel}","templated":true}]}}