{"id":24683,"date":"2023-05-04T06:48:13","date_gmt":"2023-05-04T04:48:13","guid":{"rendered":"https:\/\/tonalibus.org\/?p=24683"},"modified":"2023-05-04T17:52:03","modified_gmt":"2023-05-04T15:52:03","slug":"wo-bischt","status":"publish","type":"post","link":"https:\/\/tonalibus.org\/fr\/2023\/05\/04\/wo-bischt\/","title":{"rendered":"Wo bischt?"},"content":{"rendered":"\n<div class=\"wp-block-columns is-not-stacked-on-mobile is-layout-flex wp-container-core-columns-is-layout-9d6595d7 wp-block-columns-is-layout-flex\">\n<div class=\"wp-block-column is-layout-flow wp-block-column-is-layout-flow\" style=\"flex-basis:50%\">\n<p class=\"has-text-align-center has-text-color\" style=\"color:#f7b320\">Wo bischt?<br>Was machischt?<br>Wi geit&#8217;s dier?<br>Chusch mit<br>Ufnes Reisli<br>Chaisch losla<br>Jeda Horizont<br>U n\u00fcui finde<br>Wi no nie<br>Um ging umhi<br>Hie aazcho<br>Wi due bischt<br>W\u00e4r halt so<br>Wenn u wo<br>Hie u da<br>Willkomme<br>Due un iech<br>\u00c4r, \u00e4s u alli<br>Eifach z\u00e4me<br>Ufme Reisli<br>Vo Wort<br>Ton u Klang<br>Zum Gniesse<br>Entschpane<br>U Bel\u00e4be<br>Im Bewusstsi<br>Wo wier si<br>I Dankbarkeit<br>U Liebi.<\/p>\n<\/div>\n\n\n\n<div class=\"wp-block-column is-layout-flow wp-block-column-is-layout-flow\" style=\"flex-basis:50%\">\n<p class=\"has-text-align-center has-text-color\" style=\"color:#f7b320\">Where are you?<br>What do you do?<br>How are you doing?<br>Do you come along<br>On a little journey<br>Can you let go<br>Every horizon<br>Find new ones<br>Like never before<br>Again and again<br>Arrive right here<br>Just as you are<br>Yourself for real<br>When and where<br>Here and now<br>Welcome all<br>You and I<br>Him, her, and all<br>Simply together<br>On a journey<br>Of words<br>And sound<br>Enjoy, relish<br>Relax, let go<br>Revitalize life<br>In consciousness<br>Where we are<br>In gratitude<br>And love.<\/p>\n<\/div>\n<\/div>\n\n\n\n<h3 class=\"wp-block-heading has-text-color\" style=\"color:#f7b320\">\u201cWo bischt? &#8212; O\u00f9 es-tu ? &#8212; Dove sei? &#8212; Where are you? &#8212; Wo bist du?\u201d<\/h3>\n\n\n\n<figure class=\"wp-block-audio\"><audio controls src=\"https:\/\/tonalibus.org\/wp-content\/uploads\/2023\/04\/2023-04-22-WO-BISCHT.mp3\"><\/audio><figcaption class=\"wp-element-caption\"><mark style=\"background-color:rgba(0, 0, 0, 0);color:#f7b320\" class=\"has-inline-color\">Swiss, English, French, Italian, German &#8212; spoken word &#8212; 4:50 <\/mark><\/figcaption><\/figure>\n\n\n\n<h2 class=\"wp-block-heading has-text-color\" style=\"color:#f7b320\">Words of wisdom &#8212; where are you?<\/h2>\n\n\n\n<p class=\"has-text-color\" style=\"color:#f7b320\">&#8220;No matter how the system of representation, or delegation, of [a] religious system is arranged, there is necessarily an alienation of the liberty and freedom of individual souls. All religions use bodies, minds, and souls, for without exception the ways they seek for power are varieties of absolutism.&#8221;<\/p>\n\n\n\n<p class=\"has-text-color\" style=\"color:#f7b320\">&#8212; The Shariyat-Ki-Sugmad, book one, chapter 9, Paul Twitchell<\/p>\n\n\n\n<div style=\"height:40px\" aria-hidden=\"true\" class=\"wp-block-spacer\"><\/div>\n\n\n\n<figure class=\"wp-block-image size-large\"><img loading=\"lazy\" decoding=\"async\" width=\"1024\" height=\"576\" src=\"https:\/\/tonalibus.org\/wp-content\/uploads\/2023\/05\/20230503_224626404_iOS-xc-1024x576.jpg\" alt=\"Wo bischt?\" class=\"wp-image-25095\" srcset=\"https:\/\/tonalibus.org\/wp-content\/uploads\/2023\/05\/20230503_224626404_iOS-xc-1024x576.jpg 1024w, https:\/\/tonalibus.org\/wp-content\/uploads\/2023\/05\/20230503_224626404_iOS-xc-300x169.jpg 300w, https:\/\/tonalibus.org\/wp-content\/uploads\/2023\/05\/20230503_224626404_iOS-xc-768x432.jpg 768w, https:\/\/tonalibus.org\/wp-content\/uploads\/2023\/05\/20230503_224626404_iOS-xc-1536x864.jpg 1536w, https:\/\/tonalibus.org\/wp-content\/uploads\/2023\/05\/20230503_224626404_iOS-xc-2048x1152.jpg 2048w, https:\/\/tonalibus.org\/wp-content\/uploads\/2023\/05\/20230503_224626404_iOS-xc-18x10.jpg 18w, https:\/\/tonalibus.org\/wp-content\/uploads\/2023\/05\/20230503_224626404_iOS-xc-1320x743.jpg 1320w\" sizes=\"auto, (max-width: 706px) 89vw, (max-width: 767px) 82vw, 740px\" \/><figcaption class=\"wp-element-caption\">Way sign without inscription pointing in similar but different directions? &#8212; May 2023 &#8212; Chanhssen, MN<\/figcaption><\/figure>\n","protected":false},"excerpt":{"rendered":"<p>O\u00f9 es-tu ?<br \/>\nQue fais-tu ?<br \/>\nComment vas-tu ?<br \/>\nViens-tu avec nous<br \/>\nPour un petit voyage<br \/>\n\u2026<\/p>","protected":false},"author":1,"featured_media":0,"comment_status":"closed","ping_status":"closed","sticky":false,"template":"","format":"standard","meta":{"footnotes":""},"categories":[24,10],"tags":[],"class_list":["post-24683","post","type-post","status-publish","format-standard","hentry","category-2023-spiritual","category-spiritualibus"],"yoast_head":"<!-- This site is optimized with the Yoast SEO plugin v27.4 - https:\/\/yoast.com\/product\/yoast-seo-wordpress\/ -->\n<title>Wo bischt? &#8211; TONALIBUS, Anchored Harmony and Tonalities<\/title>\n<meta name=\"description\" content=\"Wo bischt? Where are you? What do you do? How are you doing? Do you come along on a little journey? Can you let go every horizon...\" \/>\n<meta name=\"robots\" content=\"index, follow, max-snippet:-1, max-image-preview:large, max-video-preview:-1\" \/>\n<link rel=\"canonical\" href=\"https:\/\/tonalibus.org\/fr\/2023\/05\/04\/wo-bischt\/\" \/>\n<meta property=\"og:locale\" content=\"fr_FR\" \/>\n<meta property=\"og:type\" content=\"article\" \/>\n<meta property=\"og:title\" content=\"Wo bischt? &#8211; TONALIBUS, Anchored Harmony and Tonalities\" \/>\n<meta property=\"og:description\" content=\"Wo bischt? Where are you? What do you do? How are you doing? Do you come along on a little journey? Can you let go every horizon...\" \/>\n<meta property=\"og:url\" content=\"https:\/\/tonalibus.org\/fr\/2023\/05\/04\/wo-bischt\/\" \/>\n<meta property=\"og:site_name\" content=\"TONALIBUS\" \/>\n<meta property=\"article:published_time\" content=\"2023-05-04T04:48:13+00:00\" \/>\n<meta property=\"article:modified_time\" content=\"2023-05-04T15:52:03+00:00\" \/>\n<meta property=\"og:image\" content=\"https:\/\/tonalibus.org\/wp-content\/uploads\/2023\/05\/20230503_224626404_iOS-xc-1024x576.jpg\" \/>\n<meta name=\"author\" content=\"Ulrico\" \/>\n<meta name=\"twitter:card\" content=\"summary_large_image\" \/>\n<meta name=\"twitter:label1\" content=\"\u00c9crit par\" \/>\n\t<meta name=\"twitter:data1\" content=\"Ulrico\" \/>\n\t<meta name=\"twitter:label2\" content=\"Dur\u00e9e de lecture estim\u00e9e\" \/>\n\t<meta name=\"twitter:data2\" content=\"2 minutes\" \/>\n<script type=\"application\/ld+json\" class=\"yoast-schema-graph\">{\"@context\":\"https:\\\/\\\/schema.org\",\"@graph\":[{\"@type\":\"Article\",\"@id\":\"https:\\\/\\\/tonalibus.org\\\/en\\\/2023\\\/05\\\/04\\\/wo-bischt\\\/#article\",\"isPartOf\":{\"@id\":\"https:\\\/\\\/tonalibus.org\\\/en\\\/2023\\\/05\\\/04\\\/wo-bischt\\\/\"},\"author\":{\"name\":\"Ulrico\",\"@id\":\"https:\\\/\\\/tonalibus.org\\\/de\\\/#\\\/schema\\\/person\\\/749261d7bc96d1f00127273f83ab96a4\"},\"headline\":\"Wo bischt?\",\"datePublished\":\"2023-05-04T04:48:13+00:00\",\"dateModified\":\"2023-05-04T15:52:03+00:00\",\"mainEntityOfPage\":{\"@id\":\"https:\\\/\\\/tonalibus.org\\\/en\\\/2023\\\/05\\\/04\\\/wo-bischt\\\/\"},\"wordCount\":214,\"publisher\":{\"@id\":\"https:\\\/\\\/tonalibus.org\\\/de\\\/#\\\/schema\\\/person\\\/749261d7bc96d1f00127273f83ab96a4\"},\"image\":{\"@id\":\"https:\\\/\\\/tonalibus.org\\\/en\\\/2023\\\/05\\\/04\\\/wo-bischt\\\/#primaryimage\"},\"thumbnailUrl\":\"https:\\\/\\\/tonalibus.org\\\/wp-content\\\/uploads\\\/2023\\\/05\\\/20230503_224626404_iOS-xc-1024x576.jpg\",\"articleSection\":[\"2023 spiritual\",\"Spiritualibus\"],\"inLanguage\":\"fr-FR\"},{\"@type\":\"WebPage\",\"@id\":\"https:\\\/\\\/tonalibus.org\\\/en\\\/2023\\\/05\\\/04\\\/wo-bischt\\\/\",\"url\":\"https:\\\/\\\/tonalibus.org\\\/en\\\/2023\\\/05\\\/04\\\/wo-bischt\\\/\",\"name\":\"Wo bischt? &#8211; TONALIBUS, Anchored Harmony and Tonalities\",\"isPartOf\":{\"@id\":\"https:\\\/\\\/tonalibus.org\\\/de\\\/#website\"},\"primaryImageOfPage\":{\"@id\":\"https:\\\/\\\/tonalibus.org\\\/en\\\/2023\\\/05\\\/04\\\/wo-bischt\\\/#primaryimage\"},\"image\":{\"@id\":\"https:\\\/\\\/tonalibus.org\\\/en\\\/2023\\\/05\\\/04\\\/wo-bischt\\\/#primaryimage\"},\"thumbnailUrl\":\"https:\\\/\\\/tonalibus.org\\\/wp-content\\\/uploads\\\/2023\\\/05\\\/20230503_224626404_iOS-xc-1024x576.jpg\",\"datePublished\":\"2023-05-04T04:48:13+00:00\",\"dateModified\":\"2023-05-04T15:52:03+00:00\",\"description\":\"Wo bischt? Where are you? What do you do? How are you doing? Do you come along on a little journey? Can you let go every horizon...\",\"breadcrumb\":{\"@id\":\"https:\\\/\\\/tonalibus.org\\\/en\\\/2023\\\/05\\\/04\\\/wo-bischt\\\/#breadcrumb\"},\"inLanguage\":\"fr-FR\",\"potentialAction\":[{\"@type\":\"ReadAction\",\"target\":[\"https:\\\/\\\/tonalibus.org\\\/en\\\/2023\\\/05\\\/04\\\/wo-bischt\\\/\"]}]},{\"@type\":\"ImageObject\",\"inLanguage\":\"fr-FR\",\"@id\":\"https:\\\/\\\/tonalibus.org\\\/en\\\/2023\\\/05\\\/04\\\/wo-bischt\\\/#primaryimage\",\"url\":\"https:\\\/\\\/tonalibus.org\\\/wp-content\\\/uploads\\\/2023\\\/05\\\/20230503_224626404_iOS-xc-1024x576.jpg\",\"contentUrl\":\"https:\\\/\\\/tonalibus.org\\\/wp-content\\\/uploads\\\/2023\\\/05\\\/20230503_224626404_iOS-xc-1024x576.jpg\"},{\"@type\":\"BreadcrumbList\",\"@id\":\"https:\\\/\\\/tonalibus.org\\\/en\\\/2023\\\/05\\\/04\\\/wo-bischt\\\/#breadcrumb\",\"itemListElement\":[{\"@type\":\"ListItem\",\"position\":1,\"name\":\"Home\",\"item\":\"https:\\\/\\\/tonalibus.org\\\/\"},{\"@type\":\"ListItem\",\"position\":2,\"name\":\"Wo bischt?\"}]},{\"@type\":\"WebSite\",\"@id\":\"https:\\\/\\\/tonalibus.org\\\/de\\\/#website\",\"url\":\"https:\\\/\\\/tonalibus.org\\\/de\\\/\",\"name\":\"TONALIBUS\",\"description\":\"Anchored Harmony and Tonalities\",\"publisher\":{\"@id\":\"https:\\\/\\\/tonalibus.org\\\/de\\\/#\\\/schema\\\/person\\\/749261d7bc96d1f00127273f83ab96a4\"},\"potentialAction\":[{\"@type\":\"SearchAction\",\"target\":{\"@type\":\"EntryPoint\",\"urlTemplate\":\"https:\\\/\\\/tonalibus.org\\\/de\\\/?s={search_term_string}\"},\"query-input\":{\"@type\":\"PropertyValueSpecification\",\"valueRequired\":true,\"valueName\":\"search_term_string\"}}],\"inLanguage\":\"fr-FR\"},{\"@type\":[\"Person\",\"Organization\"],\"@id\":\"https:\\\/\\\/tonalibus.org\\\/de\\\/#\\\/schema\\\/person\\\/749261d7bc96d1f00127273f83ab96a4\",\"name\":\"Ulrico\",\"image\":{\"@type\":\"ImageObject\",\"inLanguage\":\"fr-FR\",\"@id\":\"https:\\\/\\\/tonalibus.org\\\/wp-content\\\/uploads\\\/2020\\\/06\\\/uli-pix.jpg\",\"url\":\"https:\\\/\\\/tonalibus.org\\\/wp-content\\\/uploads\\\/2020\\\/06\\\/uli-pix.jpg\",\"contentUrl\":\"https:\\\/\\\/tonalibus.org\\\/wp-content\\\/uploads\\\/2020\\\/06\\\/uli-pix.jpg\",\"width\":960,\"height\":720,\"caption\":\"Ulrico\"},\"logo\":{\"@id\":\"https:\\\/\\\/tonalibus.org\\\/wp-content\\\/uploads\\\/2020\\\/06\\\/uli-pix.jpg\"},\"sameAs\":[\"https:\\\/\\\/tonalibus.cyon.site\"]}]}<\/script>\n<!-- \/ Yoast SEO plugin. -->","yoast_head_json":{"title":"Wo bischt ? - TONALIBUS, Harmonie ancr\u00e9e et tonalit\u00e9s","description":"Wo bischt ? O\u00f9 es-tu ? Que faites-vous ? Comment faites-vous ? Venez-vous faire un petit voyage ? Pouvez-vous l\u00e2cher chaque horizon...","robots":{"index":"index","follow":"follow","max-snippet":"max-snippet:-1","max-image-preview":"max-image-preview:large","max-video-preview":"max-video-preview:-1"},"canonical":"https:\/\/tonalibus.org\/fr\/2023\/05\/04\/wo-bischt\/","og_locale":"fr_FR","og_type":"article","og_title":"Wo bischt? &#8211; TONALIBUS, Anchored Harmony and Tonalities","og_description":"Wo bischt? Where are you? What do you do? How are you doing? Do you come along on a little journey? Can you let go every horizon...","og_url":"https:\/\/tonalibus.org\/fr\/2023\/05\/04\/wo-bischt\/","og_site_name":"TONALIBUS","article_published_time":"2023-05-04T04:48:13+00:00","article_modified_time":"2023-05-04T15:52:03+00:00","og_image":[{"url":"https:\/\/tonalibus.org\/wp-content\/uploads\/2023\/05\/20230503_224626404_iOS-xc-1024x576.jpg","type":"","width":"","height":""}],"author":"Ulrico","twitter_card":"summary_large_image","twitter_misc":{"\u00c9crit par":"Ulrico","Dur\u00e9e de lecture estim\u00e9e":"2 minutes"},"schema":{"@context":"https:\/\/schema.org","@graph":[{"@type":"Article","@id":"https:\/\/tonalibus.org\/en\/2023\/05\/04\/wo-bischt\/#article","isPartOf":{"@id":"https:\/\/tonalibus.org\/en\/2023\/05\/04\/wo-bischt\/"},"author":{"name":"Ulrico","@id":"https:\/\/tonalibus.org\/de\/#\/schema\/person\/749261d7bc96d1f00127273f83ab96a4"},"headline":"Wo bischt?","datePublished":"2023-05-04T04:48:13+00:00","dateModified":"2023-05-04T15:52:03+00:00","mainEntityOfPage":{"@id":"https:\/\/tonalibus.org\/en\/2023\/05\/04\/wo-bischt\/"},"wordCount":214,"publisher":{"@id":"https:\/\/tonalibus.org\/de\/#\/schema\/person\/749261d7bc96d1f00127273f83ab96a4"},"image":{"@id":"https:\/\/tonalibus.org\/en\/2023\/05\/04\/wo-bischt\/#primaryimage"},"thumbnailUrl":"https:\/\/tonalibus.org\/wp-content\/uploads\/2023\/05\/20230503_224626404_iOS-xc-1024x576.jpg","articleSection":["2023 spiritual","Spiritualibus"],"inLanguage":"fr-FR"},{"@type":"WebPage","@id":"https:\/\/tonalibus.org\/en\/2023\/05\/04\/wo-bischt\/","url":"https:\/\/tonalibus.org\/en\/2023\/05\/04\/wo-bischt\/","name":"Wo bischt ? - TONALIBUS, Harmonie ancr\u00e9e et tonalit\u00e9s","isPartOf":{"@id":"https:\/\/tonalibus.org\/de\/#website"},"primaryImageOfPage":{"@id":"https:\/\/tonalibus.org\/en\/2023\/05\/04\/wo-bischt\/#primaryimage"},"image":{"@id":"https:\/\/tonalibus.org\/en\/2023\/05\/04\/wo-bischt\/#primaryimage"},"thumbnailUrl":"https:\/\/tonalibus.org\/wp-content\/uploads\/2023\/05\/20230503_224626404_iOS-xc-1024x576.jpg","datePublished":"2023-05-04T04:48:13+00:00","dateModified":"2023-05-04T15:52:03+00:00","description":"Wo bischt ? O\u00f9 es-tu ? Que faites-vous ? Comment faites-vous ? Venez-vous faire un petit voyage ? Pouvez-vous l\u00e2cher chaque horizon...","breadcrumb":{"@id":"https:\/\/tonalibus.org\/en\/2023\/05\/04\/wo-bischt\/#breadcrumb"},"inLanguage":"fr-FR","potentialAction":[{"@type":"ReadAction","target":["https:\/\/tonalibus.org\/en\/2023\/05\/04\/wo-bischt\/"]}]},{"@type":"ImageObject","inLanguage":"fr-FR","@id":"https:\/\/tonalibus.org\/en\/2023\/05\/04\/wo-bischt\/#primaryimage","url":"https:\/\/tonalibus.org\/wp-content\/uploads\/2023\/05\/20230503_224626404_iOS-xc-1024x576.jpg","contentUrl":"https:\/\/tonalibus.org\/wp-content\/uploads\/2023\/05\/20230503_224626404_iOS-xc-1024x576.jpg"},{"@type":"BreadcrumbList","@id":"https:\/\/tonalibus.org\/en\/2023\/05\/04\/wo-bischt\/#breadcrumb","itemListElement":[{"@type":"ListItem","position":1,"name":"Home","item":"https:\/\/tonalibus.org\/"},{"@type":"ListItem","position":2,"name":"Wo bischt?"}]},{"@type":"WebSite","@id":"https:\/\/tonalibus.org\/de\/#website","url":"https:\/\/tonalibus.org\/de\/","name":"TONALIBUS","description":"Harmonie et tonalit\u00e9s ancr\u00e9es","publisher":{"@id":"https:\/\/tonalibus.org\/de\/#\/schema\/person\/749261d7bc96d1f00127273f83ab96a4"},"potentialAction":[{"@type":"SearchAction","target":{"@type":"EntryPoint","urlTemplate":"https:\/\/tonalibus.org\/de\/?s={search_term_string}"},"query-input":{"@type":"PropertyValueSpecification","valueRequired":true,"valueName":"search_term_string"}}],"inLanguage":"fr-FR"},{"@type":["Person","Organization"],"@id":"https:\/\/tonalibus.org\/de\/#\/schema\/person\/749261d7bc96d1f00127273f83ab96a4","name":"Ulrico","image":{"@type":"ImageObject","inLanguage":"fr-FR","@id":"https:\/\/tonalibus.org\/wp-content\/uploads\/2020\/06\/uli-pix.jpg","url":"https:\/\/tonalibus.org\/wp-content\/uploads\/2020\/06\/uli-pix.jpg","contentUrl":"https:\/\/tonalibus.org\/wp-content\/uploads\/2020\/06\/uli-pix.jpg","width":960,"height":720,"caption":"Ulrico"},"logo":{"@id":"https:\/\/tonalibus.org\/wp-content\/uploads\/2020\/06\/uli-pix.jpg"},"sameAs":["https:\/\/tonalibus.cyon.site"]}]}},"_links":{"self":[{"href":"https:\/\/tonalibus.org\/fr\/wp-json\/wp\/v2\/posts\/24683","targetHints":{"allow":["GET"]}}],"collection":[{"href":"https:\/\/tonalibus.org\/fr\/wp-json\/wp\/v2\/posts"}],"about":[{"href":"https:\/\/tonalibus.org\/fr\/wp-json\/wp\/v2\/types\/post"}],"author":[{"embeddable":true,"href":"https:\/\/tonalibus.org\/fr\/wp-json\/wp\/v2\/users\/1"}],"replies":[{"embeddable":true,"href":"https:\/\/tonalibus.org\/fr\/wp-json\/wp\/v2\/comments?post=24683"}],"version-history":[{"count":0,"href":"https:\/\/tonalibus.org\/fr\/wp-json\/wp\/v2\/posts\/24683\/revisions"}],"wp:attachment":[{"href":"https:\/\/tonalibus.org\/fr\/wp-json\/wp\/v2\/media?parent=24683"}],"wp:term":[{"taxonomy":"category","embeddable":true,"href":"https:\/\/tonalibus.org\/fr\/wp-json\/wp\/v2\/categories?post=24683"},{"taxonomy":"post_tag","embeddable":true,"href":"https:\/\/tonalibus.org\/fr\/wp-json\/wp\/v2\/tags?post=24683"}],"curies":[{"name":"wp","href":"https:\/\/api.w.org\/{rel}","templated":true}]}}