{"id":24781,"date":"2023-04-05T09:15:37","date_gmt":"2023-04-05T07:15:37","guid":{"rendered":"https:\/\/tonalibus.org\/?p=24781"},"modified":"2023-04-05T09:19:31","modified_gmt":"2023-04-05T07:19:31","slug":"march-april-2023-tonalibus-update","status":"publish","type":"post","link":"https:\/\/tonalibus.org\/fr\/2023\/04\/05\/march-april-2023-tonalibus-update\/","title":{"rendered":"Mise \u00e0 jour Tonalibus de mars-avril 2023"},"content":{"rendered":"<div class=\"wp-block-buttons is-content-justification-center is-layout-flex wp-container-core-buttons-is-layout-16018d1d wp-block-buttons-is-layout-flex\">\n<div class=\"wp-block-button is-style-outline is-style-outline--1\"><a class=\"wp-block-button__link wp-element-button\" href=\"#concert\">Concert du 23 avril<\/a><\/div>\n\n\n\n<div class=\"wp-block-button is-style-outline is-style-outline--2\"><a class=\"wp-block-button__link wp-element-button\" href=\"#albums\">Nouveaux albums<\/a><\/div>\n\n\n\n<div class=\"wp-block-button is-style-outline is-style-outline--3\"><a class=\"wp-block-button__link wp-element-button\" href=\"#playlist\">Nouvelles des playlists<\/a><\/div>\n<\/div>\n\n\n\n<div style=\"height:32px\" aria-hidden=\"true\" class=\"wp-block-spacer\"><\/div>\n\n\n\n<p class=\"has-text-color\" style=\"color:#f7b320\">Cette mise \u00e0 jour Tonalibus de mars-avril 2023 met l'accent sur le concert du 23 avril \u201cDessiner des cercles, des vagues et des spirales\u201d pr\u00e8s de Berne et sur la sortie des albums \u201cTonalibus F, G, &amp; H\u201d et \u201cKlanggeschichte : Nabelschnur\u201d en mars. En outre, elle annonce la cl\u00f4ture de la playlist \u201cTonalibus I\u201d et le d\u00e9but de \u201cTonalibus J\u201d, pr\u00e9sent\u00e9es avec les deux enregistrements audio les plus r\u00e9cents.<\/p>\n\n\n\n<h2 class=\"wp-block-heading has-text-color\" id=\"concert\" style=\"color:#f7b320\">Concert Tonalibus le 23 avril \u00e0 Meikirch, Suisse<\/h2>\n\n\n\n<div class=\"wp-block-media-text alignwide is-stacked-on-mobile\" style=\"grid-template-columns:78% auto\"><figure class=\"wp-block-media-text__media\"><img loading=\"lazy\" decoding=\"async\" width=\"1024\" height=\"722\" src=\"https:\/\/tonalibus.org\/wp-content\/uploads\/2023\/03\/flyer_sacchet_0423-1024x722.jpg\" alt=\"March-April 2023 Tonalibus update\" class=\"wp-image-24146 size-full\" srcset=\"https:\/\/tonalibus.org\/wp-content\/uploads\/2023\/03\/flyer_sacchet_0423-1024x722.jpg 1024w, https:\/\/tonalibus.org\/wp-content\/uploads\/2023\/03\/flyer_sacchet_0423-300x211.jpg 300w, https:\/\/tonalibus.org\/wp-content\/uploads\/2023\/03\/flyer_sacchet_0423-768x541.jpg 768w, https:\/\/tonalibus.org\/wp-content\/uploads\/2023\/03\/flyer_sacchet_0423-1536x1083.jpg 1536w, https:\/\/tonalibus.org\/wp-content\/uploads\/2023\/03\/flyer_sacchet_0423-2048x1444.jpg 2048w, https:\/\/tonalibus.org\/wp-content\/uploads\/2023\/03\/flyer_sacchet_0423-18x12.jpg 18w, https:\/\/tonalibus.org\/wp-content\/uploads\/2023\/03\/flyer_sacchet_0423-1320x930.jpg 1320w\" sizes=\"auto, (max-width: 706px) 89vw, (max-width: 767px) 82vw, 740px\" \/><\/figure><div class=\"wp-block-media-text__content\">\n<p class=\"has-text-color\" style=\"color:#f7b320\">Concert le dimanche 23 avril \u00e0 partir de 17h dans l'Aula de l'\u00e9cole Gassacker, <a href=\"https:\/\/www.google.ch\/maps\/place\/Gr\u00e4chwilstrasse+14,+3045+Meikirch\" target=\"_blank\" rel=\"noreferrer noopener\"><mark style=\"background-color:rgba(0, 0, 0, 0);color:#f7b320\" class=\"has-inline-color\">Gr\u00e4chwilstr. 14, Meikirch<\/mark><\/a>. Ulrico pr\u00e9sentera divereses improvisations sonores m\u00e9ditatives et curatives, certaines avec une touche de blues, sur plusieurs instruments.<\/p>\n<\/div><\/div>\n\n\n\n<h2 class=\"wp-block-heading has-text-color\" id=\"albums\" style=\"color:#f7b320\">Sortie de deux albums en mars<\/h2>\n\n\n\n<div class=\"wp-block-media-text alignwide is-stacked-on-mobile\" style=\"grid-template-columns:24% auto\"><figure class=\"wp-block-media-text__media\"><img loading=\"lazy\" decoding=\"async\" width=\"1024\" height=\"1024\" src=\"https:\/\/tonalibus.org\/wp-content\/uploads\/2022\/12\/IMG_6294-cv-sqr-FGH-1024x1024.jpg\" alt=\"\" class=\"wp-image-22081 size-full\" srcset=\"https:\/\/tonalibus.org\/wp-content\/uploads\/2022\/12\/IMG_6294-cv-sqr-FGH-1024x1024.jpg 1024w, https:\/\/tonalibus.org\/wp-content\/uploads\/2022\/12\/IMG_6294-cv-sqr-FGH-300x300.jpg 300w, https:\/\/tonalibus.org\/wp-content\/uploads\/2022\/12\/IMG_6294-cv-sqr-FGH-150x150.jpg 150w, https:\/\/tonalibus.org\/wp-content\/uploads\/2022\/12\/IMG_6294-cv-sqr-FGH-768x768.jpg 768w, https:\/\/tonalibus.org\/wp-content\/uploads\/2022\/12\/IMG_6294-cv-sqr-FGH-12x12.jpg 12w, https:\/\/tonalibus.org\/wp-content\/uploads\/2022\/12\/IMG_6294-cv-sqr-FGH-100x100.jpg 100w, https:\/\/tonalibus.org\/wp-content\/uploads\/2022\/12\/IMG_6294-cv-sqr-FGH-560x560.jpg 560w, https:\/\/tonalibus.org\/wp-content\/uploads\/2022\/12\/IMG_6294-cv-sqr-FGH.jpg 1303w\" sizes=\"auto, (max-width: 706px) 89vw, (max-width: 767px) 82vw, 740px\" \/><\/figure><div class=\"wp-block-media-text__content\">\n<p class=\"has-text-color\" style=\"color:#f7b320\">\u201cTonalibus F, G, &amp; H\u201d est sorti le 2 mars sur de nombreuses plateformes musicales. Spotify, Deezer, Boomplay, YouTube Music, Apple Music \/ iTunes, KKbox, Amazon, Tidal, NetEase, QQ Music, et bien d'autres encore. Il s'\u00e9tend sur trois heures et demie et comprend vingt-cinq morceaux de musique originale, principalement m\u00e9ditative, d'Ulrico. Des informations d\u00e9taill\u00e9es sur ce triple album, les plateformes musicales utilis\u00e9es et ses morceaux sont dans le shop Fidibus sous \u201c<a href=\"https:\/\/tonalibus.org\/fr\/shop\/tonalibus-f-g-h-album\/\"><mark style=\"background-color:rgba(0, 0, 0, 0);color:#f7b320\" class=\"has-inline-color\">Tonalibus F, G, &amp; H<\/mark><\/a>\u201c. <\/p>\n<\/div><\/div>\n\n\n\n<div class=\"wp-block-media-text alignwide is-stacked-on-mobile\" style=\"grid-template-columns:24% auto\"><figure class=\"wp-block-media-text__media\"><img loading=\"lazy\" decoding=\"async\" width=\"1024\" height=\"1024\" src=\"https:\/\/tonalibus.org\/wp-content\/uploads\/2023\/03\/Philine-x1-sqr-1024x1024.jpg\" alt=\"\" class=\"wp-image-24422 size-full\" srcset=\"https:\/\/tonalibus.org\/wp-content\/uploads\/2023\/03\/Philine-x1-sqr-1024x1024.jpg 1024w, https:\/\/tonalibus.org\/wp-content\/uploads\/2023\/03\/Philine-x1-sqr-300x300.jpg 300w, https:\/\/tonalibus.org\/wp-content\/uploads\/2023\/03\/Philine-x1-sqr-150x150.jpg 150w, https:\/\/tonalibus.org\/wp-content\/uploads\/2023\/03\/Philine-x1-sqr-768x768.jpg 768w, https:\/\/tonalibus.org\/wp-content\/uploads\/2023\/03\/Philine-x1-sqr-12x12.jpg 12w, https:\/\/tonalibus.org\/wp-content\/uploads\/2023\/03\/Philine-x1-sqr-100x100.jpg 100w, https:\/\/tonalibus.org\/wp-content\/uploads\/2023\/03\/Philine-x1-sqr-560x560.jpg 560w, https:\/\/tonalibus.org\/wp-content\/uploads\/2023\/03\/Philine-x1-sqr.jpg 1125w\" sizes=\"auto, (max-width: 706px) 89vw, (max-width: 767px) 82vw, 740px\" \/><\/figure><div class=\"wp-block-media-text__content\">\n<p class=\"has-text-color\" style=\"color:#f7b320\">\u201cHistoire et son : Nabelschnur (cordon ombilical)\u201d a \u00e9t\u00e9 publi\u00e9 le 23 mars. Cette \u201cKlanggeschichte\u201d traite de la connexion, de la croissance et du d\u00e9tachement. \u00c9crite et pr\u00e9sent\u00e9e en allemand par Philine Harte, avec des sons d'Ulrico, elle s'\u00e9tend sur dix chapitres et soixante-trois minutes de paroles inspirantes et de sons apaisants. Elle est disponible dans le shop Fidibus sous \u201c<a href=\"https:\/\/tonalibus.org\/fr\/shop\/story-nabelschnur\/\"><mark style=\"background-color:rgba(0, 0, 0, 0);color:#f7b320\" class=\"has-inline-color\">Histoire : Nabelschnur<\/mark><\/a>\u201c. Et aussi sur Spotify, YouTube, Apple \/ iTunes, et Amazon.<\/p>\n<\/div><\/div>\n\n\n\n<figure class=\"wp-block-audio\"><audio controls src=\"https:\/\/tonalibus.org\/wp-content\/uploads\/2023\/03\/2023-Feb-Mar-PHU-guit-s.mp3\"><\/audio><figcaption class=\"wp-element-caption\"><mark style=\"background-color:rgba(0, 0, 0, 0);color:#f7b320\" class=\"has-inline-color\">\u201cUmbilical\u201d \u2013 des sons dans le silence \u2013 <\/mark><a href=\"https:\/\/tonalibus.org\/fr\/tonalities\/reach-or-harmonic-heptatonalities\/reachmin-phryg-dominant\/\"><mark style=\"background-color:rgba(0, 0, 0, 0);color:#f7b320\" class=\"has-inline-color\">ReachMin<\/mark><\/a><mark style=\"background-color:rgba(0, 0, 0, 0);color:#f7b320\" class=\"has-inline-color\"> ou<em> <\/em>Phrygien dominant<em> <\/em>sur 136 Hz \u2013 guitare \u00e0 8 cordes \u2013 10:05<\/mark><em> <\/em><mark style=\"background-color:rgba(0, 0, 0, 0);color:#f7b320\" class=\"has-inline-color\">\u2013 d\u00e9riv\u00e9 des enregistrements sonores pour \u201cKlanggeschichte\u201d, \u201c<\/mark><em><mark style=\"background-color:rgba(0, 0, 0, 0);color:#f7b320\" class=\"has-inline-color\">Histoire : Nabelschnur<\/mark><\/em><mark style=\"background-color:rgba(0, 0, 0, 0);color:#f7b320\" class=\"has-inline-color\">\u201d sur le d\u00e9veloppement du cordon ombilical<\/mark><\/figcaption><\/figure>\n\n\n\n<h2 class=\"wp-block-heading has-text-color\" id=\"playlist\" style=\"color:#f7b320\">Mise \u00e0 jour des playlists Tonalibus de mars-avril 2023 <\/h2>\n\n\n\n<div class=\"wp-block-media-text alignwide is-stacked-on-mobile\" style=\"grid-template-columns:24% auto\"><figure class=\"wp-block-media-text__media\"><img loading=\"lazy\" decoding=\"async\" width=\"1024\" height=\"1024\" src=\"https:\/\/tonalibus.org\/wp-content\/uploads\/2023\/01\/20220515_202745414_iOS-xc1-sqr-I-1024x1024.jpg\" alt=\"\" class=\"wp-image-22348 size-full\" srcset=\"https:\/\/tonalibus.org\/wp-content\/uploads\/2023\/01\/20220515_202745414_iOS-xc1-sqr-I-1024x1024.jpg 1024w, https:\/\/tonalibus.org\/wp-content\/uploads\/2023\/01\/20220515_202745414_iOS-xc1-sqr-I-300x300.jpg 300w, https:\/\/tonalibus.org\/wp-content\/uploads\/2023\/01\/20220515_202745414_iOS-xc1-sqr-I-150x150.jpg 150w, https:\/\/tonalibus.org\/wp-content\/uploads\/2023\/01\/20220515_202745414_iOS-xc1-sqr-I-768x768.jpg 768w, https:\/\/tonalibus.org\/wp-content\/uploads\/2023\/01\/20220515_202745414_iOS-xc1-sqr-I-1536x1536.jpg 1536w, https:\/\/tonalibus.org\/wp-content\/uploads\/2023\/01\/20220515_202745414_iOS-xc1-sqr-I-2048x2048.jpg 2048w, https:\/\/tonalibus.org\/wp-content\/uploads\/2023\/01\/20220515_202745414_iOS-xc1-sqr-I-12x12.jpg 12w, https:\/\/tonalibus.org\/wp-content\/uploads\/2023\/01\/20220515_202745414_iOS-xc1-sqr-I-100x100.jpg 100w, https:\/\/tonalibus.org\/wp-content\/uploads\/2023\/01\/20220515_202745414_iOS-xc1-sqr-I-1320x1320.jpg 1320w, https:\/\/tonalibus.org\/wp-content\/uploads\/2023\/01\/20220515_202745414_iOS-xc1-sqr-I-560x560.jpg 560w\" sizes=\"auto, (max-width: 706px) 89vw, (max-width: 767px) 82vw, 740px\" \/><\/figure><div class=\"wp-block-media-text__content\">\n<p class=\"has-text-color\" style=\"color:#f7b320\">Playlist <a href=\"https:\/\/tonalibus.org\/fr\/shop\/playlists\/#i\"><mark style=\"background-color:rgba(0, 0, 0, 0);color:#f7b320\" class=\"has-inline-color\">Tonalibus I<\/mark><\/a> intitul\u00e9 \u201c<em>Un pas en avant dans un nouveau monde<\/em>\u201d est maintenant compl\u00e8te. Elle comprend douze pi\u00e8ces de janvier \u00e0 mars 2023, soit quatre-vingt-dix minutes d'improvisations d'Ulrico. Une pi\u00e8ce est r\u00e9alis\u00e9e avec Christina Braun, voix ou violon, une avec Philine Harte, voix, et une avec Karin Gs\u00f6llpointner, voix. <br>Playlist <a href=\"https:\/\/tonalibus.org\/fr\/shop\/playlists\/#j\"><mark style=\"background-color:rgba(0, 0, 0, 0);color:#f7b320\" class=\"has-inline-color\">Tonalibus J<\/mark><\/a> intitul\u00e9 \u201c<em>Bienvenu en libert\u00e9 relative<\/em>\u201d commence par la composition improvis\u00e9e \u201cEchoes of growing silence\u201d \u2013 c\u00e9l\u00e9brer une nouvelle naissance (ci-dessous).<\/p>\n<\/div><\/div>\n\n\n\n<figure class=\"wp-block-audio\"><audio controls src=\"https:\/\/tonalibus.org\/wp-content\/uploads\/2023\/03\/2023-03-30-GGGB.mp3\"><\/audio><figcaption class=\"wp-element-caption\"><mark style=\"background-color:rgba(0, 0, 0, 0);color:#f7b320\" class=\"has-inline-color\">\u201cEchoes of growing silence\u201d \u2013 <\/mark><a href=\"https:\/\/tonalibus.org\/fr\/tonalities\/clustered-or-melodic-heptatonalities\/ionaeolian-or-clusterbal-melodic-major\/\"><mark style=\"background-color:rgba(0, 0, 0, 0);color:#f7b320\" class=\"has-inline-color\">Ion\u00c9olien ou ClusterBal<\/mark><\/a><mark style=\"background-color:rgba(0, 0, 0, 0);color:#f7b320\" class=\"has-inline-color\"> (majeur m\u00e9lodique) \u2013 guitare \u00e0 8 cordes avec \u00e9cho soutenu, basse \u2013 6:14<\/mark><\/figcaption><\/figure>\n\n\n\n<div style=\"height:48px\" aria-hidden=\"true\" class=\"wp-block-spacer\"><\/div>\n\n\n\n<figure class=\"wp-block-image size-large\"><img loading=\"lazy\" decoding=\"async\" width=\"1024\" height=\"579\" src=\"https:\/\/tonalibus.org\/wp-content\/uploads\/2023\/03\/20230327_153835912_iOS-xc-1024x579.jpg\" alt=\"March-April 2023 Tonalibus update\" class=\"wp-image-24721\" srcset=\"https:\/\/tonalibus.org\/wp-content\/uploads\/2023\/03\/20230327_153835912_iOS-xc-1024x579.jpg 1024w, https:\/\/tonalibus.org\/wp-content\/uploads\/2023\/03\/20230327_153835912_iOS-xc-300x170.jpg 300w, https:\/\/tonalibus.org\/wp-content\/uploads\/2023\/03\/20230327_153835912_iOS-xc-768x434.jpg 768w, https:\/\/tonalibus.org\/wp-content\/uploads\/2023\/03\/20230327_153835912_iOS-xc-1536x868.jpg 1536w, https:\/\/tonalibus.org\/wp-content\/uploads\/2023\/03\/20230327_153835912_iOS-xc-2048x1157.jpg 2048w, https:\/\/tonalibus.org\/wp-content\/uploads\/2023\/03\/20230327_153835912_iOS-xc-18x10.jpg 18w, https:\/\/tonalibus.org\/wp-content\/uploads\/2023\/03\/20230327_153835912_iOS-xc-1320x746.jpg 1320w\" sizes=\"auto, (max-width: 706px) 89vw, (max-width: 767px) 82vw, 740px\" \/><figcaption class=\"wp-element-caption\">Soleil printanier traversant les nuages avant de se coucher \u2013 mars 2023 \u2013 Gr\u00e4chwil, Suisse<\/figcaption><\/figure>","protected":false},"excerpt":{"rendered":"<p>Cette mise \u00e0 jour Tonalibus de mars-avril 2023 met l'accent sur le concert du 23 avril \u201cDessiner des cercles, des vagues et des spirales\u201d pr\u00e8s de Berne et sur la sortie des albums \u201cTonalibus F, G, &amp; H\u201d et \u201cKlanggeschichte : Nabelschnur\u201d en mars. En outre, elle annonce la cl\u00f4ture de la playlist \u201cTonalibus I\u201d et le d\u00e9but de \u201cTonalibus J\u201d, pr\u00e9sent\u00e9es avec les deux enregistrements audio les plus r\u00e9cents.<\/p>","protected":false},"author":1,"featured_media":0,"comment_status":"closed","ping_status":"closed","sticky":false,"template":"","format":"standard","meta":{"footnotes":""},"categories":[30,25,12,11,16],"tags":[],"class_list":["post-24781","post","type-post","status-publish","format-standard","hentry","category-2023-fidal","category-2023-tonal","category-fidibus","category-tonalibus","category-update"],"yoast_head":"<!-- This site is optimized with the Yoast SEO plugin v27.5 - https:\/\/yoast.com\/product\/yoast-seo-wordpress\/ -->\n<title>March-April 2023 Tonalibus update &#8211; TONALIBUS Harmony<\/title>\n<meta name=\"description\" content=\"This March-April 2023 Tonalibus update mentions a concert on April 23, the release of two albums in March, and presents some playlist updates.\" \/>\n<meta name=\"robots\" content=\"index, follow, max-snippet:-1, max-image-preview:large, max-video-preview:-1\" \/>\n<link rel=\"canonical\" href=\"https:\/\/tonalibus.org\/fr\/2023\/04\/05\/march-april-2023-tonalibus-update\/\" \/>\n<meta property=\"og:locale\" content=\"fr_FR\" \/>\n<meta property=\"og:type\" content=\"article\" \/>\n<meta property=\"og:title\" content=\"March-April 2023 Tonalibus update &#8211; TONALIBUS Harmony\" \/>\n<meta property=\"og:description\" content=\"This March-April 2023 Tonalibus update mentions a concert on April 23, the release of two albums in March, and presents some playlist updates.\" \/>\n<meta property=\"og:url\" content=\"https:\/\/tonalibus.org\/fr\/2023\/04\/05\/march-april-2023-tonalibus-update\/\" \/>\n<meta property=\"og:site_name\" content=\"TONALIBUS\" \/>\n<meta property=\"article:published_time\" content=\"2023-04-05T07:15:37+00:00\" \/>\n<meta property=\"article:modified_time\" content=\"2023-04-05T07:19:31+00:00\" \/>\n<meta property=\"og:image\" content=\"https:\/\/tonalibus.org\/wp-content\/uploads\/2023\/03\/flyer_sacchet_0423-1024x722.jpg\" \/>\n<meta name=\"author\" content=\"Ulrico\" \/>\n<meta name=\"twitter:card\" content=\"summary_large_image\" \/>\n<meta name=\"twitter:label1\" content=\"\u00c9crit par\" \/>\n\t<meta name=\"twitter:data1\" content=\"Ulrico\" \/>\n\t<meta name=\"twitter:label2\" content=\"Dur\u00e9e de lecture estim\u00e9e\" \/>\n\t<meta name=\"twitter:data2\" content=\"3 minutes\" \/>\n<script type=\"application\/ld+json\" class=\"yoast-schema-graph\">{\"@context\":\"https:\\\/\\\/schema.org\",\"@graph\":[{\"@type\":\"Article\",\"@id\":\"https:\\\/\\\/tonalibus.org\\\/fr\\\/2023\\\/04\\\/05\\\/march-april-2023-tonalibus-update\\\/#article\",\"isPartOf\":{\"@id\":\"https:\\\/\\\/tonalibus.org\\\/fr\\\/2023\\\/04\\\/05\\\/march-april-2023-tonalibus-update\\\/\"},\"author\":{\"name\":\"Ulrico\",\"@id\":\"https:\\\/\\\/tonalibus.org\\\/de\\\/#\\\/schema\\\/person\\\/749261d7bc96d1f00127273f83ab96a4\"},\"headline\":\"March-April 2023 Tonalibus update\",\"datePublished\":\"2023-04-05T07:15:37+00:00\",\"dateModified\":\"2023-04-05T07:19:31+00:00\",\"mainEntityOfPage\":{\"@id\":\"https:\\\/\\\/tonalibus.org\\\/fr\\\/2023\\\/04\\\/05\\\/march-april-2023-tonalibus-update\\\/\"},\"wordCount\":386,\"publisher\":{\"@id\":\"https:\\\/\\\/tonalibus.org\\\/de\\\/#\\\/schema\\\/person\\\/749261d7bc96d1f00127273f83ab96a4\"},\"image\":{\"@id\":\"https:\\\/\\\/tonalibus.org\\\/fr\\\/2023\\\/04\\\/05\\\/march-april-2023-tonalibus-update\\\/#primaryimage\"},\"thumbnailUrl\":\"https:\\\/\\\/tonalibus.org\\\/wp-content\\\/uploads\\\/2023\\\/03\\\/flyer_sacchet_0423-1024x722.jpg\",\"articleSection\":[\"2023 fidal\",\"2023 tonal\",\"Fidibus\",\"Tonalibus\",\"Update\"],\"inLanguage\":\"fr-FR\"},{\"@type\":\"WebPage\",\"@id\":\"https:\\\/\\\/tonalibus.org\\\/fr\\\/2023\\\/04\\\/05\\\/march-april-2023-tonalibus-update\\\/\",\"url\":\"https:\\\/\\\/tonalibus.org\\\/fr\\\/2023\\\/04\\\/05\\\/march-april-2023-tonalibus-update\\\/\",\"name\":\"March-April 2023 Tonalibus update &#8211; TONALIBUS Harmony\",\"isPartOf\":{\"@id\":\"https:\\\/\\\/tonalibus.org\\\/de\\\/#website\"},\"primaryImageOfPage\":{\"@id\":\"https:\\\/\\\/tonalibus.org\\\/fr\\\/2023\\\/04\\\/05\\\/march-april-2023-tonalibus-update\\\/#primaryimage\"},\"image\":{\"@id\":\"https:\\\/\\\/tonalibus.org\\\/fr\\\/2023\\\/04\\\/05\\\/march-april-2023-tonalibus-update\\\/#primaryimage\"},\"thumbnailUrl\":\"https:\\\/\\\/tonalibus.org\\\/wp-content\\\/uploads\\\/2023\\\/03\\\/flyer_sacchet_0423-1024x722.jpg\",\"datePublished\":\"2023-04-05T07:15:37+00:00\",\"dateModified\":\"2023-04-05T07:19:31+00:00\",\"description\":\"This March-April 2023 Tonalibus update mentions a concert on April 23, the release of two albums in March, and presents some playlist updates.\",\"breadcrumb\":{\"@id\":\"https:\\\/\\\/tonalibus.org\\\/fr\\\/2023\\\/04\\\/05\\\/march-april-2023-tonalibus-update\\\/#breadcrumb\"},\"inLanguage\":\"fr-FR\",\"potentialAction\":[{\"@type\":\"ReadAction\",\"target\":[\"https:\\\/\\\/tonalibus.org\\\/fr\\\/2023\\\/04\\\/05\\\/march-april-2023-tonalibus-update\\\/\"]}]},{\"@type\":\"ImageObject\",\"inLanguage\":\"fr-FR\",\"@id\":\"https:\\\/\\\/tonalibus.org\\\/fr\\\/2023\\\/04\\\/05\\\/march-april-2023-tonalibus-update\\\/#primaryimage\",\"url\":\"https:\\\/\\\/tonalibus.org\\\/wp-content\\\/uploads\\\/2023\\\/03\\\/flyer_sacchet_0423-1024x722.jpg\",\"contentUrl\":\"https:\\\/\\\/tonalibus.org\\\/wp-content\\\/uploads\\\/2023\\\/03\\\/flyer_sacchet_0423-1024x722.jpg\"},{\"@type\":\"BreadcrumbList\",\"@id\":\"https:\\\/\\\/tonalibus.org\\\/fr\\\/2023\\\/04\\\/05\\\/march-april-2023-tonalibus-update\\\/#breadcrumb\",\"itemListElement\":[{\"@type\":\"ListItem\",\"position\":1,\"name\":\"Home\",\"item\":\"https:\\\/\\\/tonalibus.org\\\/\"},{\"@type\":\"ListItem\",\"position\":2,\"name\":\"March-April 2023 Tonalibus update\"}]},{\"@type\":\"WebSite\",\"@id\":\"https:\\\/\\\/tonalibus.org\\\/de\\\/#website\",\"url\":\"https:\\\/\\\/tonalibus.org\\\/de\\\/\",\"name\":\"TONALIBUS\",\"description\":\"Anchored Harmony and Tonalities\",\"publisher\":{\"@id\":\"https:\\\/\\\/tonalibus.org\\\/de\\\/#\\\/schema\\\/person\\\/749261d7bc96d1f00127273f83ab96a4\"},\"potentialAction\":[{\"@type\":\"SearchAction\",\"target\":{\"@type\":\"EntryPoint\",\"urlTemplate\":\"https:\\\/\\\/tonalibus.org\\\/de\\\/?s={search_term_string}\"},\"query-input\":{\"@type\":\"PropertyValueSpecification\",\"valueRequired\":true,\"valueName\":\"search_term_string\"}}],\"inLanguage\":\"fr-FR\"},{\"@type\":[\"Person\",\"Organization\"],\"@id\":\"https:\\\/\\\/tonalibus.org\\\/de\\\/#\\\/schema\\\/person\\\/749261d7bc96d1f00127273f83ab96a4\",\"name\":\"Ulrico\",\"image\":{\"@type\":\"ImageObject\",\"inLanguage\":\"fr-FR\",\"@id\":\"https:\\\/\\\/tonalibus.org\\\/wp-content\\\/uploads\\\/2020\\\/06\\\/uli-pix.jpg\",\"url\":\"https:\\\/\\\/tonalibus.org\\\/wp-content\\\/uploads\\\/2020\\\/06\\\/uli-pix.jpg\",\"contentUrl\":\"https:\\\/\\\/tonalibus.org\\\/wp-content\\\/uploads\\\/2020\\\/06\\\/uli-pix.jpg\",\"width\":960,\"height\":720,\"caption\":\"Ulrico\"},\"logo\":{\"@id\":\"https:\\\/\\\/tonalibus.org\\\/wp-content\\\/uploads\\\/2020\\\/06\\\/uli-pix.jpg\"},\"sameAs\":[\"https:\\\/\\\/tonalibus.cyon.site\"]}]}<\/script>\n<!-- \/ Yoast SEO plugin. -->","yoast_head_json":{"title":"Mars-Avril 2023 Mise \u00e0 jour du Tonalibus - TONALIBUS Harmony","description":"Cette mise \u00e0 jour du Tonalibus de mars-avril 2023 mentionne un concert le 23 avril, la sortie de deux albums en mars, et pr\u00e9sente quelques mises \u00e0 jour de playlists.","robots":{"index":"index","follow":"follow","max-snippet":"max-snippet:-1","max-image-preview":"max-image-preview:large","max-video-preview":"max-video-preview:-1"},"canonical":"https:\/\/tonalibus.org\/fr\/2023\/04\/05\/march-april-2023-tonalibus-update\/","og_locale":"fr_FR","og_type":"article","og_title":"March-April 2023 Tonalibus update &#8211; TONALIBUS Harmony","og_description":"This March-April 2023 Tonalibus update mentions a concert on April 23, the release of two albums in March, and presents some playlist updates.","og_url":"https:\/\/tonalibus.org\/fr\/2023\/04\/05\/march-april-2023-tonalibus-update\/","og_site_name":"TONALIBUS","article_published_time":"2023-04-05T07:15:37+00:00","article_modified_time":"2023-04-05T07:19:31+00:00","og_image":[{"url":"https:\/\/tonalibus.org\/wp-content\/uploads\/2023\/03\/flyer_sacchet_0423-1024x722.jpg","type":"","width":"","height":""}],"author":"Ulrico","twitter_card":"summary_large_image","twitter_misc":{"\u00c9crit par":"Ulrico","Dur\u00e9e de lecture estim\u00e9e":"3 minutes"},"schema":{"@context":"https:\/\/schema.org","@graph":[{"@type":"Article","@id":"https:\/\/tonalibus.org\/fr\/2023\/04\/05\/march-april-2023-tonalibus-update\/#article","isPartOf":{"@id":"https:\/\/tonalibus.org\/fr\/2023\/04\/05\/march-april-2023-tonalibus-update\/"},"author":{"name":"Ulrico","@id":"https:\/\/tonalibus.org\/de\/#\/schema\/person\/749261d7bc96d1f00127273f83ab96a4"},"headline":"March-April 2023 Tonalibus update","datePublished":"2023-04-05T07:15:37+00:00","dateModified":"2023-04-05T07:19:31+00:00","mainEntityOfPage":{"@id":"https:\/\/tonalibus.org\/fr\/2023\/04\/05\/march-april-2023-tonalibus-update\/"},"wordCount":386,"publisher":{"@id":"https:\/\/tonalibus.org\/de\/#\/schema\/person\/749261d7bc96d1f00127273f83ab96a4"},"image":{"@id":"https:\/\/tonalibus.org\/fr\/2023\/04\/05\/march-april-2023-tonalibus-update\/#primaryimage"},"thumbnailUrl":"https:\/\/tonalibus.org\/wp-content\/uploads\/2023\/03\/flyer_sacchet_0423-1024x722.jpg","articleSection":["2023 fidal","2023 tonal","Fidibus","Tonalibus","Update"],"inLanguage":"fr-FR"},{"@type":"WebPage","@id":"https:\/\/tonalibus.org\/fr\/2023\/04\/05\/march-april-2023-tonalibus-update\/","url":"https:\/\/tonalibus.org\/fr\/2023\/04\/05\/march-april-2023-tonalibus-update\/","name":"Mars-Avril 2023 Mise \u00e0 jour du Tonalibus - TONALIBUS Harmony","isPartOf":{"@id":"https:\/\/tonalibus.org\/de\/#website"},"primaryImageOfPage":{"@id":"https:\/\/tonalibus.org\/fr\/2023\/04\/05\/march-april-2023-tonalibus-update\/#primaryimage"},"image":{"@id":"https:\/\/tonalibus.org\/fr\/2023\/04\/05\/march-april-2023-tonalibus-update\/#primaryimage"},"thumbnailUrl":"https:\/\/tonalibus.org\/wp-content\/uploads\/2023\/03\/flyer_sacchet_0423-1024x722.jpg","datePublished":"2023-04-05T07:15:37+00:00","dateModified":"2023-04-05T07:19:31+00:00","description":"Cette mise \u00e0 jour du Tonalibus de mars-avril 2023 mentionne un concert le 23 avril, la sortie de deux albums en mars, et pr\u00e9sente quelques mises \u00e0 jour de playlists.","breadcrumb":{"@id":"https:\/\/tonalibus.org\/fr\/2023\/04\/05\/march-april-2023-tonalibus-update\/#breadcrumb"},"inLanguage":"fr-FR","potentialAction":[{"@type":"ReadAction","target":["https:\/\/tonalibus.org\/fr\/2023\/04\/05\/march-april-2023-tonalibus-update\/"]}]},{"@type":"ImageObject","inLanguage":"fr-FR","@id":"https:\/\/tonalibus.org\/fr\/2023\/04\/05\/march-april-2023-tonalibus-update\/#primaryimage","url":"https:\/\/tonalibus.org\/wp-content\/uploads\/2023\/03\/flyer_sacchet_0423-1024x722.jpg","contentUrl":"https:\/\/tonalibus.org\/wp-content\/uploads\/2023\/03\/flyer_sacchet_0423-1024x722.jpg"},{"@type":"BreadcrumbList","@id":"https:\/\/tonalibus.org\/fr\/2023\/04\/05\/march-april-2023-tonalibus-update\/#breadcrumb","itemListElement":[{"@type":"ListItem","position":1,"name":"Home","item":"https:\/\/tonalibus.org\/"},{"@type":"ListItem","position":2,"name":"March-April 2023 Tonalibus update"}]},{"@type":"WebSite","@id":"https:\/\/tonalibus.org\/de\/#website","url":"https:\/\/tonalibus.org\/de\/","name":"TONALIBUS","description":"Harmonie et tonalit\u00e9s ancr\u00e9es","publisher":{"@id":"https:\/\/tonalibus.org\/de\/#\/schema\/person\/749261d7bc96d1f00127273f83ab96a4"},"potentialAction":[{"@type":"SearchAction","target":{"@type":"EntryPoint","urlTemplate":"https:\/\/tonalibus.org\/de\/?s={search_term_string}"},"query-input":{"@type":"PropertyValueSpecification","valueRequired":true,"valueName":"search_term_string"}}],"inLanguage":"fr-FR"},{"@type":["Person","Organization"],"@id":"https:\/\/tonalibus.org\/de\/#\/schema\/person\/749261d7bc96d1f00127273f83ab96a4","name":"Ulrico","image":{"@type":"ImageObject","inLanguage":"fr-FR","@id":"https:\/\/tonalibus.org\/wp-content\/uploads\/2020\/06\/uli-pix.jpg","url":"https:\/\/tonalibus.org\/wp-content\/uploads\/2020\/06\/uli-pix.jpg","contentUrl":"https:\/\/tonalibus.org\/wp-content\/uploads\/2020\/06\/uli-pix.jpg","width":960,"height":720,"caption":"Ulrico"},"logo":{"@id":"https:\/\/tonalibus.org\/wp-content\/uploads\/2020\/06\/uli-pix.jpg"},"sameAs":["https:\/\/tonalibus.cyon.site"]}]}},"_links":{"self":[{"href":"https:\/\/tonalibus.org\/fr\/wp-json\/wp\/v2\/posts\/24781","targetHints":{"allow":["GET"]}}],"collection":[{"href":"https:\/\/tonalibus.org\/fr\/wp-json\/wp\/v2\/posts"}],"about":[{"href":"https:\/\/tonalibus.org\/fr\/wp-json\/wp\/v2\/types\/post"}],"author":[{"embeddable":true,"href":"https:\/\/tonalibus.org\/fr\/wp-json\/wp\/v2\/users\/1"}],"replies":[{"embeddable":true,"href":"https:\/\/tonalibus.org\/fr\/wp-json\/wp\/v2\/comments?post=24781"}],"version-history":[{"count":0,"href":"https:\/\/tonalibus.org\/fr\/wp-json\/wp\/v2\/posts\/24781\/revisions"}],"wp:attachment":[{"href":"https:\/\/tonalibus.org\/fr\/wp-json\/wp\/v2\/media?parent=24781"}],"wp:term":[{"taxonomy":"category","embeddable":true,"href":"https:\/\/tonalibus.org\/fr\/wp-json\/wp\/v2\/categories?post=24781"},{"taxonomy":"post_tag","embeddable":true,"href":"https:\/\/tonalibus.org\/fr\/wp-json\/wp\/v2\/tags?post=24781"}],"curies":[{"name":"wp","href":"https:\/\/api.w.org\/{rel}","templated":true}]}}