{"id":27024,"date":"2023-08-17T14:57:02","date_gmt":"2023-08-17T12:57:02","guid":{"rendered":"https:\/\/tonalibus.org\/?p=27024"},"modified":"2023-10-19T17:22:42","modified_gmt":"2023-10-19T15:22:42","slug":"august-2023-tonalibus-update","status":"publish","type":"post","link":"https:\/\/tonalibus.org\/fr\/2023\/08\/17\/august-2023-tonalibus-update\/","title":{"rendered":"Mise \u00e0 jour Tonalibus d'ao\u00fbt 2023"},"content":{"rendered":"<div class=\"wp-block-buttons is-content-justification-center is-layout-flex wp-container-core-buttons-is-layout-16018d1d wp-block-buttons-is-layout-flex\">\n<div class=\"wp-block-button is-style-outline is-style-outline--1\"><a class=\"wp-block-button__link wp-element-button\" href=\"#playlist\">Mise \u00e0 jour des <br>playlists et sons<\/a><\/div>\n\n\n\n<div class=\"wp-block-button is-style-outline is-style-outline--2\"><a class=\"wp-block-button__link wp-element-button\" href=\"#mantra\">Sons comme mantra<br>(tonalit\u00e9 en action)<\/a><\/div>\n\n\n\n<div class=\"wp-block-button is-style-outline is-style-outline--3\"><a class=\"wp-block-button__link wp-element-button\" href=\"#cycle\">Cycle des harmoniques <br>et l'harmonie universelle<\/a><\/div>\n\n\n\n<div class=\"wp-block-button is-style-outline is-style-outline--4\"><a class=\"wp-block-button__link wp-element-button\" href=\"#conclude\">Citation et photo<br>conclusion<\/a><\/div>\n<\/div>\n\n\n\n<div style=\"height:32px\" aria-hidden=\"true\" class=\"wp-block-spacer\"><\/div>\n\n\n\n<p class=\"has-text-color\" style=\"color:#f7b320\">Cette mise \u00e0 jour Tonalibus d'ao\u00fbt 2023 pr\u00e9sente l'\u00e9volution de <em>Playlist K<\/em> et <em>Sons de juillet-ao\u00fbt 2023<\/em>, ainsi que <em>Sons comme mantra<\/em>, une offre Fidibus \u00e9mergente pour aider \u00e0 la cr\u00e9ation de mantras sonores personnels. Cette mise \u00e0 jour aborde \u00e9galement le cycle des harmoniques et l'harmonie universelle, et se termine par une citation po\u00e9tique et une photo.<\/p>\n\n\n\n<h2 class=\"wp-block-heading has-text-color\" id=\"playlist\" style=\"color:#f7b320\">Mise \u00e0 jour de playlists et sons Tonalibus d'\u00e2out 2023<\/h2>\n\n\n\n<div class=\"wp-block-media-text is-stacked-on-mobile\" style=\"grid-template-columns:24% auto\"><figure class=\"wp-block-media-text__media\"><img loading=\"lazy\" decoding=\"async\" width=\"1024\" height=\"1024\" src=\"https:\/\/tonalibus.org\/wp-content\/uploads\/2023\/06\/20220515_202745414_iOS-xc1-sqr-k-1024x1024.jpg\" alt=\"August 2023 Tonalibus update\" class=\"wp-image-25658 size-full\" srcset=\"https:\/\/tonalibus.org\/wp-content\/uploads\/2023\/06\/20220515_202745414_iOS-xc1-sqr-k-1024x1024.jpg 1024w, https:\/\/tonalibus.org\/wp-content\/uploads\/2023\/06\/20220515_202745414_iOS-xc1-sqr-k-300x300.jpg 300w, https:\/\/tonalibus.org\/wp-content\/uploads\/2023\/06\/20220515_202745414_iOS-xc1-sqr-k-150x150.jpg 150w, https:\/\/tonalibus.org\/wp-content\/uploads\/2023\/06\/20220515_202745414_iOS-xc1-sqr-k-768x768.jpg 768w, https:\/\/tonalibus.org\/wp-content\/uploads\/2023\/06\/20220515_202745414_iOS-xc1-sqr-k-1536x1536.jpg 1536w, https:\/\/tonalibus.org\/wp-content\/uploads\/2023\/06\/20220515_202745414_iOS-xc1-sqr-k-2048x2048.jpg 2048w, https:\/\/tonalibus.org\/wp-content\/uploads\/2023\/06\/20220515_202745414_iOS-xc1-sqr-k-12x12.jpg 12w, https:\/\/tonalibus.org\/wp-content\/uploads\/2023\/06\/20220515_202745414_iOS-xc1-sqr-k-100x100.jpg 100w, https:\/\/tonalibus.org\/wp-content\/uploads\/2023\/06\/20220515_202745414_iOS-xc1-sqr-k-1320x1320.jpg 1320w, https:\/\/tonalibus.org\/wp-content\/uploads\/2023\/06\/20220515_202745414_iOS-xc1-sqr-k-560x560.jpg 560w\" sizes=\"auto, (max-width: 706px) 89vw, (max-width: 767px) 82vw, 740px\" \/><\/figure><div class=\"wp-block-media-text__content\">\n<p class=\"has-text-color\" style=\"color:#f7b320\"><a href=\"https:\/\/tonalibus.org\/fr\/shop\/playlists\/playlist-i-j-k\/#k\"><mark style=\"background-color:rgba(0, 0, 0, 0);color:#f7b320\" class=\"has-inline-color\">Playlist K<\/mark><\/a> a maintenant augment\u00e9 \u00e0 12 pi\u00e8ces couvrant 66 minutes de nouveaux enregistrements. Les nouveaux morceaux comprennent : <br>\u201cCalling the divine\u201d \u2013 les c\u0153urs se connectent directement<br>\u201cBalancing up and down\u201d \u2013 calme \u00e9tendu<em> <\/em>(ci-dessous)<br>\u201cGo with God\u201d \u2013 une b\u00e9n\u00e9diction finale \u2013 pour Stivensky<br>et<em> <\/em>\u201cPulsating through life\u201d \u2013 en avant !<em> <\/em>(ci-dessous). <br>\u00c9galement disponibles sous <a href=\"https:\/\/tonalibus.org\/fr\/sounds\/2023-sounds-and-images\/july-august-2023-sounds\/\"><mark style=\"background-color:rgba(0, 0, 0, 0);color:#f7b320\" class=\"has-inline-color\">Sons de juillet-ao\u00fbt 2023<\/mark><\/a>.<\/p>\n<\/div><\/div>\n\n\n\n<figure class=\"wp-block-audio\"><audio controls src=\"https:\/\/tonalibus.org\/wp-content\/uploads\/2023\/08\/2023-08-14-5GLSBACO.mp3\"><\/audio><figcaption class=\"wp-element-caption\"><mark style=\"background-color:rgba(0, 0, 0, 0);color:#f7b320\" class=\"has-inline-color\">\u201cPulsating through life\u201d \u2013 en avant !<em> <\/em>\u2014 <\/mark><a href=\"https:\/\/tonalibus.org\/fr\/tonalities\/hexatonalities\/hexamin\/\"><mark style=\"background-color:rgba(0, 0, 0, 0);color:#f7b320\" class=\"has-inline-color\">HexaMin<\/mark><\/a><mark style=\"background-color:rgba(0, 0, 0, 0);color:#f7b320\" class=\"has-inline-color\"> sur Sol#\/G# avec une touche \u00c9olien \u2013 guitare \u00e0 5 cordes, guitare lap slide, basse, conque \u2013 4:00<\/mark><\/figcaption><\/figure>\n\n\n\n<h2 class=\"wp-block-heading has-text-color\" id=\"mantra\" style=\"color:#f7b320\">Sons comme mantra \u2013 tonalit\u00e9 en action<\/h2>\n\n\n\n<div class=\"wp-block-media-text is-stacked-on-mobile\" style=\"grid-template-columns:24% auto\"><figure class=\"wp-block-media-text__media\"><img loading=\"lazy\" decoding=\"async\" width=\"720\" height=\"720\" src=\"https:\/\/tonalibus.org\/wp-content\/uploads\/2021\/12\/fat-logo-square.jpg\" alt=\"August 2023 Tonalibus update\" class=\"wp-image-15748 size-full\" srcset=\"https:\/\/tonalibus.org\/wp-content\/uploads\/2021\/12\/fat-logo-square.jpg 720w, https:\/\/tonalibus.org\/wp-content\/uploads\/2021\/12\/fat-logo-square-300x300.jpg 300w, https:\/\/tonalibus.org\/wp-content\/uploads\/2021\/12\/fat-logo-square-150x150.jpg 150w, https:\/\/tonalibus.org\/wp-content\/uploads\/2021\/12\/fat-logo-square-12x12.jpg 12w, https:\/\/tonalibus.org\/wp-content\/uploads\/2021\/12\/fat-logo-square-100x100.jpg 100w, https:\/\/tonalibus.org\/wp-content\/uploads\/2021\/12\/fat-logo-square-560x560.jpg 560w\" sizes=\"auto, (max-width: 720px) 100vw, 720px\" \/><\/figure><div class=\"wp-block-media-text__content\">\n<p class=\"has-text-color\" style=\"color:#f7b320\">Les mantras sonores individuels \u00e9taient une offre Tonalibus originale qui a \u00e9t\u00e9 abandonn\u00e9e il y a quelque temps. Maintenant, <a href=\"https:\/\/tonalibus.org\/fr\/shop\/sound-as-mantra\/\"><mark style=\"background-color:rgba(0, 0, 0, 0);color:#f7b320\" class=\"has-inline-color\">Sons comme mantra<\/mark><\/a> se forme dans le shop Fidibus. Son objectif est de vous permettre de cr\u00e9er vos propres mantras sonores. <a href=\"https:\/\/tonalibus.org\/fr\/shop\/sound-as-mantra\/#pitch\"><mark style=\"background-color:rgba(0, 0, 0, 0);color:#f7b320\" class=\"has-inline-color\">Hauteur fondamentale individuelle<\/mark><\/a>, une premi\u00e8re \u00e9tape, est maintenant disponible, de m\u00eame que l'aide des <a href=\"https:\/\/tonalibus.org\/fr\/shop\/chromatic-pitches\/\"><mark style=\"background-color:rgba(0, 0, 0, 0);color:#f7b320\" class=\"has-inline-color\">hauteurs chromatiques<\/mark><\/a>. La s\u00e9lection des tonalit\u00e9s individuelles est plus complexe et actuellement en cours de construction pour \u00eatre r\u00e9alis\u00e9e et affich\u00e9e par \u00e9tapes.<\/p>\n<\/div><\/div>\n\n\n\n<figure class=\"wp-block-audio\"><audio controls src=\"https:\/\/tonalibus.org\/wp-content\/uploads\/2023\/08\/2023-08-08-8GTA-LOLOREACHMIN.mp3\"><\/audio><figcaption class=\"wp-element-caption\"><mark style=\"background-color:rgba(0, 0, 0, 0);color:#f7b320\" class=\"has-inline-color\">\u201cBalancing up and down\u201d \u2013 calme \u00e9tendu<em> <\/em>\u2014 <\/mark><a href=\"https:\/\/tonalibus.org\/fr\/tonalities\/reach-or-harmonic-heptatonalities\/loloreachmin\/\"><mark style=\"background-color:rgba(0, 0, 0, 0);color:#f7b320\" class=\"has-inline-color\">LoloReachMin<\/mark><\/a><mark style=\"background-color:rgba(0, 0, 0, 0);color:#f7b320\" class=\"has-inline-color\"> en R\u00e9\/D \u2013 guitare \u00e0 8 cordes &amp; tanpura \u2013 3:58 <\/mark><\/figcaption><\/figure>\n\n\n\n<h2 class=\"wp-block-heading has-text-color\" id=\"cycle\" style=\"color:#f7b320\">Cycle des harmoniques et harmonie universelle<\/h2>\n\n\n\n<div class=\"wp-block-media-text is-stacked-on-mobile\" style=\"grid-template-columns:24% auto\"><figure class=\"wp-block-media-text__media\"><img loading=\"lazy\" decoding=\"async\" width=\"768\" height=\"1024\" src=\"https:\/\/tonalibus.org\/wp-content\/uploads\/2023\/08\/20230715_174956000_iOS-xc.jpg\" alt=\"August 2023 Tonalibus update\" class=\"wp-image-26668 size-full\" srcset=\"https:\/\/tonalibus.org\/wp-content\/uploads\/2023\/08\/20230715_174956000_iOS-xc.jpg 768w, https:\/\/tonalibus.org\/wp-content\/uploads\/2023\/08\/20230715_174956000_iOS-xc-225x300.jpg 225w, https:\/\/tonalibus.org\/wp-content\/uploads\/2023\/08\/20230715_174956000_iOS-xc-9x12.jpg 9w\" sizes=\"auto, (max-width: 706px) 89vw, (max-width: 767px) 82vw, 740px\" \/><\/figure><div class=\"wp-block-media-text__content\">\n<p class=\"has-text-color\" style=\"color:#f7b320\">Les images du <a href=\"https:\/\/tonalibus.org\/fr\/concepts\/concepts-highlights\/harmonics-cycle\/\"><mark style=\"background-color:rgba(0, 0, 0, 0);color:#f7b320\" class=\"has-inline-color\">cycle des harmoniques<\/mark><\/a> comme fusion de la r\u00e9gularit\u00e9 et de l'irr\u00e9gularit\u00e9 sont d\u00e9sormais disponibles sous <a href=\"https:\/\/tonalibus.org\/fr\/concepts\/concepts-highlights\/\"><mark style=\"background-color:rgba(0, 0, 0, 0);color:#f7b320\" class=\"has-inline-color\">les points forts des concepts<\/mark><\/a>.<\/p>\n\n\n\n<p class=\"has-text-color\" style=\"color:#f7b320\">Existe-t-il une harmonie universelle que nous vivons et que nous pouvons reconna\u00eetre ? Se refl\u00e8te-t-elle aussi dans les tonalit\u00e9s ? L'exp\u00e9rience du moment pr\u00e9sent peut l'affirmer. Pouvez-vous entendre la <a href=\"https:\/\/fr.wikipedia.org\/wiki\/Harmonie_des_sph\u00e8res\" target=\"_blank\" rel=\"noreferrer noopener\"><mark style=\"background-color:rgba(0, 0, 0, 0);color:#f7b320\" class=\"has-inline-color\">musique des sph\u00e8res<\/mark><\/a>? Il existe une abondance infinie de modes de vie et d'harmonie \u2013 pas un seul et unique mode ! Alors qu'ici, maintenant, nous ne faisons qu'un, un seul et m\u00eame \u2013 ainsi que chacun est individuellement unique et diff\u00e9rent de tous les autres.<\/p>\n<\/div><\/div>\n\n\n\n<h2 class=\"wp-block-heading has-text-color\" id=\"conclude\" style=\"color:#f7b320\">Conclusion de cette mise \u00e0 jour Tonalibus<\/h2>\n\n\n\n<p class=\"has-text-align-center has-text-color\" style=\"color:#f7b320\">\u201cLa mer, la montagne, l'herbe et les arbres,<br>m\u00eame la machine, la voiture, l'essence, l'ordinateur \u2013<br>\u2013 ils n'appartiennent pas \u00e0 des personnes.<br>Ils sont d\u00e9j\u00e0 vivants. M\u00eame notre corps n'est pas le n\u00f4tre.<br>Nous sommes simplement des vies qui se font face \u2013<br>alors nous r\u00e9sonnons, rebellons, nous f\u00e2chons, pleurons, rions<br>et nous dansons avec eux.\u201d<\/p>\n\n\n\n<p class=\"has-text-align-center has-text-color\" style=\"color:#f7b320\">Atsushi Takenouchi, <mark style=\"background-color:rgba(0, 0, 0, 0);color:#f7b320\" class=\"has-inline-color\">\u821e\u8e0f <\/mark><a href=\"https:\/\/fr.wikipedia.org\/wiki\/But\u014d\" target=\"_blank\" rel=\"noreferrer noopener\"><mark style=\"background-color:rgba(0, 0, 0, 0);color:#f7b320\" class=\"has-inline-color\"><em>But\u014d<\/em><\/mark><\/a> \u2013 danseur et instructeur<\/p>\n\n\n\n<div style=\"height:30px\" aria-hidden=\"true\" class=\"wp-block-spacer\"><\/div>\n\n\n\n<figure class=\"wp-block-image size-large\"><img loading=\"lazy\" decoding=\"async\" width=\"1024\" height=\"576\" src=\"https:\/\/tonalibus.org\/wp-content\/uploads\/2023\/08\/20230816_192019636_iOS-x-1024x576.jpg\" alt=\"August 2023 Tonalibus update\" class=\"wp-image-27180\" srcset=\"https:\/\/tonalibus.org\/wp-content\/uploads\/2023\/08\/20230816_192019636_iOS-x-1024x576.jpg 1024w, https:\/\/tonalibus.org\/wp-content\/uploads\/2023\/08\/20230816_192019636_iOS-x-300x169.jpg 300w, https:\/\/tonalibus.org\/wp-content\/uploads\/2023\/08\/20230816_192019636_iOS-x-768x432.jpg 768w, https:\/\/tonalibus.org\/wp-content\/uploads\/2023\/08\/20230816_192019636_iOS-x-1536x864.jpg 1536w, https:\/\/tonalibus.org\/wp-content\/uploads\/2023\/08\/20230816_192019636_iOS-x-2048x1152.jpg 2048w, https:\/\/tonalibus.org\/wp-content\/uploads\/2023\/08\/20230816_192019636_iOS-x-18x10.jpg 18w, https:\/\/tonalibus.org\/wp-content\/uploads\/2023\/08\/20230816_192019636_iOS-x-1320x743.jpg 1320w\" sizes=\"auto, (max-width: 706px) 89vw, (max-width: 767px) 82vw, 740px\" \/><figcaption class=\"wp-element-caption\">D\u00e9cor pour une soir\u00e9e de danse du feu But\u014d \u2013 ao\u00fbt 2023 \u2013 Kiental, Suisse <\/figcaption><\/figure>","protected":false},"excerpt":{"rendered":"<p>Cette mise \u00e0 jour Tonalibus d'ao\u00fbt 2023 pr\u00e9sente l'\u00e9volution de Playlist K et Sons de juillet-ao\u00fbt 2023, ainsi que Sons comme mantra, une offre Fidibus \u00e9mergente pour aider \u00e0 la cr\u00e9ation de mantras sonores personnels. Cette mise \u00e0 jour aborde \u00e9galement le cycle des harmoniques et l'harmonie universelle, et se termine par une citation po\u00e9tique et une photo.<\/p>","protected":false},"author":1,"featured_media":0,"comment_status":"closed","ping_status":"closed","sticky":false,"template":"","format":"standard","meta":{"footnotes":""},"categories":[30,25,12,11,16],"tags":[],"class_list":["post-27024","post","type-post","status-publish","format-standard","hentry","category-2023-fidal","category-2023-tonal","category-fidibus","category-tonalibus","category-update"],"yoast_head":"<!-- This site is optimized with the Yoast SEO plugin v27.5 - https:\/\/yoast.com\/product\/yoast-seo-wordpress\/ -->\n<title>August 2023 Tonalibus update &#8211; TONALIBUS Harmony and Tonalities<\/title>\n<meta name=\"description\" content=\"This August 2023 Tonalibus update highlights the evolution of playlist K, July-August 2023 sounds, sound as mantra, the harmonics cycle, etc.\" \/>\n<meta name=\"robots\" content=\"index, follow, max-snippet:-1, max-image-preview:large, max-video-preview:-1\" \/>\n<link rel=\"canonical\" href=\"https:\/\/tonalibus.org\/fr\/2023\/08\/17\/august-2023-tonalibus-update\/\" \/>\n<meta property=\"og:locale\" content=\"fr_FR\" \/>\n<meta property=\"og:type\" content=\"article\" \/>\n<meta property=\"og:title\" content=\"August 2023 Tonalibus update &#8211; TONALIBUS Harmony and Tonalities\" \/>\n<meta property=\"og:description\" content=\"This August 2023 Tonalibus update highlights the evolution of playlist K, July-August 2023 sounds, sound as mantra, the harmonics cycle, etc.\" \/>\n<meta property=\"og:url\" content=\"https:\/\/tonalibus.org\/fr\/2023\/08\/17\/august-2023-tonalibus-update\/\" \/>\n<meta property=\"og:site_name\" content=\"TONALIBUS\" \/>\n<meta property=\"article:published_time\" content=\"2023-08-17T12:57:02+00:00\" \/>\n<meta property=\"article:modified_time\" content=\"2023-10-19T15:22:42+00:00\" \/>\n<meta property=\"og:image\" content=\"https:\/\/tonalibus.org\/wp-content\/uploads\/2023\/06\/20220515_202745414_iOS-xc1-sqr-k-1024x1024.jpg\" \/>\n<meta name=\"author\" content=\"Ulrico\" \/>\n<meta name=\"twitter:card\" content=\"summary_large_image\" \/>\n<meta name=\"twitter:label1\" content=\"\u00c9crit par\" \/>\n\t<meta name=\"twitter:data1\" content=\"Ulrico\" \/>\n\t<meta name=\"twitter:label2\" content=\"Dur\u00e9e de lecture estim\u00e9e\" \/>\n\t<meta name=\"twitter:data2\" content=\"3 minutes\" \/>\n<script type=\"application\/ld+json\" class=\"yoast-schema-graph\">{\"@context\":\"https:\\\/\\\/schema.org\",\"@graph\":[{\"@type\":\"Article\",\"@id\":\"https:\\\/\\\/tonalibus.org\\\/en\\\/2023\\\/08\\\/17\\\/august-2023-tonalibus-update\\\/#article\",\"isPartOf\":{\"@id\":\"https:\\\/\\\/tonalibus.org\\\/en\\\/2023\\\/08\\\/17\\\/august-2023-tonalibus-update\\\/\"},\"author\":{\"name\":\"Ulrico\",\"@id\":\"https:\\\/\\\/tonalibus.org\\\/de\\\/#\\\/schema\\\/person\\\/749261d7bc96d1f00127273f83ab96a4\"},\"headline\":\"August 2023 Tonalibus update\",\"datePublished\":\"2023-08-17T12:57:02+00:00\",\"dateModified\":\"2023-10-19T15:22:42+00:00\",\"mainEntityOfPage\":{\"@id\":\"https:\\\/\\\/tonalibus.org\\\/en\\\/2023\\\/08\\\/17\\\/august-2023-tonalibus-update\\\/\"},\"wordCount\":416,\"publisher\":{\"@id\":\"https:\\\/\\\/tonalibus.org\\\/de\\\/#\\\/schema\\\/person\\\/749261d7bc96d1f00127273f83ab96a4\"},\"image\":{\"@id\":\"https:\\\/\\\/tonalibus.org\\\/en\\\/2023\\\/08\\\/17\\\/august-2023-tonalibus-update\\\/#primaryimage\"},\"thumbnailUrl\":\"https:\\\/\\\/tonalibus.org\\\/wp-content\\\/uploads\\\/2023\\\/06\\\/20220515_202745414_iOS-xc1-sqr-k-1024x1024.jpg\",\"articleSection\":[\"2023 fidal\",\"2023 tonal\",\"Fidibus\",\"Tonalibus\",\"Update\"],\"inLanguage\":\"fr-FR\"},{\"@type\":\"WebPage\",\"@id\":\"https:\\\/\\\/tonalibus.org\\\/en\\\/2023\\\/08\\\/17\\\/august-2023-tonalibus-update\\\/\",\"url\":\"https:\\\/\\\/tonalibus.org\\\/en\\\/2023\\\/08\\\/17\\\/august-2023-tonalibus-update\\\/\",\"name\":\"August 2023 Tonalibus update &#8211; TONALIBUS Harmony and Tonalities\",\"isPartOf\":{\"@id\":\"https:\\\/\\\/tonalibus.org\\\/de\\\/#website\"},\"primaryImageOfPage\":{\"@id\":\"https:\\\/\\\/tonalibus.org\\\/en\\\/2023\\\/08\\\/17\\\/august-2023-tonalibus-update\\\/#primaryimage\"},\"image\":{\"@id\":\"https:\\\/\\\/tonalibus.org\\\/en\\\/2023\\\/08\\\/17\\\/august-2023-tonalibus-update\\\/#primaryimage\"},\"thumbnailUrl\":\"https:\\\/\\\/tonalibus.org\\\/wp-content\\\/uploads\\\/2023\\\/06\\\/20220515_202745414_iOS-xc1-sqr-k-1024x1024.jpg\",\"datePublished\":\"2023-08-17T12:57:02+00:00\",\"dateModified\":\"2023-10-19T15:22:42+00:00\",\"description\":\"This August 2023 Tonalibus update highlights the evolution of playlist K, July-August 2023 sounds, sound as mantra, the harmonics cycle, etc.\",\"breadcrumb\":{\"@id\":\"https:\\\/\\\/tonalibus.org\\\/en\\\/2023\\\/08\\\/17\\\/august-2023-tonalibus-update\\\/#breadcrumb\"},\"inLanguage\":\"fr-FR\",\"potentialAction\":[{\"@type\":\"ReadAction\",\"target\":[\"https:\\\/\\\/tonalibus.org\\\/en\\\/2023\\\/08\\\/17\\\/august-2023-tonalibus-update\\\/\"]}]},{\"@type\":\"ImageObject\",\"inLanguage\":\"fr-FR\",\"@id\":\"https:\\\/\\\/tonalibus.org\\\/en\\\/2023\\\/08\\\/17\\\/august-2023-tonalibus-update\\\/#primaryimage\",\"url\":\"https:\\\/\\\/tonalibus.org\\\/wp-content\\\/uploads\\\/2023\\\/06\\\/20220515_202745414_iOS-xc1-sqr-k-1024x1024.jpg\",\"contentUrl\":\"https:\\\/\\\/tonalibus.org\\\/wp-content\\\/uploads\\\/2023\\\/06\\\/20220515_202745414_iOS-xc1-sqr-k-1024x1024.jpg\"},{\"@type\":\"BreadcrumbList\",\"@id\":\"https:\\\/\\\/tonalibus.org\\\/en\\\/2023\\\/08\\\/17\\\/august-2023-tonalibus-update\\\/#breadcrumb\",\"itemListElement\":[{\"@type\":\"ListItem\",\"position\":1,\"name\":\"Home\",\"item\":\"https:\\\/\\\/tonalibus.org\\\/\"},{\"@type\":\"ListItem\",\"position\":2,\"name\":\"August 2023 Tonalibus update\"}]},{\"@type\":\"WebSite\",\"@id\":\"https:\\\/\\\/tonalibus.org\\\/de\\\/#website\",\"url\":\"https:\\\/\\\/tonalibus.org\\\/de\\\/\",\"name\":\"TONALIBUS\",\"description\":\"Anchored Harmony and Tonalities\",\"publisher\":{\"@id\":\"https:\\\/\\\/tonalibus.org\\\/de\\\/#\\\/schema\\\/person\\\/749261d7bc96d1f00127273f83ab96a4\"},\"potentialAction\":[{\"@type\":\"SearchAction\",\"target\":{\"@type\":\"EntryPoint\",\"urlTemplate\":\"https:\\\/\\\/tonalibus.org\\\/de\\\/?s={search_term_string}\"},\"query-input\":{\"@type\":\"PropertyValueSpecification\",\"valueRequired\":true,\"valueName\":\"search_term_string\"}}],\"inLanguage\":\"fr-FR\"},{\"@type\":[\"Person\",\"Organization\"],\"@id\":\"https:\\\/\\\/tonalibus.org\\\/de\\\/#\\\/schema\\\/person\\\/749261d7bc96d1f00127273f83ab96a4\",\"name\":\"Ulrico\",\"image\":{\"@type\":\"ImageObject\",\"inLanguage\":\"fr-FR\",\"@id\":\"https:\\\/\\\/tonalibus.org\\\/wp-content\\\/uploads\\\/2020\\\/06\\\/uli-pix.jpg\",\"url\":\"https:\\\/\\\/tonalibus.org\\\/wp-content\\\/uploads\\\/2020\\\/06\\\/uli-pix.jpg\",\"contentUrl\":\"https:\\\/\\\/tonalibus.org\\\/wp-content\\\/uploads\\\/2020\\\/06\\\/uli-pix.jpg\",\"width\":960,\"height\":720,\"caption\":\"Ulrico\"},\"logo\":{\"@id\":\"https:\\\/\\\/tonalibus.org\\\/wp-content\\\/uploads\\\/2020\\\/06\\\/uli-pix.jpg\"},\"sameAs\":[\"https:\\\/\\\/tonalibus.cyon.site\"]}]}<\/script>\n<!-- \/ Yoast SEO plugin. -->","yoast_head_json":{"title":"Ao\u00fbt 2023 Mise \u00e0 jour du Tonalibus - TONALIBUS Harmonie et tonalit\u00e9s","description":"Cette mise \u00e0 jour du Tonalibus d'ao\u00fbt 2023 met en lumi\u00e8re l'\u00e9volution de la playlist K, les sons de juillet-ao\u00fbt 2023, le son en tant que mantra, le cycle des harmoniques, etc.","robots":{"index":"index","follow":"follow","max-snippet":"max-snippet:-1","max-image-preview":"max-image-preview:large","max-video-preview":"max-video-preview:-1"},"canonical":"https:\/\/tonalibus.org\/fr\/2023\/08\/17\/august-2023-tonalibus-update\/","og_locale":"fr_FR","og_type":"article","og_title":"August 2023 Tonalibus update &#8211; TONALIBUS Harmony and Tonalities","og_description":"This August 2023 Tonalibus update highlights the evolution of playlist K, July-August 2023 sounds, sound as mantra, the harmonics cycle, etc.","og_url":"https:\/\/tonalibus.org\/fr\/2023\/08\/17\/august-2023-tonalibus-update\/","og_site_name":"TONALIBUS","article_published_time":"2023-08-17T12:57:02+00:00","article_modified_time":"2023-10-19T15:22:42+00:00","og_image":[{"url":"https:\/\/tonalibus.org\/wp-content\/uploads\/2023\/06\/20220515_202745414_iOS-xc1-sqr-k-1024x1024.jpg","type":"","width":"","height":""}],"author":"Ulrico","twitter_card":"summary_large_image","twitter_misc":{"\u00c9crit par":"Ulrico","Dur\u00e9e de lecture estim\u00e9e":"3 minutes"},"schema":{"@context":"https:\/\/schema.org","@graph":[{"@type":"Article","@id":"https:\/\/tonalibus.org\/en\/2023\/08\/17\/august-2023-tonalibus-update\/#article","isPartOf":{"@id":"https:\/\/tonalibus.org\/en\/2023\/08\/17\/august-2023-tonalibus-update\/"},"author":{"name":"Ulrico","@id":"https:\/\/tonalibus.org\/de\/#\/schema\/person\/749261d7bc96d1f00127273f83ab96a4"},"headline":"August 2023 Tonalibus update","datePublished":"2023-08-17T12:57:02+00:00","dateModified":"2023-10-19T15:22:42+00:00","mainEntityOfPage":{"@id":"https:\/\/tonalibus.org\/en\/2023\/08\/17\/august-2023-tonalibus-update\/"},"wordCount":416,"publisher":{"@id":"https:\/\/tonalibus.org\/de\/#\/schema\/person\/749261d7bc96d1f00127273f83ab96a4"},"image":{"@id":"https:\/\/tonalibus.org\/en\/2023\/08\/17\/august-2023-tonalibus-update\/#primaryimage"},"thumbnailUrl":"https:\/\/tonalibus.org\/wp-content\/uploads\/2023\/06\/20220515_202745414_iOS-xc1-sqr-k-1024x1024.jpg","articleSection":["2023 fidal","2023 tonal","Fidibus","Tonalibus","Update"],"inLanguage":"fr-FR"},{"@type":"WebPage","@id":"https:\/\/tonalibus.org\/en\/2023\/08\/17\/august-2023-tonalibus-update\/","url":"https:\/\/tonalibus.org\/en\/2023\/08\/17\/august-2023-tonalibus-update\/","name":"Ao\u00fbt 2023 Mise \u00e0 jour du Tonalibus - TONALIBUS Harmonie et tonalit\u00e9s","isPartOf":{"@id":"https:\/\/tonalibus.org\/de\/#website"},"primaryImageOfPage":{"@id":"https:\/\/tonalibus.org\/en\/2023\/08\/17\/august-2023-tonalibus-update\/#primaryimage"},"image":{"@id":"https:\/\/tonalibus.org\/en\/2023\/08\/17\/august-2023-tonalibus-update\/#primaryimage"},"thumbnailUrl":"https:\/\/tonalibus.org\/wp-content\/uploads\/2023\/06\/20220515_202745414_iOS-xc1-sqr-k-1024x1024.jpg","datePublished":"2023-08-17T12:57:02+00:00","dateModified":"2023-10-19T15:22:42+00:00","description":"Cette mise \u00e0 jour du Tonalibus d'ao\u00fbt 2023 met en lumi\u00e8re l'\u00e9volution de la playlist K, les sons de juillet-ao\u00fbt 2023, le son en tant que mantra, le cycle des harmoniques, etc.","breadcrumb":{"@id":"https:\/\/tonalibus.org\/en\/2023\/08\/17\/august-2023-tonalibus-update\/#breadcrumb"},"inLanguage":"fr-FR","potentialAction":[{"@type":"ReadAction","target":["https:\/\/tonalibus.org\/en\/2023\/08\/17\/august-2023-tonalibus-update\/"]}]},{"@type":"ImageObject","inLanguage":"fr-FR","@id":"https:\/\/tonalibus.org\/en\/2023\/08\/17\/august-2023-tonalibus-update\/#primaryimage","url":"https:\/\/tonalibus.org\/wp-content\/uploads\/2023\/06\/20220515_202745414_iOS-xc1-sqr-k-1024x1024.jpg","contentUrl":"https:\/\/tonalibus.org\/wp-content\/uploads\/2023\/06\/20220515_202745414_iOS-xc1-sqr-k-1024x1024.jpg"},{"@type":"BreadcrumbList","@id":"https:\/\/tonalibus.org\/en\/2023\/08\/17\/august-2023-tonalibus-update\/#breadcrumb","itemListElement":[{"@type":"ListItem","position":1,"name":"Home","item":"https:\/\/tonalibus.org\/"},{"@type":"ListItem","position":2,"name":"August 2023 Tonalibus update"}]},{"@type":"WebSite","@id":"https:\/\/tonalibus.org\/de\/#website","url":"https:\/\/tonalibus.org\/de\/","name":"TONALIBUS","description":"Harmonie et tonalit\u00e9s ancr\u00e9es","publisher":{"@id":"https:\/\/tonalibus.org\/de\/#\/schema\/person\/749261d7bc96d1f00127273f83ab96a4"},"potentialAction":[{"@type":"SearchAction","target":{"@type":"EntryPoint","urlTemplate":"https:\/\/tonalibus.org\/de\/?s={search_term_string}"},"query-input":{"@type":"PropertyValueSpecification","valueRequired":true,"valueName":"search_term_string"}}],"inLanguage":"fr-FR"},{"@type":["Person","Organization"],"@id":"https:\/\/tonalibus.org\/de\/#\/schema\/person\/749261d7bc96d1f00127273f83ab96a4","name":"Ulrico","image":{"@type":"ImageObject","inLanguage":"fr-FR","@id":"https:\/\/tonalibus.org\/wp-content\/uploads\/2020\/06\/uli-pix.jpg","url":"https:\/\/tonalibus.org\/wp-content\/uploads\/2020\/06\/uli-pix.jpg","contentUrl":"https:\/\/tonalibus.org\/wp-content\/uploads\/2020\/06\/uli-pix.jpg","width":960,"height":720,"caption":"Ulrico"},"logo":{"@id":"https:\/\/tonalibus.org\/wp-content\/uploads\/2020\/06\/uli-pix.jpg"},"sameAs":["https:\/\/tonalibus.cyon.site"]}]}},"_links":{"self":[{"href":"https:\/\/tonalibus.org\/fr\/wp-json\/wp\/v2\/posts\/27024","targetHints":{"allow":["GET"]}}],"collection":[{"href":"https:\/\/tonalibus.org\/fr\/wp-json\/wp\/v2\/posts"}],"about":[{"href":"https:\/\/tonalibus.org\/fr\/wp-json\/wp\/v2\/types\/post"}],"author":[{"embeddable":true,"href":"https:\/\/tonalibus.org\/fr\/wp-json\/wp\/v2\/users\/1"}],"replies":[{"embeddable":true,"href":"https:\/\/tonalibus.org\/fr\/wp-json\/wp\/v2\/comments?post=27024"}],"version-history":[{"count":0,"href":"https:\/\/tonalibus.org\/fr\/wp-json\/wp\/v2\/posts\/27024\/revisions"}],"wp:attachment":[{"href":"https:\/\/tonalibus.org\/fr\/wp-json\/wp\/v2\/media?parent=27024"}],"wp:term":[{"taxonomy":"category","embeddable":true,"href":"https:\/\/tonalibus.org\/fr\/wp-json\/wp\/v2\/categories?post=27024"},{"taxonomy":"post_tag","embeddable":true,"href":"https:\/\/tonalibus.org\/fr\/wp-json\/wp\/v2\/tags?post=27024"}],"curies":[{"name":"wp","href":"https:\/\/api.w.org\/{rel}","templated":true}]}}