{"id":28044,"date":"2023-10-20T12:04:24","date_gmt":"2023-10-20T10:04:24","guid":{"rendered":"https:\/\/tonalibus.org\/?p=28044"},"modified":"2023-10-28T08:04:34","modified_gmt":"2023-10-28T06:04:34","slug":"sept-oct-2023-tonalibus-update","status":"publish","type":"post","link":"https:\/\/tonalibus.org\/fr\/2023\/10\/20\/sept-oct-2023-tonalibus-update\/","title":{"rendered":"Sept-Oct 2023 Mise \u00e0 jour du Tonalibus"},"content":{"rendered":"<div class=\"wp-block-buttons is-content-justification-center is-layout-flex wp-container-core-buttons-is-layout-16018d1d wp-block-buttons-is-layout-flex\">\n<div class=\"wp-block-button is-style-outline is-style-outline--1\"><a class=\"wp-block-button__link wp-element-button\" href=\"#playlist\">Playlists et Sons<\/a><\/div>\n\n\n\n<div class=\"wp-block-button is-style-outline is-style-outline--2\"><a class=\"wp-block-button__link wp-element-button\" href=\"#tonality\">Tonalit\u00e9 individuelle<\/a><\/div>\n\n\n\n<div class=\"wp-block-button is-style-outline is-style-outline--3\"><a class=\"wp-block-button__link wp-element-button\" href=\"#website\">Th\u00e8mes du site web<\/a><\/div>\n<\/div>\n\n\n\n<div style=\"height:32px\" aria-hidden=\"true\" class=\"wp-block-spacer\"><\/div>\n\n\n\n<p class=\"has-text-color\" style=\"color:#f7b320\">Cette mise \u00e0 jour Tonalibus de sept-oct 2023 pr\u00e9sente la conclusion de <em>Playlist K<\/em> et la cr\u00e9ation de <em>Playlist L<\/em> et <em>Sons de sept-oct 2023<\/em>. En outre, il aborde le d\u00e9veloppement de <em>Tonalit\u00e9 individuelle<\/em>. Cette nouvelle offre Fidibus en pr\u00e9paration sera une aide \u00e0 la s\u00e9lection de tonalit\u00e9s personnelles pour former ses propres compositions et \u00e9ventuellement des mantras sonores individuels. Enfin, cette mise \u00e0 jour mentionne quelques th\u00e8mes du site web Tonalibus.<\/p>\n\n\n\n<h2 class=\"wp-block-heading has-text-color\" id=\"playlist\" style=\"color:#f7b320\">Mise \u00e0 jour de playlists et sons Tonalibus de sept-oct 2023<\/h2>\n\n\n\n<div class=\"wp-block-media-text is-stacked-on-mobile\" style=\"grid-template-columns:24% auto\"><figure class=\"wp-block-media-text__media\"><img loading=\"lazy\" decoding=\"async\" width=\"1024\" height=\"1024\" src=\"https:\/\/tonalibus.org\/wp-content\/uploads\/2023\/06\/20220515_202745414_iOS-xc1-sqr-k-1024x1024.jpg\" alt=\"Sept-Oct 2023 Tonalibus update\" class=\"wp-image-25658 size-full\" srcset=\"https:\/\/tonalibus.org\/wp-content\/uploads\/2023\/06\/20220515_202745414_iOS-xc1-sqr-k-1024x1024.jpg 1024w, https:\/\/tonalibus.org\/wp-content\/uploads\/2023\/06\/20220515_202745414_iOS-xc1-sqr-k-300x300.jpg 300w, https:\/\/tonalibus.org\/wp-content\/uploads\/2023\/06\/20220515_202745414_iOS-xc1-sqr-k-150x150.jpg 150w, https:\/\/tonalibus.org\/wp-content\/uploads\/2023\/06\/20220515_202745414_iOS-xc1-sqr-k-768x768.jpg 768w, https:\/\/tonalibus.org\/wp-content\/uploads\/2023\/06\/20220515_202745414_iOS-xc1-sqr-k-1536x1536.jpg 1536w, https:\/\/tonalibus.org\/wp-content\/uploads\/2023\/06\/20220515_202745414_iOS-xc1-sqr-k-2048x2048.jpg 2048w, https:\/\/tonalibus.org\/wp-content\/uploads\/2023\/06\/20220515_202745414_iOS-xc1-sqr-k-12x12.jpg 12w, https:\/\/tonalibus.org\/wp-content\/uploads\/2023\/06\/20220515_202745414_iOS-xc1-sqr-k-100x100.jpg 100w, https:\/\/tonalibus.org\/wp-content\/uploads\/2023\/06\/20220515_202745414_iOS-xc1-sqr-k-1320x1320.jpg 1320w, https:\/\/tonalibus.org\/wp-content\/uploads\/2023\/06\/20220515_202745414_iOS-xc1-sqr-k-560x560.jpg 560w\" sizes=\"auto, (max-width: 706px) 89vw, (max-width: 767px) 82vw, 740px\" \/><\/figure><div class=\"wp-block-media-text__content\">\n<p class=\"has-text-color\" style=\"color:#f7b320\"><a href=\"https:\/\/tonalibus.org\/fr\/shop\/playlists\/playlist-i-j-k\/#k\"><mark style=\"background-color:rgba(0, 0, 0, 0);color:#f7b320\" class=\"has-inline-color\">Playlist K<\/mark><\/a> est maintenant compl\u00e8te avec 14 pi\u00e8ces et 80\u00bd minutes d'enregistrements de l'\u00e9t\u00e9 2023. Les derniers ajouts :<br>\u201cCalmly breathe in, out, and in again\u201d \u2013 base de Kumbhaka<br>\u201c\u0915\u0941\u092e\u094d\u092d\u0915 Kumbhaka\u201d \u2013 entre entr\u00e9e et sortie, sortie et entr\u00e9e<\/p>\n\n\n\n<figure class=\"wp-block-audio\"><audio controls src=\"https:\/\/tonalibus.org\/wp-content\/uploads\/2023\/08\/2023-08-212-VITACONSLID.mp3\" preload=\"metadata\"><\/audio><figcaption class=\"wp-element-caption\"><mark style=\"background-color:rgba(0, 0, 0, 0);color:#f7b320\" class=\"has-inline-color\">\u201c\u0915\u0941\u092e\u094d\u092d\u0915 Kumbhaka\u201d \u2013 <\/mark><a href=\"https:\/\/tonalibus.org\/fr\/tonalities\/reach-or-harmonic-heptatonalities\/reachbal-dbl-h-gypsy-maj\/\"><mark style=\"background-color:rgba(0, 0, 0, 0);color:#f7b320\" class=\"has-inline-color\">ReachBal<\/mark><\/a><mark style=\"background-color:rgba(0, 0, 0, 0);color:#f7b320\" class=\"has-inline-color\"> <em>(<\/em>majeur double harmonique \/ Gypsy<em>)<\/em> sur Sol#\/G# \u2013 fretted<em> <\/em>vichitra v\u00een\u00e2<em>,<\/em> guitare lap slide, conque, tanpura \u2013 8:54<\/mark><\/figcaption><\/figure>\n<\/div><\/div>\n\n\n\n<div class=\"wp-block-media-text is-stacked-on-mobile\" style=\"grid-template-columns:24% auto\"><figure class=\"wp-block-media-text__media\"><img loading=\"lazy\" decoding=\"async\" width=\"1024\" height=\"1024\" src=\"https:\/\/tonalibus.org\/wp-content\/uploads\/2023\/09\/20230402_052109675_iOS-L-1024x1024.jpg\" alt=\"Sept-Oct 2023 Tonalibus update\" class=\"wp-image-27852 size-full\" srcset=\"https:\/\/tonalibus.org\/wp-content\/uploads\/2023\/09\/20230402_052109675_iOS-L-1024x1024.jpg 1024w, https:\/\/tonalibus.org\/wp-content\/uploads\/2023\/09\/20230402_052109675_iOS-L-300x300.jpg 300w, https:\/\/tonalibus.org\/wp-content\/uploads\/2023\/09\/20230402_052109675_iOS-L-150x150.jpg 150w, https:\/\/tonalibus.org\/wp-content\/uploads\/2023\/09\/20230402_052109675_iOS-L-768x768.jpg 768w, https:\/\/tonalibus.org\/wp-content\/uploads\/2023\/09\/20230402_052109675_iOS-L-1536x1536.jpg 1536w, https:\/\/tonalibus.org\/wp-content\/uploads\/2023\/09\/20230402_052109675_iOS-L-2048x2048.jpg 2048w, https:\/\/tonalibus.org\/wp-content\/uploads\/2023\/09\/20230402_052109675_iOS-L-12x12.jpg 12w, https:\/\/tonalibus.org\/wp-content\/uploads\/2023\/09\/20230402_052109675_iOS-L-100x100.jpg 100w, https:\/\/tonalibus.org\/wp-content\/uploads\/2023\/09\/20230402_052109675_iOS-L-1320x1320.jpg 1320w, https:\/\/tonalibus.org\/wp-content\/uploads\/2023\/09\/20230402_052109675_iOS-L-560x560.jpg 560w\" sizes=\"auto, (max-width: 706px) 89vw, (max-width: 767px) 82vw, 740px\" \/><\/figure><div class=\"wp-block-media-text__content\">\n<p class=\"has-text-color\" style=\"color:#f7b320\">La nouvelle <a href=\"https:\/\/tonalibus.org\/fr\/shop\/playlists\/playlist-l-m-n\/#l\"><mark style=\"background-color:rgba(0, 0, 0, 0);color:#f7b320\" class=\"has-inline-color\">Playlist L<\/mark><\/a> et <a href=\"https:\/\/tonalibus.org\/fr\/sounds\/2023-sounds-and-images\/sept-oct-2023-sounds\/\"><mark style=\"background-color:rgba(0, 0, 0, 0);color:#f7b320\" class=\"has-inline-color\">Sons de sept-oct 2023<\/mark><\/a> offrent d\u00e9j\u00e0 :<br>\u201cMa Sa Papa\u201d \u2013 les c\u0153urs aspirent \u00e0 la paix<br>\u201cAmong suns, moons, and stars\u201d \u2013 un blues plein d'espoir<br>\u201cDas M\u00fclirad isch broche, Simelib\u00e4rg!\u201d \u2013 pars en paix \u2013 pour KHT<\/p>\n\n\n\n<figure class=\"wp-block-audio\"><audio controls src=\"https:\/\/tonalibus.org\/wp-content\/uploads\/2023\/09\/2023-09-12-5GGTAMSLxGG.mp3\" preload=\"metadata\"><\/audio><figcaption class=\"wp-element-caption\"><mark style=\"background-color:rgba(0, 0, 0, 0);color:#f7b320\" class=\"has-inline-color\">\u201cAmong suns, moons, and stars\u201d \u2013 <\/mark><a href=\"https:\/\/tonalibus.org\/fr\/tonalities\/tritone-or-blues-tonalities\/minblue\/\"><mark style=\"background-color:rgba(0, 0, 0, 0);color:#f7b320\" class=\"has-inline-color\">MinBlue<\/mark><\/a><mark style=\"background-color:rgba(0, 0, 0, 0);color:#f7b320\" class=\"has-inline-color\"> sur Sol \/ G \u2013 guitare \u00e0 5 cordes, guitare lap slide, gong, tanpura \u2013 8:40<\/mark><\/figcaption><\/figure>\n<\/div><\/div>\n\n\n\n<h2 class=\"wp-block-heading has-text-color\" id=\"tonality\" style=\"color:#f7b320\">Le d\u00e9veloppement de la s\u00e9lection des tonalit\u00e9s individuelles<\/h2>\n\n\n\n<div class=\"wp-block-media-text is-stacked-on-mobile\" style=\"grid-template-columns:24% auto\"><figure class=\"wp-block-media-text__media\"><img loading=\"lazy\" decoding=\"async\" width=\"720\" height=\"720\" src=\"https:\/\/tonalibus.org\/wp-content\/uploads\/2021\/12\/fat-logo-square.jpg\" alt=\"Sept-Oct 2023 Tonalibus update\" class=\"wp-image-15748 size-full\" srcset=\"https:\/\/tonalibus.org\/wp-content\/uploads\/2021\/12\/fat-logo-square.jpg 720w, https:\/\/tonalibus.org\/wp-content\/uploads\/2021\/12\/fat-logo-square-300x300.jpg 300w, https:\/\/tonalibus.org\/wp-content\/uploads\/2021\/12\/fat-logo-square-150x150.jpg 150w, https:\/\/tonalibus.org\/wp-content\/uploads\/2021\/12\/fat-logo-square-12x12.jpg 12w, https:\/\/tonalibus.org\/wp-content\/uploads\/2021\/12\/fat-logo-square-100x100.jpg 100w, https:\/\/tonalibus.org\/wp-content\/uploads\/2021\/12\/fat-logo-square-560x560.jpg 560w\" sizes=\"auto, (max-width: 720px) 100vw, 720px\" \/><\/figure><div class=\"wp-block-media-text__content\">\n<p class=\"has-text-color\" style=\"color:#f7b320\">Pour choisir syst\u00e9matiquement des tonalit\u00e9s personnelles et \u00e9ventuellement aider \u00e0 former ses propres mantras sonores, <a href=\"https:\/\/tonalibus.org\/fr\/shop\/individual-tonalities\/\"><mark style=\"background-color:rgba(0, 0, 0, 0);color:#f7b320\" class=\"has-inline-color\">Tonalit\u00e9s individuelles<\/mark><\/a> se forme dans le Shop Fidibus. La derni\u00e8re mise \u00e0 jour annon\u00e7ait <em>Sons comme mantra<\/em>, <em>Hauteur fondamentale<\/em>, et <em>Hauteurs chromatiques<\/em>. La premi\u00e8re option sous <em>Tonalit\u00e9s individuelles<\/em>, <a href=\"https:\/\/tonalibus.org\/fr\/shop\/individual-tonalities\/#base\"><mark style=\"background-color:rgba(0, 0, 0, 0);color:#f7b320\" class=\"has-inline-color\">Base harmonique<\/mark><\/a>, est maintenant compl\u00e8te pour les douze hauteurs chromatiques. Et le format du premier pas de <mark style=\"background-color:rgba(0, 0, 0, 0);color:#f7b320\" class=\"has-inline-color\"><em>T\u00e9traonalit\u00e9 individuelle<\/em><\/mark> pour s\u00e9lectionner une de huit tonalit\u00e9s racines est en cours de r\u00e9glage et n'est accessible que sous forme d'\u00e9bauche. Plus \u00e0 venir.<\/p>\n<\/div><\/div>\n\n\n\n<h2 class=\"wp-block-heading has-text-color\" id=\"website\" style=\"color:#f7b320\">Mise \u00e0 jour de th\u00e8mes du site web Tonalibus<\/h2>\n\n\n\n<div class=\"wp-block-media-text is-stacked-on-mobile\" style=\"grid-template-columns:24% auto\"><figure class=\"wp-block-media-text__media\"><img loading=\"lazy\" decoding=\"async\" width=\"893\" height=\"893\" src=\"https:\/\/tonalibus.org\/wp-content\/uploads\/2023\/06\/Ulrico-22.jpg\" alt=\"Sept-Oct 2023 Tonalibus update\" class=\"wp-image-25641 size-full\" srcset=\"https:\/\/tonalibus.org\/wp-content\/uploads\/2023\/06\/Ulrico-22.jpg 893w, https:\/\/tonalibus.org\/wp-content\/uploads\/2023\/06\/Ulrico-22-300x300.jpg 300w, https:\/\/tonalibus.org\/wp-content\/uploads\/2023\/06\/Ulrico-22-150x150.jpg 150w, https:\/\/tonalibus.org\/wp-content\/uploads\/2023\/06\/Ulrico-22-768x768.jpg 768w, https:\/\/tonalibus.org\/wp-content\/uploads\/2023\/06\/Ulrico-22-12x12.jpg 12w, https:\/\/tonalibus.org\/wp-content\/uploads\/2023\/06\/Ulrico-22-100x100.jpg 100w, https:\/\/tonalibus.org\/wp-content\/uploads\/2023\/06\/Ulrico-22-560x560.jpg 560w\" sizes=\"auto, (max-width: 706px) 89vw, (max-width: 767px) 82vw, 740px\" \/><\/figure><div class=\"wp-block-media-text__content\">\n<p class=\"has-text-color\" style=\"color:#f7b320\">Parfois, le site Tonalibus, apparemment en raison de son plugin multilingue, consomme une quantit\u00e9 excessive de CPU et de m\u00e9moire sur son serveur d'h\u00e9bergement. Fin septembre, cela a provoqu\u00e9 des erreurs de CPU qui ont affect\u00e9 la base de donn\u00e9es du site et l'ont rendu indisponible pendant quelques jours, jusqu'\u00e0 ce que l'excellent support technique de Cyon, l'h\u00e9bergeur, soit en mesure de lever le blocage. Mais des probl\u00e8mes subsistent avec le plugin de traduction et affectent le temps de r\u00e9ponse des pages traduites sur le site Tonalibus. Nous vous remercions de votre patience !<\/p>\n<\/div><\/div>\n\n\n\n<h2 class=\"wp-block-heading has-text-color\" style=\"color:#f7b320\">Puissiez-vous prosp\u00e9rer et vivre dans la paix et la libert\u00e9 !<\/h2>","protected":false},"excerpt":{"rendered":"<p>Cette mise \u00e0 jour Tonalibus de sept-oct 2023 pr\u00e9sente la conclusion de Playlist K et la cr\u00e9ation de Playlist L et Sons de sept-oct 2023. En outre, il aborde le d\u00e9veloppement de Tonalit\u00e9 individuelle. Cette nouvelle offre Fidibus en pr\u00e9paration sera une aide \u00e0 la s\u00e9lection de tonalit\u00e9s personnelles pour former ses propres compositions et \u00e9ventuellement des mantras sonores individuels...<\/p>","protected":false},"author":1,"featured_media":0,"comment_status":"closed","ping_status":"closed","sticky":false,"template":"","format":"standard","meta":{"footnotes":""},"categories":[30,25,12,11,16],"tags":[],"class_list":["post-28044","post","type-post","status-publish","format-standard","hentry","category-2023-fidal","category-2023-tonal","category-fidibus","category-tonalibus","category-update"],"yoast_head":"<!-- This site is optimized with the Yoast SEO plugin v27.5 - https:\/\/yoast.com\/product\/yoast-seo-wordpress\/ -->\n<title>Sept-Oct 2023 Tonalibus update &#8211; TONALIBUS Harmony<\/title>\n<meta name=\"description\" content=\"This Sept-Oct 2023 Tonalibus update highlights the conclusion of Playlist K and the creation of Playlist L and Sept-Oct 2023 sounds...\" \/>\n<meta name=\"robots\" content=\"index, follow, max-snippet:-1, max-image-preview:large, max-video-preview:-1\" \/>\n<link rel=\"canonical\" href=\"https:\/\/tonalibus.org\/fr\/2023\/10\/20\/sept-oct-2023-tonalibus-update\/\" \/>\n<meta property=\"og:locale\" content=\"fr_FR\" \/>\n<meta property=\"og:type\" content=\"article\" \/>\n<meta property=\"og:title\" content=\"Sept-Oct 2023 Tonalibus update &#8211; TONALIBUS Harmony\" \/>\n<meta property=\"og:description\" content=\"This Sept-Oct 2023 Tonalibus update highlights the conclusion of Playlist K and the creation of Playlist L and Sept-Oct 2023 sounds...\" \/>\n<meta property=\"og:url\" content=\"https:\/\/tonalibus.org\/fr\/2023\/10\/20\/sept-oct-2023-tonalibus-update\/\" \/>\n<meta property=\"og:site_name\" content=\"TONALIBUS\" \/>\n<meta property=\"article:published_time\" content=\"2023-10-20T10:04:24+00:00\" \/>\n<meta property=\"article:modified_time\" content=\"2023-10-28T06:04:34+00:00\" \/>\n<meta property=\"og:image\" content=\"https:\/\/tonalibus.org\/wp-content\/uploads\/2023\/06\/20220515_202745414_iOS-xc1-sqr-k-1024x1024.jpg\" \/>\n<meta name=\"author\" content=\"Ulrico\" \/>\n<meta name=\"twitter:card\" content=\"summary_large_image\" \/>\n<meta name=\"twitter:label1\" content=\"\u00c9crit par\" \/>\n\t<meta name=\"twitter:data1\" content=\"Ulrico\" \/>\n\t<meta name=\"twitter:label2\" content=\"Dur\u00e9e de lecture estim\u00e9e\" \/>\n\t<meta name=\"twitter:data2\" content=\"3 minutes\" \/>\n<script type=\"application\/ld+json\" class=\"yoast-schema-graph\">{\"@context\":\"https:\\\/\\\/schema.org\",\"@graph\":[{\"@type\":\"Article\",\"@id\":\"https:\\\/\\\/tonalibus.org\\\/de\\\/2023\\\/10\\\/20\\\/sept-oct-2023-tonalibus-update\\\/#article\",\"isPartOf\":{\"@id\":\"https:\\\/\\\/tonalibus.org\\\/de\\\/2023\\\/10\\\/20\\\/sept-oct-2023-tonalibus-update\\\/\"},\"author\":{\"name\":\"Ulrico\",\"@id\":\"https:\\\/\\\/tonalibus.org\\\/de\\\/#\\\/schema\\\/person\\\/749261d7bc96d1f00127273f83ab96a4\"},\"headline\":\"Sept-Oct 2023 Tonalibus update\",\"datePublished\":\"2023-10-20T10:04:24+00:00\",\"dateModified\":\"2023-10-28T06:04:34+00:00\",\"mainEntityOfPage\":{\"@id\":\"https:\\\/\\\/tonalibus.org\\\/de\\\/2023\\\/10\\\/20\\\/sept-oct-2023-tonalibus-update\\\/\"},\"wordCount\":380,\"publisher\":{\"@id\":\"https:\\\/\\\/tonalibus.org\\\/de\\\/#\\\/schema\\\/person\\\/749261d7bc96d1f00127273f83ab96a4\"},\"image\":{\"@id\":\"https:\\\/\\\/tonalibus.org\\\/de\\\/2023\\\/10\\\/20\\\/sept-oct-2023-tonalibus-update\\\/#primaryimage\"},\"thumbnailUrl\":\"https:\\\/\\\/tonalibus.org\\\/wp-content\\\/uploads\\\/2023\\\/06\\\/20220515_202745414_iOS-xc1-sqr-k-1024x1024.jpg\",\"articleSection\":[\"2023 fidal\",\"2023 tonal\",\"Fidibus\",\"Tonalibus\",\"Update\"],\"inLanguage\":\"fr-FR\"},{\"@type\":\"WebPage\",\"@id\":\"https:\\\/\\\/tonalibus.org\\\/de\\\/2023\\\/10\\\/20\\\/sept-oct-2023-tonalibus-update\\\/\",\"url\":\"https:\\\/\\\/tonalibus.org\\\/de\\\/2023\\\/10\\\/20\\\/sept-oct-2023-tonalibus-update\\\/\",\"name\":\"Sept-Oct 2023 Tonalibus update &#8211; TONALIBUS Harmony\",\"isPartOf\":{\"@id\":\"https:\\\/\\\/tonalibus.org\\\/de\\\/#website\"},\"primaryImageOfPage\":{\"@id\":\"https:\\\/\\\/tonalibus.org\\\/de\\\/2023\\\/10\\\/20\\\/sept-oct-2023-tonalibus-update\\\/#primaryimage\"},\"image\":{\"@id\":\"https:\\\/\\\/tonalibus.org\\\/de\\\/2023\\\/10\\\/20\\\/sept-oct-2023-tonalibus-update\\\/#primaryimage\"},\"thumbnailUrl\":\"https:\\\/\\\/tonalibus.org\\\/wp-content\\\/uploads\\\/2023\\\/06\\\/20220515_202745414_iOS-xc1-sqr-k-1024x1024.jpg\",\"datePublished\":\"2023-10-20T10:04:24+00:00\",\"dateModified\":\"2023-10-28T06:04:34+00:00\",\"description\":\"This Sept-Oct 2023 Tonalibus update highlights the conclusion of Playlist K and the creation of Playlist L and Sept-Oct 2023 sounds...\",\"breadcrumb\":{\"@id\":\"https:\\\/\\\/tonalibus.org\\\/de\\\/2023\\\/10\\\/20\\\/sept-oct-2023-tonalibus-update\\\/#breadcrumb\"},\"inLanguage\":\"fr-FR\",\"potentialAction\":[{\"@type\":\"ReadAction\",\"target\":[\"https:\\\/\\\/tonalibus.org\\\/de\\\/2023\\\/10\\\/20\\\/sept-oct-2023-tonalibus-update\\\/\"]}]},{\"@type\":\"ImageObject\",\"inLanguage\":\"fr-FR\",\"@id\":\"https:\\\/\\\/tonalibus.org\\\/de\\\/2023\\\/10\\\/20\\\/sept-oct-2023-tonalibus-update\\\/#primaryimage\",\"url\":\"https:\\\/\\\/tonalibus.org\\\/wp-content\\\/uploads\\\/2023\\\/06\\\/20220515_202745414_iOS-xc1-sqr-k-1024x1024.jpg\",\"contentUrl\":\"https:\\\/\\\/tonalibus.org\\\/wp-content\\\/uploads\\\/2023\\\/06\\\/20220515_202745414_iOS-xc1-sqr-k-1024x1024.jpg\"},{\"@type\":\"BreadcrumbList\",\"@id\":\"https:\\\/\\\/tonalibus.org\\\/de\\\/2023\\\/10\\\/20\\\/sept-oct-2023-tonalibus-update\\\/#breadcrumb\",\"itemListElement\":[{\"@type\":\"ListItem\",\"position\":1,\"name\":\"Home\",\"item\":\"https:\\\/\\\/tonalibus.org\\\/\"},{\"@type\":\"ListItem\",\"position\":2,\"name\":\"Sept-Oct 2023 Tonalibus update\"}]},{\"@type\":\"WebSite\",\"@id\":\"https:\\\/\\\/tonalibus.org\\\/de\\\/#website\",\"url\":\"https:\\\/\\\/tonalibus.org\\\/de\\\/\",\"name\":\"TONALIBUS\",\"description\":\"Anchored Harmony and Tonalities\",\"publisher\":{\"@id\":\"https:\\\/\\\/tonalibus.org\\\/de\\\/#\\\/schema\\\/person\\\/749261d7bc96d1f00127273f83ab96a4\"},\"potentialAction\":[{\"@type\":\"SearchAction\",\"target\":{\"@type\":\"EntryPoint\",\"urlTemplate\":\"https:\\\/\\\/tonalibus.org\\\/de\\\/?s={search_term_string}\"},\"query-input\":{\"@type\":\"PropertyValueSpecification\",\"valueRequired\":true,\"valueName\":\"search_term_string\"}}],\"inLanguage\":\"fr-FR\"},{\"@type\":[\"Person\",\"Organization\"],\"@id\":\"https:\\\/\\\/tonalibus.org\\\/de\\\/#\\\/schema\\\/person\\\/749261d7bc96d1f00127273f83ab96a4\",\"name\":\"Ulrico\",\"image\":{\"@type\":\"ImageObject\",\"inLanguage\":\"fr-FR\",\"@id\":\"https:\\\/\\\/tonalibus.org\\\/wp-content\\\/uploads\\\/2020\\\/06\\\/uli-pix.jpg\",\"url\":\"https:\\\/\\\/tonalibus.org\\\/wp-content\\\/uploads\\\/2020\\\/06\\\/uli-pix.jpg\",\"contentUrl\":\"https:\\\/\\\/tonalibus.org\\\/wp-content\\\/uploads\\\/2020\\\/06\\\/uli-pix.jpg\",\"width\":960,\"height\":720,\"caption\":\"Ulrico\"},\"logo\":{\"@id\":\"https:\\\/\\\/tonalibus.org\\\/wp-content\\\/uploads\\\/2020\\\/06\\\/uli-pix.jpg\"},\"sameAs\":[\"https:\\\/\\\/tonalibus.cyon.site\"]}]}<\/script>\n<!-- \/ Yoast SEO plugin. -->","yoast_head_json":{"title":"Sept-Oct 2023 Mise \u00e0 jour du Tonalibus - TONALIBUS Harmony","description":"Cette mise \u00e0 jour du Tonalibus de septembre-octobre 2023 met en lumi\u00e8re la conclusion de la Playlist K et la cr\u00e9ation de la Playlist L et des sons de septembre-octobre 2023...","robots":{"index":"index","follow":"follow","max-snippet":"max-snippet:-1","max-image-preview":"max-image-preview:large","max-video-preview":"max-video-preview:-1"},"canonical":"https:\/\/tonalibus.org\/fr\/2023\/10\/20\/sept-oct-2023-tonalibus-update\/","og_locale":"fr_FR","og_type":"article","og_title":"Sept-Oct 2023 Tonalibus update &#8211; TONALIBUS Harmony","og_description":"This Sept-Oct 2023 Tonalibus update highlights the conclusion of Playlist K and the creation of Playlist L and Sept-Oct 2023 sounds...","og_url":"https:\/\/tonalibus.org\/fr\/2023\/10\/20\/sept-oct-2023-tonalibus-update\/","og_site_name":"TONALIBUS","article_published_time":"2023-10-20T10:04:24+00:00","article_modified_time":"2023-10-28T06:04:34+00:00","og_image":[{"url":"https:\/\/tonalibus.org\/wp-content\/uploads\/2023\/06\/20220515_202745414_iOS-xc1-sqr-k-1024x1024.jpg","type":"","width":"","height":""}],"author":"Ulrico","twitter_card":"summary_large_image","twitter_misc":{"\u00c9crit par":"Ulrico","Dur\u00e9e de lecture estim\u00e9e":"3 minutes"},"schema":{"@context":"https:\/\/schema.org","@graph":[{"@type":"Article","@id":"https:\/\/tonalibus.org\/de\/2023\/10\/20\/sept-oct-2023-tonalibus-update\/#article","isPartOf":{"@id":"https:\/\/tonalibus.org\/de\/2023\/10\/20\/sept-oct-2023-tonalibus-update\/"},"author":{"name":"Ulrico","@id":"https:\/\/tonalibus.org\/de\/#\/schema\/person\/749261d7bc96d1f00127273f83ab96a4"},"headline":"Sept-Oct 2023 Tonalibus update","datePublished":"2023-10-20T10:04:24+00:00","dateModified":"2023-10-28T06:04:34+00:00","mainEntityOfPage":{"@id":"https:\/\/tonalibus.org\/de\/2023\/10\/20\/sept-oct-2023-tonalibus-update\/"},"wordCount":380,"publisher":{"@id":"https:\/\/tonalibus.org\/de\/#\/schema\/person\/749261d7bc96d1f00127273f83ab96a4"},"image":{"@id":"https:\/\/tonalibus.org\/de\/2023\/10\/20\/sept-oct-2023-tonalibus-update\/#primaryimage"},"thumbnailUrl":"https:\/\/tonalibus.org\/wp-content\/uploads\/2023\/06\/20220515_202745414_iOS-xc1-sqr-k-1024x1024.jpg","articleSection":["2023 fidal","2023 tonal","Fidibus","Tonalibus","Update"],"inLanguage":"fr-FR"},{"@type":"WebPage","@id":"https:\/\/tonalibus.org\/de\/2023\/10\/20\/sept-oct-2023-tonalibus-update\/","url":"https:\/\/tonalibus.org\/de\/2023\/10\/20\/sept-oct-2023-tonalibus-update\/","name":"Sept-Oct 2023 Mise \u00e0 jour du Tonalibus - TONALIBUS Harmony","isPartOf":{"@id":"https:\/\/tonalibus.org\/de\/#website"},"primaryImageOfPage":{"@id":"https:\/\/tonalibus.org\/de\/2023\/10\/20\/sept-oct-2023-tonalibus-update\/#primaryimage"},"image":{"@id":"https:\/\/tonalibus.org\/de\/2023\/10\/20\/sept-oct-2023-tonalibus-update\/#primaryimage"},"thumbnailUrl":"https:\/\/tonalibus.org\/wp-content\/uploads\/2023\/06\/20220515_202745414_iOS-xc1-sqr-k-1024x1024.jpg","datePublished":"2023-10-20T10:04:24+00:00","dateModified":"2023-10-28T06:04:34+00:00","description":"Cette mise \u00e0 jour du Tonalibus de septembre-octobre 2023 met en lumi\u00e8re la conclusion de la Playlist K et la cr\u00e9ation de la Playlist L et des sons de septembre-octobre 2023...","breadcrumb":{"@id":"https:\/\/tonalibus.org\/de\/2023\/10\/20\/sept-oct-2023-tonalibus-update\/#breadcrumb"},"inLanguage":"fr-FR","potentialAction":[{"@type":"ReadAction","target":["https:\/\/tonalibus.org\/de\/2023\/10\/20\/sept-oct-2023-tonalibus-update\/"]}]},{"@type":"ImageObject","inLanguage":"fr-FR","@id":"https:\/\/tonalibus.org\/de\/2023\/10\/20\/sept-oct-2023-tonalibus-update\/#primaryimage","url":"https:\/\/tonalibus.org\/wp-content\/uploads\/2023\/06\/20220515_202745414_iOS-xc1-sqr-k-1024x1024.jpg","contentUrl":"https:\/\/tonalibus.org\/wp-content\/uploads\/2023\/06\/20220515_202745414_iOS-xc1-sqr-k-1024x1024.jpg"},{"@type":"BreadcrumbList","@id":"https:\/\/tonalibus.org\/de\/2023\/10\/20\/sept-oct-2023-tonalibus-update\/#breadcrumb","itemListElement":[{"@type":"ListItem","position":1,"name":"Home","item":"https:\/\/tonalibus.org\/"},{"@type":"ListItem","position":2,"name":"Sept-Oct 2023 Tonalibus update"}]},{"@type":"WebSite","@id":"https:\/\/tonalibus.org\/de\/#website","url":"https:\/\/tonalibus.org\/de\/","name":"TONALIBUS","description":"Harmonie et tonalit\u00e9s ancr\u00e9es","publisher":{"@id":"https:\/\/tonalibus.org\/de\/#\/schema\/person\/749261d7bc96d1f00127273f83ab96a4"},"potentialAction":[{"@type":"SearchAction","target":{"@type":"EntryPoint","urlTemplate":"https:\/\/tonalibus.org\/de\/?s={search_term_string}"},"query-input":{"@type":"PropertyValueSpecification","valueRequired":true,"valueName":"search_term_string"}}],"inLanguage":"fr-FR"},{"@type":["Person","Organization"],"@id":"https:\/\/tonalibus.org\/de\/#\/schema\/person\/749261d7bc96d1f00127273f83ab96a4","name":"Ulrico","image":{"@type":"ImageObject","inLanguage":"fr-FR","@id":"https:\/\/tonalibus.org\/wp-content\/uploads\/2020\/06\/uli-pix.jpg","url":"https:\/\/tonalibus.org\/wp-content\/uploads\/2020\/06\/uli-pix.jpg","contentUrl":"https:\/\/tonalibus.org\/wp-content\/uploads\/2020\/06\/uli-pix.jpg","width":960,"height":720,"caption":"Ulrico"},"logo":{"@id":"https:\/\/tonalibus.org\/wp-content\/uploads\/2020\/06\/uli-pix.jpg"},"sameAs":["https:\/\/tonalibus.cyon.site"]}]}},"_links":{"self":[{"href":"https:\/\/tonalibus.org\/fr\/wp-json\/wp\/v2\/posts\/28044","targetHints":{"allow":["GET"]}}],"collection":[{"href":"https:\/\/tonalibus.org\/fr\/wp-json\/wp\/v2\/posts"}],"about":[{"href":"https:\/\/tonalibus.org\/fr\/wp-json\/wp\/v2\/types\/post"}],"author":[{"embeddable":true,"href":"https:\/\/tonalibus.org\/fr\/wp-json\/wp\/v2\/users\/1"}],"replies":[{"embeddable":true,"href":"https:\/\/tonalibus.org\/fr\/wp-json\/wp\/v2\/comments?post=28044"}],"version-history":[{"count":0,"href":"https:\/\/tonalibus.org\/fr\/wp-json\/wp\/v2\/posts\/28044\/revisions"}],"wp:attachment":[{"href":"https:\/\/tonalibus.org\/fr\/wp-json\/wp\/v2\/media?parent=28044"}],"wp:term":[{"taxonomy":"category","embeddable":true,"href":"https:\/\/tonalibus.org\/fr\/wp-json\/wp\/v2\/categories?post=28044"},{"taxonomy":"post_tag","embeddable":true,"href":"https:\/\/tonalibus.org\/fr\/wp-json\/wp\/v2\/tags?post=28044"}],"curies":[{"name":"wp","href":"https:\/\/api.w.org\/{rel}","templated":true}]}}