{"id":31060,"date":"2024-01-29T07:52:10","date_gmt":"2024-01-29T06:52:10","guid":{"rendered":"https:\/\/tonalibus.org\/?p=31060"},"modified":"2024-01-29T08:15:34","modified_gmt":"2024-01-29T07:15:34","slug":"tonalibus-i-j-k-the-album","status":"publish","type":"post","link":"https:\/\/tonalibus.org\/fr\/2024\/01\/29\/tonalibus-i-j-k-the-album\/","title":{"rendered":"Tonalibus I, J &amp; K \u2013 l'album"},"content":{"rendered":"<p class=\"has-text-color has-link-color wp-elements-17447c56e6df6d92306e5f11ebb74db0\" style=\"color:#f7b320\">Le nouvel album \u201cTonalibus I, J &amp; K\u201d para\u00eet le 29 janvier 2024 sur de nombreuses plateformes musicales \u2013 sur <a href=\"https:\/\/open.spotify.com\/album\/1itcrcCOOdky98sbt8YRCz\" target=\"_blank\" rel=\"noreferrer noopener\"><mark style=\"background-color:rgba(0, 0, 0, 0);color:#f7b320\" class=\"has-inline-color\">Spotify<\/mark><\/a><mark style=\"background-color:rgba(0, 0, 0, 0);color:#f7b320\" class=\"has-inline-color\">, <\/mark><a href=\"https:\/\/www.deezer.com\/en\/album\/527681162\" target=\"_blank\" rel=\"noreferrer noopener\"><mark style=\"background-color:rgba(0, 0, 0, 0);color:#f7b320\" class=\"has-inline-color\">Deezer<\/mark><\/a><mark style=\"background-color:rgba(0, 0, 0, 0);color:#f7b320\" class=\"has-inline-color\">, <\/mark><a href=\"https:\/\/www.boomplay.com\/albums\/82360892?from=search\" target=\"_blank\" rel=\"noreferrer noopener\"><mark style=\"background-color:rgba(0, 0, 0, 0);color:#f7b320\" class=\"has-inline-color\">Boomplay<\/mark><\/a><mark style=\"background-color:rgba(0, 0, 0, 0);color:#f7b320\" class=\"has-inline-color\"><mark style=\"background-color:rgba(0, 0, 0, 0);color:#f7b320\" class=\"has-inline-color\">, <\/mark><\/mark><a href=\"https:\/\/music.youtube.com\/playlist?list=OLAK5uy_nPZhlfMFSYTiOqoYtICwnGqeJp8UWcBfc\" target=\"_blank\" rel=\"noreferrer noopener\"><mark style=\"background-color:rgba(0, 0, 0, 0);color:#f7b320\" class=\"has-inline-color\">YouTube Music<\/mark><\/a><mark style=\"background-color:rgba(0, 0, 0, 0);color:#f7b320\" class=\"has-inline-color\">,<\/mark> <a href=\"https:\/\/music.apple.com\/us\/album\/tonalibus-i-j-k\/1723038123\" target=\"_blank\" rel=\"noreferrer noopener\"><mark style=\"background-color:rgba(0, 0, 0, 0);color:#f7b320\" class=\"has-inline-color\">Apple Music<\/mark><\/a><mark style=\"background-color:rgba(0, 0, 0, 0);color:#f7b320\" class=\"has-inline-color\">, <\/mark><a href=\"https:\/\/www.amazon.com\/music\/player\/albums\/B0CQXHMC75\" target=\"_blank\" rel=\"noreferrer noopener\"><mark style=\"background-color:rgba(0, 0, 0, 0);color:#f7b320\" class=\"has-inline-color\">Amazon Music<\/mark><\/a><mark style=\"background-color:rgba(0, 0, 0, 0);color:#f7b320\" class=\"has-inline-color\">, <\/mark>et bien d'autres encore. Cet album propose 29 improvisations m\u00e9ditatives de <a href=\"https:\/\/tonalibus.org\/fr\/about-tonalibus\/ulrico\/\"><mark style=\"background-color:rgba(0, 0, 0, 0);color:#f7b320\" class=\"has-inline-color\">Ulrico<\/mark><\/a> en 3\u00bd heures de musique entra\u00eenante, souvent teint\u00e9e de blues. Deux des morceaux mettent en sc\u00e8ne une voix invit\u00e9e, celle de Philine Harte et celle de Karin Gs\u00f6llpointner.<em> <\/em>Vous en trouverez des informations d\u00e9taill\u00e9es sous <a href=\"https:\/\/tonalibus.org\/fr\/shop\/tonalibus-i-j-k-album\/\"><mark style=\"background-color:rgba(0, 0, 0, 0);color:#f7b320\" class=\"has-inline-color\"><em>Tonalibus I, J &amp; K \u2013 album<\/em><\/mark><\/a> dans le shop Fidibus.<\/p>\n\n\n\n<div style=\"height:32px\" aria-hidden=\"true\" class=\"wp-block-spacer\"><\/div>\n\n\n<div class=\"wp-block-image is-resized\">\n<figure class=\"aligncenter size-large\"><img loading=\"lazy\" decoding=\"async\" width=\"1024\" height=\"1024\" src=\"https:\/\/tonalibus.org\/wp-content\/uploads\/2023\/06\/20220515_202745414_iOS-xc1-sqr-IJK-1024x1024.jpg\" alt=\"Tonalibus I, J &amp; K \u2013 the album\" class=\"wp-image-25666\" style=\"width:418px;height:auto\" srcset=\"https:\/\/tonalibus.org\/wp-content\/uploads\/2023\/06\/20220515_202745414_iOS-xc1-sqr-IJK-1024x1024.jpg 1024w, https:\/\/tonalibus.org\/wp-content\/uploads\/2023\/06\/20220515_202745414_iOS-xc1-sqr-IJK-300x300.jpg 300w, https:\/\/tonalibus.org\/wp-content\/uploads\/2023\/06\/20220515_202745414_iOS-xc1-sqr-IJK-150x150.jpg 150w, https:\/\/tonalibus.org\/wp-content\/uploads\/2023\/06\/20220515_202745414_iOS-xc1-sqr-IJK-768x768.jpg 768w, https:\/\/tonalibus.org\/wp-content\/uploads\/2023\/06\/20220515_202745414_iOS-xc1-sqr-IJK-1536x1536.jpg 1536w, https:\/\/tonalibus.org\/wp-content\/uploads\/2023\/06\/20220515_202745414_iOS-xc1-sqr-IJK-2048x2048.jpg 2048w, https:\/\/tonalibus.org\/wp-content\/uploads\/2023\/06\/20220515_202745414_iOS-xc1-sqr-IJK-12x12.jpg 12w, https:\/\/tonalibus.org\/wp-content\/uploads\/2023\/06\/20220515_202745414_iOS-xc1-sqr-IJK-100x100.jpg 100w, https:\/\/tonalibus.org\/wp-content\/uploads\/2023\/06\/20220515_202745414_iOS-xc1-sqr-IJK-1320x1320.jpg 1320w, https:\/\/tonalibus.org\/wp-content\/uploads\/2023\/06\/20220515_202745414_iOS-xc1-sqr-IJK-560x560.jpg 560w\" sizes=\"auto, (max-width: 706px) 89vw, (max-width: 767px) 82vw, 740px\" \/><figcaption class=\"wp-element-caption\">Feu comm\u00e9moratif dans le jardin Tonalibus pour transmettre ce qui est fini<\/figcaption><\/figure>\n<\/div>","protected":false},"excerpt":{"rendered":"<p>Le nouvel album \u201cTonalibus I, J &amp; K\u201d para\u00eet le 29 janvier 2024 sur de nombreuses plateformes musicales \u2013 sur Spotify, Deezer, Boomplay, YouTube Music, Apple Music, Amazon Music, et bien d'autres encore. Cet album propose 29 improvisations m\u00e9ditatives de Ulrico en 3\u00bd heures de musique entra\u00eenante, souvent teint\u00e9e de blues...<\/p>","protected":false},"author":1,"featured_media":0,"comment_status":"closed","ping_status":"open","sticky":false,"template":"","format":"standard","meta":{"footnotes":""},"categories":[32,33,12,11],"tags":[],"class_list":["post-31060","post","type-post","status-publish","format-standard","hentry","category-2024-fidal","category-2024-tonal","category-fidibus","category-tonalibus"],"yoast_head":"<!-- This site is optimized with the Yoast SEO plugin v27.5 - https:\/\/yoast.com\/product\/yoast-seo-wordpress\/ -->\n<title>Tonalibus I, J &amp; K \u2013 the album &#8211; TONALIBUS Harmony &amp; Tonalities<\/title>\n<meta name=\"description\" content=\"The album &quot;Tonalibus I, J &amp; K&quot; appears globally on January 29, 2024, on Spotify, Deezer, YouTube, Apple, Amazon, and many more...\" \/>\n<meta name=\"robots\" content=\"index, follow, max-snippet:-1, max-image-preview:large, max-video-preview:-1\" \/>\n<link rel=\"canonical\" href=\"https:\/\/tonalibus.org\/fr\/2024\/01\/29\/tonalibus-i-j-k-the-album\/\" \/>\n<meta property=\"og:locale\" content=\"fr_FR\" \/>\n<meta property=\"og:type\" content=\"article\" \/>\n<meta property=\"og:title\" content=\"Tonalibus I, J &amp; K \u2013 the album &#8211; TONALIBUS Harmony &amp; Tonalities\" \/>\n<meta property=\"og:description\" content=\"The album &quot;Tonalibus I, J &amp; K&quot; appears globally on January 29, 2024, on Spotify, Deezer, YouTube, Apple, Amazon, and many more...\" \/>\n<meta property=\"og:url\" content=\"https:\/\/tonalibus.org\/fr\/2024\/01\/29\/tonalibus-i-j-k-the-album\/\" \/>\n<meta property=\"og:site_name\" content=\"TONALIBUS\" \/>\n<meta property=\"article:published_time\" content=\"2024-01-29T06:52:10+00:00\" \/>\n<meta property=\"article:modified_time\" content=\"2024-01-29T07:15:34+00:00\" \/>\n<meta property=\"og:image\" content=\"https:\/\/tonalibus.org\/wp-content\/uploads\/2023\/06\/20220515_202745414_iOS-xc1-sqr-IJK-1024x1024.jpg\" \/>\n<meta name=\"author\" content=\"Ulrico\" \/>\n<meta name=\"twitter:card\" content=\"summary_large_image\" \/>\n<meta name=\"twitter:label1\" content=\"\u00c9crit par\" \/>\n\t<meta name=\"twitter:data1\" content=\"Ulrico\" \/>\n\t<meta name=\"twitter:label2\" content=\"Dur\u00e9e de lecture estim\u00e9e\" \/>\n\t<meta name=\"twitter:data2\" content=\"1 minute\" \/>\n<script type=\"application\/ld+json\" class=\"yoast-schema-graph\">{\"@context\":\"https:\\\/\\\/schema.org\",\"@graph\":[{\"@type\":\"Article\",\"@id\":\"https:\\\/\\\/tonalibus.org\\\/fr\\\/2024\\\/01\\\/29\\\/tonalibus-i-j-k-the-album\\\/#article\",\"isPartOf\":{\"@id\":\"https:\\\/\\\/tonalibus.org\\\/fr\\\/2024\\\/01\\\/29\\\/tonalibus-i-j-k-the-album\\\/\"},\"author\":{\"name\":\"Ulrico\",\"@id\":\"https:\\\/\\\/tonalibus.org\\\/de\\\/#\\\/schema\\\/person\\\/749261d7bc96d1f00127273f83ab96a4\"},\"headline\":\"Tonalibus I, J &#038; K \u2013 the album\",\"datePublished\":\"2024-01-29T06:52:10+00:00\",\"dateModified\":\"2024-01-29T07:15:34+00:00\",\"mainEntityOfPage\":{\"@id\":\"https:\\\/\\\/tonalibus.org\\\/fr\\\/2024\\\/01\\\/29\\\/tonalibus-i-j-k-the-album\\\/\"},\"wordCount\":99,\"publisher\":{\"@id\":\"https:\\\/\\\/tonalibus.org\\\/de\\\/#\\\/schema\\\/person\\\/749261d7bc96d1f00127273f83ab96a4\"},\"image\":{\"@id\":\"https:\\\/\\\/tonalibus.org\\\/fr\\\/2024\\\/01\\\/29\\\/tonalibus-i-j-k-the-album\\\/#primaryimage\"},\"thumbnailUrl\":\"https:\\\/\\\/tonalibus.org\\\/wp-content\\\/uploads\\\/2023\\\/06\\\/20220515_202745414_iOS-xc1-sqr-IJK-1024x1024.jpg\",\"articleSection\":[\"2024 fidal\",\"2024 tonal\",\"Fidibus\",\"Tonalibus\"],\"inLanguage\":\"fr-FR\"},{\"@type\":\"WebPage\",\"@id\":\"https:\\\/\\\/tonalibus.org\\\/fr\\\/2024\\\/01\\\/29\\\/tonalibus-i-j-k-the-album\\\/\",\"url\":\"https:\\\/\\\/tonalibus.org\\\/fr\\\/2024\\\/01\\\/29\\\/tonalibus-i-j-k-the-album\\\/\",\"name\":\"Tonalibus I, J & K \u2013 the album &#8211; TONALIBUS Harmony & Tonalities\",\"isPartOf\":{\"@id\":\"https:\\\/\\\/tonalibus.org\\\/de\\\/#website\"},\"primaryImageOfPage\":{\"@id\":\"https:\\\/\\\/tonalibus.org\\\/fr\\\/2024\\\/01\\\/29\\\/tonalibus-i-j-k-the-album\\\/#primaryimage\"},\"image\":{\"@id\":\"https:\\\/\\\/tonalibus.org\\\/fr\\\/2024\\\/01\\\/29\\\/tonalibus-i-j-k-the-album\\\/#primaryimage\"},\"thumbnailUrl\":\"https:\\\/\\\/tonalibus.org\\\/wp-content\\\/uploads\\\/2023\\\/06\\\/20220515_202745414_iOS-xc1-sqr-IJK-1024x1024.jpg\",\"datePublished\":\"2024-01-29T06:52:10+00:00\",\"dateModified\":\"2024-01-29T07:15:34+00:00\",\"description\":\"The album \\\"Tonalibus I, J & K\\\" appears globally on January 29, 2024, on Spotify, Deezer, YouTube, Apple, Amazon, and many more...\",\"breadcrumb\":{\"@id\":\"https:\\\/\\\/tonalibus.org\\\/fr\\\/2024\\\/01\\\/29\\\/tonalibus-i-j-k-the-album\\\/#breadcrumb\"},\"inLanguage\":\"fr-FR\",\"potentialAction\":[{\"@type\":\"ReadAction\",\"target\":[\"https:\\\/\\\/tonalibus.org\\\/fr\\\/2024\\\/01\\\/29\\\/tonalibus-i-j-k-the-album\\\/\"]}]},{\"@type\":\"ImageObject\",\"inLanguage\":\"fr-FR\",\"@id\":\"https:\\\/\\\/tonalibus.org\\\/fr\\\/2024\\\/01\\\/29\\\/tonalibus-i-j-k-the-album\\\/#primaryimage\",\"url\":\"https:\\\/\\\/tonalibus.org\\\/wp-content\\\/uploads\\\/2023\\\/06\\\/20220515_202745414_iOS-xc1-sqr-IJK-1024x1024.jpg\",\"contentUrl\":\"https:\\\/\\\/tonalibus.org\\\/wp-content\\\/uploads\\\/2023\\\/06\\\/20220515_202745414_iOS-xc1-sqr-IJK-1024x1024.jpg\"},{\"@type\":\"BreadcrumbList\",\"@id\":\"https:\\\/\\\/tonalibus.org\\\/fr\\\/2024\\\/01\\\/29\\\/tonalibus-i-j-k-the-album\\\/#breadcrumb\",\"itemListElement\":[{\"@type\":\"ListItem\",\"position\":1,\"name\":\"Home\",\"item\":\"https:\\\/\\\/tonalibus.org\\\/\"},{\"@type\":\"ListItem\",\"position\":2,\"name\":\"Tonalibus I, J &#038; K \u2013 the album\"}]},{\"@type\":\"WebSite\",\"@id\":\"https:\\\/\\\/tonalibus.org\\\/de\\\/#website\",\"url\":\"https:\\\/\\\/tonalibus.org\\\/de\\\/\",\"name\":\"TONALIBUS\",\"description\":\"Anchored Harmony and Tonalities\",\"publisher\":{\"@id\":\"https:\\\/\\\/tonalibus.org\\\/de\\\/#\\\/schema\\\/person\\\/749261d7bc96d1f00127273f83ab96a4\"},\"potentialAction\":[{\"@type\":\"SearchAction\",\"target\":{\"@type\":\"EntryPoint\",\"urlTemplate\":\"https:\\\/\\\/tonalibus.org\\\/de\\\/?s={search_term_string}\"},\"query-input\":{\"@type\":\"PropertyValueSpecification\",\"valueRequired\":true,\"valueName\":\"search_term_string\"}}],\"inLanguage\":\"fr-FR\"},{\"@type\":[\"Person\",\"Organization\"],\"@id\":\"https:\\\/\\\/tonalibus.org\\\/de\\\/#\\\/schema\\\/person\\\/749261d7bc96d1f00127273f83ab96a4\",\"name\":\"Ulrico\",\"image\":{\"@type\":\"ImageObject\",\"inLanguage\":\"fr-FR\",\"@id\":\"https:\\\/\\\/tonalibus.org\\\/wp-content\\\/uploads\\\/2020\\\/06\\\/uli-pix.jpg\",\"url\":\"https:\\\/\\\/tonalibus.org\\\/wp-content\\\/uploads\\\/2020\\\/06\\\/uli-pix.jpg\",\"contentUrl\":\"https:\\\/\\\/tonalibus.org\\\/wp-content\\\/uploads\\\/2020\\\/06\\\/uli-pix.jpg\",\"width\":960,\"height\":720,\"caption\":\"Ulrico\"},\"logo\":{\"@id\":\"https:\\\/\\\/tonalibus.org\\\/wp-content\\\/uploads\\\/2020\\\/06\\\/uli-pix.jpg\"},\"sameAs\":[\"https:\\\/\\\/tonalibus.cyon.site\"]}]}<\/script>\n<!-- \/ Yoast SEO plugin. -->","yoast_head_json":{"title":"Tonalibus I, J &amp; K - l'album - TONALIBUS Harmony &amp; Tonalities","description":"L'album \"Tonalibus I, J &amp; K\" para\u00eet le 29 janvier 2024 sur Spotify, Deezer, YouTube, Apple, Amazon, et bien d'autres...","robots":{"index":"index","follow":"follow","max-snippet":"max-snippet:-1","max-image-preview":"max-image-preview:large","max-video-preview":"max-video-preview:-1"},"canonical":"https:\/\/tonalibus.org\/fr\/2024\/01\/29\/tonalibus-i-j-k-the-album\/","og_locale":"fr_FR","og_type":"article","og_title":"Tonalibus I, J & K \u2013 the album &#8211; TONALIBUS Harmony & Tonalities","og_description":"The album \"Tonalibus I, J & K\" appears globally on January 29, 2024, on Spotify, Deezer, YouTube, Apple, Amazon, and many more...","og_url":"https:\/\/tonalibus.org\/fr\/2024\/01\/29\/tonalibus-i-j-k-the-album\/","og_site_name":"TONALIBUS","article_published_time":"2024-01-29T06:52:10+00:00","article_modified_time":"2024-01-29T07:15:34+00:00","og_image":[{"url":"https:\/\/tonalibus.org\/wp-content\/uploads\/2023\/06\/20220515_202745414_iOS-xc1-sqr-IJK-1024x1024.jpg","type":"","width":"","height":""}],"author":"Ulrico","twitter_card":"summary_large_image","twitter_misc":{"\u00c9crit par":"Ulrico","Dur\u00e9e de lecture estim\u00e9e":"1 minute"},"schema":{"@context":"https:\/\/schema.org","@graph":[{"@type":"Article","@id":"https:\/\/tonalibus.org\/fr\/2024\/01\/29\/tonalibus-i-j-k-the-album\/#article","isPartOf":{"@id":"https:\/\/tonalibus.org\/fr\/2024\/01\/29\/tonalibus-i-j-k-the-album\/"},"author":{"name":"Ulrico","@id":"https:\/\/tonalibus.org\/de\/#\/schema\/person\/749261d7bc96d1f00127273f83ab96a4"},"headline":"Tonalibus I, J &#038; K \u2013 the album","datePublished":"2024-01-29T06:52:10+00:00","dateModified":"2024-01-29T07:15:34+00:00","mainEntityOfPage":{"@id":"https:\/\/tonalibus.org\/fr\/2024\/01\/29\/tonalibus-i-j-k-the-album\/"},"wordCount":99,"publisher":{"@id":"https:\/\/tonalibus.org\/de\/#\/schema\/person\/749261d7bc96d1f00127273f83ab96a4"},"image":{"@id":"https:\/\/tonalibus.org\/fr\/2024\/01\/29\/tonalibus-i-j-k-the-album\/#primaryimage"},"thumbnailUrl":"https:\/\/tonalibus.org\/wp-content\/uploads\/2023\/06\/20220515_202745414_iOS-xc1-sqr-IJK-1024x1024.jpg","articleSection":["2024 fidal","2024 tonal","Fidibus","Tonalibus"],"inLanguage":"fr-FR"},{"@type":"WebPage","@id":"https:\/\/tonalibus.org\/fr\/2024\/01\/29\/tonalibus-i-j-k-the-album\/","url":"https:\/\/tonalibus.org\/fr\/2024\/01\/29\/tonalibus-i-j-k-the-album\/","name":"Tonalibus I, J &amp; K - l'album - TONALIBUS Harmony &amp; Tonalities","isPartOf":{"@id":"https:\/\/tonalibus.org\/de\/#website"},"primaryImageOfPage":{"@id":"https:\/\/tonalibus.org\/fr\/2024\/01\/29\/tonalibus-i-j-k-the-album\/#primaryimage"},"image":{"@id":"https:\/\/tonalibus.org\/fr\/2024\/01\/29\/tonalibus-i-j-k-the-album\/#primaryimage"},"thumbnailUrl":"https:\/\/tonalibus.org\/wp-content\/uploads\/2023\/06\/20220515_202745414_iOS-xc1-sqr-IJK-1024x1024.jpg","datePublished":"2024-01-29T06:52:10+00:00","dateModified":"2024-01-29T07:15:34+00:00","description":"L'album \"Tonalibus I, J &amp; K\" para\u00eet le 29 janvier 2024 sur Spotify, Deezer, YouTube, Apple, Amazon, et bien d'autres...","breadcrumb":{"@id":"https:\/\/tonalibus.org\/fr\/2024\/01\/29\/tonalibus-i-j-k-the-album\/#breadcrumb"},"inLanguage":"fr-FR","potentialAction":[{"@type":"ReadAction","target":["https:\/\/tonalibus.org\/fr\/2024\/01\/29\/tonalibus-i-j-k-the-album\/"]}]},{"@type":"ImageObject","inLanguage":"fr-FR","@id":"https:\/\/tonalibus.org\/fr\/2024\/01\/29\/tonalibus-i-j-k-the-album\/#primaryimage","url":"https:\/\/tonalibus.org\/wp-content\/uploads\/2023\/06\/20220515_202745414_iOS-xc1-sqr-IJK-1024x1024.jpg","contentUrl":"https:\/\/tonalibus.org\/wp-content\/uploads\/2023\/06\/20220515_202745414_iOS-xc1-sqr-IJK-1024x1024.jpg"},{"@type":"BreadcrumbList","@id":"https:\/\/tonalibus.org\/fr\/2024\/01\/29\/tonalibus-i-j-k-the-album\/#breadcrumb","itemListElement":[{"@type":"ListItem","position":1,"name":"Home","item":"https:\/\/tonalibus.org\/"},{"@type":"ListItem","position":2,"name":"Tonalibus I, J &#038; K \u2013 the album"}]},{"@type":"WebSite","@id":"https:\/\/tonalibus.org\/de\/#website","url":"https:\/\/tonalibus.org\/de\/","name":"TONALIBUS","description":"Harmonie et tonalit\u00e9s ancr\u00e9es","publisher":{"@id":"https:\/\/tonalibus.org\/de\/#\/schema\/person\/749261d7bc96d1f00127273f83ab96a4"},"potentialAction":[{"@type":"SearchAction","target":{"@type":"EntryPoint","urlTemplate":"https:\/\/tonalibus.org\/de\/?s={search_term_string}"},"query-input":{"@type":"PropertyValueSpecification","valueRequired":true,"valueName":"search_term_string"}}],"inLanguage":"fr-FR"},{"@type":["Person","Organization"],"@id":"https:\/\/tonalibus.org\/de\/#\/schema\/person\/749261d7bc96d1f00127273f83ab96a4","name":"Ulrico","image":{"@type":"ImageObject","inLanguage":"fr-FR","@id":"https:\/\/tonalibus.org\/wp-content\/uploads\/2020\/06\/uli-pix.jpg","url":"https:\/\/tonalibus.org\/wp-content\/uploads\/2020\/06\/uli-pix.jpg","contentUrl":"https:\/\/tonalibus.org\/wp-content\/uploads\/2020\/06\/uli-pix.jpg","width":960,"height":720,"caption":"Ulrico"},"logo":{"@id":"https:\/\/tonalibus.org\/wp-content\/uploads\/2020\/06\/uli-pix.jpg"},"sameAs":["https:\/\/tonalibus.cyon.site"]}]}},"_links":{"self":[{"href":"https:\/\/tonalibus.org\/fr\/wp-json\/wp\/v2\/posts\/31060","targetHints":{"allow":["GET"]}}],"collection":[{"href":"https:\/\/tonalibus.org\/fr\/wp-json\/wp\/v2\/posts"}],"about":[{"href":"https:\/\/tonalibus.org\/fr\/wp-json\/wp\/v2\/types\/post"}],"author":[{"embeddable":true,"href":"https:\/\/tonalibus.org\/fr\/wp-json\/wp\/v2\/users\/1"}],"replies":[{"embeddable":true,"href":"https:\/\/tonalibus.org\/fr\/wp-json\/wp\/v2\/comments?post=31060"}],"version-history":[{"count":0,"href":"https:\/\/tonalibus.org\/fr\/wp-json\/wp\/v2\/posts\/31060\/revisions"}],"wp:attachment":[{"href":"https:\/\/tonalibus.org\/fr\/wp-json\/wp\/v2\/media?parent=31060"}],"wp:term":[{"taxonomy":"category","embeddable":true,"href":"https:\/\/tonalibus.org\/fr\/wp-json\/wp\/v2\/categories?post=31060"},{"taxonomy":"post_tag","embeddable":true,"href":"https:\/\/tonalibus.org\/fr\/wp-json\/wp\/v2\/tags?post=31060"}],"curies":[{"name":"wp","href":"https:\/\/api.w.org\/{rel}","templated":true}]}}