{"id":31663,"date":"2024-03-07T23:29:34","date_gmt":"2024-03-07T22:29:34","guid":{"rendered":"https:\/\/tonalibus.org\/?p=31663"},"modified":"2025-12-17T11:36:28","modified_gmt":"2025-12-17T10:36:28","slug":"march-2024-tonalibus-update","status":"publish","type":"post","link":"https:\/\/tonalibus.org\/fr\/2024\/03\/07\/march-2024-tonalibus-update\/","title":{"rendered":"Mise \u00e0 jour Tonalibus de mars 2024"},"content":{"rendered":"<div class=\"wp-block-buttons is-content-justification-center is-layout-flex wp-container-core-buttons-is-layout-16018d1d wp-block-buttons-is-layout-flex\">\n<div class=\"wp-block-button is-style-outline is-style-outline--1\"><a class=\"wp-block-button__link wp-element-button\" href=\"#whistle\">Sifflement du souffle et ragas<\/a><\/div>\n\n\n\n<div class=\"wp-block-button is-style-outline is-style-outline--2\"><a class=\"wp-block-button__link wp-element-button\" href=\"#concerts\">R\u00e9capitulatif de concerts<\/a><\/div>\n\n\n\n<div class=\"wp-block-button is-style-outline is-style-outline--3\"><a class=\"wp-block-button__link wp-element-button\" href=\"#playlists\">Playlists &amp; sons<\/a><\/div>\n<\/div>\n\n\n\n<div style=\"height:50px\" aria-hidden=\"true\" class=\"wp-block-spacer\"><\/div>\n\n\n\n<p class=\"has-text-color has-link-color wp-elements-5f581d344701dc642dcc2c66496b02da\" style=\"color:#f7b320\">Cette mise \u00e0 jour Tonalibus de mars 2024 annonce deux nouveaux d\u00e9veloppements de Tonalibus, le sifflement du souffle (whistle breath) et le d\u00e9but de la corr\u00e9lation des tonalit\u00e9s du catalogue avec les ragas indiens. Elle \u00e9voque \u00e9galement deux concerts r\u00e9cents et offre une mise \u00e0 jour des sons et playlists. <\/p>\n\n\n\n<h2 class=\"wp-block-heading has-text-color has-link-color wp-elements-3143b8240c934cb8531be74832126d7f\" id=\"whistle\" style=\"color:#f7b320\">Sifflement du souffle et d\u00e9but de la corr\u00e9lation de ragas<\/h2>\n\n\n\n<div class=\"wp-block-media-text is-stacked-on-mobile\" style=\"grid-template-columns:28% auto\"><figure class=\"wp-block-media-text__media\"><img loading=\"lazy\" decoding=\"async\" width=\"720\" height=\"720\" src=\"https:\/\/tonalibus.org\/wp-content\/uploads\/2021\/12\/fat-logo-square.jpg\" alt=\"March 2024 Tonalibus update\" class=\"wp-image-15748 size-full\" srcset=\"https:\/\/tonalibus.org\/wp-content\/uploads\/2021\/12\/fat-logo-square.jpg 720w, https:\/\/tonalibus.org\/wp-content\/uploads\/2021\/12\/fat-logo-square-300x300.jpg 300w, https:\/\/tonalibus.org\/wp-content\/uploads\/2021\/12\/fat-logo-square-150x150.jpg 150w, https:\/\/tonalibus.org\/wp-content\/uploads\/2021\/12\/fat-logo-square-12x12.jpg 12w, https:\/\/tonalibus.org\/wp-content\/uploads\/2021\/12\/fat-logo-square-100x100.jpg 100w, https:\/\/tonalibus.org\/wp-content\/uploads\/2021\/12\/fat-logo-square-560x560.jpg 560w\" sizes=\"auto, (max-width: 720px) 100vw, 720px\" \/><\/figure><div class=\"wp-block-media-text__content\">\n<p class=\"has-text-color has-link-color wp-elements-9d20e43adee01cfcbd62f606e741ea8c\" style=\"color:#f7b320\">Pendant le chant extr\u00eamement doux d'un mantra, si doux qu'il s'agit plus d'une respiration que d'un chant, lors d'une transition fluide de la syllabe HU \u00e0 OM, un l\u00e9ger sifflement, largement involontaire, peut devenir apparent, le sifflement du souffle ! C'est un ph\u00e9nom\u00e8ne tr\u00e8s subtil mais puissant, qui peut aider \u00e0 trouver sa propre <a href=\"https:\/\/tonalibus.org\/fr\/shop\/sound-as-mantra\/#exercise\"><mark style=\"background-color:rgba(0, 0, 0, 0);color:#f7b320\" class=\"has-inline-color\">hauteur fondamentale<\/mark><\/a>. \"Breath of life chant\" est bas\u00e9e sur le sifflement du souffle.<\/p>\n\n\n\n<p class=\"has-text-color has-link-color wp-elements-904bef43e01aa01bf14df8c9b229c0a6\" style=\"color:#f7b320\">Tonalibus a commenc\u00e9 \u00e0 \u00e9tablir des corr\u00e9lations entre les ragas indiens et son catalogue de tonalit\u00e9s. Un premier r\u00e9sultat est la correspondance du raag Bairagi Bhairav avec ReachMin \/ Phrygien dominant.<\/p>\n<\/div><\/div>\n\n\n\n<figure class=\"wp-block-audio\"><audio controls src=\"https:\/\/tonalibus.org\/wp-content\/uploads\/2024\/02\/2024-02-09-WHISTLEBREATH.mp3\" preload=\"metadata\"><\/audio><figcaption class=\"wp-element-caption\"><mark style=\"background-color:rgba(0, 0, 0, 0);color:#f7b320\" class=\"has-inline-color\">\u201cBreath of life chant\u201d \u2013 la r\u00e9ponse \u00e0 l'int\u00e9rieur<em> <\/em>\u2014 <\/mark><span><a href=\"https:\/\/tonalibus.org\/fr\/tonalities\/pentatonalities\/pentamin-or-pentaeol-pentatonic-minor\/\"><mark style=\"background-color:rgba(0, 0, 0, 0);color:#f7b320\" class=\"has-inline-color\">PentaMin \/ Penta\u00c9ol<\/mark><\/a><\/span><mark style=\"background-color:rgba(0, 0, 0, 0);color:#f7b320\" class=\"has-inline-color\"> sur Sol# (207 Hz) \u2013 sifflement du souffle, fretted<em> <\/em>vichitra v\u00een\u00e2<em>,<\/em> tanpura \u2013 8:03<\/mark><\/figcaption><\/figure>\n\n\n\n<figure class=\"wp-block-audio\"><audio controls src=\"https:\/\/tonalibus.org\/wp-content\/uploads\/2024\/02\/2024-02-24-BAIRAGI-BHAIRAV-8GITA.mp3\" preload=\"metadata\"><\/audio><figcaption class=\"wp-element-caption\"><mark style=\"background-color:rgba(0, 0, 0, 0);color:#f7b320\" class=\"has-inline-color\">\u201cBairagi Bhairav raag\u201d \u2013 une premi\u00e8re interpr\u00e9tation de raga<em> <\/em>\u2014 <\/mark><a href=\"https:\/\/en.wikipedia.org\/wiki\/Bairagi_(raga)\" target=\"_blank\" rel=\"noreferrer noopener\"><mark style=\"background-color:rgba(0, 0, 0, 0);color:#f7b320\" class=\"has-inline-color\">Bairagi Bhairav<\/mark><\/a><mark style=\"background-color:rgba(0, 0, 0, 0);color:#f7b320\" class=\"has-inline-color\"> pakad, un d\u00e9riv\u00e9 de <\/mark><a href=\"https:\/\/tonalibus.org\/fr\/tonalities\/reach-or-harmonic-heptatonalities\/reachmin-phryg-dominant\/\"><mark style=\"background-color:rgba(0, 0, 0, 0);color:#f7b320\" class=\"has-inline-color\">ReachMin \/ Phrygien dominant<\/mark><\/a><mark style=\"background-color:rgba(0, 0, 0, 0);color:#f7b320\" class=\"has-inline-color\"> sur Do# (138 Hz) \u2013 guitare \u00e0 8 cordes, tanpura \u2013 11:32<\/mark><\/figcaption><\/figure>\n\n\n\n<h2 class=\"wp-block-heading has-text-color has-link-color wp-elements-fbdd49cff88eb26749068da774b0b69f\" id=\"concerts\" style=\"color:#f7b320\">Deux concerts r\u00e9cents avec Tonalibus Ulrico <\/h2>\n\n\n\n<div class=\"wp-block-media-text is-stacked-on-mobile\" style=\"grid-template-columns:28% auto\"><figure class=\"wp-block-media-text__media\"><img loading=\"lazy\" decoding=\"async\" width=\"701\" height=\"1024\" src=\"https:\/\/tonalibus.org\/wp-content\/uploads\/2024\/03\/20240301_200628000_iOS-1-xxc-701x1024.jpg\" alt=\"\" class=\"wp-image-31744 size-full\" srcset=\"https:\/\/tonalibus.org\/wp-content\/uploads\/2024\/03\/20240301_200628000_iOS-1-xxc-701x1024.jpg 701w, https:\/\/tonalibus.org\/wp-content\/uploads\/2024\/03\/20240301_200628000_iOS-1-xxc-205x300.jpg 205w, https:\/\/tonalibus.org\/wp-content\/uploads\/2024\/03\/20240301_200628000_iOS-1-xxc-768x1123.jpg 768w, https:\/\/tonalibus.org\/wp-content\/uploads\/2024\/03\/20240301_200628000_iOS-1-xxc-1051x1536.jpg 1051w, https:\/\/tonalibus.org\/wp-content\/uploads\/2024\/03\/20240301_200628000_iOS-1-xxc-8x12.jpg 8w, https:\/\/tonalibus.org\/wp-content\/uploads\/2024\/03\/20240301_200628000_iOS-1-xxc-1320x1930.jpg 1320w, https:\/\/tonalibus.org\/wp-content\/uploads\/2024\/03\/20240301_200628000_iOS-1-xxc.jpg 1401w\" sizes=\"auto, (max-width: 701px) 100vw, 701px\" \/><\/figure><div class=\"wp-block-media-text__content\">\n<p class=\"has-text-color has-link-color wp-elements-f14ece0e44df322d53c5ca2af2dabe12\" style=\"color:#f7b320\">\u201cKulturzimmer Heimlich\u201d \u00e0 Berne le 17 f\u00e9vrier a attir\u00e9 une trentaine de personnes et produit deux enregistrements :<br>\u2013 \u201cFearless floating\u201d \u2013 dans le flux de la vie et de l'amour<br>\u2013 \u201cOpen door and heart\u201d \u2013 une occasion pour sortir<\/p>\n\n\n\n<figure class=\"wp-block-audio\"><audio controls src=\"https:\/\/tonalibus.org\/wp-content\/uploads\/2024\/02\/2024-02-17-live-R07_0020-Ion.mp3\" preload=\"metadata\"><\/audio><figcaption class=\"wp-element-caption\"><mark style=\"background-color:rgba(0, 0, 0, 0);color:#f7b320\" class=\"has-inline-color\">\u201cOpen door and heart\u201d \u2013 une occasion pour sortir<em> <\/em>\u2014 <\/mark><a href=\"https:\/\/tonalibus.org\/fr\/tonalities\/diatonic-heptatonalities\/ionian-diatonic-major\/\"><mark style=\"background-color:rgba(0, 0, 0, 0);color:#f7b320\" class=\"has-inline-color\">Ionien<\/mark><\/a><mark style=\"background-color:rgba(0, 0, 0, 0);color:#f7b320\" class=\"has-inline-color\"> (majeur diatonique) sur Do# (138 Hz) \u2013 guitare \u00e0 8 cordes, tanpura \u2013 5:55 live<\/mark><\/figcaption><\/figure>\n\n\n\n<div style=\"height:15px\" aria-hidden=\"true\" class=\"wp-block-spacer\"><\/div>\n\n\n\n<p class=\"has-text-color has-link-color wp-elements-23302c28abd1e04f3ee1c41e9967a62a\" style=\"color:#f7b320\">\u201c<a href=\"https:\/\/www.youtube.com\/watch?v=lsIe5UP6Tzk\" target=\"_blank\" rel=\"noreferrer noopener\"><mark style=\"background-color:rgba(0, 0, 0, 0);color:#f7b320\" class=\"has-inline-color\">Hallo Stille<\/mark><\/a>\u201d le 1 mars au festival <em>Stilles Z\u00fcrich<\/em> a rassembl\u00e9 une vingtaine de personnes. Tous se sont progressivement ouverts \u00e0 l'exp\u00e9rience du silence men\u00e9e par Nicole Keller de <a href=\"https:\/\/www.stiftung-lebenstraum.ch\/visionshaus\" target=\"_blank\" rel=\"noreferrer noopener\"><em><mark style=\"background-color:rgba(0, 0, 0, 0);color:#f7b320\" class=\"has-inline-color\">Visionshaus<\/mark><\/em><\/a>. Elle \u00e9tait soutenu par de doux sons de guitare.<\/p>\n<\/div><\/div>\n\n\n\n<div style=\"height:18px\" aria-hidden=\"true\" class=\"wp-block-spacer\"><\/div>\n\n\n\n<div class=\"wp-block-columns is-layout-flex wp-container-core-columns-is-layout-9d6595d7 wp-block-columns-is-layout-flex\">\n<div class=\"wp-block-column is-layout-flow wp-block-column-is-layout-flow\">\n<figure class=\"wp-block-image size-large\"><img loading=\"lazy\" decoding=\"async\" width=\"1024\" height=\"876\" src=\"https:\/\/tonalibus.org\/wp-content\/uploads\/2024\/02\/20240221_140713000_iOS-xc-1024x876.jpg\" alt=\"\" class=\"wp-image-31526\" srcset=\"https:\/\/tonalibus.org\/wp-content\/uploads\/2024\/02\/20240221_140713000_iOS-xc-1024x876.jpg 1024w, https:\/\/tonalibus.org\/wp-content\/uploads\/2024\/02\/20240221_140713000_iOS-xc-300x257.jpg 300w, https:\/\/tonalibus.org\/wp-content\/uploads\/2024\/02\/20240221_140713000_iOS-xc-768x657.jpg 768w, https:\/\/tonalibus.org\/wp-content\/uploads\/2024\/02\/20240221_140713000_iOS-xc-1536x1314.jpg 1536w, https:\/\/tonalibus.org\/wp-content\/uploads\/2024\/02\/20240221_140713000_iOS-xc-14x12.jpg 14w, https:\/\/tonalibus.org\/wp-content\/uploads\/2024\/02\/20240221_140713000_iOS-xc-1320x1129.jpg 1320w, https:\/\/tonalibus.org\/wp-content\/uploads\/2024\/02\/20240221_140713000_iOS-xc.jpg 1682w\" sizes=\"auto, (max-width: 706px) 89vw, (max-width: 767px) 82vw, 740px\" \/><\/figure>\n<\/div>\n\n\n\n<div class=\"wp-block-column is-layout-flow wp-block-column-is-layout-flow\">\n<figure class=\"wp-block-image size-large\"><img loading=\"lazy\" decoding=\"async\" width=\"1024\" height=\"839\" src=\"https:\/\/tonalibus.org\/wp-content\/uploads\/2024\/03\/20240301_200607000_iOS-xc-1024x839.jpg\" alt=\"\" class=\"wp-image-31742\" srcset=\"https:\/\/tonalibus.org\/wp-content\/uploads\/2024\/03\/20240301_200607000_iOS-xc-1024x839.jpg 1024w, https:\/\/tonalibus.org\/wp-content\/uploads\/2024\/03\/20240301_200607000_iOS-xc-300x246.jpg 300w, https:\/\/tonalibus.org\/wp-content\/uploads\/2024\/03\/20240301_200607000_iOS-xc-768x629.jpg 768w, https:\/\/tonalibus.org\/wp-content\/uploads\/2024\/03\/20240301_200607000_iOS-xc-1536x1259.jpg 1536w, https:\/\/tonalibus.org\/wp-content\/uploads\/2024\/03\/20240301_200607000_iOS-xc-15x12.jpg 15w, https:\/\/tonalibus.org\/wp-content\/uploads\/2024\/03\/20240301_200607000_iOS-xc-1320x1082.jpg 1320w, https:\/\/tonalibus.org\/wp-content\/uploads\/2024\/03\/20240301_200607000_iOS-xc.jpg 1874w\" sizes=\"auto, (max-width: 706px) 89vw, (max-width: 767px) 82vw, 740px\" \/><\/figure>\n<\/div>\n\n\n\n<div class=\"wp-block-column is-layout-flow wp-block-column-is-layout-flow\">\n<figure class=\"wp-block-image size-large\"><img loading=\"lazy\" decoding=\"async\" width=\"1024\" height=\"728\" src=\"https:\/\/tonalibus.org\/wp-content\/uploads\/2024\/03\/20240301_200435000_iOS-2-xc-1024x728.jpg\" alt=\"\" class=\"wp-image-31743\" srcset=\"https:\/\/tonalibus.org\/wp-content\/uploads\/2024\/03\/20240301_200435000_iOS-2-xc-1024x728.jpg 1024w, https:\/\/tonalibus.org\/wp-content\/uploads\/2024\/03\/20240301_200435000_iOS-2-xc-300x213.jpg 300w, https:\/\/tonalibus.org\/wp-content\/uploads\/2024\/03\/20240301_200435000_iOS-2-xc-768x546.jpg 768w, https:\/\/tonalibus.org\/wp-content\/uploads\/2024\/03\/20240301_200435000_iOS-2-xc-1536x1092.jpg 1536w, https:\/\/tonalibus.org\/wp-content\/uploads\/2024\/03\/20240301_200435000_iOS-2-xc-18x12.jpg 18w, https:\/\/tonalibus.org\/wp-content\/uploads\/2024\/03\/20240301_200435000_iOS-2-xc-1320x938.jpg 1320w, https:\/\/tonalibus.org\/wp-content\/uploads\/2024\/03\/20240301_200435000_iOS-2-xc.jpg 1632w\" sizes=\"auto, (max-width: 706px) 89vw, (max-width: 767px) 82vw, 740px\" \/><figcaption class=\"wp-element-caption\">(photos de Karin Gs\u00f6llpointner)<\/figcaption><\/figure>\n<\/div>\n<\/div>\n\n\n\n<h2 class=\"wp-block-heading has-text-color has-link-color wp-elements-64fdbed365396d0d281328550c950634\" id=\"playlists\" style=\"color:#f7b320\">Mise \u00e0 jour des playlists et des sons Tonalibus de mars 2024<\/h2>\n\n\n\n<div class=\"wp-block-media-text is-stacked-on-mobile\" style=\"grid-template-columns:28% auto\"><figure class=\"wp-block-media-text__media\"><img loading=\"lazy\" decoding=\"async\" width=\"1024\" height=\"1024\" src=\"https:\/\/tonalibus.org\/wp-content\/uploads\/2024\/02\/20221127_114206650_iOS-xc-OPQ-cmp-1024x1024.jpg\" alt=\"March 2024 Tonalibus update\" class=\"wp-image-31576 size-full\" srcset=\"https:\/\/tonalibus.org\/wp-content\/uploads\/2024\/02\/20221127_114206650_iOS-xc-OPQ-cmp-1024x1024.jpg 1024w, https:\/\/tonalibus.org\/wp-content\/uploads\/2024\/02\/20221127_114206650_iOS-xc-OPQ-cmp-300x300.jpg 300w, https:\/\/tonalibus.org\/wp-content\/uploads\/2024\/02\/20221127_114206650_iOS-xc-OPQ-cmp-150x150.jpg 150w, https:\/\/tonalibus.org\/wp-content\/uploads\/2024\/02\/20221127_114206650_iOS-xc-OPQ-cmp-768x768.jpg 768w, https:\/\/tonalibus.org\/wp-content\/uploads\/2024\/02\/20221127_114206650_iOS-xc-OPQ-cmp-1536x1536.jpg 1536w, https:\/\/tonalibus.org\/wp-content\/uploads\/2024\/02\/20221127_114206650_iOS-xc-OPQ-cmp-2048x2048.jpg 2048w, https:\/\/tonalibus.org\/wp-content\/uploads\/2024\/02\/20221127_114206650_iOS-xc-OPQ-cmp-12x12.jpg 12w, https:\/\/tonalibus.org\/wp-content\/uploads\/2024\/02\/20221127_114206650_iOS-xc-OPQ-cmp-100x100.jpg 100w, https:\/\/tonalibus.org\/wp-content\/uploads\/2024\/02\/20221127_114206650_iOS-xc-OPQ-cmp-1320x1320.jpg 1320w, https:\/\/tonalibus.org\/wp-content\/uploads\/2024\/02\/20221127_114206650_iOS-xc-OPQ-cmp-560x560.jpg 560w\" sizes=\"auto, (max-width: 706px) 89vw, (max-width: 767px) 82vw, 740px\" \/><\/figure><div class=\"wp-block-media-text__content\">\n<p class=\"has-text-color has-link-color wp-elements-1fbd2f7793743c668ad548a1562b60a4\" style=\"color:#f7b320\"><a href=\"https:\/\/tonalibus.org\/fr\/sounds\/2024-sounds-and-images\/jan-feb-2024-sounds\/\"><mark style=\"background-color:rgba(0, 0, 0, 0);color:#f7b320\" class=\"has-inline-color\">Sons de jan-f\u00e9v 2024<\/mark><\/a> et <a href=\"https:\/\/tonalibus.org\/fr\/shop\/playlists\/playlist-l-m-n\/#n\"><mark style=\"background-color:rgba(0, 0, 0, 0);color:#f7b320\" class=\"has-inline-color\">playlist N<\/mark><\/a> \u201cOuverture de lumi\u00e8re blanche\u201d sont maintenant compl\u00e8tes avec entre autres nouveaux enregistrements :<br>\u2013 \u201cEmbraced in silence\u201d \u2013 si proche et pourtant si loin<br>\u2013 \u201cKnow what you know\u201d \u2013 tr\u00e8s et pas du tout sp\u00e9cial<br>\u2013 \u201cGently rotating fifth wheel\u201d \u2013 un appel pour la paix<\/p>\n\n\n\n<p class=\"has-text-color has-link-color wp-elements-e95a06ed1de44ead71b09c2792a08259\" style=\"color:#f7b320\"><a href=\"https:\/\/tonalibus.org\/fr\/sounds\/2024-sounds-and-images\/march-2024-sounds\/\"><mark style=\"background-color:rgba(0, 0, 0, 0);color:#f7b320\" class=\"has-inline-color\">Sons de mars 2024<\/mark><\/a> et <a href=\"https:\/\/tonalibus.org\/fr\/shop\/playlists\/playlist-o-p-q\/#o\"><mark style=\"background-color:rgba(0, 0, 0, 0);color:#f7b320\" class=\"has-inline-color\">playlist O<\/mark><\/a> \u201c\u00c9quilibre de vie et d'amour\u201d (qui fait partie de la nouvelle s\u00e9rie \u201cO, P &amp; Q\u201d) commencent maintenant par :<br>\u2013 \u201cInner and outer connecting point\u201d \u2013 fusion des cultures<\/p>\n<\/div><\/div>\n\n\n\n<figure class=\"wp-block-audio\"><audio controls src=\"https:\/\/tonalibus.org\/wp-content\/uploads\/2024\/02\/2024-02-24-BAIRAGI-BHAIRAV-REACHMIN-8G-TA.mp3\" preload=\"metadata\"><\/audio><figcaption class=\"wp-element-caption\"><mark style=\"background-color:rgba(0, 0, 0, 0);color:#f7b320\" class=\"has-inline-color\">\u201cInner and outer connecting point\u201d \u2013 fusion des cultures<em> <\/em>\u2014 <\/mark><a href=\"https:\/\/tonalibus.org\/fr\/tonalities\/reach-or-harmonic-heptatonalities\/reachmin-phryg-dominant\/\"><mark style=\"background-color:rgba(0, 0, 0, 0);color:#f7b320\" class=\"has-inline-color\">ReachMin \/ Phrygien dominant<\/mark><\/a><mark style=\"background-color:rgba(0, 0, 0, 0);color:#f7b320\" class=\"has-inline-color\"> avec une touche <\/mark><a href=\"https:\/\/en.wikipedia.org\/wiki\/Bairagi_(raga)\" target=\"_blank\" rel=\"noreferrer noopener\"><mark style=\"background-color:rgba(0, 0, 0, 0);color:#f7b320\" class=\"has-inline-color\">Bairagi Bhairav<\/mark><\/a><mark style=\"background-color:rgba(0, 0, 0, 0);color:#f7b320\" class=\"has-inline-color\">, sur Do# (138 Hz) \u2013 guitare \u00e0 8 cordes, tanpura \u2013 10:32 <\/mark><\/figcaption><\/figure>\n\n\n\n<h3 class=\"wp-block-heading has-text-color has-link-color wp-elements-9e9e701c5c5e5405acc6f77a43367536\" style=\"color:#f7b320\">Meilleurs v\u0153ux, avec l'amour du c\u0153ur !<\/h3>","protected":false},"excerpt":{"rendered":"<p>Cette mise \u00e0 jour Tonalibus de mars 2024 annonce deux nouveaux d\u00e9veloppements de Tonalibus, le sifflement du souffle (whistle breath) et le d\u00e9but de la corr\u00e9lation des tonalit\u00e9s du catalogue avec les ragas indiens. Elle \u00e9voque \u00e9galement deux concerts r\u00e9cents et offre une mise \u00e0 jour des sons et playlists. <\/p>","protected":false},"author":1,"featured_media":0,"comment_status":"closed","ping_status":"open","sticky":false,"template":"","format":"standard","meta":{"footnotes":""},"categories":[32,33,12,11,16],"tags":[],"class_list":["post-31663","post","type-post","status-publish","format-standard","hentry","category-2024-fidal","category-2024-tonal","category-fidibus","category-tonalibus","category-update"],"yoast_head":"<!-- This site is optimized with the Yoast SEO plugin v27.5 - https:\/\/yoast.com\/product\/yoast-seo-wordpress\/ -->\n<title>March 2024 Tonalibus update &#8211; TONALIBUS Harmony and Tonalities<\/title>\n<meta name=\"description\" content=\"This March 2024 Tonalibus update touches on whistle breath, the correlation of tonalities with ragas, recent concerts, sounds, and playlists.\" \/>\n<meta name=\"robots\" content=\"index, follow, max-snippet:-1, max-image-preview:large, max-video-preview:-1\" \/>\n<link rel=\"canonical\" href=\"https:\/\/tonalibus.org\/fr\/2024\/03\/07\/march-2024-tonalibus-update\/\" \/>\n<meta property=\"og:locale\" content=\"fr_FR\" \/>\n<meta property=\"og:type\" content=\"article\" \/>\n<meta property=\"og:title\" content=\"March 2024 Tonalibus update &#8211; TONALIBUS Harmony and Tonalities\" \/>\n<meta property=\"og:description\" content=\"This March 2024 Tonalibus update touches on whistle breath, the correlation of tonalities with ragas, recent concerts, sounds, and playlists.\" \/>\n<meta property=\"og:url\" content=\"https:\/\/tonalibus.org\/fr\/2024\/03\/07\/march-2024-tonalibus-update\/\" \/>\n<meta property=\"og:site_name\" content=\"TONALIBUS\" \/>\n<meta property=\"article:published_time\" content=\"2024-03-07T22:29:34+00:00\" \/>\n<meta property=\"article:modified_time\" content=\"2025-12-17T10:36:28+00:00\" \/>\n<meta property=\"og:image\" content=\"https:\/\/tonalibus.org\/wp-content\/uploads\/2021\/12\/fat-logo-square.jpg\" \/>\n\t<meta property=\"og:image:width\" content=\"720\" \/>\n\t<meta property=\"og:image:height\" content=\"720\" \/>\n\t<meta property=\"og:image:type\" content=\"image\/jpeg\" \/>\n<meta name=\"author\" content=\"Ulrico\" \/>\n<meta name=\"twitter:card\" content=\"summary_large_image\" \/>\n<meta name=\"twitter:label1\" content=\"\u00c9crit par\" \/>\n\t<meta name=\"twitter:data1\" content=\"Ulrico\" \/>\n\t<meta name=\"twitter:label2\" content=\"Dur\u00e9e de lecture estim\u00e9e\" \/>\n\t<meta name=\"twitter:data2\" content=\"3 minutes\" \/>\n<script type=\"application\/ld+json\" class=\"yoast-schema-graph\">{\"@context\":\"https:\\\/\\\/schema.org\",\"@graph\":[{\"@type\":\"Article\",\"@id\":\"https:\\\/\\\/tonalibus.org\\\/2024\\\/03\\\/07\\\/march-2024-tonalibus-update\\\/#article\",\"isPartOf\":{\"@id\":\"https:\\\/\\\/tonalibus.org\\\/2024\\\/03\\\/07\\\/march-2024-tonalibus-update\\\/\"},\"author\":{\"name\":\"Ulrico\",\"@id\":\"https:\\\/\\\/tonalibus.org\\\/de\\\/#\\\/schema\\\/person\\\/749261d7bc96d1f00127273f83ab96a4\"},\"headline\":\"March 2024 Tonalibus update\",\"datePublished\":\"2024-03-07T22:29:34+00:00\",\"dateModified\":\"2025-12-17T10:36:28+00:00\",\"mainEntityOfPage\":{\"@id\":\"https:\\\/\\\/tonalibus.org\\\/2024\\\/03\\\/07\\\/march-2024-tonalibus-update\\\/\"},\"wordCount\":416,\"publisher\":{\"@id\":\"https:\\\/\\\/tonalibus.org\\\/de\\\/#\\\/schema\\\/person\\\/749261d7bc96d1f00127273f83ab96a4\"},\"image\":{\"@id\":\"https:\\\/\\\/tonalibus.org\\\/2024\\\/03\\\/07\\\/march-2024-tonalibus-update\\\/#primaryimage\"},\"thumbnailUrl\":\"https:\\\/\\\/tonalibus.org\\\/wp-content\\\/uploads\\\/2021\\\/12\\\/fat-logo-square.jpg\",\"articleSection\":[\"2024 fidal\",\"2024 tonal\",\"Fidibus\",\"Tonalibus\",\"Update\"],\"inLanguage\":\"fr-FR\"},{\"@type\":\"WebPage\",\"@id\":\"https:\\\/\\\/tonalibus.org\\\/2024\\\/03\\\/07\\\/march-2024-tonalibus-update\\\/\",\"url\":\"https:\\\/\\\/tonalibus.org\\\/2024\\\/03\\\/07\\\/march-2024-tonalibus-update\\\/\",\"name\":\"March 2024 Tonalibus update &#8211; TONALIBUS Harmony and Tonalities\",\"isPartOf\":{\"@id\":\"https:\\\/\\\/tonalibus.org\\\/de\\\/#website\"},\"primaryImageOfPage\":{\"@id\":\"https:\\\/\\\/tonalibus.org\\\/2024\\\/03\\\/07\\\/march-2024-tonalibus-update\\\/#primaryimage\"},\"image\":{\"@id\":\"https:\\\/\\\/tonalibus.org\\\/2024\\\/03\\\/07\\\/march-2024-tonalibus-update\\\/#primaryimage\"},\"thumbnailUrl\":\"https:\\\/\\\/tonalibus.org\\\/wp-content\\\/uploads\\\/2021\\\/12\\\/fat-logo-square.jpg\",\"datePublished\":\"2024-03-07T22:29:34+00:00\",\"dateModified\":\"2025-12-17T10:36:28+00:00\",\"description\":\"This March 2024 Tonalibus update touches on whistle breath, the correlation of tonalities with ragas, recent concerts, sounds, and playlists.\",\"breadcrumb\":{\"@id\":\"https:\\\/\\\/tonalibus.org\\\/2024\\\/03\\\/07\\\/march-2024-tonalibus-update\\\/#breadcrumb\"},\"inLanguage\":\"fr-FR\",\"potentialAction\":[{\"@type\":\"ReadAction\",\"target\":[\"https:\\\/\\\/tonalibus.org\\\/2024\\\/03\\\/07\\\/march-2024-tonalibus-update\\\/\"]}]},{\"@type\":\"ImageObject\",\"inLanguage\":\"fr-FR\",\"@id\":\"https:\\\/\\\/tonalibus.org\\\/2024\\\/03\\\/07\\\/march-2024-tonalibus-update\\\/#primaryimage\",\"url\":\"https:\\\/\\\/tonalibus.org\\\/wp-content\\\/uploads\\\/2021\\\/12\\\/fat-logo-square.jpg\",\"contentUrl\":\"https:\\\/\\\/tonalibus.org\\\/wp-content\\\/uploads\\\/2021\\\/12\\\/fat-logo-square.jpg\"},{\"@type\":\"BreadcrumbList\",\"@id\":\"https:\\\/\\\/tonalibus.org\\\/2024\\\/03\\\/07\\\/march-2024-tonalibus-update\\\/#breadcrumb\",\"itemListElement\":[{\"@type\":\"ListItem\",\"position\":1,\"name\":\"Home\",\"item\":\"https:\\\/\\\/tonalibus.org\\\/\"},{\"@type\":\"ListItem\",\"position\":2,\"name\":\"March 2024 Tonalibus update\"}]},{\"@type\":\"WebSite\",\"@id\":\"https:\\\/\\\/tonalibus.org\\\/de\\\/#website\",\"url\":\"https:\\\/\\\/tonalibus.org\\\/de\\\/\",\"name\":\"TONALIBUS\",\"description\":\"Anchored Harmony and Tonalities\",\"publisher\":{\"@id\":\"https:\\\/\\\/tonalibus.org\\\/de\\\/#\\\/schema\\\/person\\\/749261d7bc96d1f00127273f83ab96a4\"},\"potentialAction\":[{\"@type\":\"SearchAction\",\"target\":{\"@type\":\"EntryPoint\",\"urlTemplate\":\"https:\\\/\\\/tonalibus.org\\\/de\\\/?s={search_term_string}\"},\"query-input\":{\"@type\":\"PropertyValueSpecification\",\"valueRequired\":true,\"valueName\":\"search_term_string\"}}],\"inLanguage\":\"fr-FR\"},{\"@type\":[\"Person\",\"Organization\"],\"@id\":\"https:\\\/\\\/tonalibus.org\\\/de\\\/#\\\/schema\\\/person\\\/749261d7bc96d1f00127273f83ab96a4\",\"name\":\"Ulrico\",\"image\":{\"@type\":\"ImageObject\",\"inLanguage\":\"fr-FR\",\"@id\":\"https:\\\/\\\/tonalibus.org\\\/wp-content\\\/uploads\\\/2020\\\/06\\\/uli-pix.jpg\",\"url\":\"https:\\\/\\\/tonalibus.org\\\/wp-content\\\/uploads\\\/2020\\\/06\\\/uli-pix.jpg\",\"contentUrl\":\"https:\\\/\\\/tonalibus.org\\\/wp-content\\\/uploads\\\/2020\\\/06\\\/uli-pix.jpg\",\"width\":960,\"height\":720,\"caption\":\"Ulrico\"},\"logo\":{\"@id\":\"https:\\\/\\\/tonalibus.org\\\/wp-content\\\/uploads\\\/2020\\\/06\\\/uli-pix.jpg\"},\"sameAs\":[\"https:\\\/\\\/tonalibus.cyon.site\"]}]}<\/script>\n<!-- \/ Yoast SEO plugin. -->","yoast_head_json":{"title":"Mars 2024 Mise \u00e0 jour du Tonalibus - TONALIBUS Harmonie et tonalit\u00e9s","description":"Cette mise \u00e0 jour du Tonalibus de mars 2024 aborde le souffle du sifflet, la corr\u00e9lation des tonalit\u00e9s avec les ragas, les concerts r\u00e9cents, les sons et les listes de lecture.","robots":{"index":"index","follow":"follow","max-snippet":"max-snippet:-1","max-image-preview":"max-image-preview:large","max-video-preview":"max-video-preview:-1"},"canonical":"https:\/\/tonalibus.org\/fr\/2024\/03\/07\/march-2024-tonalibus-update\/","og_locale":"fr_FR","og_type":"article","og_title":"March 2024 Tonalibus update &#8211; TONALIBUS Harmony and Tonalities","og_description":"This March 2024 Tonalibus update touches on whistle breath, the correlation of tonalities with ragas, recent concerts, sounds, and playlists.","og_url":"https:\/\/tonalibus.org\/fr\/2024\/03\/07\/march-2024-tonalibus-update\/","og_site_name":"TONALIBUS","article_published_time":"2024-03-07T22:29:34+00:00","article_modified_time":"2025-12-17T10:36:28+00:00","og_image":[{"width":720,"height":720,"url":"https:\/\/tonalibus.org\/wp-content\/uploads\/2021\/12\/fat-logo-square.jpg","type":"image\/jpeg"}],"author":"Ulrico","twitter_card":"summary_large_image","twitter_misc":{"\u00c9crit par":"Ulrico","Dur\u00e9e de lecture estim\u00e9e":"3 minutes"},"schema":{"@context":"https:\/\/schema.org","@graph":[{"@type":"Article","@id":"https:\/\/tonalibus.org\/2024\/03\/07\/march-2024-tonalibus-update\/#article","isPartOf":{"@id":"https:\/\/tonalibus.org\/2024\/03\/07\/march-2024-tonalibus-update\/"},"author":{"name":"Ulrico","@id":"https:\/\/tonalibus.org\/de\/#\/schema\/person\/749261d7bc96d1f00127273f83ab96a4"},"headline":"March 2024 Tonalibus update","datePublished":"2024-03-07T22:29:34+00:00","dateModified":"2025-12-17T10:36:28+00:00","mainEntityOfPage":{"@id":"https:\/\/tonalibus.org\/2024\/03\/07\/march-2024-tonalibus-update\/"},"wordCount":416,"publisher":{"@id":"https:\/\/tonalibus.org\/de\/#\/schema\/person\/749261d7bc96d1f00127273f83ab96a4"},"image":{"@id":"https:\/\/tonalibus.org\/2024\/03\/07\/march-2024-tonalibus-update\/#primaryimage"},"thumbnailUrl":"https:\/\/tonalibus.org\/wp-content\/uploads\/2021\/12\/fat-logo-square.jpg","articleSection":["2024 fidal","2024 tonal","Fidibus","Tonalibus","Update"],"inLanguage":"fr-FR"},{"@type":"WebPage","@id":"https:\/\/tonalibus.org\/2024\/03\/07\/march-2024-tonalibus-update\/","url":"https:\/\/tonalibus.org\/2024\/03\/07\/march-2024-tonalibus-update\/","name":"Mars 2024 Mise \u00e0 jour du Tonalibus - TONALIBUS Harmonie et tonalit\u00e9s","isPartOf":{"@id":"https:\/\/tonalibus.org\/de\/#website"},"primaryImageOfPage":{"@id":"https:\/\/tonalibus.org\/2024\/03\/07\/march-2024-tonalibus-update\/#primaryimage"},"image":{"@id":"https:\/\/tonalibus.org\/2024\/03\/07\/march-2024-tonalibus-update\/#primaryimage"},"thumbnailUrl":"https:\/\/tonalibus.org\/wp-content\/uploads\/2021\/12\/fat-logo-square.jpg","datePublished":"2024-03-07T22:29:34+00:00","dateModified":"2025-12-17T10:36:28+00:00","description":"Cette mise \u00e0 jour du Tonalibus de mars 2024 aborde le souffle du sifflet, la corr\u00e9lation des tonalit\u00e9s avec les ragas, les concerts r\u00e9cents, les sons et les listes de lecture.","breadcrumb":{"@id":"https:\/\/tonalibus.org\/2024\/03\/07\/march-2024-tonalibus-update\/#breadcrumb"},"inLanguage":"fr-FR","potentialAction":[{"@type":"ReadAction","target":["https:\/\/tonalibus.org\/2024\/03\/07\/march-2024-tonalibus-update\/"]}]},{"@type":"ImageObject","inLanguage":"fr-FR","@id":"https:\/\/tonalibus.org\/2024\/03\/07\/march-2024-tonalibus-update\/#primaryimage","url":"https:\/\/tonalibus.org\/wp-content\/uploads\/2021\/12\/fat-logo-square.jpg","contentUrl":"https:\/\/tonalibus.org\/wp-content\/uploads\/2021\/12\/fat-logo-square.jpg"},{"@type":"BreadcrumbList","@id":"https:\/\/tonalibus.org\/2024\/03\/07\/march-2024-tonalibus-update\/#breadcrumb","itemListElement":[{"@type":"ListItem","position":1,"name":"Home","item":"https:\/\/tonalibus.org\/"},{"@type":"ListItem","position":2,"name":"March 2024 Tonalibus update"}]},{"@type":"WebSite","@id":"https:\/\/tonalibus.org\/de\/#website","url":"https:\/\/tonalibus.org\/de\/","name":"TONALIBUS","description":"Harmonie et tonalit\u00e9s ancr\u00e9es","publisher":{"@id":"https:\/\/tonalibus.org\/de\/#\/schema\/person\/749261d7bc96d1f00127273f83ab96a4"},"potentialAction":[{"@type":"SearchAction","target":{"@type":"EntryPoint","urlTemplate":"https:\/\/tonalibus.org\/de\/?s={search_term_string}"},"query-input":{"@type":"PropertyValueSpecification","valueRequired":true,"valueName":"search_term_string"}}],"inLanguage":"fr-FR"},{"@type":["Person","Organization"],"@id":"https:\/\/tonalibus.org\/de\/#\/schema\/person\/749261d7bc96d1f00127273f83ab96a4","name":"Ulrico","image":{"@type":"ImageObject","inLanguage":"fr-FR","@id":"https:\/\/tonalibus.org\/wp-content\/uploads\/2020\/06\/uli-pix.jpg","url":"https:\/\/tonalibus.org\/wp-content\/uploads\/2020\/06\/uli-pix.jpg","contentUrl":"https:\/\/tonalibus.org\/wp-content\/uploads\/2020\/06\/uli-pix.jpg","width":960,"height":720,"caption":"Ulrico"},"logo":{"@id":"https:\/\/tonalibus.org\/wp-content\/uploads\/2020\/06\/uli-pix.jpg"},"sameAs":["https:\/\/tonalibus.cyon.site"]}]}},"_links":{"self":[{"href":"https:\/\/tonalibus.org\/fr\/wp-json\/wp\/v2\/posts\/31663","targetHints":{"allow":["GET"]}}],"collection":[{"href":"https:\/\/tonalibus.org\/fr\/wp-json\/wp\/v2\/posts"}],"about":[{"href":"https:\/\/tonalibus.org\/fr\/wp-json\/wp\/v2\/types\/post"}],"author":[{"embeddable":true,"href":"https:\/\/tonalibus.org\/fr\/wp-json\/wp\/v2\/users\/1"}],"replies":[{"embeddable":true,"href":"https:\/\/tonalibus.org\/fr\/wp-json\/wp\/v2\/comments?post=31663"}],"version-history":[{"count":1,"href":"https:\/\/tonalibus.org\/fr\/wp-json\/wp\/v2\/posts\/31663\/revisions"}],"predecessor-version":[{"id":38060,"href":"https:\/\/tonalibus.org\/fr\/wp-json\/wp\/v2\/posts\/31663\/revisions\/38060"}],"wp:attachment":[{"href":"https:\/\/tonalibus.org\/fr\/wp-json\/wp\/v2\/media?parent=31663"}],"wp:term":[{"taxonomy":"category","embeddable":true,"href":"https:\/\/tonalibus.org\/fr\/wp-json\/wp\/v2\/categories?post=31663"},{"taxonomy":"post_tag","embeddable":true,"href":"https:\/\/tonalibus.org\/fr\/wp-json\/wp\/v2\/tags?post=31663"}],"curies":[{"name":"wp","href":"https:\/\/api.w.org\/{rel}","templated":true}]}}