{"id":33888,"date":"2024-09-04T20:23:36","date_gmt":"2024-09-04T18:23:36","guid":{"rendered":"https:\/\/tonalibus.org\/?p=33888"},"modified":"2025-03-08T22:28:58","modified_gmt":"2025-03-08T21:28:58","slug":"tonalibus-l-m-n-the-album","status":"publish","type":"post","link":"https:\/\/tonalibus.org\/fr\/2024\/09\/04\/tonalibus-l-m-n-the-album\/","title":{"rendered":"Tonalibus L, M &amp; N \u2013 l'album"},"content":{"rendered":"<h2 class=\"wp-block-heading has-text-color has-link-color wp-elements-37b9281e1e3a1b7558c89ad80524437b\" style=\"color:#f7b320\"><em>ANNONCE PR\u00c9ALABLE<\/em> <\/h2>\n\n\n\n<p class=\"has-text-color has-link-color wp-elements-e24be17c49ccf855b7fe6d1f2791d8d8\" style=\"color:#f7b320\">Le nouvel album \u201cTonalibus L, M &amp; N\u201d para\u00eet le 5 octobre 2024 sur de nombreuses plateformes musicales \u2013 sur <a href=\"https:\/\/open.spotify.com\/artist\/3JiD2vdPrQKW5cQ1kzVUfR\" target=\"_blank\" rel=\"noreferrer noopener\"><mark style=\"background-color:rgba(0, 0, 0, 0);color:#f7b320\" class=\"has-inline-color\">Spotify<\/mark><\/a><mark style=\"background-color:rgba(0, 0, 0, 0);color:#f7b320\" class=\"has-inline-color\">, <\/mark><a href=\"https:\/\/www.boomplay.com\/search\/album\/ulrico\" target=\"_blank\" rel=\"noreferrer noopener\"><mark style=\"background-color:rgba(0, 0, 0, 0);color:#f7b320\" class=\"has-inline-color\">Boomplay<\/mark><\/a><mark style=\"background-color:rgba(0, 0, 0, 0);color:#f7b320\" class=\"has-inline-color\"><mark style=\"background-color:rgba(0, 0, 0, 0);color:#f7b320\" class=\"has-inline-color\">, <\/mark><\/mark><a href=\"https:\/\/music.youtube.com\/channel\/UCihsJzyNwheaIF6_KHl7iPg\" target=\"_blank\" rel=\"noreferrer noopener\"><mark style=\"background-color:rgba(0, 0, 0, 0);color:#f7b320\" class=\"has-inline-color\">YouTube Music<\/mark><\/a><mark style=\"background-color:rgba(0, 0, 0, 0);color:#f7b320\" class=\"has-inline-color\">,<\/mark> <a href=\"https:\/\/music.apple.com\/us\/artist\/ulrico\/1572759764\" target=\"_blank\" rel=\"noreferrer noopener\"><mark style=\"background-color:rgba(0, 0, 0, 0);color:#f7b320\" class=\"has-inline-color\">Apple Music<\/mark><\/a><mark style=\"background-color:rgba(0, 0, 0, 0);color:#f7b320\" class=\"has-inline-color\">, <\/mark><a href=\"https:\/\/www.deezer.com\/en\/artist\/136505382\" target=\"_blank\" rel=\"noreferrer noopener\"><mark style=\"background-color:rgba(0, 0, 0, 0);color:#f7b320\" class=\"has-inline-color\">Deezer<\/mark><\/a><mark style=\"background-color:rgba(0, 0, 0, 0);color:#f7b320\" class=\"has-inline-color\">, <\/mark><a href=\"https:\/\/www.amazon.com\/music\/player\/artists\/B097D6BL1S\/ulrico\" target=\"_blank\" rel=\"noreferrer noopener\"><mark style=\"background-color:rgba(0, 0, 0, 0);color:#f7b320\" class=\"has-inline-color\">Amazon Music<\/mark><\/a><mark style=\"background-color:rgba(0, 0, 0, 0);color:#f7b320\" class=\"has-inline-color\">, <\/mark>et plus.<\/p>\n\n\n\n<p class=\"has-text-color has-link-color wp-elements-e1d94054865f39c81b54197d258e2597\" style=\"color:#f7b320\">Cet album pr\u00e9sente 27 improvisations m\u00e9ditatives de <a href=\"https:\/\/tonalibus.org\/fr\/about-tonalibus\/ulrico\/\"><mark style=\"background-color:rgba(0, 0, 0, 0);color:#f7b320\" class=\"has-inline-color\">Ulrico<\/mark><\/a> en 3\u00bd heures de musique inspirante, parfois teint\u00e9e de blues. Six de ces enregistrements sont le fruit d'une coop\u00e9ration spontan\u00e9e avec des amis. Deux avec Punnu Wasu (voix et mandoline), trois avec Christina Braun (voix et violon) et un avec Karin Gs\u00f6llpointner (voix).<em> <\/em>Les enregistrements de cet album ont eu lieu entre septembre 2023 et f\u00e9vrier 2024.<\/p>\n\n\n\n<p class=\"has-text-color has-link-color wp-elements-d3f493e906e4455c85330ed5933a080e\" style=\"color:#f7b320\">Vous en trouverez des informations d\u00e9taill\u00e9es sous <em><a href=\"https:\/\/tonalibus.org\/fr\/shop\/tonalibus-l-m-n-album\/\"><mark style=\"background-color:rgba(0, 0, 0, 0);color:#f7b320\" class=\"has-inline-color\">Tonalibus L, M &amp; N \u2013 album<\/mark><\/a><\/em> dans le shop Fidibus.<\/p>\n\n\n\n<div style=\"height:30px\" aria-hidden=\"true\" class=\"wp-block-spacer\"><\/div>\n\n\n<div class=\"wp-block-image\">\n<figure class=\"aligncenter size-large is-resized\"><img loading=\"lazy\" decoding=\"async\" width=\"1024\" height=\"1024\" src=\"https:\/\/tonalibus.org\/wp-content\/uploads\/2023\/09\/20230402_052109675_iOS-xcsq3kcmpx-1024x1024.jpg\" alt=\"Tonalibus L, M &amp; N \u2013 the album\" class=\"wp-image-27844\" style=\"width:416px;height:auto\" srcset=\"https:\/\/tonalibus.org\/wp-content\/uploads\/2023\/09\/20230402_052109675_iOS-xcsq3kcmpx-1024x1024.jpg 1024w, https:\/\/tonalibus.org\/wp-content\/uploads\/2023\/09\/20230402_052109675_iOS-xcsq3kcmpx-300x300.jpg 300w, https:\/\/tonalibus.org\/wp-content\/uploads\/2023\/09\/20230402_052109675_iOS-xcsq3kcmpx-150x150.jpg 150w, https:\/\/tonalibus.org\/wp-content\/uploads\/2023\/09\/20230402_052109675_iOS-xcsq3kcmpx-768x768.jpg 768w, https:\/\/tonalibus.org\/wp-content\/uploads\/2023\/09\/20230402_052109675_iOS-xcsq3kcmpx-1536x1536.jpg 1536w, https:\/\/tonalibus.org\/wp-content\/uploads\/2023\/09\/20230402_052109675_iOS-xcsq3kcmpx-2048x2048.jpg 2048w, https:\/\/tonalibus.org\/wp-content\/uploads\/2023\/09\/20230402_052109675_iOS-xcsq3kcmpx-12x12.jpg 12w, https:\/\/tonalibus.org\/wp-content\/uploads\/2023\/09\/20230402_052109675_iOS-xcsq3kcmpx-100x100.jpg 100w, https:\/\/tonalibus.org\/wp-content\/uploads\/2023\/09\/20230402_052109675_iOS-xcsq3kcmpx-1320x1320.jpg 1320w, https:\/\/tonalibus.org\/wp-content\/uploads\/2023\/09\/20230402_052109675_iOS-xcsq3kcmpx-560x560.jpg 560w\" sizes=\"auto, (max-width: 706px) 89vw, (max-width: 767px) 82vw, 740px\" \/><figcaption class=\"wp-element-caption\">Ouverture de lumi\u00e8re blanche<em> \u2014 <\/em>Fais la paix avec la libert\u00e9<em> \u2014 <\/em>Parmi soleils, lunes &amp; \u00e9toiles<\/figcaption><\/figure>\n<\/div>","protected":false},"excerpt":{"rendered":"<p>ANNONCE PR\u00c9ALABLE : Le nouvel album \u201cTonalibus L, M &amp; N\u201d para\u00eet le 5 octobre 2024 sur de nombreuses plateformes musicales \u2013 sur Spotify, Boomplay, YouTube Music, Apple Music, Deezer, Amazon Music, et plus. Cet album pr\u00e9sente 27 improvisations m\u00e9ditatives de Ulrico en 3\u00bd heures de musique entra\u00eenante, parfois teint\u00e9e de blues...<\/p>","protected":false},"author":1,"featured_media":0,"comment_status":"closed","ping_status":"open","sticky":false,"template":"","format":"standard","meta":{"footnotes":""},"categories":[32,33,12,11],"tags":[],"class_list":["post-33888","post","type-post","status-publish","format-standard","hentry","category-2024-fidal","category-2024-tonal","category-fidibus","category-tonalibus"],"yoast_head":"<!-- This site is optimized with the Yoast SEO plugin v27.5 - https:\/\/yoast.com\/product\/yoast-seo-wordpress\/ -->\n<title>Tonalibus L, M &amp; N \u2013 the album &#8211; TONALIBUS Harmony<\/title>\n<meta name=\"description\" content=\"The album &quot;Tonalibus L, M &amp; N&quot; appears globally on October 5, 2024, on Spotify, YouTube, Apple, Deezer, Amazon, and many more...\" \/>\n<meta name=\"robots\" content=\"index, follow, max-snippet:-1, max-image-preview:large, max-video-preview:-1\" \/>\n<link rel=\"canonical\" href=\"https:\/\/tonalibus.org\/fr\/2024\/09\/04\/tonalibus-l-m-n-the-album\/\" \/>\n<meta property=\"og:locale\" content=\"fr_FR\" \/>\n<meta property=\"og:type\" content=\"article\" \/>\n<meta property=\"og:title\" content=\"Tonalibus L, M &amp; N \u2013 the album &#8211; TONALIBUS Harmony\" \/>\n<meta property=\"og:description\" content=\"The album &quot;Tonalibus L, M &amp; N&quot; appears globally on October 5, 2024, on Spotify, YouTube, Apple, Deezer, Amazon, and many more...\" \/>\n<meta property=\"og:url\" content=\"https:\/\/tonalibus.org\/fr\/2024\/09\/04\/tonalibus-l-m-n-the-album\/\" \/>\n<meta property=\"og:site_name\" content=\"TONALIBUS\" \/>\n<meta property=\"article:published_time\" content=\"2024-09-04T18:23:36+00:00\" \/>\n<meta property=\"article:modified_time\" content=\"2025-03-08T21:28:58+00:00\" \/>\n<meta property=\"og:image\" content=\"https:\/\/tonalibus.org\/wp-content\/uploads\/2023\/09\/20230402_052109675_iOS-xcsq3kcmpx-1024x1024.jpg\" \/>\n<meta name=\"author\" content=\"Ulrico\" \/>\n<meta name=\"twitter:card\" content=\"summary_large_image\" \/>\n<meta name=\"twitter:label1\" content=\"\u00c9crit par\" \/>\n\t<meta name=\"twitter:data1\" content=\"Ulrico\" \/>\n\t<meta name=\"twitter:label2\" content=\"Dur\u00e9e de lecture estim\u00e9e\" \/>\n\t<meta name=\"twitter:data2\" content=\"1 minute\" \/>\n<script type=\"application\/ld+json\" class=\"yoast-schema-graph\">{\"@context\":\"https:\\\/\\\/schema.org\",\"@graph\":[{\"@type\":\"Article\",\"@id\":\"https:\\\/\\\/tonalibus.org\\\/fr\\\/2024\\\/09\\\/04\\\/tonalibus-l-m-n-the-album\\\/#article\",\"isPartOf\":{\"@id\":\"https:\\\/\\\/tonalibus.org\\\/fr\\\/2024\\\/09\\\/04\\\/tonalibus-l-m-n-the-album\\\/\"},\"author\":{\"name\":\"Ulrico\",\"@id\":\"https:\\\/\\\/tonalibus.org\\\/de\\\/#\\\/schema\\\/person\\\/749261d7bc96d1f00127273f83ab96a4\"},\"headline\":\"Tonalibus L, M &amp; N \u2013 the album\",\"datePublished\":\"2024-09-04T18:23:36+00:00\",\"dateModified\":\"2025-03-08T21:28:58+00:00\",\"mainEntityOfPage\":{\"@id\":\"https:\\\/\\\/tonalibus.org\\\/fr\\\/2024\\\/09\\\/04\\\/tonalibus-l-m-n-the-album\\\/\"},\"wordCount\":127,\"publisher\":{\"@id\":\"https:\\\/\\\/tonalibus.org\\\/de\\\/#\\\/schema\\\/person\\\/749261d7bc96d1f00127273f83ab96a4\"},\"image\":{\"@id\":\"https:\\\/\\\/tonalibus.org\\\/fr\\\/2024\\\/09\\\/04\\\/tonalibus-l-m-n-the-album\\\/#primaryimage\"},\"thumbnailUrl\":\"https:\\\/\\\/tonalibus.org\\\/wp-content\\\/uploads\\\/2023\\\/09\\\/20230402_052109675_iOS-xcsq3kcmpx-1024x1024.jpg\",\"articleSection\":[\"2024 fidal\",\"2024 tonal\",\"Fidibus\",\"Tonalibus\"],\"inLanguage\":\"fr-FR\"},{\"@type\":\"WebPage\",\"@id\":\"https:\\\/\\\/tonalibus.org\\\/fr\\\/2024\\\/09\\\/04\\\/tonalibus-l-m-n-the-album\\\/\",\"url\":\"https:\\\/\\\/tonalibus.org\\\/fr\\\/2024\\\/09\\\/04\\\/tonalibus-l-m-n-the-album\\\/\",\"name\":\"Tonalibus L, M &amp; N \u2013 the album &#8211; TONALIBUS Harmony\",\"isPartOf\":{\"@id\":\"https:\\\/\\\/tonalibus.org\\\/de\\\/#website\"},\"primaryImageOfPage\":{\"@id\":\"https:\\\/\\\/tonalibus.org\\\/fr\\\/2024\\\/09\\\/04\\\/tonalibus-l-m-n-the-album\\\/#primaryimage\"},\"image\":{\"@id\":\"https:\\\/\\\/tonalibus.org\\\/fr\\\/2024\\\/09\\\/04\\\/tonalibus-l-m-n-the-album\\\/#primaryimage\"},\"thumbnailUrl\":\"https:\\\/\\\/tonalibus.org\\\/wp-content\\\/uploads\\\/2023\\\/09\\\/20230402_052109675_iOS-xcsq3kcmpx-1024x1024.jpg\",\"datePublished\":\"2024-09-04T18:23:36+00:00\",\"dateModified\":\"2025-03-08T21:28:58+00:00\",\"description\":\"The album \\\"Tonalibus L, M & N\\\" appears globally on October 5, 2024, on Spotify, YouTube, Apple, Deezer, Amazon, and many more...\",\"breadcrumb\":{\"@id\":\"https:\\\/\\\/tonalibus.org\\\/fr\\\/2024\\\/09\\\/04\\\/tonalibus-l-m-n-the-album\\\/#breadcrumb\"},\"inLanguage\":\"fr-FR\",\"potentialAction\":[{\"@type\":\"ReadAction\",\"target\":[\"https:\\\/\\\/tonalibus.org\\\/fr\\\/2024\\\/09\\\/04\\\/tonalibus-l-m-n-the-album\\\/\"]}]},{\"@type\":\"ImageObject\",\"inLanguage\":\"fr-FR\",\"@id\":\"https:\\\/\\\/tonalibus.org\\\/fr\\\/2024\\\/09\\\/04\\\/tonalibus-l-m-n-the-album\\\/#primaryimage\",\"url\":\"https:\\\/\\\/tonalibus.org\\\/wp-content\\\/uploads\\\/2023\\\/09\\\/20230402_052109675_iOS-xcsq3kcmpx-1024x1024.jpg\",\"contentUrl\":\"https:\\\/\\\/tonalibus.org\\\/wp-content\\\/uploads\\\/2023\\\/09\\\/20230402_052109675_iOS-xcsq3kcmpx-1024x1024.jpg\"},{\"@type\":\"BreadcrumbList\",\"@id\":\"https:\\\/\\\/tonalibus.org\\\/fr\\\/2024\\\/09\\\/04\\\/tonalibus-l-m-n-the-album\\\/#breadcrumb\",\"itemListElement\":[{\"@type\":\"ListItem\",\"position\":1,\"name\":\"Home\",\"item\":\"https:\\\/\\\/tonalibus.org\\\/\"},{\"@type\":\"ListItem\",\"position\":2,\"name\":\"Tonalibus L, M &amp; N \u2013 the album\"}]},{\"@type\":\"WebSite\",\"@id\":\"https:\\\/\\\/tonalibus.org\\\/de\\\/#website\",\"url\":\"https:\\\/\\\/tonalibus.org\\\/de\\\/\",\"name\":\"TONALIBUS\",\"description\":\"Anchored Harmony and Tonalities\",\"publisher\":{\"@id\":\"https:\\\/\\\/tonalibus.org\\\/de\\\/#\\\/schema\\\/person\\\/749261d7bc96d1f00127273f83ab96a4\"},\"potentialAction\":[{\"@type\":\"SearchAction\",\"target\":{\"@type\":\"EntryPoint\",\"urlTemplate\":\"https:\\\/\\\/tonalibus.org\\\/de\\\/?s={search_term_string}\"},\"query-input\":{\"@type\":\"PropertyValueSpecification\",\"valueRequired\":true,\"valueName\":\"search_term_string\"}}],\"inLanguage\":\"fr-FR\"},{\"@type\":[\"Person\",\"Organization\"],\"@id\":\"https:\\\/\\\/tonalibus.org\\\/de\\\/#\\\/schema\\\/person\\\/749261d7bc96d1f00127273f83ab96a4\",\"name\":\"Ulrico\",\"image\":{\"@type\":\"ImageObject\",\"inLanguage\":\"fr-FR\",\"@id\":\"https:\\\/\\\/tonalibus.org\\\/wp-content\\\/uploads\\\/2020\\\/06\\\/uli-pix.jpg\",\"url\":\"https:\\\/\\\/tonalibus.org\\\/wp-content\\\/uploads\\\/2020\\\/06\\\/uli-pix.jpg\",\"contentUrl\":\"https:\\\/\\\/tonalibus.org\\\/wp-content\\\/uploads\\\/2020\\\/06\\\/uli-pix.jpg\",\"width\":960,\"height\":720,\"caption\":\"Ulrico\"},\"logo\":{\"@id\":\"https:\\\/\\\/tonalibus.org\\\/wp-content\\\/uploads\\\/2020\\\/06\\\/uli-pix.jpg\"},\"sameAs\":[\"https:\\\/\\\/tonalibus.cyon.site\"]}]}<\/script>\n<!-- \/ Yoast SEO plugin. -->","yoast_head_json":{"title":"Tonalibus L, M &amp; N - l'album - TONALIBUS Harmony","description":"L'album \"Tonalibus L, M &amp; N\" para\u00eet le 5 octobre 2024 sur Spotify, YouTube, Apple, Deezer, Amazon, et bien d'autres...","robots":{"index":"index","follow":"follow","max-snippet":"max-snippet:-1","max-image-preview":"max-image-preview:large","max-video-preview":"max-video-preview:-1"},"canonical":"https:\/\/tonalibus.org\/fr\/2024\/09\/04\/tonalibus-l-m-n-the-album\/","og_locale":"fr_FR","og_type":"article","og_title":"Tonalibus L, M &amp; N \u2013 the album &#8211; TONALIBUS Harmony","og_description":"The album \"Tonalibus L, M & N\" appears globally on October 5, 2024, on Spotify, YouTube, Apple, Deezer, Amazon, and many more...","og_url":"https:\/\/tonalibus.org\/fr\/2024\/09\/04\/tonalibus-l-m-n-the-album\/","og_site_name":"TONALIBUS","article_published_time":"2024-09-04T18:23:36+00:00","article_modified_time":"2025-03-08T21:28:58+00:00","og_image":[{"url":"https:\/\/tonalibus.org\/wp-content\/uploads\/2023\/09\/20230402_052109675_iOS-xcsq3kcmpx-1024x1024.jpg","type":"","width":"","height":""}],"author":"Ulrico","twitter_card":"summary_large_image","twitter_misc":{"\u00c9crit par":"Ulrico","Dur\u00e9e de lecture estim\u00e9e":"1 minute"},"schema":{"@context":"https:\/\/schema.org","@graph":[{"@type":"Article","@id":"https:\/\/tonalibus.org\/fr\/2024\/09\/04\/tonalibus-l-m-n-the-album\/#article","isPartOf":{"@id":"https:\/\/tonalibus.org\/fr\/2024\/09\/04\/tonalibus-l-m-n-the-album\/"},"author":{"name":"Ulrico","@id":"https:\/\/tonalibus.org\/de\/#\/schema\/person\/749261d7bc96d1f00127273f83ab96a4"},"headline":"Tonalibus L, M &amp; N \u2013 the album","datePublished":"2024-09-04T18:23:36+00:00","dateModified":"2025-03-08T21:28:58+00:00","mainEntityOfPage":{"@id":"https:\/\/tonalibus.org\/fr\/2024\/09\/04\/tonalibus-l-m-n-the-album\/"},"wordCount":127,"publisher":{"@id":"https:\/\/tonalibus.org\/de\/#\/schema\/person\/749261d7bc96d1f00127273f83ab96a4"},"image":{"@id":"https:\/\/tonalibus.org\/fr\/2024\/09\/04\/tonalibus-l-m-n-the-album\/#primaryimage"},"thumbnailUrl":"https:\/\/tonalibus.org\/wp-content\/uploads\/2023\/09\/20230402_052109675_iOS-xcsq3kcmpx-1024x1024.jpg","articleSection":["2024 fidal","2024 tonal","Fidibus","Tonalibus"],"inLanguage":"fr-FR"},{"@type":"WebPage","@id":"https:\/\/tonalibus.org\/fr\/2024\/09\/04\/tonalibus-l-m-n-the-album\/","url":"https:\/\/tonalibus.org\/fr\/2024\/09\/04\/tonalibus-l-m-n-the-album\/","name":"Tonalibus L, M &amp; N - l'album - TONALIBUS Harmony","isPartOf":{"@id":"https:\/\/tonalibus.org\/de\/#website"},"primaryImageOfPage":{"@id":"https:\/\/tonalibus.org\/fr\/2024\/09\/04\/tonalibus-l-m-n-the-album\/#primaryimage"},"image":{"@id":"https:\/\/tonalibus.org\/fr\/2024\/09\/04\/tonalibus-l-m-n-the-album\/#primaryimage"},"thumbnailUrl":"https:\/\/tonalibus.org\/wp-content\/uploads\/2023\/09\/20230402_052109675_iOS-xcsq3kcmpx-1024x1024.jpg","datePublished":"2024-09-04T18:23:36+00:00","dateModified":"2025-03-08T21:28:58+00:00","description":"L'album \"Tonalibus L, M &amp; N\" para\u00eet le 5 octobre 2024 sur Spotify, YouTube, Apple, Deezer, Amazon, et bien d'autres...","breadcrumb":{"@id":"https:\/\/tonalibus.org\/fr\/2024\/09\/04\/tonalibus-l-m-n-the-album\/#breadcrumb"},"inLanguage":"fr-FR","potentialAction":[{"@type":"ReadAction","target":["https:\/\/tonalibus.org\/fr\/2024\/09\/04\/tonalibus-l-m-n-the-album\/"]}]},{"@type":"ImageObject","inLanguage":"fr-FR","@id":"https:\/\/tonalibus.org\/fr\/2024\/09\/04\/tonalibus-l-m-n-the-album\/#primaryimage","url":"https:\/\/tonalibus.org\/wp-content\/uploads\/2023\/09\/20230402_052109675_iOS-xcsq3kcmpx-1024x1024.jpg","contentUrl":"https:\/\/tonalibus.org\/wp-content\/uploads\/2023\/09\/20230402_052109675_iOS-xcsq3kcmpx-1024x1024.jpg"},{"@type":"BreadcrumbList","@id":"https:\/\/tonalibus.org\/fr\/2024\/09\/04\/tonalibus-l-m-n-the-album\/#breadcrumb","itemListElement":[{"@type":"ListItem","position":1,"name":"Home","item":"https:\/\/tonalibus.org\/"},{"@type":"ListItem","position":2,"name":"Tonalibus L, M &amp; N \u2013 the album"}]},{"@type":"WebSite","@id":"https:\/\/tonalibus.org\/de\/#website","url":"https:\/\/tonalibus.org\/de\/","name":"TONALIBUS","description":"Harmonie et tonalit\u00e9s ancr\u00e9es","publisher":{"@id":"https:\/\/tonalibus.org\/de\/#\/schema\/person\/749261d7bc96d1f00127273f83ab96a4"},"potentialAction":[{"@type":"SearchAction","target":{"@type":"EntryPoint","urlTemplate":"https:\/\/tonalibus.org\/de\/?s={search_term_string}"},"query-input":{"@type":"PropertyValueSpecification","valueRequired":true,"valueName":"search_term_string"}}],"inLanguage":"fr-FR"},{"@type":["Person","Organization"],"@id":"https:\/\/tonalibus.org\/de\/#\/schema\/person\/749261d7bc96d1f00127273f83ab96a4","name":"Ulrico","image":{"@type":"ImageObject","inLanguage":"fr-FR","@id":"https:\/\/tonalibus.org\/wp-content\/uploads\/2020\/06\/uli-pix.jpg","url":"https:\/\/tonalibus.org\/wp-content\/uploads\/2020\/06\/uli-pix.jpg","contentUrl":"https:\/\/tonalibus.org\/wp-content\/uploads\/2020\/06\/uli-pix.jpg","width":960,"height":720,"caption":"Ulrico"},"logo":{"@id":"https:\/\/tonalibus.org\/wp-content\/uploads\/2020\/06\/uli-pix.jpg"},"sameAs":["https:\/\/tonalibus.cyon.site"]}]}},"_links":{"self":[{"href":"https:\/\/tonalibus.org\/fr\/wp-json\/wp\/v2\/posts\/33888","targetHints":{"allow":["GET"]}}],"collection":[{"href":"https:\/\/tonalibus.org\/fr\/wp-json\/wp\/v2\/posts"}],"about":[{"href":"https:\/\/tonalibus.org\/fr\/wp-json\/wp\/v2\/types\/post"}],"author":[{"embeddable":true,"href":"https:\/\/tonalibus.org\/fr\/wp-json\/wp\/v2\/users\/1"}],"replies":[{"embeddable":true,"href":"https:\/\/tonalibus.org\/fr\/wp-json\/wp\/v2\/comments?post=33888"}],"version-history":[{"count":0,"href":"https:\/\/tonalibus.org\/fr\/wp-json\/wp\/v2\/posts\/33888\/revisions"}],"wp:attachment":[{"href":"https:\/\/tonalibus.org\/fr\/wp-json\/wp\/v2\/media?parent=33888"}],"wp:term":[{"taxonomy":"category","embeddable":true,"href":"https:\/\/tonalibus.org\/fr\/wp-json\/wp\/v2\/categories?post=33888"},{"taxonomy":"post_tag","embeddable":true,"href":"https:\/\/tonalibus.org\/fr\/wp-json\/wp\/v2\/tags?post=33888"}],"curies":[{"name":"wp","href":"https:\/\/api.w.org\/{rel}","templated":true}]}}