{"id":35062,"date":"2025-02-03T08:07:53","date_gmt":"2025-02-03T07:07:53","guid":{"rendered":"https:\/\/tonalibus.org\/?p=35062"},"modified":"2025-12-17T10:51:02","modified_gmt":"2025-12-17T09:51:02","slug":"tonality-of-the-moment-pentana-pentapro","status":"publish","type":"post","link":"https:\/\/tonalibus.org\/fr\/2025\/02\/03\/tonality-of-the-moment-pentana-pentapro\/","title":{"rendered":"Tonalit\u00e9 du moment : PentaNa \/ PentaPro"},"content":{"rendered":"<p class=\"has-text-color has-link-color wp-elements-64a46279d7fac3f8a4c29fb021da65f7\" style=\"color:#f7b320\">La tonalit\u00e9 du moment pour le printemps 2025 est PentaNa \/ PentaPro.<\/p>\n\n\n\n<figure class=\"wp-block-audio\"><audio controls src=\"https:\/\/tonalibus.org\/wp-content\/uploads\/2025\/01\/2025-01-29-8GI.mp3\" preload=\"metadata\"><\/audio><figcaption class=\"wp-element-caption\"><mark style=\"background-color:rgba(0, 0, 0, 0);color:#f7b320\" class=\"has-inline-color\">PentaPro \/ PentaNa \u2013 \u00e9chantillon sonore extra, calme \u2013 guitare \u00e0 8 cordes \u2013 janvier 2025 \u2013 3:17 \u2013 <\/mark><a href=\"https:\/\/tonalibus.org\/fr\/tonalities\/pentatonalities\/pentapro-or-pentana\/pentapro-or-pentana-loops\/\" target=\"_blank\" rel=\"noreferrer noopener\"><mark style=\"background-color:rgba(0, 0, 0, 0);color:#f7b320\" class=\"has-inline-color\">en loop<\/mark><\/a><mark style=\"background-color:rgba(0, 0, 0, 0);color:#f7b320\" class=\"has-inline-color\"> sur un onglet s\u00e9par\u00e9 <\/mark><\/figcaption><\/figure>\n\n\n\n<figure class=\"wp-block-audio\"><audio controls src=\"https:\/\/tonalibus.org\/wp-content\/uploads\/2025\/01\/2025-01-29-7GITALS.mp3\" preload=\"metadata\"><\/audio><figcaption class=\"wp-element-caption\"><mark style=\"background-color:rgba(0, 0, 0, 0);color:#f7b320\" class=\"has-inline-color\">\u201cCalm Mudita joy\u201d \u2013 es-tu l\u00e0 ?<em> <\/em>\u2014<em> <\/em>PentaNa \/ PentaPro<em> <\/em>sur Do# (276 Hz) \u2013 avec une touche de Ma \u2013 guitare \u00e0 8 cordes, guitare lap slide, tanpura \u2013 janvier 2025 \u2013 7:06<\/mark><\/figcaption><\/figure>\n\n\n\n<div style=\"height:10px\" aria-hidden=\"true\" class=\"wp-block-spacer\"><\/div>\n\n\n\n<p class=\"has-text-color has-link-color wp-elements-2daa0fec4e46b4c6751e2ce5194a4002\" style=\"color:#f7b320\">La tonalit\u00e9 du moment est <a href=\"https:\/\/tonalibus.org\/fr\/tonalities\/pentatonalities\/pentapro-or-pentana\/\"><mark style=\"background-color:rgba(0, 0, 0, 0);color:#f7b320\" class=\"has-inline-color\">PentaPro \/ PentaNa<\/mark><\/a> \u2014 une tonalit\u00e9 Pro, une tonalit\u00e9 Na principale et une pentatonalit\u00e9 de base group\u00e9e. Le nom indique qu'il s'agit d'une tonalit\u00e9 penta- et Pro (et que le trichord sup\u00e9rieur est avec la septi\u00e8me mineure et sans sixi\u00e8me). En tant que tonalit\u00e9 Pro, le t\u00e9tra- ou trichord inf\u00e9rieur est PentaMaj, c'est-\u00e0-dire sans la quarte r\u00e9gressive. L'identifiant Pro signifie progressif, Na signifie harmoniques naturelles. En tant que tonalit\u00e9 Na, toutes les hauteurs sont des harmoniques primaires ou secondaires ou des harmoniques. Cela donne \u00e0 cette tonalit\u00e9 particuli\u00e8re une base harmonique tr\u00e8s forte.<\/p>\n\n\n\n<div style=\"height:30px\" aria-hidden=\"true\" class=\"wp-block-spacer\"><\/div>\n\n\n\n<figure class=\"wp-block-image size-full\"><img loading=\"lazy\" decoding=\"async\" width=\"960\" height=\"720\" src=\"https:\/\/tonalibus.org\/wp-content\/uploads\/2025\/01\/image.jpeg\" alt=\"Tonality of the moment: PentaNa \/ PentaPro\" class=\"wp-image-35063\" srcset=\"https:\/\/tonalibus.org\/wp-content\/uploads\/2025\/01\/image.jpeg 960w, https:\/\/tonalibus.org\/wp-content\/uploads\/2025\/01\/image-300x225.jpeg 300w, https:\/\/tonalibus.org\/wp-content\/uploads\/2025\/01\/image-768x576.jpeg 768w, https:\/\/tonalibus.org\/wp-content\/uploads\/2025\/01\/image-16x12.jpeg 16w\" sizes=\"auto, (max-width: 706px) 89vw, (max-width: 767px) 82vw, 740px\" \/><\/figure>\n\n\n\n<div style=\"height:25px\" aria-hidden=\"true\" class=\"wp-block-spacer\"><\/div>\n\n\n\n<p class=\"has-text-color has-link-color wp-elements-5583279856c214b2b9bc35200fafcdf6\" style=\"color:#f7b320\">Vous pouvez bien appr\u00e9cier un \u00e9chantillon sonore ou un loop de tonalit\u00e9 comme mantra sonore pour <a href=\"https:\/\/fr.wikipedia.org\/wiki\/Contemplation\" target=\"_blank\" rel=\"noreferrer noopener\"><mark style=\"background-color:rgba(0, 0, 0, 0);color:#f7b320\" class=\"has-inline-color\">la contemplation<\/mark><\/a> ou <a href=\"https:\/\/fr.wikipedia.org\/wiki\/M\u00e9ditation\" target=\"_blank\" rel=\"noreferrer noopener\"><mark style=\"background-color:rgba(0, 0, 0, 0);color:#f7b320\" class=\"has-inline-color\">la m\u00e9ditation<\/mark><\/a>. Ceci pourrait vous aider \u00e0 vous soulever, \u00e0 vous purifier et \u00e0 vous concentrer. Vous pouvez aussi l'utiliser simplement comme un fond sonore apaisant pour la relaxation et la r\u00e9g\u00e9n\u00e9ration. Si vous souhaitez fredonner, psalmodier ou chanter, vous pourriez le faire en choisissant une syllabe spirituellement charg\u00e9e telle que <a href=\"https:\/\/fr.wikipedia.org\/wiki\/Om\u0310\" target=\"_blank\" rel=\"noreferrer noopener\"><em><mark style=\"background-color:rgba(0, 0, 0, 0);color:#f7b320\" class=\"has-inline-color\">\u014c\u1e43 \/ Aum<\/mark><\/em><\/a> \u0950, ou <em><a href=\"https:\/\/tonalibus.org\/fr\/about-tonalibus\/hu-mantra-of-soul\/\"><mark style=\"background-color:rgba(0, 0, 0, 0);color:#f7b320\" class=\"has-inline-color\">HU<\/mark><\/a><\/em>, ou une autre syllabe de mantra qui vous convient.<\/p>\n\n\n\n<p><\/p>","protected":false},"excerpt":{"rendered":"<p>La tonalit\u00e9 du moment est PentaPro \/ PentaNa \u2013 une tonalit\u00e9 Pro, tonalit\u00e9 Na primaire, et pentatonalit\u00e9 group\u00e9e de base...<\/p>","protected":false},"author":1,"featured_media":0,"comment_status":"closed","ping_status":"open","sticky":false,"template":"","format":"standard","meta":{"footnotes":""},"categories":[36,11,15],"tags":[],"class_list":["post-35062","post","type-post","status-publish","format-standard","hentry","category-2025-tonal","category-tonalibus","category-tonality-of-the-month"],"yoast_head":"<!-- This site is optimized with the Yoast SEO plugin v27.5 - https:\/\/yoast.com\/product\/yoast-seo-wordpress\/ -->\n<title>Tonality of the moment: PentaNa \/ PentaPro &#8211; TONALIBUS<\/title>\n<meta name=\"description\" content=\"The tonality of the moment is PentaPro \/ PentaNa -- a Pro tonality, prime Na tonality, and clustered basic pentatonality...\" \/>\n<meta name=\"robots\" content=\"index, follow, max-snippet:-1, max-image-preview:large, max-video-preview:-1\" \/>\n<link rel=\"canonical\" href=\"https:\/\/tonalibus.org\/fr\/2025\/02\/03\/tonality-of-the-moment-pentana-pentapro\/\" \/>\n<meta property=\"og:locale\" content=\"fr_FR\" \/>\n<meta property=\"og:type\" content=\"article\" \/>\n<meta property=\"og:title\" content=\"Tonality of the moment: PentaNa \/ PentaPro &#8211; TONALIBUS\" \/>\n<meta property=\"og:description\" content=\"The tonality of the moment is PentaPro \/ PentaNa -- a Pro tonality, prime Na tonality, and clustered basic pentatonality...\" \/>\n<meta property=\"og:url\" content=\"https:\/\/tonalibus.org\/fr\/2025\/02\/03\/tonality-of-the-moment-pentana-pentapro\/\" \/>\n<meta property=\"og:site_name\" content=\"TONALIBUS\" \/>\n<meta property=\"article:published_time\" content=\"2025-02-03T07:07:53+00:00\" \/>\n<meta property=\"article:modified_time\" content=\"2025-12-17T09:51:02+00:00\" \/>\n<meta property=\"og:image\" content=\"https:\/\/tonalibus.org\/wp-content\/uploads\/2025\/01\/image.jpeg\" \/>\n\t<meta property=\"og:image:width\" content=\"960\" \/>\n\t<meta property=\"og:image:height\" content=\"720\" \/>\n\t<meta property=\"og:image:type\" content=\"image\/jpeg\" \/>\n<meta name=\"author\" content=\"Ulrico\" \/>\n<meta name=\"twitter:card\" content=\"summary_large_image\" \/>\n<meta name=\"twitter:label1\" content=\"\u00c9crit par\" \/>\n\t<meta name=\"twitter:data1\" content=\"Ulrico\" \/>\n\t<meta name=\"twitter:label2\" content=\"Dur\u00e9e de lecture estim\u00e9e\" \/>\n\t<meta name=\"twitter:data2\" content=\"2 minutes\" \/>\n<script type=\"application\/ld+json\" class=\"yoast-schema-graph\">{\"@context\":\"https:\\\/\\\/schema.org\",\"@graph\":[{\"@type\":\"Article\",\"@id\":\"https:\\\/\\\/tonalibus.org\\\/2025\\\/02\\\/03\\\/tonality-of-the-moment-pentana-pentapro\\\/#article\",\"isPartOf\":{\"@id\":\"https:\\\/\\\/tonalibus.org\\\/2025\\\/02\\\/03\\\/tonality-of-the-moment-pentana-pentapro\\\/\"},\"author\":{\"name\":\"Ulrico\",\"@id\":\"https:\\\/\\\/tonalibus.org\\\/de\\\/#\\\/schema\\\/person\\\/749261d7bc96d1f00127273f83ab96a4\"},\"headline\":\"Tonality of the moment: PentaNa \\\/ PentaPro\",\"datePublished\":\"2025-02-03T07:07:53+00:00\",\"dateModified\":\"2025-12-17T09:51:02+00:00\",\"mainEntityOfPage\":{\"@id\":\"https:\\\/\\\/tonalibus.org\\\/2025\\\/02\\\/03\\\/tonality-of-the-moment-pentana-pentapro\\\/\"},\"wordCount\":221,\"publisher\":{\"@id\":\"https:\\\/\\\/tonalibus.org\\\/de\\\/#\\\/schema\\\/person\\\/749261d7bc96d1f00127273f83ab96a4\"},\"image\":{\"@id\":\"https:\\\/\\\/tonalibus.org\\\/2025\\\/02\\\/03\\\/tonality-of-the-moment-pentana-pentapro\\\/#primaryimage\"},\"thumbnailUrl\":\"https:\\\/\\\/tonalibus.org\\\/wp-content\\\/uploads\\\/2025\\\/01\\\/image.jpeg\",\"articleSection\":[\"2025 tonal\",\"Tonalibus\",\"Tonality of the month\\\/moment\"],\"inLanguage\":\"fr-FR\"},{\"@type\":\"WebPage\",\"@id\":\"https:\\\/\\\/tonalibus.org\\\/2025\\\/02\\\/03\\\/tonality-of-the-moment-pentana-pentapro\\\/\",\"url\":\"https:\\\/\\\/tonalibus.org\\\/2025\\\/02\\\/03\\\/tonality-of-the-moment-pentana-pentapro\\\/\",\"name\":\"Tonality of the moment: PentaNa \\\/ PentaPro &#8211; TONALIBUS\",\"isPartOf\":{\"@id\":\"https:\\\/\\\/tonalibus.org\\\/de\\\/#website\"},\"primaryImageOfPage\":{\"@id\":\"https:\\\/\\\/tonalibus.org\\\/2025\\\/02\\\/03\\\/tonality-of-the-moment-pentana-pentapro\\\/#primaryimage\"},\"image\":{\"@id\":\"https:\\\/\\\/tonalibus.org\\\/2025\\\/02\\\/03\\\/tonality-of-the-moment-pentana-pentapro\\\/#primaryimage\"},\"thumbnailUrl\":\"https:\\\/\\\/tonalibus.org\\\/wp-content\\\/uploads\\\/2025\\\/01\\\/image.jpeg\",\"datePublished\":\"2025-02-03T07:07:53+00:00\",\"dateModified\":\"2025-12-17T09:51:02+00:00\",\"description\":\"The tonality of the moment is PentaPro \\\/ PentaNa -- a Pro tonality, prime Na tonality, and clustered basic pentatonality...\",\"breadcrumb\":{\"@id\":\"https:\\\/\\\/tonalibus.org\\\/2025\\\/02\\\/03\\\/tonality-of-the-moment-pentana-pentapro\\\/#breadcrumb\"},\"inLanguage\":\"fr-FR\",\"potentialAction\":[{\"@type\":\"ReadAction\",\"target\":[\"https:\\\/\\\/tonalibus.org\\\/2025\\\/02\\\/03\\\/tonality-of-the-moment-pentana-pentapro\\\/\"]}]},{\"@type\":\"ImageObject\",\"inLanguage\":\"fr-FR\",\"@id\":\"https:\\\/\\\/tonalibus.org\\\/2025\\\/02\\\/03\\\/tonality-of-the-moment-pentana-pentapro\\\/#primaryimage\",\"url\":\"https:\\\/\\\/tonalibus.org\\\/wp-content\\\/uploads\\\/2025\\\/01\\\/image.jpeg\",\"contentUrl\":\"https:\\\/\\\/tonalibus.org\\\/wp-content\\\/uploads\\\/2025\\\/01\\\/image.jpeg\"},{\"@type\":\"BreadcrumbList\",\"@id\":\"https:\\\/\\\/tonalibus.org\\\/2025\\\/02\\\/03\\\/tonality-of-the-moment-pentana-pentapro\\\/#breadcrumb\",\"itemListElement\":[{\"@type\":\"ListItem\",\"position\":1,\"name\":\"Home\",\"item\":\"https:\\\/\\\/tonalibus.org\\\/\"},{\"@type\":\"ListItem\",\"position\":2,\"name\":\"Tonality of the moment: PentaNa \\\/ PentaPro\"}]},{\"@type\":\"WebSite\",\"@id\":\"https:\\\/\\\/tonalibus.org\\\/de\\\/#website\",\"url\":\"https:\\\/\\\/tonalibus.org\\\/de\\\/\",\"name\":\"TONALIBUS\",\"description\":\"Anchored Harmony and Tonalities\",\"publisher\":{\"@id\":\"https:\\\/\\\/tonalibus.org\\\/de\\\/#\\\/schema\\\/person\\\/749261d7bc96d1f00127273f83ab96a4\"},\"potentialAction\":[{\"@type\":\"SearchAction\",\"target\":{\"@type\":\"EntryPoint\",\"urlTemplate\":\"https:\\\/\\\/tonalibus.org\\\/de\\\/?s={search_term_string}\"},\"query-input\":{\"@type\":\"PropertyValueSpecification\",\"valueRequired\":true,\"valueName\":\"search_term_string\"}}],\"inLanguage\":\"fr-FR\"},{\"@type\":[\"Person\",\"Organization\"],\"@id\":\"https:\\\/\\\/tonalibus.org\\\/de\\\/#\\\/schema\\\/person\\\/749261d7bc96d1f00127273f83ab96a4\",\"name\":\"Ulrico\",\"image\":{\"@type\":\"ImageObject\",\"inLanguage\":\"fr-FR\",\"@id\":\"https:\\\/\\\/tonalibus.org\\\/wp-content\\\/uploads\\\/2020\\\/06\\\/uli-pix.jpg\",\"url\":\"https:\\\/\\\/tonalibus.org\\\/wp-content\\\/uploads\\\/2020\\\/06\\\/uli-pix.jpg\",\"contentUrl\":\"https:\\\/\\\/tonalibus.org\\\/wp-content\\\/uploads\\\/2020\\\/06\\\/uli-pix.jpg\",\"width\":960,\"height\":720,\"caption\":\"Ulrico\"},\"logo\":{\"@id\":\"https:\\\/\\\/tonalibus.org\\\/wp-content\\\/uploads\\\/2020\\\/06\\\/uli-pix.jpg\"},\"sameAs\":[\"https:\\\/\\\/tonalibus.cyon.site\"]}]}<\/script>\n<!-- \/ Yoast SEO plugin. -->","yoast_head_json":{"title":"La tonalit\u00e9 du moment : PentaNa \/ PentaPro - TONALIBUS","description":"La tonalit\u00e9 du moment est PentaPro \/ PentaNa -- une tonalit\u00e9 Pro, une tonalit\u00e9 Na primaire et une pentatonalit\u00e9 de base group\u00e9e...","robots":{"index":"index","follow":"follow","max-snippet":"max-snippet:-1","max-image-preview":"max-image-preview:large","max-video-preview":"max-video-preview:-1"},"canonical":"https:\/\/tonalibus.org\/fr\/2025\/02\/03\/tonality-of-the-moment-pentana-pentapro\/","og_locale":"fr_FR","og_type":"article","og_title":"Tonality of the moment: PentaNa \/ PentaPro &#8211; TONALIBUS","og_description":"The tonality of the moment is PentaPro \/ PentaNa -- a Pro tonality, prime Na tonality, and clustered basic pentatonality...","og_url":"https:\/\/tonalibus.org\/fr\/2025\/02\/03\/tonality-of-the-moment-pentana-pentapro\/","og_site_name":"TONALIBUS","article_published_time":"2025-02-03T07:07:53+00:00","article_modified_time":"2025-12-17T09:51:02+00:00","og_image":[{"width":960,"height":720,"url":"https:\/\/tonalibus.org\/wp-content\/uploads\/2025\/01\/image.jpeg","type":"image\/jpeg"}],"author":"Ulrico","twitter_card":"summary_large_image","twitter_misc":{"\u00c9crit par":"Ulrico","Dur\u00e9e de lecture estim\u00e9e":"2 minutes"},"schema":{"@context":"https:\/\/schema.org","@graph":[{"@type":"Article","@id":"https:\/\/tonalibus.org\/2025\/02\/03\/tonality-of-the-moment-pentana-pentapro\/#article","isPartOf":{"@id":"https:\/\/tonalibus.org\/2025\/02\/03\/tonality-of-the-moment-pentana-pentapro\/"},"author":{"name":"Ulrico","@id":"https:\/\/tonalibus.org\/de\/#\/schema\/person\/749261d7bc96d1f00127273f83ab96a4"},"headline":"Tonality of the moment: PentaNa \/ PentaPro","datePublished":"2025-02-03T07:07:53+00:00","dateModified":"2025-12-17T09:51:02+00:00","mainEntityOfPage":{"@id":"https:\/\/tonalibus.org\/2025\/02\/03\/tonality-of-the-moment-pentana-pentapro\/"},"wordCount":221,"publisher":{"@id":"https:\/\/tonalibus.org\/de\/#\/schema\/person\/749261d7bc96d1f00127273f83ab96a4"},"image":{"@id":"https:\/\/tonalibus.org\/2025\/02\/03\/tonality-of-the-moment-pentana-pentapro\/#primaryimage"},"thumbnailUrl":"https:\/\/tonalibus.org\/wp-content\/uploads\/2025\/01\/image.jpeg","articleSection":["2025 tonal","Tonalibus","Tonality of the month\/moment"],"inLanguage":"fr-FR"},{"@type":"WebPage","@id":"https:\/\/tonalibus.org\/2025\/02\/03\/tonality-of-the-moment-pentana-pentapro\/","url":"https:\/\/tonalibus.org\/2025\/02\/03\/tonality-of-the-moment-pentana-pentapro\/","name":"La tonalit\u00e9 du moment : PentaNa \/ PentaPro - TONALIBUS","isPartOf":{"@id":"https:\/\/tonalibus.org\/de\/#website"},"primaryImageOfPage":{"@id":"https:\/\/tonalibus.org\/2025\/02\/03\/tonality-of-the-moment-pentana-pentapro\/#primaryimage"},"image":{"@id":"https:\/\/tonalibus.org\/2025\/02\/03\/tonality-of-the-moment-pentana-pentapro\/#primaryimage"},"thumbnailUrl":"https:\/\/tonalibus.org\/wp-content\/uploads\/2025\/01\/image.jpeg","datePublished":"2025-02-03T07:07:53+00:00","dateModified":"2025-12-17T09:51:02+00:00","description":"La tonalit\u00e9 du moment est PentaPro \/ PentaNa -- une tonalit\u00e9 Pro, une tonalit\u00e9 Na primaire et une pentatonalit\u00e9 de base group\u00e9e...","breadcrumb":{"@id":"https:\/\/tonalibus.org\/2025\/02\/03\/tonality-of-the-moment-pentana-pentapro\/#breadcrumb"},"inLanguage":"fr-FR","potentialAction":[{"@type":"ReadAction","target":["https:\/\/tonalibus.org\/2025\/02\/03\/tonality-of-the-moment-pentana-pentapro\/"]}]},{"@type":"ImageObject","inLanguage":"fr-FR","@id":"https:\/\/tonalibus.org\/2025\/02\/03\/tonality-of-the-moment-pentana-pentapro\/#primaryimage","url":"https:\/\/tonalibus.org\/wp-content\/uploads\/2025\/01\/image.jpeg","contentUrl":"https:\/\/tonalibus.org\/wp-content\/uploads\/2025\/01\/image.jpeg"},{"@type":"BreadcrumbList","@id":"https:\/\/tonalibus.org\/2025\/02\/03\/tonality-of-the-moment-pentana-pentapro\/#breadcrumb","itemListElement":[{"@type":"ListItem","position":1,"name":"Home","item":"https:\/\/tonalibus.org\/"},{"@type":"ListItem","position":2,"name":"Tonality of the moment: PentaNa \/ PentaPro"}]},{"@type":"WebSite","@id":"https:\/\/tonalibus.org\/de\/#website","url":"https:\/\/tonalibus.org\/de\/","name":"TONALIBUS","description":"Harmonie et tonalit\u00e9s ancr\u00e9es","publisher":{"@id":"https:\/\/tonalibus.org\/de\/#\/schema\/person\/749261d7bc96d1f00127273f83ab96a4"},"potentialAction":[{"@type":"SearchAction","target":{"@type":"EntryPoint","urlTemplate":"https:\/\/tonalibus.org\/de\/?s={search_term_string}"},"query-input":{"@type":"PropertyValueSpecification","valueRequired":true,"valueName":"search_term_string"}}],"inLanguage":"fr-FR"},{"@type":["Person","Organization"],"@id":"https:\/\/tonalibus.org\/de\/#\/schema\/person\/749261d7bc96d1f00127273f83ab96a4","name":"Ulrico","image":{"@type":"ImageObject","inLanguage":"fr-FR","@id":"https:\/\/tonalibus.org\/wp-content\/uploads\/2020\/06\/uli-pix.jpg","url":"https:\/\/tonalibus.org\/wp-content\/uploads\/2020\/06\/uli-pix.jpg","contentUrl":"https:\/\/tonalibus.org\/wp-content\/uploads\/2020\/06\/uli-pix.jpg","width":960,"height":720,"caption":"Ulrico"},"logo":{"@id":"https:\/\/tonalibus.org\/wp-content\/uploads\/2020\/06\/uli-pix.jpg"},"sameAs":["https:\/\/tonalibus.cyon.site"]}]}},"_links":{"self":[{"href":"https:\/\/tonalibus.org\/fr\/wp-json\/wp\/v2\/posts\/35062","targetHints":{"allow":["GET"]}}],"collection":[{"href":"https:\/\/tonalibus.org\/fr\/wp-json\/wp\/v2\/posts"}],"about":[{"href":"https:\/\/tonalibus.org\/fr\/wp-json\/wp\/v2\/types\/post"}],"author":[{"embeddable":true,"href":"https:\/\/tonalibus.org\/fr\/wp-json\/wp\/v2\/users\/1"}],"replies":[{"embeddable":true,"href":"https:\/\/tonalibus.org\/fr\/wp-json\/wp\/v2\/comments?post=35062"}],"version-history":[{"count":1,"href":"https:\/\/tonalibus.org\/fr\/wp-json\/wp\/v2\/posts\/35062\/revisions"}],"predecessor-version":[{"id":38019,"href":"https:\/\/tonalibus.org\/fr\/wp-json\/wp\/v2\/posts\/35062\/revisions\/38019"}],"wp:attachment":[{"href":"https:\/\/tonalibus.org\/fr\/wp-json\/wp\/v2\/media?parent=35062"}],"wp:term":[{"taxonomy":"category","embeddable":true,"href":"https:\/\/tonalibus.org\/fr\/wp-json\/wp\/v2\/categories?post=35062"},{"taxonomy":"post_tag","embeddable":true,"href":"https:\/\/tonalibus.org\/fr\/wp-json\/wp\/v2\/tags?post=35062"}],"curies":[{"name":"wp","href":"https:\/\/api.w.org\/{rel}","templated":true}]}}