{"id":37450,"date":"2025-10-25T23:57:13","date_gmt":"2025-10-25T21:57:13","guid":{"rendered":"https:\/\/tonalibus.org\/?p=37450"},"modified":"2025-12-17T10:33:47","modified_gmt":"2025-12-17T09:33:47","slug":"autumn-2025-tonalibus-update","status":"publish","type":"post","link":"https:\/\/tonalibus.org\/fr\/2025\/10\/25\/autumn-2025-tonalibus-update\/","title":{"rendered":"Mise \u00e0 jour Tonalibus de l'automne 2025"},"content":{"rendered":"<div class=\"wp-block-buttons is-content-justification-center is-layout-flex wp-container-core-buttons-is-layout-16018d1d wp-block-buttons-is-layout-flex\">\n<div class=\"wp-block-button is-style-outline is-style-outline--1\"><a class=\"wp-block-button__link wp-element-button\" href=\"#summary\">Sommaire<\/a><\/div>\n\n\n\n<div class=\"wp-block-button is-style-outline is-style-outline--2\"><a class=\"wp-block-button__link wp-element-button\" href=\"#single\">Prochaine et r\u00e9cente sortie de singles<\/a><\/div>\n\n\n\n<div class=\"wp-block-button is-style-outline is-style-outline--3\"><a class=\"wp-block-button__link wp-element-button\" href=\"#playlists\">Playlists et sons<\/a><\/div>\n\n\n\n<div class=\"wp-block-button is-style-outline is-style-outline--4\"><a class=\"wp-block-button__link wp-element-button\" href=\"#hexaton\">Nouvelle hexatonalit\u00e9 d\u00e9riv\u00e9e<\/a><\/div>\n\n\n\n<div class=\"wp-block-button is-style-outline is-style-outline--5\"><a class=\"wp-block-button__link wp-element-button\" href=\"#site\">X, chercher sur ce site &amp; footer, plus sons de gu\u00e9rison<\/a><\/div>\n<\/div>\n\n\n\n<div style=\"height:50px\" aria-hidden=\"true\" class=\"wp-block-spacer\"><\/div>\n\n\n\n<p class=\"has-text-color has-link-color wp-elements-86e204abb66ef58a86ecaaf54fbd356d\" id=\"summary\" style=\"color:#f7b320\">Cette mise \u00e0 jour Tonalibus de la fin d'automne 2025 annonce la sortie prochaine du nouveau single <em>\u201cFlashes of radiant cognizance\u201d<\/em> le 22 d\u00e9cembre et revient sur la sortie r\u00e9cente du single <em>\u201cSwami Uodalric puja\u201d<\/em> du 22 septembre. Ensuite elle met en \u00e9vidence des nouveaux enregistrements Tonalibus dans <em>Playlist R<\/em> et <em>Playlist T<\/em>, ainsi que dans <em>Sons<\/em>. Elle aborde \u00e9galement un nouvelle hexatonalit\u00e9 d\u00e9riv\u00e9e, le compte Tonalibus sur Twitter \/ X, les options de recherche et du footer de ce site, ainsi que les m\u00e9ditations sonores de gu\u00e9rison.<\/p>\n\n\n\n<h2 class=\"wp-block-heading has-text-color has-link-color wp-elements-eb58fd0d5402d068cd440ad7759fc81e\" id=\"single\" style=\"color:#f7b320\">Prochaines et r\u00e9cente sortie de singles (22 d\u00e9c. et 22 sept.)<\/h2>\n\n\n\n<div class=\"wp-block-media-text is-stacked-on-mobile\" style=\"grid-template-columns:30% auto\"><figure class=\"wp-block-media-text__media\"><img loading=\"lazy\" decoding=\"async\" width=\"1024\" height=\"1024\" src=\"https:\/\/tonalibus.org\/wp-content\/uploads\/2025\/01\/20250102_070422267_iOS-xc-cmp-1024x1024.jpg\" alt=\"Autumn 2025 Tonalibus update\" class=\"wp-image-35037 size-full\" srcset=\"https:\/\/tonalibus.org\/wp-content\/uploads\/2025\/01\/20250102_070422267_iOS-xc-cmp-1024x1024.jpg 1024w, https:\/\/tonalibus.org\/wp-content\/uploads\/2025\/01\/20250102_070422267_iOS-xc-cmp-300x300.jpg 300w, https:\/\/tonalibus.org\/wp-content\/uploads\/2025\/01\/20250102_070422267_iOS-xc-cmp-150x150.jpg 150w, https:\/\/tonalibus.org\/wp-content\/uploads\/2025\/01\/20250102_070422267_iOS-xc-cmp-768x768.jpg 768w, https:\/\/tonalibus.org\/wp-content\/uploads\/2025\/01\/20250102_070422267_iOS-xc-cmp-1536x1536.jpg 1536w, https:\/\/tonalibus.org\/wp-content\/uploads\/2025\/01\/20250102_070422267_iOS-xc-cmp-2048x2048.jpg 2048w, https:\/\/tonalibus.org\/wp-content\/uploads\/2025\/01\/20250102_070422267_iOS-xc-cmp-12x12.jpg 12w, https:\/\/tonalibus.org\/wp-content\/uploads\/2025\/01\/20250102_070422267_iOS-xc-cmp-100x100.jpg 100w, https:\/\/tonalibus.org\/wp-content\/uploads\/2025\/01\/20250102_070422267_iOS-xc-cmp-1320x1320.jpg 1320w, https:\/\/tonalibus.org\/wp-content\/uploads\/2025\/01\/20250102_070422267_iOS-xc-cmp-560x560.jpg 560w\" sizes=\"auto, (max-width: 706px) 89vw, (max-width: 767px) 82vw, 740px\" \/><\/figure><div class=\"wp-block-media-text__content\">\n<p class=\"has-text-color has-link-color wp-elements-ff63d36ee9d98b293e9fbc43b10fcc6e\" style=\"color:#f7b320\">Le nouveau single <em>\u201cFlashes of radiant cognizance\u201d<\/em> appara\u00eet dans le monde entier sur de nombreuses plateformes musicales le 22 d\u00e9cembre 2025 \u2013 sur <a href=\"https:\/\/open.spotify.com\/artist\/3JiD2vdPrQKW5cQ1kzVUfR\" target=\"_blank\" rel=\"noreferrer noopener\"><mark style=\"background-color:rgba(0, 0, 0, 0);color:#f7b320\" class=\"has-inline-color\">Spotify<\/mark><\/a><mark style=\"background-color:rgba(0, 0, 0, 0);color:#f7b320\" class=\"has-inline-color\">, <\/mark><a href=\"https:\/\/music.youtube.com\/channel\/UCihsJzyNwheaIF6_KHl7iPg\" target=\"_blank\" rel=\"noreferrer noopener\"><mark style=\"background-color:rgba(0, 0, 0, 0);color:#f7b320\" class=\"has-inline-color\">YouTube Music<\/mark><\/a><mark style=\"background-color:rgba(0, 0, 0, 0);color:#f7b320\" class=\"has-inline-color\">,<\/mark> <a href=\"https:\/\/listen.tidal.com\/artist\/26118548\" target=\"_blank\" rel=\"noreferrer noopener\"><mark style=\"background-color:rgba(0, 0, 0, 0);color:#f7b320\" class=\"has-inline-color\">Tidal<\/mark><\/a>, <a href=\"https:\/\/music.apple.com\/us\/artist\/ulrico\/1572759764\" target=\"_blank\" rel=\"noreferrer noopener\"><mark style=\"background-color:rgba(0, 0, 0, 0);color:#f7b320\" class=\"has-inline-color\">Apple Music<\/mark><\/a><mark style=\"background-color:rgba(0, 0, 0, 0);color:#f7b320\" class=\"has-inline-color\">, <\/mark><a href=\"https:\/\/www.amazon.com\/music\/player\/artists\/B097D6BL1S\/ulrico\" target=\"_blank\" rel=\"noreferrer noopener\"><mark style=\"background-color:rgba(0, 0, 0, 0);color:#f7b320\" class=\"has-inline-color\">Amazon Music<\/mark><\/a><mark style=\"background-color:rgba(0, 0, 0, 0);color:#f7b320\" class=\"has-inline-color\">, <\/mark><a href=\"https:\/\/www.deezer.com\/en\/artist\/136505382\" target=\"_blank\" rel=\"noreferrer noopener\"><mark style=\"background-color:rgba(0, 0, 0, 0);color:#f7b320\" class=\"has-inline-color\">Deezer<\/mark><\/a><mark style=\"background-color:rgba(0, 0, 0, 0);color:#f7b320\" class=\"has-inline-color\">, <\/mark><a href=\"https:\/\/music.163.com\/#\/artist\/album?id=48540608\" target=\"_blank\" rel=\"noreferrer noopener\"><mark style=\"background-color:rgba(0, 0, 0, 0);color:#f7b320\" class=\"has-inline-color\">NetEase \u7f51\u6613<\/mark><\/a>, et bien d'autres encore.<\/p>\n\n\n\n<p class=\"has-text-color has-link-color wp-elements-de79bcf47c1872dfbfabea50a3c68c1f\" style=\"color:#f7b320\">Le single <em>\u201cSwami Uodalric puja\u201d<\/em> sorti le 22 septembre, 2025 a \u00e9t\u00e9 \u00e9cout\u00e9 2\u2019257 fois sur Spotify en un mois \u2013 minuscule pour l'industrie musicale, mais \u00e9norme pour Tonalibus !<\/p>\n<\/div><\/div>\n\n\n\n<figure class=\"wp-block-audio\"><audio controls src=\"https:\/\/tonalibus.org\/wp-content\/uploads\/2025\/09\/2025-09-26-8G-PENTACOR.mp3\" preload=\"metadata\"><\/audio><figcaption class=\"wp-element-caption\"><mark style=\"background-color:rgba(0, 0, 0, 0);color:#f7b320\" class=\"has-inline-color\">\u201cFlashes of radiant cognizance\u201d \u2013 dans l'espace vide<em> \u2014 <\/em><\/mark><a href=\"https:\/\/tonalibus.org\/fr\/tonalities\/pentatonalities\/pentacor\/\"><mark style=\"background-color:rgba(0, 0, 0, 0);color:#f7b320\" class=\"has-inline-color\">PentaCor<\/mark><\/a><mark style=\"background-color:rgba(0, 0, 0, 0);color:#f7b320\" class=\"has-inline-color\"> sur Fa (171 Hz ; rel. La 432 Hz) \u2013 guitare \u00e0 8 cordes \u2013 10:42<\/mark><\/figcaption><\/figure>\n\n\n\n<h2 class=\"wp-block-heading has-text-color has-link-color wp-elements-b75e25d854633547afeea9c638360eb2\" id=\"playlists\" style=\"color:#f7b320\">Mise \u00e0 jour Tonalibus fin automne 2025 des playlists et sons<\/h2>\n\n\n\n<div class=\"wp-block-media-text is-stacked-on-mobile\" style=\"grid-template-columns:30% auto\"><figure class=\"wp-block-media-text__media\"><img loading=\"lazy\" decoding=\"async\" width=\"1024\" height=\"1024\" src=\"https:\/\/tonalibus.org\/wp-content\/uploads\/2025\/01\/20250102_070422267_iOS-xc-T-1024x1024.jpg\" alt=\"Autumn 2025 Tonalibus update\" class=\"wp-image-35021 size-full\" srcset=\"https:\/\/tonalibus.org\/wp-content\/uploads\/2025\/01\/20250102_070422267_iOS-xc-T-1024x1024.jpg 1024w, https:\/\/tonalibus.org\/wp-content\/uploads\/2025\/01\/20250102_070422267_iOS-xc-T-300x300.jpg 300w, https:\/\/tonalibus.org\/wp-content\/uploads\/2025\/01\/20250102_070422267_iOS-xc-T-150x150.jpg 150w, https:\/\/tonalibus.org\/wp-content\/uploads\/2025\/01\/20250102_070422267_iOS-xc-T-768x768.jpg 768w, https:\/\/tonalibus.org\/wp-content\/uploads\/2025\/01\/20250102_070422267_iOS-xc-T-1536x1536.jpg 1536w, https:\/\/tonalibus.org\/wp-content\/uploads\/2025\/01\/20250102_070422267_iOS-xc-T-2048x2048.jpg 2048w, https:\/\/tonalibus.org\/wp-content\/uploads\/2025\/01\/20250102_070422267_iOS-xc-T-12x12.jpg 12w, https:\/\/tonalibus.org\/wp-content\/uploads\/2025\/01\/20250102_070422267_iOS-xc-T-100x100.jpg 100w, https:\/\/tonalibus.org\/wp-content\/uploads\/2025\/01\/20250102_070422267_iOS-xc-T-1320x1320.jpg 1320w, https:\/\/tonalibus.org\/wp-content\/uploads\/2025\/01\/20250102_070422267_iOS-xc-T-560x560.jpg 560w\" sizes=\"auto, (max-width: 706px) 89vw, (max-width: 767px) 82vw, 740px\" \/><\/figure><div class=\"wp-block-media-text__content\">\n<p class=\"has-text-color has-link-color wp-elements-9fdfd096afe9c1d8796b9a996b83ad62\" style=\"color:#f7b320\">La nouvelle <a href=\"https:\/\/tonalibus.org\/fr\/shop\/playlists-2\/playlist-r-s-t\/#t\"><em><mark style=\"background-color:rgba(0, 0, 0, 0);color:#f7b320\" class=\"has-inline-color\">Playlist T<\/mark><\/em><\/a> \u201c<em>En avant dans le son de la lumi\u00e8re<\/em>\u201d offre \u00e0 ce jour deux premi\u00e8res pi\u00e8ces en 23\u00bd minutes : <br>\u2014 <em>\u201cHearts dance and remember\u201d \u2013 tout en un en tout<\/em><br>\u2014 \u201c<em>\u201cFlashes of radiant cognizance\u201d \u2013 dans l'espace vide<\/em> <br>(ci-dessus, deviendra un nouveau single le 22 d\u00e9cembre)<\/p>\n\n\n\n<p class=\"has-text-color has-link-color wp-elements-43ef2c9fcbcdbae9c68c0f0f8fac8755\" style=\"color:#f7b320\">Individuellement, vous trouverez tous ces nouveaux enregistrements ci-dessus et ci-dessous \u00e9galement dans <a href=\"https:\/\/tonalibus.org\/fr\/sounds\/2025-sounds-and-images\/autumn-2025-sounds\/\"><em><mark style=\"background-color:rgba(0, 0, 0, 0);color:#f7b320\" class=\"has-inline-color\">Sons de l'automne 2025<\/mark><\/em><\/a>.<\/p>\n<\/div><\/div>\n\n\n\n<div class=\"wp-block-media-text is-stacked-on-mobile\" style=\"grid-template-columns:30% auto\"><figure class=\"wp-block-media-text__media\"><img loading=\"lazy\" decoding=\"async\" width=\"1024\" height=\"1024\" src=\"https:\/\/tonalibus.org\/wp-content\/uploads\/2025\/01\/20250102_070422267_iOS-xc-S-1024x1024.jpg\" alt=\"Autumn 2025 Tonalibus update\" class=\"wp-image-35020 size-full\" srcset=\"https:\/\/tonalibus.org\/wp-content\/uploads\/2025\/01\/20250102_070422267_iOS-xc-S-1024x1024.jpg 1024w, https:\/\/tonalibus.org\/wp-content\/uploads\/2025\/01\/20250102_070422267_iOS-xc-S-300x300.jpg 300w, https:\/\/tonalibus.org\/wp-content\/uploads\/2025\/01\/20250102_070422267_iOS-xc-S-150x150.jpg 150w, https:\/\/tonalibus.org\/wp-content\/uploads\/2025\/01\/20250102_070422267_iOS-xc-S-768x768.jpg 768w, https:\/\/tonalibus.org\/wp-content\/uploads\/2025\/01\/20250102_070422267_iOS-xc-S-1536x1536.jpg 1536w, https:\/\/tonalibus.org\/wp-content\/uploads\/2025\/01\/20250102_070422267_iOS-xc-S-2048x2048.jpg 2048w, https:\/\/tonalibus.org\/wp-content\/uploads\/2025\/01\/20250102_070422267_iOS-xc-S-12x12.jpg 12w, https:\/\/tonalibus.org\/wp-content\/uploads\/2025\/01\/20250102_070422267_iOS-xc-S-100x100.jpg 100w, https:\/\/tonalibus.org\/wp-content\/uploads\/2025\/01\/20250102_070422267_iOS-xc-S-1320x1320.jpg 1320w, https:\/\/tonalibus.org\/wp-content\/uploads\/2025\/01\/20250102_070422267_iOS-xc-S-560x560.jpg 560w\" sizes=\"auto, (max-width: 706px) 89vw, (max-width: 767px) 82vw, 740px\" \/><\/figure><div class=\"wp-block-media-text__content\">\n<p class=\"has-text-color has-link-color wp-elements-43723a44a853d8332033d98961e8b676\" style=\"color:#f7b320\"><a href=\"https:\/\/tonalibus.org\/fr\/shop\/playlists-2\/playlist-r-s-t\/\"><em><mark style=\"background-color:rgba(0, 0, 0, 0);color:#f7b320\" class=\"has-inline-color\">Playlist S<\/mark><\/em><\/a> \u201c<em>Savourez le vide interm\u00e9diaire<\/em>\u201d est maintenant compl\u00e8te avec dix pi\u00e8ces en 71 minutes, y compris :<br>\u2014 <em>\u201cDevad\u016btas, angels here and now\u201d \u2013 o\u00f9 es-tu ?<\/em><br>\u2014 <em>\u201cOctahedron moment\u201d \u2013 m\u00eame avant et aussi apr\u00e8s<\/em><br>\u2014 <em>\u201cIech k\u00f6renes Gl\u00f6ggli\u201d \u2013 j'entends une petite cloche<\/em> \u2013 (ci-dessous)<br>\u2014 <em>\u201cHappy gnomes and elves\u201d \u2013 une danse du conte de f\u00e9es<\/em><br>\u2014 <em>\u201cA dimension of equilibrium\u201d \u2013 majeur mineur ou min maj<\/em><br>\u2014 <em>\u201cFuture memory past now\u201d \u2013 ni mineur, ni majeur<\/em> (ci-dessous, en HexaReMix \u2013 la nouvelle hexatonalit\u00e9 d\u00e9riv\u00e9e)<br><\/p>\n<\/div><\/div>\n\n\n\n<figure class=\"wp-block-audio\"><audio controls src=\"https:\/\/tonalibus.org\/wp-content\/uploads\/2025\/08\/2025-08-22-SOPRANINO-CROTVO-z.mp3\" preload=\"metadata\"><\/audio><figcaption class=\"wp-element-caption\"><mark style=\"background-color:rgba(0, 0, 0, 0);color:#f7b320\" class=\"has-inline-color\"><em>\u201cIech k\u00f6renes Gl\u00f6ggli\u201d \u2013 j'entends une petite cloche<\/em> \u2014 <\/mark><a href=\"https:\/\/tonalibus.org\/fr\/tonalities\/pentatonalities\/pentaprola-or-pentaion-pentatonic-major\/\"><mark style=\"background-color:rgba(0, 0, 0, 0);color:#f7b320\" class=\"has-inline-color\">PentaIon \/ PentaProLa<\/mark><\/a><mark style=\"background-color:rgba(0, 0, 0, 0);color:#f7b320\" class=\"has-inline-color\"> (majeur pentatonique) sur Fa et <\/mark><a href=\"https:\/\/tonalibus.org\/fr\/tonalities\/hexatonalities\/hexamixla\/\"><mark style=\"background-color:rgba(0, 0, 0, 0);color:#f7b320\" class=\"has-inline-color\">HexaMixLa<\/mark><\/a><mark style=\"background-color:rgba(0, 0, 0, 0);color:#f7b320\" class=\"has-inline-color\"> sur Sol# (rel. La 438.2 Hz) \u2013 fl\u00fbte \u00e0 bec sopranino, crotales, voix \u2013 7:26<\/mark><\/figcaption><\/figure>\n\n\n\n<h2 class=\"wp-block-heading has-text-color has-link-color wp-elements-cfe5a5bb673317a5848cdf7734a2086c\" id=\"hexaton\" style=\"color:#f7b320\">HexaReMix \u2013 une nouvelle hexatonalit\u00e9 d\u00e9riv\u00e9e<\/h2>\n\n\n\n<div class=\"wp-block-media-text is-stacked-on-mobile\" style=\"grid-template-columns:30% auto\"><figure class=\"wp-block-media-text__media\"><a href=\"https:\/\/tonalibus.org\/wp-content\/uploads\/2025\/09\/Tonalibus-1e-3-tonalities-2025-09-66.jpg\"><img loading=\"lazy\" decoding=\"async\" width=\"960\" height=\"720\" src=\"https:\/\/tonalibus.org\/wp-content\/uploads\/2025\/09\/Tonalibus-1e-3-tonalities-2025-09-66.jpg\" alt=\"\" class=\"wp-image-37182 size-full\" srcset=\"https:\/\/tonalibus.org\/wp-content\/uploads\/2025\/09\/Tonalibus-1e-3-tonalities-2025-09-66.jpg 960w, https:\/\/tonalibus.org\/wp-content\/uploads\/2025\/09\/Tonalibus-1e-3-tonalities-2025-09-66-300x225.jpg 300w, https:\/\/tonalibus.org\/wp-content\/uploads\/2025\/09\/Tonalibus-1e-3-tonalities-2025-09-66-768x576.jpg 768w, https:\/\/tonalibus.org\/wp-content\/uploads\/2025\/09\/Tonalibus-1e-3-tonalities-2025-09-66-16x12.jpg 16w\" sizes=\"auto, (max-width: 706px) 89vw, (max-width: 767px) 82vw, 740px\" \/><\/a><\/figure><div class=\"wp-block-media-text__content\">\n<p class=\"has-text-color has-link-color wp-elements-0aa08be4f5f7b2a6a3ad662d7e781df1\" style=\"color:#f7b320\">HexaReMix (1-3-6-8-10-11-1) a r\u00e9cemment \u00e9t\u00e9 reconnu comme hexatonalit\u00e9 d\u00e9riv\u00e9e enti\u00e8rement ancr\u00e9e. Ne comportant ni la tierce mineure ni la tierce majeure, cette tonalit\u00e9 ou d\u00e9riv\u00e9e est bien unique en ce qu'elle ne penche ni vers le majeur ni vers le mineur. En tant que d\u00e9riv\u00e9e, elle est incluse dans les tableaux Tonalibus des tonalit\u00e9s, mais n'est pas d\u00e9taill\u00e9e dans le catalogue des tonalit\u00e9s. <br>Appuyez sur l'image associ\u00e9e pour l'agrandir.<\/p>\n<\/div><\/div>\n\n\n\n<figure class=\"wp-block-audio\"><audio controls src=\"https:\/\/tonalibus.org\/wp-content\/uploads\/2025\/09\/2025-09-11-8G-HEXAREMIX.mp3\" preload=\"metadata\"><\/audio><figcaption class=\"wp-element-caption\"><mark style=\"background-color:rgba(0, 0, 0, 0);color:#f7b320\" class=\"has-inline-color\"><em>\u201cFuture memory past now\u201d \u2013 ni mineur, ni majeur<\/em> \u2014 <\/mark><a href=\"https:\/\/tonalibus.org\/fr\/tonalities\/hexatonalities\/#visuals\"><mark style=\"background-color:rgba(0, 0, 0, 0);color:#f7b320\" class=\"has-inline-color\">HexaReMix<\/mark><\/a><mark style=\"background-color:rgba(0, 0, 0, 0);color:#f7b320\" class=\"has-inline-color\">, un d\u00e9riv\u00e9 sans tierce, sur Re# (rel. La 432 Hz) \u2013 guitare \u00e0 8 cordes, cymbale n\u00e9palaise \u2013 5:37<\/mark><\/figcaption><\/figure>\n\n\n\n<h2 class=\"wp-block-heading has-text-color has-link-color wp-elements-030fa691d9c2e46ffc977f8eb1fb4e1d\" id=\"site\" style=\"color:#f7b320\">Twitter \/ X, chercher le site &amp; footer, plus sons de gu\u00e9rison<\/h2>\n\n\n\n<div class=\"wp-block-media-text is-stacked-on-mobile\" style=\"grid-template-columns:30% auto\"><figure class=\"wp-block-media-text__media\"><video controls src=\"https:\/\/tonalibus.org\/wp-content\/uploads\/2025\/10\/20250707_091845000_iOS.mp4\"><\/video><\/figure><div class=\"wp-block-media-text__content\">\n<p class=\"has-text-color has-link-color wp-elements-2932e363c95470db0dfbf83b70c2424d\" style=\"color:#f7b320\">Tonalibus s'est lanc\u00e9 sur <a href=\"https:\/\/x.com\/TonalibusUlrico\" target=\"_blank\" rel=\"noreferrer noopener\"><mark style=\"background-color:rgba(0, 0, 0, 0);color:#f7b320\" class=\"has-inline-color\">Twitter \/ X<\/mark><\/a> \u2013 accessible sous la premi\u00e8re option du menu principal <em>D\u00e9but <\/em>avec d'autres plateformes internet qui offrent des contenus Tonalibus.<\/p>\n\n\n\n<p class=\"has-text-color has-link-color wp-elements-a937194511a6d1d73ba7adce58431036\" style=\"color:#f7b320\"><a href=\"https:\/\/tonalibus.org\/fr\/about-tonalibus\/#search\"><em><mark style=\"background-color:rgba(0, 0, 0, 0);color:#f7b320\" class=\"has-inline-color\">Chercher sur ce site<\/mark><\/em><\/a> est d\u00e9sormais disponible sous <em>\u00c0 propos<\/em> pour effectuer une recherche par mot(s) cl\u00e9(s) sur l'ensemble du site Tonalibus. Cette option de recherche est \u00e9galement accessible dans le footer de chaque page, tout comme le Plan du site, le Glossaire, l'Indice de sons, les Corr\u00e9lations avec les raagas et l'Aper\u00e7u des tonalit\u00e9s.<\/p>\n\n\n\n<p class=\"has-text-color has-link-color wp-elements-f9c89f9194f109682507882ea7a8c9af\" style=\"color:#f7b320\">Ulrico s'est produit avec Punnu Wasu et d'autres musiciens pour des m\u00e9ditations sonores curatives, le 3 juillet dans le cadre de la c\u00e9l\u00e9bration du 40e anniversaire du Kientalerhof, et le 30 ao\u00fbt dans le cadre du festival de yoga \u201cSummer of Love\u201d \u00e0 Kiental, en Suisse. <br>Appuyez sur l'image pour voir une vid\u00e9o de 20 secondes.<\/p>\n<\/div><\/div>\n\n\n\n<h2 class=\"wp-block-heading has-text-color has-link-color wp-elements-4b4959095c386bd5e412d448017f8b76\" style=\"color:#f7b320\">Puissions-nous, vous, moi et tous, entendre le son bienfaisant de la vie et de l'amour !<\/h2>\n\n\n\n<p><\/p>","protected":false},"excerpt":{"rendered":"<p>Cette mise \u00e0 jour Tonalibus aborde la sortie prochaine du nouveau single \u201cFlashes of radiant cognizance\u201d le 22 d\u00e9cembre, le r\u00e9cent single \u201cSwami Uodalric puja\u201d, les nouveaux enregistrements Tonalibus dans Playlists et Sons, une nouvelle hexatonalit\u00e9 d\u00e9riv\u00e9e, etc.<\/p>","protected":false},"author":1,"featured_media":0,"comment_status":"closed","ping_status":"open","sticky":false,"template":"","format":"standard","meta":{"footnotes":""},"categories":[37,36,12,11,16],"tags":[],"class_list":["post-37450","post","type-post","status-publish","format-standard","hentry","category-2025-fidal","category-2025-tonal","category-fidibus","category-tonalibus","category-update"],"yoast_head":"<!-- This site is optimized with the Yoast SEO plugin v27.5 - https:\/\/yoast.com\/product\/yoast-seo-wordpress\/ -->\n<title>Autumn 2025 Tonalibus update &#8211; TONALIBUS<\/title>\n<meta name=\"description\" content=\"This autumn 2025 Tonalibus update announces a new single \u201cFlashes of radiant cognizance\u201d for Dec. 22, new Tonalibus recordings, and more...\" \/>\n<meta name=\"robots\" content=\"index, follow, max-snippet:-1, max-image-preview:large, max-video-preview:-1\" \/>\n<link rel=\"canonical\" href=\"https:\/\/tonalibus.org\/fr\/2025\/10\/25\/autumn-2025-tonalibus-update\/\" \/>\n<meta property=\"og:locale\" content=\"fr_FR\" \/>\n<meta property=\"og:type\" content=\"article\" \/>\n<meta property=\"og:title\" content=\"Autumn 2025 Tonalibus update &#8211; TONALIBUS\" \/>\n<meta property=\"og:description\" content=\"This autumn 2025 Tonalibus update announces a new single \u201cFlashes of radiant cognizance\u201d for Dec. 22, new Tonalibus recordings, and more...\" \/>\n<meta property=\"og:url\" content=\"https:\/\/tonalibus.org\/fr\/2025\/10\/25\/autumn-2025-tonalibus-update\/\" \/>\n<meta property=\"og:site_name\" content=\"TONALIBUS\" \/>\n<meta property=\"article:published_time\" content=\"2025-10-25T21:57:13+00:00\" \/>\n<meta property=\"article:modified_time\" content=\"2025-12-17T09:33:47+00:00\" \/>\n<meta property=\"og:image\" content=\"https:\/\/tonalibus.org\/wp-content\/uploads\/2025\/01\/20250102_070422267_iOS-xc-cmp.jpg\" \/>\n\t<meta property=\"og:image:width\" content=\"2073\" \/>\n\t<meta property=\"og:image:height\" content=\"2073\" \/>\n\t<meta property=\"og:image:type\" content=\"image\/jpeg\" \/>\n<meta name=\"author\" content=\"Ulrico\" \/>\n<meta name=\"twitter:card\" content=\"summary_large_image\" \/>\n<meta name=\"twitter:label1\" content=\"\u00c9crit par\" \/>\n\t<meta name=\"twitter:data1\" content=\"Ulrico\" \/>\n\t<meta name=\"twitter:label2\" content=\"Dur\u00e9e de lecture estim\u00e9e\" \/>\n\t<meta name=\"twitter:data2\" content=\"4 minutes\" \/>\n<script type=\"application\/ld+json\" class=\"yoast-schema-graph\">{\"@context\":\"https:\\\/\\\/schema.org\",\"@graph\":[{\"@type\":\"Article\",\"@id\":\"https:\\\/\\\/tonalibus.org\\\/2025\\\/10\\\/25\\\/autumn-2025-tonalibus-update\\\/#article\",\"isPartOf\":{\"@id\":\"https:\\\/\\\/tonalibus.org\\\/2025\\\/10\\\/25\\\/autumn-2025-tonalibus-update\\\/\"},\"author\":{\"name\":\"Ulrico\",\"@id\":\"https:\\\/\\\/tonalibus.org\\\/de\\\/#\\\/schema\\\/person\\\/749261d7bc96d1f00127273f83ab96a4\"},\"headline\":\"Autumn 2025 Tonalibus update\",\"datePublished\":\"2025-10-25T21:57:13+00:00\",\"dateModified\":\"2025-12-17T09:33:47+00:00\",\"mainEntityOfPage\":{\"@id\":\"https:\\\/\\\/tonalibus.org\\\/2025\\\/10\\\/25\\\/autumn-2025-tonalibus-update\\\/\"},\"wordCount\":602,\"publisher\":{\"@id\":\"https:\\\/\\\/tonalibus.org\\\/de\\\/#\\\/schema\\\/person\\\/749261d7bc96d1f00127273f83ab96a4\"},\"image\":{\"@id\":\"https:\\\/\\\/tonalibus.org\\\/2025\\\/10\\\/25\\\/autumn-2025-tonalibus-update\\\/#primaryimage\"},\"thumbnailUrl\":\"https:\\\/\\\/tonalibus.org\\\/wp-content\\\/uploads\\\/2025\\\/01\\\/20250102_070422267_iOS-xc-cmp-1024x1024.jpg\",\"articleSection\":[\"2025 fidal\",\"2025 tonal\",\"Fidibus\",\"Tonalibus\",\"Update\"],\"inLanguage\":\"fr-FR\"},{\"@type\":\"WebPage\",\"@id\":\"https:\\\/\\\/tonalibus.org\\\/2025\\\/10\\\/25\\\/autumn-2025-tonalibus-update\\\/\",\"url\":\"https:\\\/\\\/tonalibus.org\\\/2025\\\/10\\\/25\\\/autumn-2025-tonalibus-update\\\/\",\"name\":\"Autumn 2025 Tonalibus update &#8211; TONALIBUS\",\"isPartOf\":{\"@id\":\"https:\\\/\\\/tonalibus.org\\\/de\\\/#website\"},\"primaryImageOfPage\":{\"@id\":\"https:\\\/\\\/tonalibus.org\\\/2025\\\/10\\\/25\\\/autumn-2025-tonalibus-update\\\/#primaryimage\"},\"image\":{\"@id\":\"https:\\\/\\\/tonalibus.org\\\/2025\\\/10\\\/25\\\/autumn-2025-tonalibus-update\\\/#primaryimage\"},\"thumbnailUrl\":\"https:\\\/\\\/tonalibus.org\\\/wp-content\\\/uploads\\\/2025\\\/01\\\/20250102_070422267_iOS-xc-cmp-1024x1024.jpg\",\"datePublished\":\"2025-10-25T21:57:13+00:00\",\"dateModified\":\"2025-12-17T09:33:47+00:00\",\"description\":\"This autumn 2025 Tonalibus update announces a new single \u201cFlashes of radiant cognizance\u201d for Dec. 22, new Tonalibus recordings, and more...\",\"breadcrumb\":{\"@id\":\"https:\\\/\\\/tonalibus.org\\\/2025\\\/10\\\/25\\\/autumn-2025-tonalibus-update\\\/#breadcrumb\"},\"inLanguage\":\"fr-FR\",\"potentialAction\":[{\"@type\":\"ReadAction\",\"target\":[\"https:\\\/\\\/tonalibus.org\\\/2025\\\/10\\\/25\\\/autumn-2025-tonalibus-update\\\/\"]}]},{\"@type\":\"ImageObject\",\"inLanguage\":\"fr-FR\",\"@id\":\"https:\\\/\\\/tonalibus.org\\\/2025\\\/10\\\/25\\\/autumn-2025-tonalibus-update\\\/#primaryimage\",\"url\":\"https:\\\/\\\/tonalibus.org\\\/wp-content\\\/uploads\\\/2025\\\/01\\\/20250102_070422267_iOS-xc-cmp-1024x1024.jpg\",\"contentUrl\":\"https:\\\/\\\/tonalibus.org\\\/wp-content\\\/uploads\\\/2025\\\/01\\\/20250102_070422267_iOS-xc-cmp-1024x1024.jpg\"},{\"@type\":\"BreadcrumbList\",\"@id\":\"https:\\\/\\\/tonalibus.org\\\/2025\\\/10\\\/25\\\/autumn-2025-tonalibus-update\\\/#breadcrumb\",\"itemListElement\":[{\"@type\":\"ListItem\",\"position\":1,\"name\":\"Home\",\"item\":\"https:\\\/\\\/tonalibus.org\\\/\"},{\"@type\":\"ListItem\",\"position\":2,\"name\":\"Autumn 2025 Tonalibus update\"}]},{\"@type\":\"WebSite\",\"@id\":\"https:\\\/\\\/tonalibus.org\\\/de\\\/#website\",\"url\":\"https:\\\/\\\/tonalibus.org\\\/de\\\/\",\"name\":\"TONALIBUS\",\"description\":\"Anchored Harmony and Tonalities\",\"publisher\":{\"@id\":\"https:\\\/\\\/tonalibus.org\\\/de\\\/#\\\/schema\\\/person\\\/749261d7bc96d1f00127273f83ab96a4\"},\"potentialAction\":[{\"@type\":\"SearchAction\",\"target\":{\"@type\":\"EntryPoint\",\"urlTemplate\":\"https:\\\/\\\/tonalibus.org\\\/de\\\/?s={search_term_string}\"},\"query-input\":{\"@type\":\"PropertyValueSpecification\",\"valueRequired\":true,\"valueName\":\"search_term_string\"}}],\"inLanguage\":\"fr-FR\"},{\"@type\":[\"Person\",\"Organization\"],\"@id\":\"https:\\\/\\\/tonalibus.org\\\/de\\\/#\\\/schema\\\/person\\\/749261d7bc96d1f00127273f83ab96a4\",\"name\":\"Ulrico\",\"image\":{\"@type\":\"ImageObject\",\"inLanguage\":\"fr-FR\",\"@id\":\"https:\\\/\\\/tonalibus.org\\\/wp-content\\\/uploads\\\/2020\\\/06\\\/uli-pix.jpg\",\"url\":\"https:\\\/\\\/tonalibus.org\\\/wp-content\\\/uploads\\\/2020\\\/06\\\/uli-pix.jpg\",\"contentUrl\":\"https:\\\/\\\/tonalibus.org\\\/wp-content\\\/uploads\\\/2020\\\/06\\\/uli-pix.jpg\",\"width\":960,\"height\":720,\"caption\":\"Ulrico\"},\"logo\":{\"@id\":\"https:\\\/\\\/tonalibus.org\\\/wp-content\\\/uploads\\\/2020\\\/06\\\/uli-pix.jpg\"},\"sameAs\":[\"https:\\\/\\\/tonalibus.cyon.site\"]}]}<\/script>\n<!-- \/ Yoast SEO plugin. -->","yoast_head_json":{"title":"Mise \u00e0 jour du Tonalibus de l'automne 2025 - TONALIBUS","description":"La mise \u00e0 jour de Tonalibus de cet automne 2025 annonce un nouveau single \u201cFlashes of radiant cognizance\u201d pour le 22 d\u00e9cembre, de nouveaux enregistrements de Tonalibus, et plus encore...","robots":{"index":"index","follow":"follow","max-snippet":"max-snippet:-1","max-image-preview":"max-image-preview:large","max-video-preview":"max-video-preview:-1"},"canonical":"https:\/\/tonalibus.org\/fr\/2025\/10\/25\/autumn-2025-tonalibus-update\/","og_locale":"fr_FR","og_type":"article","og_title":"Autumn 2025 Tonalibus update &#8211; TONALIBUS","og_description":"This autumn 2025 Tonalibus update announces a new single \u201cFlashes of radiant cognizance\u201d for Dec. 22, new Tonalibus recordings, and more...","og_url":"https:\/\/tonalibus.org\/fr\/2025\/10\/25\/autumn-2025-tonalibus-update\/","og_site_name":"TONALIBUS","article_published_time":"2025-10-25T21:57:13+00:00","article_modified_time":"2025-12-17T09:33:47+00:00","og_image":[{"width":2073,"height":2073,"url":"https:\/\/tonalibus.org\/wp-content\/uploads\/2025\/01\/20250102_070422267_iOS-xc-cmp.jpg","type":"image\/jpeg"}],"author":"Ulrico","twitter_card":"summary_large_image","twitter_misc":{"\u00c9crit par":"Ulrico","Dur\u00e9e de lecture estim\u00e9e":"4 minutes"},"schema":{"@context":"https:\/\/schema.org","@graph":[{"@type":"Article","@id":"https:\/\/tonalibus.org\/2025\/10\/25\/autumn-2025-tonalibus-update\/#article","isPartOf":{"@id":"https:\/\/tonalibus.org\/2025\/10\/25\/autumn-2025-tonalibus-update\/"},"author":{"name":"Ulrico","@id":"https:\/\/tonalibus.org\/de\/#\/schema\/person\/749261d7bc96d1f00127273f83ab96a4"},"headline":"Autumn 2025 Tonalibus update","datePublished":"2025-10-25T21:57:13+00:00","dateModified":"2025-12-17T09:33:47+00:00","mainEntityOfPage":{"@id":"https:\/\/tonalibus.org\/2025\/10\/25\/autumn-2025-tonalibus-update\/"},"wordCount":602,"publisher":{"@id":"https:\/\/tonalibus.org\/de\/#\/schema\/person\/749261d7bc96d1f00127273f83ab96a4"},"image":{"@id":"https:\/\/tonalibus.org\/2025\/10\/25\/autumn-2025-tonalibus-update\/#primaryimage"},"thumbnailUrl":"https:\/\/tonalibus.org\/wp-content\/uploads\/2025\/01\/20250102_070422267_iOS-xc-cmp-1024x1024.jpg","articleSection":["2025 fidal","2025 tonal","Fidibus","Tonalibus","Update"],"inLanguage":"fr-FR"},{"@type":"WebPage","@id":"https:\/\/tonalibus.org\/2025\/10\/25\/autumn-2025-tonalibus-update\/","url":"https:\/\/tonalibus.org\/2025\/10\/25\/autumn-2025-tonalibus-update\/","name":"Mise \u00e0 jour du Tonalibus de l'automne 2025 - TONALIBUS","isPartOf":{"@id":"https:\/\/tonalibus.org\/de\/#website"},"primaryImageOfPage":{"@id":"https:\/\/tonalibus.org\/2025\/10\/25\/autumn-2025-tonalibus-update\/#primaryimage"},"image":{"@id":"https:\/\/tonalibus.org\/2025\/10\/25\/autumn-2025-tonalibus-update\/#primaryimage"},"thumbnailUrl":"https:\/\/tonalibus.org\/wp-content\/uploads\/2025\/01\/20250102_070422267_iOS-xc-cmp-1024x1024.jpg","datePublished":"2025-10-25T21:57:13+00:00","dateModified":"2025-12-17T09:33:47+00:00","description":"La mise \u00e0 jour de Tonalibus de cet automne 2025 annonce un nouveau single \u201cFlashes of radiant cognizance\u201d pour le 22 d\u00e9cembre, de nouveaux enregistrements de Tonalibus, et plus encore...","breadcrumb":{"@id":"https:\/\/tonalibus.org\/2025\/10\/25\/autumn-2025-tonalibus-update\/#breadcrumb"},"inLanguage":"fr-FR","potentialAction":[{"@type":"ReadAction","target":["https:\/\/tonalibus.org\/2025\/10\/25\/autumn-2025-tonalibus-update\/"]}]},{"@type":"ImageObject","inLanguage":"fr-FR","@id":"https:\/\/tonalibus.org\/2025\/10\/25\/autumn-2025-tonalibus-update\/#primaryimage","url":"https:\/\/tonalibus.org\/wp-content\/uploads\/2025\/01\/20250102_070422267_iOS-xc-cmp-1024x1024.jpg","contentUrl":"https:\/\/tonalibus.org\/wp-content\/uploads\/2025\/01\/20250102_070422267_iOS-xc-cmp-1024x1024.jpg"},{"@type":"BreadcrumbList","@id":"https:\/\/tonalibus.org\/2025\/10\/25\/autumn-2025-tonalibus-update\/#breadcrumb","itemListElement":[{"@type":"ListItem","position":1,"name":"Home","item":"https:\/\/tonalibus.org\/"},{"@type":"ListItem","position":2,"name":"Autumn 2025 Tonalibus update"}]},{"@type":"WebSite","@id":"https:\/\/tonalibus.org\/de\/#website","url":"https:\/\/tonalibus.org\/de\/","name":"TONALIBUS","description":"Harmonie et tonalit\u00e9s ancr\u00e9es","publisher":{"@id":"https:\/\/tonalibus.org\/de\/#\/schema\/person\/749261d7bc96d1f00127273f83ab96a4"},"potentialAction":[{"@type":"SearchAction","target":{"@type":"EntryPoint","urlTemplate":"https:\/\/tonalibus.org\/de\/?s={search_term_string}"},"query-input":{"@type":"PropertyValueSpecification","valueRequired":true,"valueName":"search_term_string"}}],"inLanguage":"fr-FR"},{"@type":["Person","Organization"],"@id":"https:\/\/tonalibus.org\/de\/#\/schema\/person\/749261d7bc96d1f00127273f83ab96a4","name":"Ulrico","image":{"@type":"ImageObject","inLanguage":"fr-FR","@id":"https:\/\/tonalibus.org\/wp-content\/uploads\/2020\/06\/uli-pix.jpg","url":"https:\/\/tonalibus.org\/wp-content\/uploads\/2020\/06\/uli-pix.jpg","contentUrl":"https:\/\/tonalibus.org\/wp-content\/uploads\/2020\/06\/uli-pix.jpg","width":960,"height":720,"caption":"Ulrico"},"logo":{"@id":"https:\/\/tonalibus.org\/wp-content\/uploads\/2020\/06\/uli-pix.jpg"},"sameAs":["https:\/\/tonalibus.cyon.site"]}]}},"_links":{"self":[{"href":"https:\/\/tonalibus.org\/fr\/wp-json\/wp\/v2\/posts\/37450","targetHints":{"allow":["GET"]}}],"collection":[{"href":"https:\/\/tonalibus.org\/fr\/wp-json\/wp\/v2\/posts"}],"about":[{"href":"https:\/\/tonalibus.org\/fr\/wp-json\/wp\/v2\/types\/post"}],"author":[{"embeddable":true,"href":"https:\/\/tonalibus.org\/fr\/wp-json\/wp\/v2\/users\/1"}],"replies":[{"embeddable":true,"href":"https:\/\/tonalibus.org\/fr\/wp-json\/wp\/v2\/comments?post=37450"}],"version-history":[{"count":131,"href":"https:\/\/tonalibus.org\/fr\/wp-json\/wp\/v2\/posts\/37450\/revisions"}],"predecessor-version":[{"id":38005,"href":"https:\/\/tonalibus.org\/fr\/wp-json\/wp\/v2\/posts\/37450\/revisions\/38005"}],"wp:attachment":[{"href":"https:\/\/tonalibus.org\/fr\/wp-json\/wp\/v2\/media?parent=37450"}],"wp:term":[{"taxonomy":"category","embeddable":true,"href":"https:\/\/tonalibus.org\/fr\/wp-json\/wp\/v2\/categories?post=37450"},{"taxonomy":"post_tag","embeddable":true,"href":"https:\/\/tonalibus.org\/fr\/wp-json\/wp\/v2\/tags?post=37450"}],"curies":[{"name":"wp","href":"https:\/\/api.w.org\/{rel}","templated":true}]}}