{"id":38135,"date":"2026-01-04T11:16:10","date_gmt":"2026-01-04T10:16:10","guid":{"rendered":"https:\/\/tonalibus.org\/?p=38135"},"modified":"2026-01-04T11:35:56","modified_gmt":"2026-01-04T10:35:56","slug":"together-in-the-harmony-of-life","status":"publish","type":"post","link":"https:\/\/tonalibus.org\/fr\/2026\/01\/04\/together-in-the-harmony-of-life\/","title":{"rendered":"Ensemble dans l'harmonie de la vie"},"content":{"rendered":"<p class=\"has-text-align-center has-text-color has-link-color wp-elements-99c29e900b0552b940062f0e9630e61a\" style=\"color:#f7b320\">Ensemble dans l'harmonie de la vie <br>comme des musiciens jouant ensemble <br>lorsque chacun re\u00e7oit l'espace pour \u00eatre <br>non seulement pour renforcer un autre <br>mais pour s'\u00e9panouir tous et chacun <br>dans ce r\u00e9seau infiniment complexe <br>de vie, de nature et de relations <br>d\u00e9tendu, fluide, et en harmonie <br>toute dissonance peut appara\u00eetre <br>absorb\u00e9e dans le moment pr\u00e9sent <br>que ce soit doux, neutre ou amer <br>c'est ce que c'est, quoi que ce soit <br>des causes et des effets n\u00e9anmoins <br>tiss\u00e9s ensemble comme un tissu <br>parfois d\u00e9tremp\u00e9 ou bien essor\u00e9 <br>ce peut \u00eatre \u00e9tendu pour s\u00e9cher <br>puis pli\u00e9 et rang\u00e9, m\u00eame rel\u00e2ch\u00e9 <br>ou enroul\u00e9 pour se r\u00e9chauffer <br>pour se couvrir et se prot\u00e9ger <br>des influences ext\u00e9rieures <br>connect\u00e9s les uns aux autres <br>ensemble dans l'harmonie <br>nous apprenons de la vie <br>ce n'est pas \u00e0 moi <br>ce n'est pas moi <br>et alors quoi ! <\/p>\n\n\n\n<h3 class=\"wp-block-heading has-text-color has-link-color wp-elements-43bd6d622112058acb650a8be61b9ba7\" id=\"dojo\" style=\"color:#f7b320\">\u201cSun rays\u2019 dance in a dojo\u201d \u2013 bienvenue dans un nouveau cycle<\/h3>\n\n\n\n<figure class=\"wp-block-audio\"><audio controls src=\"https:\/\/tonalibus.org\/wp-content\/uploads\/2026\/01\/2025-12-31-8G.mp3\" preload=\"metadata\"><\/audio><figcaption class=\"wp-element-caption\"><a href=\"https:\/\/tonalibus.org\/fr\/tonalities\/pentatonalities\/pentamin-or-pentaeol-pentatonic-minor\/\"><mark style=\"background-color:rgba(0, 0, 0, 0);color:#f7b320\" class=\"has-inline-color\">Penta\u00c9ol \/ PentaMin<\/mark><\/a><mark style=\"background-color:rgba(0, 0, 0, 0);color:#f7b320\" class=\"has-inline-color\"> (mineuer pentatonique) sur R\u00e9 144 Hz (rel. La 432 Hz) \u2013 guitare \u00e0 8 cordes \u2013 3:54<\/mark><\/figcaption><\/figure>\n\n\n\n<h3 class=\"wp-block-heading has-text-color has-link-color wp-elements-164ebf1558c4d7ecb96077e94490edda\" id=\"shamisen\" style=\"color:#f7b320\">\u201cShamisen blues\u201d \u2013 adieu \u00e0 un autre tour pass\u00e9<\/h3>\n\n\n\n<figure class=\"wp-block-audio\"><audio controls src=\"https:\/\/tonalibus.org\/wp-content\/uploads\/2026\/01\/2025-12-31-7GSHATAGO.mp3\" preload=\"metadata\"><\/audio><figcaption class=\"wp-element-caption\"><a href=\"https:\/\/tonalibus.org\/fr\/tonalities\/pentatonalities\/pentamin-or-pentaeol-pentatonic-minor\/\"><mark style=\"background-color:rgba(0, 0, 0, 0);color:#f7b320\" class=\"has-inline-color\">Penta\u00c9ol \/ PentaMin<\/mark><\/a><mark style=\"background-color:rgba(0, 0, 0, 0);color:#f7b320\" class=\"has-inline-color\"> (mineur pentatonique) sur Do# 275 Hz \u2013 shamisen, guitar \u00e0 7 cordes, grand gong, tanpura \u2013 3:10<\/mark><\/figcaption><\/figure>\n\n\n\n<h3 class=\"wp-block-heading has-text-align-center has-text-color has-link-color wp-elements-d4d3485b55497fdd013427cd91e7d974\" style=\"color:#f7b320\">\u201c<a href=\"https:\/\/www.buddhismus-bern.ch\/anl%C3%A4sse\/wiederkehrende-anl%C3%A4sse-1\/#60\" target=\"_blank\" rel=\"noreferrer noopener\"><mark style=\"background-color:rgba(0, 0, 0, 0);color:#f7b320\" class=\"has-inline-color\">Ensemble dans l'harmonie de la vie<\/mark><\/a>\u201d<br>\u00e0 la Maison des religions \u00e0 Berne<br>Silence, sons et mots<\/h3>\n\n\n\n<p class=\"has-text-color has-link-color wp-elements-cd711a12e581aa1758ccf11711dccee7\" style=\"color:#f7b320\">M\u00e9ditation assise et march\u00e9e, \u00e9coute du silence, chant de syllabes mantras, sons m\u00e9ditatifs live, affirmations bouddhistes fondamentales, courts dialogues conscients et r\u00e9flexions.<\/p>\n\n\n\n<p class=\"has-text-align-center has-text-color has-link-color wp-elements-c534545922aec464178306e1821bb17a\" style=\"color:#f7b320\">Les dimanches de 17h00 \u00e0 18h30, tous les deux mois :<br>1er f\u00e9vrier 2026<br>22 mars 2026<br>24 mai 2026<br>\u00e9ventuellement 26 juillet 2026 (pause estivale ?)<br>27 septembre 2026<br>22 novembre 2026<\/p>\n\n\n\n<p class=\"has-text-color has-link-color wp-elements-7d1439ba3208160a20862032202ef026\" style=\"color:#f7b320\">Animateur : Ulrico Uli Sacchet, pratique continue de la m\u00e9ditation et \u00e9tudes sur l'harmonie depuis sa jeunesse<\/p>\n\n\n\n<div style=\"height:20px\" aria-hidden=\"true\" class=\"wp-block-spacer\"><\/div>\n\n\n\n<figure class=\"wp-block-image size-large\"><img loading=\"lazy\" decoding=\"async\" width=\"1024\" height=\"576\" src=\"https:\/\/tonalibus.org\/wp-content\/uploads\/2024\/12\/20241213_075344929_iOS-xc-1024x576.jpg\" alt=\"Together in the harmony of life\" class=\"wp-image-34902\" srcset=\"https:\/\/tonalibus.org\/wp-content\/uploads\/2024\/12\/20241213_075344929_iOS-xc-1024x576.jpg 1024w, https:\/\/tonalibus.org\/wp-content\/uploads\/2024\/12\/20241213_075344929_iOS-xc-300x169.jpg 300w, https:\/\/tonalibus.org\/wp-content\/uploads\/2024\/12\/20241213_075344929_iOS-xc-768x432.jpg 768w, https:\/\/tonalibus.org\/wp-content\/uploads\/2024\/12\/20241213_075344929_iOS-xc-1536x864.jpg 1536w, https:\/\/tonalibus.org\/wp-content\/uploads\/2024\/12\/20241213_075344929_iOS-xc-2048x1152.jpg 2048w, https:\/\/tonalibus.org\/wp-content\/uploads\/2024\/12\/20241213_075344929_iOS-xc-18x10.jpg 18w, https:\/\/tonalibus.org\/wp-content\/uploads\/2024\/12\/20241213_075344929_iOS-xc-1320x743.jpg 1320w\" sizes=\"auto, (max-width: 706px) 89vw, (max-width: 767px) 82vw, 740px\" \/><figcaption class=\"wp-element-caption\">Rayons du soleil levant pris dans la brume au-dessus du lac en cours d'\u00eatre travers\u00e9 \u2013 d\u00e9cembre 2024 \u2013 Walensee, Suisse<\/figcaption><\/figure>\n\n\n\n<p><\/p>","protected":false},"excerpt":{"rendered":"<p>\u201cEnsemble dans l'harmonie de la vie\u201d<br \/>\n\u00e0 la Maison des religions \u00e0 Berne<br \/>\nM\u00e9ditation, silence, sons et mots<br \/>\n\u2026<\/p>","protected":false},"author":1,"featured_media":0,"comment_status":"closed","ping_status":"open","sticky":false,"template":"","format":"standard","meta":{"footnotes":""},"categories":[40,39,12,10],"tags":[],"class_list":["post-38135","post","type-post","status-publish","format-standard","hentry","category-2026-fidal","category-2026-spiritual","category-fidibus","category-spiritualibus"],"yoast_head":"<!-- This site is optimized with the Yoast SEO plugin v27.5 - https:\/\/yoast.com\/product\/yoast-seo-wordpress\/ -->\n<title>Together in the harmony of life &#8211; TONALIBUS Harmony &amp; Tonalities<\/title>\n<meta name=\"description\" content=\"\u201cTogether in the harmony of life\u201d at the House of Religions in Bern: meditation, silence, mantras, live sounds, and some words\" \/>\n<meta name=\"robots\" content=\"index, follow, max-snippet:-1, max-image-preview:large, max-video-preview:-1\" \/>\n<link rel=\"canonical\" href=\"https:\/\/tonalibus.org\/fr\/2026\/01\/04\/together-in-the-harmony-of-life\/\" \/>\n<meta property=\"og:locale\" content=\"fr_FR\" \/>\n<meta property=\"og:type\" content=\"article\" \/>\n<meta property=\"og:title\" content=\"Together in the harmony of life &#8211; TONALIBUS Harmony &amp; Tonalities\" \/>\n<meta property=\"og:description\" content=\"\u201cTogether in the harmony of life\u201d at the House of Religions in Bern: meditation, silence, mantras, live sounds, and some words\" \/>\n<meta property=\"og:url\" content=\"https:\/\/tonalibus.org\/fr\/2026\/01\/04\/together-in-the-harmony-of-life\/\" \/>\n<meta property=\"og:site_name\" content=\"TONALIBUS\" \/>\n<meta property=\"article:published_time\" content=\"2026-01-04T10:16:10+00:00\" \/>\n<meta property=\"article:modified_time\" content=\"2026-01-04T10:35:56+00:00\" \/>\n<meta property=\"og:image\" content=\"https:\/\/tonalibus.org\/wp-content\/uploads\/2024\/12\/20241213_075344929_iOS-xc-scaled.jpg\" \/>\n\t<meta property=\"og:image:width\" content=\"2560\" \/>\n\t<meta property=\"og:image:height\" content=\"1440\" \/>\n\t<meta property=\"og:image:type\" content=\"image\/jpeg\" \/>\n<meta name=\"author\" content=\"Ulrico\" \/>\n<meta name=\"twitter:card\" content=\"summary_large_image\" \/>\n<meta name=\"twitter:label1\" content=\"\u00c9crit par\" \/>\n\t<meta name=\"twitter:data1\" content=\"Ulrico\" \/>\n\t<meta name=\"twitter:label2\" content=\"Dur\u00e9e de lecture estim\u00e9e\" \/>\n\t<meta name=\"twitter:data2\" content=\"2 minutes\" \/>\n<script type=\"application\/ld+json\" class=\"yoast-schema-graph\">{\"@context\":\"https:\\\/\\\/schema.org\",\"@graph\":[{\"@type\":\"Article\",\"@id\":\"https:\\\/\\\/tonalibus.org\\\/2026\\\/01\\\/04\\\/together-in-the-harmony-of-life\\\/#article\",\"isPartOf\":{\"@id\":\"https:\\\/\\\/tonalibus.org\\\/2026\\\/01\\\/04\\\/together-in-the-harmony-of-life\\\/\"},\"author\":{\"name\":\"Ulrico\",\"@id\":\"https:\\\/\\\/tonalibus.org\\\/de\\\/#\\\/schema\\\/person\\\/749261d7bc96d1f00127273f83ab96a4\"},\"headline\":\"Together in the harmony of life\",\"datePublished\":\"2026-01-04T10:16:10+00:00\",\"dateModified\":\"2026-01-04T10:35:56+00:00\",\"mainEntityOfPage\":{\"@id\":\"https:\\\/\\\/tonalibus.org\\\/2026\\\/01\\\/04\\\/together-in-the-harmony-of-life\\\/\"},\"wordCount\":274,\"publisher\":{\"@id\":\"https:\\\/\\\/tonalibus.org\\\/de\\\/#\\\/schema\\\/person\\\/749261d7bc96d1f00127273f83ab96a4\"},\"image\":{\"@id\":\"https:\\\/\\\/tonalibus.org\\\/2026\\\/01\\\/04\\\/together-in-the-harmony-of-life\\\/#primaryimage\"},\"thumbnailUrl\":\"https:\\\/\\\/tonalibus.org\\\/wp-content\\\/uploads\\\/2024\\\/12\\\/20241213_075344929_iOS-xc-1024x576.jpg\",\"articleSection\":[\"2026 fidal\",\"2026 spiritual\",\"Fidibus\",\"Spiritualibus\"],\"inLanguage\":\"fr-FR\"},{\"@type\":\"WebPage\",\"@id\":\"https:\\\/\\\/tonalibus.org\\\/2026\\\/01\\\/04\\\/together-in-the-harmony-of-life\\\/\",\"url\":\"https:\\\/\\\/tonalibus.org\\\/2026\\\/01\\\/04\\\/together-in-the-harmony-of-life\\\/\",\"name\":\"Together in the harmony of life &#8211; TONALIBUS Harmony & Tonalities\",\"isPartOf\":{\"@id\":\"https:\\\/\\\/tonalibus.org\\\/de\\\/#website\"},\"primaryImageOfPage\":{\"@id\":\"https:\\\/\\\/tonalibus.org\\\/2026\\\/01\\\/04\\\/together-in-the-harmony-of-life\\\/#primaryimage\"},\"image\":{\"@id\":\"https:\\\/\\\/tonalibus.org\\\/2026\\\/01\\\/04\\\/together-in-the-harmony-of-life\\\/#primaryimage\"},\"thumbnailUrl\":\"https:\\\/\\\/tonalibus.org\\\/wp-content\\\/uploads\\\/2024\\\/12\\\/20241213_075344929_iOS-xc-1024x576.jpg\",\"datePublished\":\"2026-01-04T10:16:10+00:00\",\"dateModified\":\"2026-01-04T10:35:56+00:00\",\"description\":\"\u201cTogether in the harmony of life\u201d at the House of Religions in Bern: meditation, silence, mantras, live sounds, and some words\",\"breadcrumb\":{\"@id\":\"https:\\\/\\\/tonalibus.org\\\/2026\\\/01\\\/04\\\/together-in-the-harmony-of-life\\\/#breadcrumb\"},\"inLanguage\":\"fr-FR\",\"potentialAction\":[{\"@type\":\"ReadAction\",\"target\":[\"https:\\\/\\\/tonalibus.org\\\/2026\\\/01\\\/04\\\/together-in-the-harmony-of-life\\\/\"]}]},{\"@type\":\"ImageObject\",\"inLanguage\":\"fr-FR\",\"@id\":\"https:\\\/\\\/tonalibus.org\\\/2026\\\/01\\\/04\\\/together-in-the-harmony-of-life\\\/#primaryimage\",\"url\":\"https:\\\/\\\/tonalibus.org\\\/wp-content\\\/uploads\\\/2024\\\/12\\\/20241213_075344929_iOS-xc-1024x576.jpg\",\"contentUrl\":\"https:\\\/\\\/tonalibus.org\\\/wp-content\\\/uploads\\\/2024\\\/12\\\/20241213_075344929_iOS-xc-1024x576.jpg\"},{\"@type\":\"BreadcrumbList\",\"@id\":\"https:\\\/\\\/tonalibus.org\\\/2026\\\/01\\\/04\\\/together-in-the-harmony-of-life\\\/#breadcrumb\",\"itemListElement\":[{\"@type\":\"ListItem\",\"position\":1,\"name\":\"Home\",\"item\":\"https:\\\/\\\/tonalibus.org\\\/\"},{\"@type\":\"ListItem\",\"position\":2,\"name\":\"Together in the harmony of life\"}]},{\"@type\":\"WebSite\",\"@id\":\"https:\\\/\\\/tonalibus.org\\\/de\\\/#website\",\"url\":\"https:\\\/\\\/tonalibus.org\\\/de\\\/\",\"name\":\"TONALIBUS\",\"description\":\"Anchored Harmony and Tonalities\",\"publisher\":{\"@id\":\"https:\\\/\\\/tonalibus.org\\\/de\\\/#\\\/schema\\\/person\\\/749261d7bc96d1f00127273f83ab96a4\"},\"potentialAction\":[{\"@type\":\"SearchAction\",\"target\":{\"@type\":\"EntryPoint\",\"urlTemplate\":\"https:\\\/\\\/tonalibus.org\\\/de\\\/?s={search_term_string}\"},\"query-input\":{\"@type\":\"PropertyValueSpecification\",\"valueRequired\":true,\"valueName\":\"search_term_string\"}}],\"inLanguage\":\"fr-FR\"},{\"@type\":[\"Person\",\"Organization\"],\"@id\":\"https:\\\/\\\/tonalibus.org\\\/de\\\/#\\\/schema\\\/person\\\/749261d7bc96d1f00127273f83ab96a4\",\"name\":\"Ulrico\",\"image\":{\"@type\":\"ImageObject\",\"inLanguage\":\"fr-FR\",\"@id\":\"https:\\\/\\\/tonalibus.org\\\/wp-content\\\/uploads\\\/2020\\\/06\\\/uli-pix.jpg\",\"url\":\"https:\\\/\\\/tonalibus.org\\\/wp-content\\\/uploads\\\/2020\\\/06\\\/uli-pix.jpg\",\"contentUrl\":\"https:\\\/\\\/tonalibus.org\\\/wp-content\\\/uploads\\\/2020\\\/06\\\/uli-pix.jpg\",\"width\":960,\"height\":720,\"caption\":\"Ulrico\"},\"logo\":{\"@id\":\"https:\\\/\\\/tonalibus.org\\\/wp-content\\\/uploads\\\/2020\\\/06\\\/uli-pix.jpg\"},\"sameAs\":[\"https:\\\/\\\/tonalibus.cyon.site\"]}]}<\/script>\n<!-- \/ Yoast SEO plugin. -->","yoast_head_json":{"title":"Together in the harmony of life &#8211; TONALIBUS Harmony & Tonalities","description":"\u201cTogether in the harmony of life\u201d at the House of Religions in Bern: meditation, silence, mantras, live sounds, and some words","robots":{"index":"index","follow":"follow","max-snippet":"max-snippet:-1","max-image-preview":"max-image-preview:large","max-video-preview":"max-video-preview:-1"},"canonical":"https:\/\/tonalibus.org\/fr\/2026\/01\/04\/together-in-the-harmony-of-life\/","og_locale":"fr_FR","og_type":"article","og_title":"Together in the harmony of life &#8211; TONALIBUS Harmony & Tonalities","og_description":"\u201cTogether in the harmony of life\u201d at the House of Religions in Bern: meditation, silence, mantras, live sounds, and some words","og_url":"https:\/\/tonalibus.org\/fr\/2026\/01\/04\/together-in-the-harmony-of-life\/","og_site_name":"TONALIBUS","article_published_time":"2026-01-04T10:16:10+00:00","article_modified_time":"2026-01-04T10:35:56+00:00","og_image":[{"width":2560,"height":1440,"url":"https:\/\/tonalibus.org\/wp-content\/uploads\/2024\/12\/20241213_075344929_iOS-xc-scaled.jpg","type":"image\/jpeg"}],"author":"Ulrico","twitter_card":"summary_large_image","twitter_misc":{"\u00c9crit par":"Ulrico","Dur\u00e9e de lecture estim\u00e9e":"2 minutes"},"schema":{"@context":"https:\/\/schema.org","@graph":[{"@type":"Article","@id":"https:\/\/tonalibus.org\/2026\/01\/04\/together-in-the-harmony-of-life\/#article","isPartOf":{"@id":"https:\/\/tonalibus.org\/2026\/01\/04\/together-in-the-harmony-of-life\/"},"author":{"name":"Ulrico","@id":"https:\/\/tonalibus.org\/de\/#\/schema\/person\/749261d7bc96d1f00127273f83ab96a4"},"headline":"Together in the harmony of life","datePublished":"2026-01-04T10:16:10+00:00","dateModified":"2026-01-04T10:35:56+00:00","mainEntityOfPage":{"@id":"https:\/\/tonalibus.org\/2026\/01\/04\/together-in-the-harmony-of-life\/"},"wordCount":274,"publisher":{"@id":"https:\/\/tonalibus.org\/de\/#\/schema\/person\/749261d7bc96d1f00127273f83ab96a4"},"image":{"@id":"https:\/\/tonalibus.org\/2026\/01\/04\/together-in-the-harmony-of-life\/#primaryimage"},"thumbnailUrl":"https:\/\/tonalibus.org\/wp-content\/uploads\/2024\/12\/20241213_075344929_iOS-xc-1024x576.jpg","articleSection":["2026 fidal","2026 spiritual","Fidibus","Spiritualibus"],"inLanguage":"fr-FR"},{"@type":"WebPage","@id":"https:\/\/tonalibus.org\/2026\/01\/04\/together-in-the-harmony-of-life\/","url":"https:\/\/tonalibus.org\/2026\/01\/04\/together-in-the-harmony-of-life\/","name":"Together in the harmony of life &#8211; TONALIBUS Harmony & Tonalities","isPartOf":{"@id":"https:\/\/tonalibus.org\/de\/#website"},"primaryImageOfPage":{"@id":"https:\/\/tonalibus.org\/2026\/01\/04\/together-in-the-harmony-of-life\/#primaryimage"},"image":{"@id":"https:\/\/tonalibus.org\/2026\/01\/04\/together-in-the-harmony-of-life\/#primaryimage"},"thumbnailUrl":"https:\/\/tonalibus.org\/wp-content\/uploads\/2024\/12\/20241213_075344929_iOS-xc-1024x576.jpg","datePublished":"2026-01-04T10:16:10+00:00","dateModified":"2026-01-04T10:35:56+00:00","description":"\u201cTogether in the harmony of life\u201d at the House of Religions in Bern: meditation, silence, mantras, live sounds, and some words","breadcrumb":{"@id":"https:\/\/tonalibus.org\/2026\/01\/04\/together-in-the-harmony-of-life\/#breadcrumb"},"inLanguage":"fr-FR","potentialAction":[{"@type":"ReadAction","target":["https:\/\/tonalibus.org\/2026\/01\/04\/together-in-the-harmony-of-life\/"]}]},{"@type":"ImageObject","inLanguage":"fr-FR","@id":"https:\/\/tonalibus.org\/2026\/01\/04\/together-in-the-harmony-of-life\/#primaryimage","url":"https:\/\/tonalibus.org\/wp-content\/uploads\/2024\/12\/20241213_075344929_iOS-xc-1024x576.jpg","contentUrl":"https:\/\/tonalibus.org\/wp-content\/uploads\/2024\/12\/20241213_075344929_iOS-xc-1024x576.jpg"},{"@type":"BreadcrumbList","@id":"https:\/\/tonalibus.org\/2026\/01\/04\/together-in-the-harmony-of-life\/#breadcrumb","itemListElement":[{"@type":"ListItem","position":1,"name":"Home","item":"https:\/\/tonalibus.org\/"},{"@type":"ListItem","position":2,"name":"Together in the harmony of life"}]},{"@type":"WebSite","@id":"https:\/\/tonalibus.org\/de\/#website","url":"https:\/\/tonalibus.org\/de\/","name":"TONALIBUS","description":"Harmonie et tonalit\u00e9s ancr\u00e9es","publisher":{"@id":"https:\/\/tonalibus.org\/de\/#\/schema\/person\/749261d7bc96d1f00127273f83ab96a4"},"potentialAction":[{"@type":"SearchAction","target":{"@type":"EntryPoint","urlTemplate":"https:\/\/tonalibus.org\/de\/?s={search_term_string}"},"query-input":{"@type":"PropertyValueSpecification","valueRequired":true,"valueName":"search_term_string"}}],"inLanguage":"fr-FR"},{"@type":["Person","Organization"],"@id":"https:\/\/tonalibus.org\/de\/#\/schema\/person\/749261d7bc96d1f00127273f83ab96a4","name":"Ulrico","image":{"@type":"ImageObject","inLanguage":"fr-FR","@id":"https:\/\/tonalibus.org\/wp-content\/uploads\/2020\/06\/uli-pix.jpg","url":"https:\/\/tonalibus.org\/wp-content\/uploads\/2020\/06\/uli-pix.jpg","contentUrl":"https:\/\/tonalibus.org\/wp-content\/uploads\/2020\/06\/uli-pix.jpg","width":960,"height":720,"caption":"Ulrico"},"logo":{"@id":"https:\/\/tonalibus.org\/wp-content\/uploads\/2020\/06\/uli-pix.jpg"},"sameAs":["https:\/\/tonalibus.cyon.site"]}]}},"_links":{"self":[{"href":"https:\/\/tonalibus.org\/fr\/wp-json\/wp\/v2\/posts\/38135","targetHints":{"allow":["GET"]}}],"collection":[{"href":"https:\/\/tonalibus.org\/fr\/wp-json\/wp\/v2\/posts"}],"about":[{"href":"https:\/\/tonalibus.org\/fr\/wp-json\/wp\/v2\/types\/post"}],"author":[{"embeddable":true,"href":"https:\/\/tonalibus.org\/fr\/wp-json\/wp\/v2\/users\/1"}],"replies":[{"embeddable":true,"href":"https:\/\/tonalibus.org\/fr\/wp-json\/wp\/v2\/comments?post=38135"}],"version-history":[{"count":14,"href":"https:\/\/tonalibus.org\/fr\/wp-json\/wp\/v2\/posts\/38135\/revisions"}],"predecessor-version":[{"id":38153,"href":"https:\/\/tonalibus.org\/fr\/wp-json\/wp\/v2\/posts\/38135\/revisions\/38153"}],"wp:attachment":[{"href":"https:\/\/tonalibus.org\/fr\/wp-json\/wp\/v2\/media?parent=38135"}],"wp:term":[{"taxonomy":"category","embeddable":true,"href":"https:\/\/tonalibus.org\/fr\/wp-json\/wp\/v2\/categories?post=38135"},{"taxonomy":"post_tag","embeddable":true,"href":"https:\/\/tonalibus.org\/fr\/wp-json\/wp\/v2\/tags?post=38135"}],"curies":[{"name":"wp","href":"https:\/\/api.w.org\/{rel}","templated":true}]}}