{"id":38505,"date":"2026-03-13T17:51:13","date_gmt":"2026-03-13T16:51:13","guid":{"rendered":"https:\/\/tonalibus.org\/?p=38505"},"modified":"2026-03-13T18:05:03","modified_gmt":"2026-03-13T17:05:03","slug":"winter-spring-2026-tonalibus-update","status":"publish","type":"post","link":"https:\/\/tonalibus.org\/fr\/2026\/03\/13\/winter-spring-2026-tonalibus-update\/","title":{"rendered":"Mise \u00e0 jour Tonalibus hiver-printemps 2026"},"content":{"rendered":"<div class=\"wp-block-buttons is-content-justification-center is-layout-flex wp-container-core-buttons-is-layout-16018d1d wp-block-buttons-is-layout-flex\">\n<div class=\"wp-block-button is-style-outline is-style-outline--1\"><a class=\"wp-block-button__link wp-element-button\" href=\"#summary\">Sommaire<\/a><\/div>\n\n\n\n<div class=\"wp-block-button is-style-outline is-style-outline--2\"><a class=\"wp-block-button__link wp-element-button\" href=\"#album\">Sortie prochaine d'un album<\/a><\/div>\n\n\n\n<div class=\"wp-block-button is-style-outline is-style-outline--3\"><a class=\"wp-block-button__link wp-element-button\" href=\"#playlists\">Playlists et sons<\/a><\/div>\n\n\n\n<div class=\"wp-block-button is-style-outline is-style-outline--4\"><a class=\"wp-block-button__link wp-element-button\" href=\"#website\">Site web Tonalibus &amp; Maison des religions<\/a><\/div>\n<\/div>\n\n\n\n<div style=\"height:50px\" aria-hidden=\"true\" id=\"summary\" class=\"wp-block-spacer\"><\/div>\n\n\n\n<p class=\"has-text-color has-link-color wp-elements-979dc97323b408b0df5c71836e44004a\" style=\"color:#f7b320\">Cette mise \u00e0 jour Tonalibus hiver-printemps 2026 annonce la sortie prochaine du nouvel album triple <em>Tonalibus R, S &amp; T<\/em> le 1er mai. Ensuite elle met en \u00e9vidence des nouveaux enregistrements Tonalibus dans la <em>Playlist U<\/em> et dans la version d\u00e9j\u00e0 compl\u00e8te de la <em>Playlist T <\/em>et <em>Sons d'hiver 2025-2026<\/em>. Elle aborde \u00e9galement un \u00e9l\u00e9ment renouvel\u00e9 sur le site web Tonalibus et des m\u00e9ditations sonores r\u00e9guli\u00e8res offertes \u00e0 la Maison des religions \u00e0 Berne.<\/p>\n\n\n\n<h2 class=\"wp-block-heading has-text-color has-link-color wp-elements-4b8caa02b1ac17a8879ab16e239887ba\" id=\"album\" style=\"color:#f7b320\">Sortie prochaine d'un nouvel album triple le 1er mai<\/h2>\n\n\n\n<div class=\"wp-block-media-text is-stacked-on-mobile\" style=\"grid-template-columns:30% auto\"><figure class=\"wp-block-media-text__media\"><img loading=\"lazy\" decoding=\"async\" width=\"1024\" height=\"1024\" src=\"https:\/\/tonalibus.org\/wp-content\/uploads\/2025\/01\/20250102_070422267_iOS-xc-sqr-RST-1024x1024.jpg\" alt=\"Winter-spring 2026 Tonalibus update\" class=\"wp-image-35018 size-full\" srcset=\"https:\/\/tonalibus.org\/wp-content\/uploads\/2025\/01\/20250102_070422267_iOS-xc-sqr-RST-1024x1024.jpg 1024w, https:\/\/tonalibus.org\/wp-content\/uploads\/2025\/01\/20250102_070422267_iOS-xc-sqr-RST-300x300.jpg 300w, https:\/\/tonalibus.org\/wp-content\/uploads\/2025\/01\/20250102_070422267_iOS-xc-sqr-RST-150x150.jpg 150w, https:\/\/tonalibus.org\/wp-content\/uploads\/2025\/01\/20250102_070422267_iOS-xc-sqr-RST-768x768.jpg 768w, https:\/\/tonalibus.org\/wp-content\/uploads\/2025\/01\/20250102_070422267_iOS-xc-sqr-RST-1536x1536.jpg 1536w, https:\/\/tonalibus.org\/wp-content\/uploads\/2025\/01\/20250102_070422267_iOS-xc-sqr-RST-2048x2048.jpg 2048w, https:\/\/tonalibus.org\/wp-content\/uploads\/2025\/01\/20250102_070422267_iOS-xc-sqr-RST-12x12.jpg 12w, https:\/\/tonalibus.org\/wp-content\/uploads\/2025\/01\/20250102_070422267_iOS-xc-sqr-RST-100x100.jpg 100w, https:\/\/tonalibus.org\/wp-content\/uploads\/2025\/01\/20250102_070422267_iOS-xc-sqr-RST-1320x1320.jpg 1320w, https:\/\/tonalibus.org\/wp-content\/uploads\/2025\/01\/20250102_070422267_iOS-xc-sqr-RST-560x560.jpg 560w\" sizes=\"auto, (max-width: 706px) 89vw, (max-width: 767px) 82vw, 740px\" \/><\/figure><div class=\"wp-block-media-text__content\">\n<p class=\"has-text-color has-link-color wp-elements-58df8c94fbc0a412bfacdd0db469562b\" style=\"color:#f7b320\">Le nouvel album triple <em>Tonalibus R, S &amp; T<\/em> d'Ulrico appara\u00eet le 1er mai 2026 dans le monde entier sur de nombreuses plateformes musicales \u2013 sur <a href=\"https:\/\/open.spotify.com\/artist\/3JiD2vdPrQKW5cQ1kzVUfR\" target=\"_blank\" rel=\"noreferrer noopener\"><mark style=\"background-color:rgba(0, 0, 0, 0);color:#f7b320\" class=\"has-inline-color\">Spotify<\/mark><\/a><mark style=\"background-color:rgba(0, 0, 0, 0);color:#f7b320\" class=\"has-inline-color\">, <\/mark><a href=\"https:\/\/music.youtube.com\/channel\/UCihsJzyNwheaIF6_KHl7iPg\" target=\"_blank\" rel=\"noreferrer noopener\"><mark style=\"background-color:rgba(0, 0, 0, 0);color:#f7b320\" class=\"has-inline-color\">YouTube Music<\/mark><\/a><mark style=\"background-color:rgba(0, 0, 0, 0);color:#f7b320\" class=\"has-inline-color\">,<\/mark> <a href=\"https:\/\/listen.tidal.com\/artist\/26118548\" target=\"_blank\" rel=\"noreferrer noopener\"><mark style=\"background-color:rgba(0, 0, 0, 0);color:#f7b320\" class=\"has-inline-color\">Tidal<\/mark><\/a>, <a href=\"https:\/\/music.apple.com\/us\/artist\/ulrico\/1572759764\" target=\"_blank\" rel=\"noreferrer noopener\"><mark style=\"background-color:rgba(0, 0, 0, 0);color:#f7b320\" class=\"has-inline-color\">Apple Music<\/mark><\/a><mark style=\"background-color:rgba(0, 0, 0, 0);color:#f7b320\" class=\"has-inline-color\">, <\/mark><a href=\"https:\/\/www.amazon.com\/music\/player\/artists\/B097D6BL1S\/ulrico\" target=\"_blank\" rel=\"noreferrer noopener\"><mark style=\"background-color:rgba(0, 0, 0, 0);color:#f7b320\" class=\"has-inline-color\">Amazon Music<\/mark><\/a><mark style=\"background-color:rgba(0, 0, 0, 0);color:#f7b320\" class=\"has-inline-color\">, <\/mark><a href=\"https:\/\/www.deezer.com\/en\/artist\/136505382\" target=\"_blank\" rel=\"noreferrer noopener\"><mark style=\"background-color:rgba(0, 0, 0, 0);color:#f7b320\" class=\"has-inline-color\">Deezer<\/mark><\/a>, et bien d'autres. Des informations d\u00e9taill\u00e9es sur ce nouvel album et ses 27 titres sont disponibles sur la page <em><a href=\"https:\/\/tonalibus.org\/fr\/shop\/tonalibus-r-s-t-album\/\" type=\"page\" id=\"38450\"><mark style=\"background-color:rgba(0, 0, 0, 0);color:#f7b320\" class=\"has-inline-color\">Tonalibus R, S &amp; T \u2013 album<\/mark><\/a><\/em>. Son premier titre est \u201c<em>May the blessings be\u201d \u2013 l'ignorance abandonn\u00e9e<\/em> (ci-dessous).<\/p>\n<\/div><\/div>\n\n\n\n<figure class=\"wp-block-audio\"><audio controls src=\"https:\/\/tonalibus.org\/wp-content\/uploads\/2025\/12\/2025-12-04-8GG.mp3\" preload=\"metadata\"><\/audio><figcaption class=\"wp-element-caption\"><mark style=\"background-color:rgba(0, 0, 0, 0);color:#f7b320\" class=\"has-inline-color\">\u201cMay the blessings be\u201d \u2013 l'ignorance abandonn\u00e9e <em>\u2014 <\/em><\/mark><a href=\"https:\/\/tonalibus.org\/fr\/tonalities\/diatonic-heptatonalities\/dorian\/\"><mark style=\"background-color:rgba(0, 0, 0, 0);color:#f7b320\" class=\"has-inline-color\">Dorien<\/mark><\/a><mark style=\"background-color:rgba(0, 0, 0, 0);color:#f7b320\" class=\"has-inline-color\"> sur Do# 138 Hz (rel. La 438 Hz) \u2013 guitare \u00e0 8 cordes \u2013 d\u00e9cembre 2025 \u2013 8:32<\/mark><\/figcaption><\/figure>\n\n\n\n<h2 class=\"wp-block-heading has-text-color has-link-color wp-elements-f7de7169f535f03743a3372f1d8fec64\" id=\"playlists\" style=\"color:#f7b320\">Mise \u00e0 jour hiver-printemps 2026 des playlists et sons<\/h2>\n\n\n\n<div class=\"wp-block-media-text is-stacked-on-mobile\" style=\"grid-template-columns:30% auto\"><figure class=\"wp-block-media-text__media\"><img loading=\"lazy\" decoding=\"async\" width=\"1024\" height=\"1024\" src=\"https:\/\/tonalibus.org\/wp-content\/uploads\/2026\/02\/20241213_075344929_iOS-xcsqr-U-1024x1024.jpg\" alt=\"Winter-spring 2026 Tonalibus update\" class=\"wp-image-38337 size-full\" srcset=\"https:\/\/tonalibus.org\/wp-content\/uploads\/2026\/02\/20241213_075344929_iOS-xcsqr-U-1024x1024.jpg 1024w, https:\/\/tonalibus.org\/wp-content\/uploads\/2026\/02\/20241213_075344929_iOS-xcsqr-U-300x300.jpg 300w, https:\/\/tonalibus.org\/wp-content\/uploads\/2026\/02\/20241213_075344929_iOS-xcsqr-U-150x150.jpg 150w, https:\/\/tonalibus.org\/wp-content\/uploads\/2026\/02\/20241213_075344929_iOS-xcsqr-U-768x768.jpg 768w, https:\/\/tonalibus.org\/wp-content\/uploads\/2026\/02\/20241213_075344929_iOS-xcsqr-U-1536x1536.jpg 1536w, https:\/\/tonalibus.org\/wp-content\/uploads\/2026\/02\/20241213_075344929_iOS-xcsqr-U-2048x2048.jpg 2048w, https:\/\/tonalibus.org\/wp-content\/uploads\/2026\/02\/20241213_075344929_iOS-xcsqr-U-12x12.jpg 12w, https:\/\/tonalibus.org\/wp-content\/uploads\/2026\/02\/20241213_075344929_iOS-xcsqr-U-100x100.jpg 100w, https:\/\/tonalibus.org\/wp-content\/uploads\/2026\/02\/20241213_075344929_iOS-xcsqr-U-1320x1320.jpg 1320w, https:\/\/tonalibus.org\/wp-content\/uploads\/2026\/02\/20241213_075344929_iOS-xcsqr-U-560x560.jpg 560w\" sizes=\"auto, (max-width: 706px) 89vw, (max-width: 767px) 82vw, 740px\" \/><\/figure><div class=\"wp-block-media-text__content\">\n<p class=\"has-text-color has-link-color wp-elements-1014859d28c6509621d01a1ab663c8ea\" style=\"color:#f7b320\">La nouvelle <em><a href=\"https:\/\/tonalibus.org\/fr\/shop\/playlists-2\/playlist-u-v-w\/#u\" type=\"page\" id=\"38342\"><mark style=\"background-color:rgba(0, 0, 0, 0);color:#f7b320\" class=\"has-inline-color\">Playlist U<\/mark><\/a><\/em> \u201c<em>Larmes de joie sinc\u00e8res<\/em>\u201d propose d\u00e9j\u00e0 deux nouveaux morceaux datant de f\u00e9vrier 2026:<br>\u2014 \u201c<em>Sa\u1e43bhogak\u0101ya \u0938\u0902\u092d\u094b\u0917\u0915\u093e\u092f \/ \u5831\u8eab\u201d \u2013 corps de jouissance<\/em><br>\u2014 \u201c<em>Heartfelt tears of joy\u201d \u2013 pouvez-vous les ressentir ?<\/em> (ci-dessous)<\/p>\n\n\n\n<p class=\"has-text-color has-link-color wp-elements-ec488894854ae1bb70268da27d5b250d\" style=\"color:#f7b320\"><a href=\"https:\/\/tonalibus.org\/fr\/sounds\/2026-sounds-and-images\/winter-2025-2026-sounds\/\" type=\"page\" id=\"37796\"><mark style=\"background-color:rgba(0, 0, 0, 0);color:#f7b320\" class=\"has-inline-color\">Sons d'hiver 2025-2026<\/mark><\/a> est maintenant complet avec treize nouveaux morceaux, dont quatre avec Christina Braun (voix) qui figurent \u00e9galement dans la nouvelle playlist <a href=\"https:\/\/tonalibus.org\/fr\/shop\/playlists-2\/playlist-coops\/#chris-C\" type=\"page\" id=\"25710\"><mark style=\"background-color:rgba(0, 0, 0, 0);color:#f7b320\" class=\"has-inline-color\">Coop C<\/mark><\/a>.<\/p>\n<\/div><\/div>\n\n\n\n<figure class=\"wp-block-audio\"><audio controls src=\"https:\/\/tonalibus.org\/wp-content\/uploads\/2026\/02\/2026-02-07-7GTALSTIN.mp3\" preload=\"metadata\"><\/audio><figcaption class=\"wp-element-caption\"><mark style=\"background-color:rgba(0, 0, 0, 0);color:#f7b320\" class=\"has-inline-color\"><em>\u201cHeartfelt tears of joy\u201d \u2013 pouvez-vous les ressentir ? <\/em>\u2014 <\/mark><a href=\"https:\/\/tonalibus.org\/fr\/tonalities\/diatonic-heptatonalities\/mixolydian\/\" type=\"page\" id=\"555\"><mark style=\"background-color:rgba(0, 0, 0, 0);color:#f7b320\" class=\"has-inline-color\">Mixolydien<\/mark><\/a><mark style=\"background-color:rgba(0, 0, 0, 0);color:#f7b320\" class=\"has-inline-color\"> sur Fa# 184 Hz (rel. La 438 Hz) \u2013 guitare \u00e0 7 cordes, guitare lap slide, cymbales tingsha, tanpura \u2013 f\u00e9vrier 2026 \u2013 10:48<\/mark><\/figcaption><\/figure>\n\n\n\n<div class=\"wp-block-media-text is-stacked-on-mobile\" style=\"grid-template-columns:30% auto\"><figure class=\"wp-block-media-text__media\"><img loading=\"lazy\" decoding=\"async\" width=\"1024\" height=\"1024\" src=\"https:\/\/tonalibus.org\/wp-content\/uploads\/2025\/01\/20250102_070422267_iOS-xc-T-1024x1024.jpg\" alt=\"Winter-spring 2026 Tonalibus update\" class=\"wp-image-35021 size-full\" srcset=\"https:\/\/tonalibus.org\/wp-content\/uploads\/2025\/01\/20250102_070422267_iOS-xc-T-1024x1024.jpg 1024w, https:\/\/tonalibus.org\/wp-content\/uploads\/2025\/01\/20250102_070422267_iOS-xc-T-300x300.jpg 300w, https:\/\/tonalibus.org\/wp-content\/uploads\/2025\/01\/20250102_070422267_iOS-xc-T-150x150.jpg 150w, https:\/\/tonalibus.org\/wp-content\/uploads\/2025\/01\/20250102_070422267_iOS-xc-T-768x768.jpg 768w, https:\/\/tonalibus.org\/wp-content\/uploads\/2025\/01\/20250102_070422267_iOS-xc-T-1536x1536.jpg 1536w, https:\/\/tonalibus.org\/wp-content\/uploads\/2025\/01\/20250102_070422267_iOS-xc-T-2048x2048.jpg 2048w, https:\/\/tonalibus.org\/wp-content\/uploads\/2025\/01\/20250102_070422267_iOS-xc-T-12x12.jpg 12w, https:\/\/tonalibus.org\/wp-content\/uploads\/2025\/01\/20250102_070422267_iOS-xc-T-100x100.jpg 100w, https:\/\/tonalibus.org\/wp-content\/uploads\/2025\/01\/20250102_070422267_iOS-xc-T-1320x1320.jpg 1320w, https:\/\/tonalibus.org\/wp-content\/uploads\/2025\/01\/20250102_070422267_iOS-xc-T-560x560.jpg 560w\" sizes=\"auto, (max-width: 706px) 89vw, (max-width: 767px) 82vw, 740px\" \/><\/figure><div class=\"wp-block-media-text__content\">\n<p class=\"has-text-color has-link-color wp-elements-311344898d3ae61e031f16d458313a29\" style=\"color:#f7b320;font-size:14px\"><a href=\"https:\/\/tonalibus.org\/fr\/shop\/playlists-2\/playlist-r-s-t\/#t\"><em><mark style=\"background-color:rgba(0, 0, 0, 0);color:#f7b320\" class=\"has-inline-color\">Playlist T<\/mark><\/em><\/a> \u201c<em>En avant dans le son de la lumi\u00e8re<\/em>\u201d est d\u00e9sormais compl\u00e8te avec les nouveaux morceaux de nov. 2025 \u00e0 f\u00e9v. 2026:<br>\u2014 <em>\u201cBodhi Paloma\u201d \u2013 le petit nid douillet<\/em><br>\u2014 <em>\u201cDream projections\u201d \u2013 laisse-les voler haut<\/em><br>\u2014 <em>\u201cMay the blessings be\u201d \u2013 l'ignorance abandonn\u00e9e<\/em> (dessus)<br>\u2014 <em>\u201cShamisen blues\u201d \u2013 adieu \u00e0 un autre tour pass\u00e9<\/em><br>\u2014 <em>\u201cSun rays\u2019 dance in a dojo\u201d \u2013 bienvenue dans un nouveau cycle<\/em><br>\u2014 <em>\u201cSaranam gacchami\u201d \u2013 refuge des trois joyaux<\/em> (ci-dessous)<br>\u2014 <em>\u201cNon-return\u201d \u2013 d'une retraite non-moi<\/em><br>\u2014 <em>\u201cDragonfly wings\u201d \u2013 avec Christina Braun<\/em> (voix)<br>\u2014 <em>\u201cIt is what it is\u201d \u2013 avec Christina Braun<\/em> (voix)<br><\/p>\n<\/div><\/div>\n\n\n\n<figure class=\"wp-block-audio\"><audio controls src=\"https:\/\/tonalibus.org\/wp-content\/uploads\/2026\/01\/2026-01-26-VVVVTRTA.mp3\" preload=\"metadata\"><\/audio><figcaption class=\"wp-element-caption\"><mark style=\"background-color:rgba(0, 0, 0, 0);color:#f7b320\" class=\"has-inline-color\"><em>\u201cSaranam gacchami\u201d \u2013 refuge des trois joyaux<\/em> \u2014<\/mark> <a href=\"https:\/\/tonalibus.org\/fr\/tonalities\/diatonic-heptatonalities\/mixolydian\/\" type=\"page\" id=\"555\"><mark style=\"background-color:rgba(0, 0, 0, 0);color:#f7b320\" class=\"has-inline-color\">Mixolyd<\/mark><\/a><mark style=\"background-color:rgba(0, 0, 0, 0);color:#f7b320\" class=\"has-inline-color\">-<\/mark><a href=\"https:\/\/tonalibus.org\/fr\/tonalities\/diatonic-heptatonalities\/ionian-diatonic-major\/\" type=\"page\" id=\"557\"><mark style=\"background-color:rgba(0, 0, 0, 0);color:#f7b320\" class=\"has-inline-color\">Ionien<\/mark><\/a><mark style=\"background-color:rgba(0, 0, 0, 0);color:#f7b320\" class=\"has-inline-color\"> (r\u00e9duit) sur Fa 172 Hz (rel. La 432 Hz) \u2013 chant des voix, fl\u00fbte \u00e0 bec t\u00e9nor, tanpura \u2013 janvier 2026 \u2013 7:11 <\/mark><\/figcaption><\/figure>\n\n\n\n<h2 class=\"wp-block-heading has-text-color has-link-color wp-elements-896fc8044392122a0f71f57983765d84\" id=\"website\" style=\"color:#f7b320\">Renouvel\u00e9 sur ce site web et \u00e0 la Maison des religions<\/h2>\n\n\n\n<div class=\"wp-block-media-text is-stacked-on-mobile\" style=\"grid-template-columns:30% auto\"><figure class=\"wp-block-media-text__media\"><img loading=\"lazy\" decoding=\"async\" width=\"722\" height=\"1024\" src=\"https:\/\/tonalibus.org\/wp-content\/uploads\/2026\/03\/IMG_2437x-xc-722x1024.jpg\" alt=\"Winter-spring 2026 Tonalibus update\" class=\"wp-image-38601 size-full\" srcset=\"https:\/\/tonalibus.org\/wp-content\/uploads\/2026\/03\/IMG_2437x-xc-722x1024.jpg 722w, https:\/\/tonalibus.org\/wp-content\/uploads\/2026\/03\/IMG_2437x-xc-211x300.jpg 211w, https:\/\/tonalibus.org\/wp-content\/uploads\/2026\/03\/IMG_2437x-xc-768x1090.jpg 768w, https:\/\/tonalibus.org\/wp-content\/uploads\/2026\/03\/IMG_2437x-xc-1083x1536.jpg 1083w, https:\/\/tonalibus.org\/wp-content\/uploads\/2026\/03\/IMG_2437x-xc-1444x2048.jpg 1444w, https:\/\/tonalibus.org\/wp-content\/uploads\/2026\/03\/IMG_2437x-xc-8x12.jpg 8w, https:\/\/tonalibus.org\/wp-content\/uploads\/2026\/03\/IMG_2437x-xc-1320x1873.jpg 1320w, https:\/\/tonalibus.org\/wp-content\/uploads\/2026\/03\/IMG_2437x-xc-scaled.jpg 1805w\" sizes=\"auto, (max-width: 722px) 100vw, 722px\" \/><\/figure><div class=\"wp-block-media-text__content\">\n<p class=\"has-text-color has-link-color wp-elements-4059996b025042f4ddc59680a8036ebb\" style=\"color:#f7b320\">La liste de r\u00e9f\u00e9rence des personnes profond\u00e9ment inspirantes figurant sur la page \u00e0 propos de <a href=\"https:\/\/tonalibus.org\/fr\/about-tonalibus\/ulrico\/\" type=\"page\" id=\"3651\"><mark style=\"background-color:rgba(0, 0, 0, 0);color:#f7b320\" class=\"has-inline-color\">Ulrico<\/mark><\/a> a plus que doubl\u00e9 le nombre de noms r\u00e9pertori\u00e9s.<\/p>\n\n\n\n<p class=\"has-text-color has-link-color wp-elements-7f8ac22253c49d7a234b3dd55699f371\" style=\"color:#f7b320\">Les \u00e9chantillons de chants sur <em><a href=\"https:\/\/tonalibus.org\/fr\/about-tonalibus\/hu-mantra-of-soul\/\" type=\"page\" id=\"4744\"><mark style=\"background-color:rgba(0, 0, 0, 0);color:#f7b320\" class=\"has-inline-color\">Mantras de l'\u00e2me<\/mark><\/a> <\/em>sont:<br>\u2014 <em>\u201cA blessing of<strong> <\/strong>\u014c\u1e43 \/ Aum<strong> <\/strong>\u0950\u201d \u2013 amour pour tous les \u00eatres<\/em><br>\u2014 <em>\u201cTears of joy\u201d \u2013 mantra de l'\u00e2me<\/em><br>\u2014 <em>\u201cSaranam gacchami\u201d \u2013 refuge des trois joyaux<\/em> (dessus)<br><em>\u2014 <\/em>un lien vers une version du <em>\u201cMahamrityunjaya Mantra\u201d<\/em><\/p>\n\n\n\n<p class=\"has-text-color has-link-color wp-elements-7457d723c0aa7dc77737812fb59c72b0\" style=\"color:#f7b320\">Tous les deux mois \u00e0 la <a href=\"https:\/\/haus-der-religionen.ch\/\" target=\"_blank\" rel=\"noreferrer noopener\"><mark style=\"background-color:rgba(0, 0, 0, 0);color:#f7b320\" class=\"has-inline-color\">Maison des religions \u00e0 Berne<\/mark><\/a>, Ulrico anime une rencontre de pratique m\u00e9ditative \u201c<a href=\"https:\/\/www.buddhismus-bern.ch\/anl%C3%A4sse\/wiederkehrende-anl%C3%A4sse-1\/#60\" target=\"_blank\" rel=\"noreferrer noopener\"><mark style=\"background-color:rgba(0, 0, 0, 0);color:#f7b320\" class=\"has-inline-color\">Ensemble dans l'harmonie de la vie<\/mark><\/a>\u201d \u2013 silence, sons et mots.<\/p>\n<\/div><\/div>\n\n\n\n<h2 class=\"wp-block-heading has-text-color has-link-color wp-elements-1eb44f683182faebbfb8610492ee0982\" style=\"color:#f7b320\">Que nous tous soyons diligents, ardents et r\u00e9solus !<\/h2>","protected":false},"excerpt":{"rendered":"<p>Cette mise \u00e0 jour Tonalibus hiver-printemps 2026 annonce la sortie prochaine du nouvel album triple \u201cTonalibus R, S &amp; T\u201d le 1er mai. Ensuite elle met en \u00e9vidence des nouveaux enregistrements Tonalibus et plus...<\/p>","protected":false},"author":1,"featured_media":0,"comment_status":"closed","ping_status":"open","sticky":false,"template":"","format":"standard","meta":{"footnotes":""},"categories":[40,41,12,11,16],"tags":[],"class_list":["post-38505","post","type-post","status-publish","format-standard","hentry","category-2026-fidal","category-2026-tonal","category-fidibus","category-tonalibus","category-update"],"yoast_head":"<!-- This site is optimized with the Yoast SEO plugin v27.5 - https:\/\/yoast.com\/product\/yoast-seo-wordpress\/ -->\n<title>Winter-spring 2026 Tonalibus update &#8211; TONALIBUS Harmony<\/title>\n<meta name=\"description\" content=\"This winter-spring 2026 Tonalibus update announces the release of the album &quot;Tonalibus R, S &amp; T&quot; on May 1 and new Tonalibus recordings...\" \/>\n<meta name=\"robots\" content=\"index, follow, max-snippet:-1, max-image-preview:large, max-video-preview:-1\" \/>\n<link rel=\"canonical\" href=\"https:\/\/tonalibus.org\/fr\/2026\/03\/13\/winter-spring-2026-tonalibus-update\/\" \/>\n<meta property=\"og:locale\" content=\"fr_FR\" \/>\n<meta property=\"og:type\" content=\"article\" \/>\n<meta property=\"og:title\" content=\"Winter-spring 2026 Tonalibus update &#8211; TONALIBUS Harmony\" \/>\n<meta property=\"og:description\" content=\"This winter-spring 2026 Tonalibus update announces the release of the album &quot;Tonalibus R, S &amp; T&quot; on May 1 and new Tonalibus recordings...\" \/>\n<meta property=\"og:url\" content=\"https:\/\/tonalibus.org\/fr\/2026\/03\/13\/winter-spring-2026-tonalibus-update\/\" \/>\n<meta property=\"og:site_name\" content=\"TONALIBUS\" \/>\n<meta property=\"article:published_time\" content=\"2026-03-13T16:51:13+00:00\" \/>\n<meta property=\"article:modified_time\" content=\"2026-03-13T17:05:03+00:00\" \/>\n<meta property=\"og:image\" content=\"https:\/\/tonalibus.org\/wp-content\/uploads\/2025\/01\/20250102_070422267_iOS-xc-sqr-RST.jpg\" \/>\n\t<meta property=\"og:image:width\" content=\"2073\" \/>\n\t<meta property=\"og:image:height\" content=\"2073\" \/>\n\t<meta property=\"og:image:type\" content=\"image\/jpeg\" \/>\n<meta name=\"author\" content=\"Ulrico\" \/>\n<meta name=\"twitter:card\" content=\"summary_large_image\" \/>\n<meta name=\"twitter:label1\" content=\"\u00c9crit par\" \/>\n\t<meta name=\"twitter:data1\" content=\"Ulrico\" \/>\n\t<meta name=\"twitter:label2\" content=\"Dur\u00e9e de lecture estim\u00e9e\" \/>\n\t<meta name=\"twitter:data2\" content=\"3 minutes\" \/>\n<script type=\"application\/ld+json\" class=\"yoast-schema-graph\">{\"@context\":\"https:\\\/\\\/schema.org\",\"@graph\":[{\"@type\":\"Article\",\"@id\":\"https:\\\/\\\/tonalibus.org\\\/2026\\\/03\\\/13\\\/winter-spring-2026-tonalibus-update\\\/#article\",\"isPartOf\":{\"@id\":\"https:\\\/\\\/tonalibus.org\\\/2026\\\/03\\\/13\\\/winter-spring-2026-tonalibus-update\\\/\"},\"author\":{\"name\":\"Ulrico\",\"@id\":\"https:\\\/\\\/tonalibus.org\\\/de\\\/#\\\/schema\\\/person\\\/749261d7bc96d1f00127273f83ab96a4\"},\"headline\":\"Winter-spring 2026 Tonalibus update\",\"datePublished\":\"2026-03-13T16:51:13+00:00\",\"dateModified\":\"2026-03-13T17:05:03+00:00\",\"mainEntityOfPage\":{\"@id\":\"https:\\\/\\\/tonalibus.org\\\/2026\\\/03\\\/13\\\/winter-spring-2026-tonalibus-update\\\/\"},\"wordCount\":512,\"publisher\":{\"@id\":\"https:\\\/\\\/tonalibus.org\\\/de\\\/#\\\/schema\\\/person\\\/749261d7bc96d1f00127273f83ab96a4\"},\"image\":{\"@id\":\"https:\\\/\\\/tonalibus.org\\\/2026\\\/03\\\/13\\\/winter-spring-2026-tonalibus-update\\\/#primaryimage\"},\"thumbnailUrl\":\"https:\\\/\\\/tonalibus.org\\\/wp-content\\\/uploads\\\/2025\\\/01\\\/20250102_070422267_iOS-xc-sqr-RST-1024x1024.jpg\",\"articleSection\":[\"2026 fidal\",\"2026 tonal\",\"Fidibus\",\"Tonalibus\",\"Update\"],\"inLanguage\":\"fr-FR\"},{\"@type\":\"WebPage\",\"@id\":\"https:\\\/\\\/tonalibus.org\\\/2026\\\/03\\\/13\\\/winter-spring-2026-tonalibus-update\\\/\",\"url\":\"https:\\\/\\\/tonalibus.org\\\/2026\\\/03\\\/13\\\/winter-spring-2026-tonalibus-update\\\/\",\"name\":\"Winter-spring 2026 Tonalibus update &#8211; TONALIBUS Harmony\",\"isPartOf\":{\"@id\":\"https:\\\/\\\/tonalibus.org\\\/de\\\/#website\"},\"primaryImageOfPage\":{\"@id\":\"https:\\\/\\\/tonalibus.org\\\/2026\\\/03\\\/13\\\/winter-spring-2026-tonalibus-update\\\/#primaryimage\"},\"image\":{\"@id\":\"https:\\\/\\\/tonalibus.org\\\/2026\\\/03\\\/13\\\/winter-spring-2026-tonalibus-update\\\/#primaryimage\"},\"thumbnailUrl\":\"https:\\\/\\\/tonalibus.org\\\/wp-content\\\/uploads\\\/2025\\\/01\\\/20250102_070422267_iOS-xc-sqr-RST-1024x1024.jpg\",\"datePublished\":\"2026-03-13T16:51:13+00:00\",\"dateModified\":\"2026-03-13T17:05:03+00:00\",\"description\":\"This winter-spring 2026 Tonalibus update announces the release of the album \\\"Tonalibus R, S & T\\\" on May 1 and new Tonalibus recordings...\",\"breadcrumb\":{\"@id\":\"https:\\\/\\\/tonalibus.org\\\/2026\\\/03\\\/13\\\/winter-spring-2026-tonalibus-update\\\/#breadcrumb\"},\"inLanguage\":\"fr-FR\",\"potentialAction\":[{\"@type\":\"ReadAction\",\"target\":[\"https:\\\/\\\/tonalibus.org\\\/2026\\\/03\\\/13\\\/winter-spring-2026-tonalibus-update\\\/\"]}]},{\"@type\":\"ImageObject\",\"inLanguage\":\"fr-FR\",\"@id\":\"https:\\\/\\\/tonalibus.org\\\/2026\\\/03\\\/13\\\/winter-spring-2026-tonalibus-update\\\/#primaryimage\",\"url\":\"https:\\\/\\\/tonalibus.org\\\/wp-content\\\/uploads\\\/2025\\\/01\\\/20250102_070422267_iOS-xc-sqr-RST-1024x1024.jpg\",\"contentUrl\":\"https:\\\/\\\/tonalibus.org\\\/wp-content\\\/uploads\\\/2025\\\/01\\\/20250102_070422267_iOS-xc-sqr-RST-1024x1024.jpg\"},{\"@type\":\"BreadcrumbList\",\"@id\":\"https:\\\/\\\/tonalibus.org\\\/2026\\\/03\\\/13\\\/winter-spring-2026-tonalibus-update\\\/#breadcrumb\",\"itemListElement\":[{\"@type\":\"ListItem\",\"position\":1,\"name\":\"Home\",\"item\":\"https:\\\/\\\/tonalibus.org\\\/\"},{\"@type\":\"ListItem\",\"position\":2,\"name\":\"Winter-spring 2026 Tonalibus update\"}]},{\"@type\":\"WebSite\",\"@id\":\"https:\\\/\\\/tonalibus.org\\\/de\\\/#website\",\"url\":\"https:\\\/\\\/tonalibus.org\\\/de\\\/\",\"name\":\"TONALIBUS\",\"description\":\"Anchored Harmony and Tonalities\",\"publisher\":{\"@id\":\"https:\\\/\\\/tonalibus.org\\\/de\\\/#\\\/schema\\\/person\\\/749261d7bc96d1f00127273f83ab96a4\"},\"potentialAction\":[{\"@type\":\"SearchAction\",\"target\":{\"@type\":\"EntryPoint\",\"urlTemplate\":\"https:\\\/\\\/tonalibus.org\\\/de\\\/?s={search_term_string}\"},\"query-input\":{\"@type\":\"PropertyValueSpecification\",\"valueRequired\":true,\"valueName\":\"search_term_string\"}}],\"inLanguage\":\"fr-FR\"},{\"@type\":[\"Person\",\"Organization\"],\"@id\":\"https:\\\/\\\/tonalibus.org\\\/de\\\/#\\\/schema\\\/person\\\/749261d7bc96d1f00127273f83ab96a4\",\"name\":\"Ulrico\",\"image\":{\"@type\":\"ImageObject\",\"inLanguage\":\"fr-FR\",\"@id\":\"https:\\\/\\\/tonalibus.org\\\/wp-content\\\/uploads\\\/2020\\\/06\\\/uli-pix.jpg\",\"url\":\"https:\\\/\\\/tonalibus.org\\\/wp-content\\\/uploads\\\/2020\\\/06\\\/uli-pix.jpg\",\"contentUrl\":\"https:\\\/\\\/tonalibus.org\\\/wp-content\\\/uploads\\\/2020\\\/06\\\/uli-pix.jpg\",\"width\":960,\"height\":720,\"caption\":\"Ulrico\"},\"logo\":{\"@id\":\"https:\\\/\\\/tonalibus.org\\\/wp-content\\\/uploads\\\/2020\\\/06\\\/uli-pix.jpg\"},\"sameAs\":[\"https:\\\/\\\/tonalibus.cyon.site\"]}]}<\/script>\n<!-- \/ Yoast SEO plugin. -->","yoast_head_json":{"title":"Winter-spring 2026 Tonalibus update &#8211; TONALIBUS Harmony","description":"This winter-spring 2026 Tonalibus update announces the release of the album \"Tonalibus R, S & T\" on May 1 and new Tonalibus recordings...","robots":{"index":"index","follow":"follow","max-snippet":"max-snippet:-1","max-image-preview":"max-image-preview:large","max-video-preview":"max-video-preview:-1"},"canonical":"https:\/\/tonalibus.org\/fr\/2026\/03\/13\/winter-spring-2026-tonalibus-update\/","og_locale":"fr_FR","og_type":"article","og_title":"Winter-spring 2026 Tonalibus update &#8211; TONALIBUS Harmony","og_description":"This winter-spring 2026 Tonalibus update announces the release of the album \"Tonalibus R, S & T\" on May 1 and new Tonalibus recordings...","og_url":"https:\/\/tonalibus.org\/fr\/2026\/03\/13\/winter-spring-2026-tonalibus-update\/","og_site_name":"TONALIBUS","article_published_time":"2026-03-13T16:51:13+00:00","article_modified_time":"2026-03-13T17:05:03+00:00","og_image":[{"width":2073,"height":2073,"url":"https:\/\/tonalibus.org\/wp-content\/uploads\/2025\/01\/20250102_070422267_iOS-xc-sqr-RST.jpg","type":"image\/jpeg"}],"author":"Ulrico","twitter_card":"summary_large_image","twitter_misc":{"\u00c9crit par":"Ulrico","Dur\u00e9e de lecture estim\u00e9e":"3 minutes"},"schema":{"@context":"https:\/\/schema.org","@graph":[{"@type":"Article","@id":"https:\/\/tonalibus.org\/2026\/03\/13\/winter-spring-2026-tonalibus-update\/#article","isPartOf":{"@id":"https:\/\/tonalibus.org\/2026\/03\/13\/winter-spring-2026-tonalibus-update\/"},"author":{"name":"Ulrico","@id":"https:\/\/tonalibus.org\/de\/#\/schema\/person\/749261d7bc96d1f00127273f83ab96a4"},"headline":"Winter-spring 2026 Tonalibus update","datePublished":"2026-03-13T16:51:13+00:00","dateModified":"2026-03-13T17:05:03+00:00","mainEntityOfPage":{"@id":"https:\/\/tonalibus.org\/2026\/03\/13\/winter-spring-2026-tonalibus-update\/"},"wordCount":512,"publisher":{"@id":"https:\/\/tonalibus.org\/de\/#\/schema\/person\/749261d7bc96d1f00127273f83ab96a4"},"image":{"@id":"https:\/\/tonalibus.org\/2026\/03\/13\/winter-spring-2026-tonalibus-update\/#primaryimage"},"thumbnailUrl":"https:\/\/tonalibus.org\/wp-content\/uploads\/2025\/01\/20250102_070422267_iOS-xc-sqr-RST-1024x1024.jpg","articleSection":["2026 fidal","2026 tonal","Fidibus","Tonalibus","Update"],"inLanguage":"fr-FR"},{"@type":"WebPage","@id":"https:\/\/tonalibus.org\/2026\/03\/13\/winter-spring-2026-tonalibus-update\/","url":"https:\/\/tonalibus.org\/2026\/03\/13\/winter-spring-2026-tonalibus-update\/","name":"Winter-spring 2026 Tonalibus update &#8211; TONALIBUS Harmony","isPartOf":{"@id":"https:\/\/tonalibus.org\/de\/#website"},"primaryImageOfPage":{"@id":"https:\/\/tonalibus.org\/2026\/03\/13\/winter-spring-2026-tonalibus-update\/#primaryimage"},"image":{"@id":"https:\/\/tonalibus.org\/2026\/03\/13\/winter-spring-2026-tonalibus-update\/#primaryimage"},"thumbnailUrl":"https:\/\/tonalibus.org\/wp-content\/uploads\/2025\/01\/20250102_070422267_iOS-xc-sqr-RST-1024x1024.jpg","datePublished":"2026-03-13T16:51:13+00:00","dateModified":"2026-03-13T17:05:03+00:00","description":"This winter-spring 2026 Tonalibus update announces the release of the album \"Tonalibus R, S & T\" on May 1 and new Tonalibus recordings...","breadcrumb":{"@id":"https:\/\/tonalibus.org\/2026\/03\/13\/winter-spring-2026-tonalibus-update\/#breadcrumb"},"inLanguage":"fr-FR","potentialAction":[{"@type":"ReadAction","target":["https:\/\/tonalibus.org\/2026\/03\/13\/winter-spring-2026-tonalibus-update\/"]}]},{"@type":"ImageObject","inLanguage":"fr-FR","@id":"https:\/\/tonalibus.org\/2026\/03\/13\/winter-spring-2026-tonalibus-update\/#primaryimage","url":"https:\/\/tonalibus.org\/wp-content\/uploads\/2025\/01\/20250102_070422267_iOS-xc-sqr-RST-1024x1024.jpg","contentUrl":"https:\/\/tonalibus.org\/wp-content\/uploads\/2025\/01\/20250102_070422267_iOS-xc-sqr-RST-1024x1024.jpg"},{"@type":"BreadcrumbList","@id":"https:\/\/tonalibus.org\/2026\/03\/13\/winter-spring-2026-tonalibus-update\/#breadcrumb","itemListElement":[{"@type":"ListItem","position":1,"name":"Home","item":"https:\/\/tonalibus.org\/"},{"@type":"ListItem","position":2,"name":"Winter-spring 2026 Tonalibus update"}]},{"@type":"WebSite","@id":"https:\/\/tonalibus.org\/de\/#website","url":"https:\/\/tonalibus.org\/de\/","name":"TONALIBUS","description":"Harmonie et tonalit\u00e9s ancr\u00e9es","publisher":{"@id":"https:\/\/tonalibus.org\/de\/#\/schema\/person\/749261d7bc96d1f00127273f83ab96a4"},"potentialAction":[{"@type":"SearchAction","target":{"@type":"EntryPoint","urlTemplate":"https:\/\/tonalibus.org\/de\/?s={search_term_string}"},"query-input":{"@type":"PropertyValueSpecification","valueRequired":true,"valueName":"search_term_string"}}],"inLanguage":"fr-FR"},{"@type":["Person","Organization"],"@id":"https:\/\/tonalibus.org\/de\/#\/schema\/person\/749261d7bc96d1f00127273f83ab96a4","name":"Ulrico","image":{"@type":"ImageObject","inLanguage":"fr-FR","@id":"https:\/\/tonalibus.org\/wp-content\/uploads\/2020\/06\/uli-pix.jpg","url":"https:\/\/tonalibus.org\/wp-content\/uploads\/2020\/06\/uli-pix.jpg","contentUrl":"https:\/\/tonalibus.org\/wp-content\/uploads\/2020\/06\/uli-pix.jpg","width":960,"height":720,"caption":"Ulrico"},"logo":{"@id":"https:\/\/tonalibus.org\/wp-content\/uploads\/2020\/06\/uli-pix.jpg"},"sameAs":["https:\/\/tonalibus.cyon.site"]}]}},"_links":{"self":[{"href":"https:\/\/tonalibus.org\/fr\/wp-json\/wp\/v2\/posts\/38505","targetHints":{"allow":["GET"]}}],"collection":[{"href":"https:\/\/tonalibus.org\/fr\/wp-json\/wp\/v2\/posts"}],"about":[{"href":"https:\/\/tonalibus.org\/fr\/wp-json\/wp\/v2\/types\/post"}],"author":[{"embeddable":true,"href":"https:\/\/tonalibus.org\/fr\/wp-json\/wp\/v2\/users\/1"}],"replies":[{"embeddable":true,"href":"https:\/\/tonalibus.org\/fr\/wp-json\/wp\/v2\/comments?post=38505"}],"version-history":[{"count":105,"href":"https:\/\/tonalibus.org\/fr\/wp-json\/wp\/v2\/posts\/38505\/revisions"}],"predecessor-version":[{"id":38673,"href":"https:\/\/tonalibus.org\/fr\/wp-json\/wp\/v2\/posts\/38505\/revisions\/38673"}],"wp:attachment":[{"href":"https:\/\/tonalibus.org\/fr\/wp-json\/wp\/v2\/media?parent=38505"}],"wp:term":[{"taxonomy":"category","embeddable":true,"href":"https:\/\/tonalibus.org\/fr\/wp-json\/wp\/v2\/categories?post=38505"},{"taxonomy":"post_tag","embeddable":true,"href":"https:\/\/tonalibus.org\/fr\/wp-json\/wp\/v2\/tags?post=38505"}],"curies":[{"name":"wp","href":"https:\/\/api.w.org\/{rel}","templated":true}]}}