{"id":12478,"date":"2021-08-02T22:49:48","date_gmt":"2021-08-02T20:49:48","guid":{"rendered":"https:\/\/tonalibus.org\/?p=12478"},"modified":"2022-05-29T16:58:18","modified_gmt":"2022-05-29T14:58:18","slug":"tonality-of-the-month-pentapro-pentana","status":"publish","type":"post","link":"https:\/\/tonalibus.org\/it\/2021\/08\/02\/tonality-of-the-month-pentapro-pentana\/","title":{"rendered":"Tonalit\u00e0 del mese: PentaPro o PentaNa"},"content":{"rendered":"<p><span style=\"color:#f7b320\" class=\"has-inline-color\">La tonalit\u00e0 del mese di agosto 2021 \u00e8 PentaPro o PentaNa, una tatonalit\u00e0 Pro e Na, una pentatonalit\u00e0 extra.<\/span><\/p>\n\n\n\n<figure class=\"wp-block-audio\"><audio controls src=\"https:\/\/tonalibus.org\/wp-content\/uploads\/2021\/04\/2021-04-05-PentaProMin-rhythm.mp3\" loop><\/audio><figcaption><span style=\"color:#f7b320\" class=\"has-inline-color\">1) PentaPro \/ PentaNa \u2013 campione sonoro breve, ritmico \u2013 0:46 loop<\/span><\/figcaption><\/figure>\n\n\n\n<figure class=\"wp-block-audio\"><audio controls src=\"https:\/\/tonalibus.org\/wp-content\/uploads\/2021\/04\/2021-04-05-PentaProMin-calm.mp3\" loop><\/audio><figcaption><span style=\"color:#f7b320\" class=\"has-inline-color\">2) PentaPro \/ PentaNa \u2013 campione sonoro breve, calmo \u2013 1:16 loop<\/span><\/figcaption><\/figure>\n\n\n\n<figure class=\"wp-block-audio\"><audio controls src=\"https:\/\/tonalibus.org\/wp-content\/uploads\/2021\/08\/2021-07-24-GGG-loop.mp3\" loop><\/audio><figcaption><span style=\"color:#f7b320\" class=\"has-inline-color\">3) PentaPro \/ PentaNa \u2013 tripla chitarra a 8 corde \u2013 luglio 2021 \u2013 4:36 loop<\/span><\/figcaption><\/figure>\n\n\n\n<div style=\"height:24px\" aria-hidden=\"true\" class=\"wp-block-spacer\"><\/div>\n\n\n\n<p><span style=\"color:#f7b320\" class=\"has-inline-color\">La tonalit\u00e0 di questo mese di agosto \u00e8 <\/span><a href=\"https:\/\/tonalibus.org\/it\/tonalities\/pentatonalities\/pentapro-or-pentana\/\"><span style=\"color:#f7b320\" class=\"has-inline-color\">PentaPro \/ PentaNa<\/span><\/a><span style=\"color:#f7b320\" class=\"has-inline-color\">, una <\/span><a href=\"https:\/\/tonalibus.org\/it\/tonalities\/pentatonalities\/\"><span style=\"color:#f7b320\" class=\"has-inline-color\">pentatonalit\u00e0 Pro, Na, e extra<\/span><\/a><span style=\"color:#f7b320\" class=\"has-inline-color\">. \u00c8 una tonalit\u00e0 Pro(gressiva) perch\u00e9 omette la quarta regressiva. \u00c8 una tonalit\u00e0 Na pura perch\u00e9 contiene solo sovratoni naturali primari e secondari. Gli armonici o sovratoni sono fondamentali per l'armonia. Cos\u00ec le tonalit\u00e0 Na sono unicamente armoniose e si estendono su pi\u00f9 ottave, preferibilmente tre o quattro. Seguono la sequenza degli armonici o sovratoni naturali e formano un arco con gli armonici secondari che si trasformano in terziari (o reciproci) e portano cos\u00ec alle tonalit\u00e0 pi\u00f9 comunemente conosciute. Le tonalit\u00e0 Na(turali e armoniche) appariranno presto nel catalogo Tonalibus. <\/span><\/p>\n\n\n\n<div style=\"height:16px\" aria-hidden=\"true\" class=\"wp-block-spacer\"><\/div>\n\n\n\n<p><span style=\"color:#f7b320\" class=\"has-inline-color\">Puoi goderti un campione sonoro come loop, come quello della tonalit\u00e0 del mese, in quanto mantra sonoro per <\/span><a rel=\"noreferrer noopener\" href=\"https:\/\/it.wikipedia.org\/wiki\/Contemplazione\" target=\"_blank\"><span style=\"color:#f7b320\" class=\"has-inline-color\">la contemplazione<\/span><\/a><span style=\"color:#f7b320\" class=\"has-inline-color\"> o <\/span><a rel=\"noreferrer noopener\" href=\"https:\/\/it.wikipedia.org\/wiki\/Meditazione\" target=\"_blank\"><span style=\"color:#f7b320\" class=\"has-inline-color\">la meditazione<\/span><\/a><span style=\"color:#f7b320\" class=\"has-inline-color\">, per il sollevamento, la messa a fuoco, o semplicemente per il rilax e la rigenerazione come rilassante suono di sottofondo. Inoltre, potresti canticchiare o cantare insieme, per esempio usando <\/span><a href=\"https:\/\/tonalibus.org\/it\/about-tonalibus\/ulrico\/hu-mantra-of-soul\/\"><em><span style=\"color:#f7b320\" class=\"has-inline-color\">HU<\/span><\/em><\/a><span style=\"color:#f7b320\" class=\"has-inline-color\"> o un'altra sillaba mantra, e sintonizzarsi sulla fondamentale.<\/span> <\/p>\n\n\n\n<div style=\"height:40px\" aria-hidden=\"true\" class=\"wp-block-spacer\"><\/div>\n\n\n\n<figure class=\"wp-block-image size-large is-style-default\"><img loading=\"lazy\" decoding=\"async\" width=\"1024\" height=\"179\" src=\"https:\/\/tonalibus.org\/wp-content\/uploads\/2021\/07\/IMG_2771-xc-1024x179.jpg\" alt=\"Tonality of the month: PentaPro \/ PentaNa\" class=\"wp-image-12407\" srcset=\"https:\/\/tonalibus.org\/wp-content\/uploads\/2021\/07\/IMG_2771-xc-1024x179.jpg 1024w, https:\/\/tonalibus.org\/wp-content\/uploads\/2021\/07\/IMG_2771-xc-300x52.jpg 300w, https:\/\/tonalibus.org\/wp-content\/uploads\/2021\/07\/IMG_2771-xc-768x134.jpg 768w, https:\/\/tonalibus.org\/wp-content\/uploads\/2021\/07\/IMG_2771-xc-1536x269.jpg 1536w, https:\/\/tonalibus.org\/wp-content\/uploads\/2021\/07\/IMG_2771-xc-2048x358.jpg 2048w, https:\/\/tonalibus.org\/wp-content\/uploads\/2021\/07\/IMG_2771-xc-16x3.jpg 16w\" sizes=\"auto, (max-width: 706px) 89vw, (max-width: 767px) 82vw, 740px\" \/><figcaption>Riesci a vederlo? Il mondo potrebbe essere almeno parzialmente rotondo dopo tutto... \u2013 Gr\u00e4chwil\/Meikirch, Svizzera<\/figcaption><\/figure>","protected":false},"excerpt":{"rendered":"<p>La tonalit\u00e0 di questo mese di agosto \u00e8 PentaProMin o PentaNa, una pentatonalit\u00e0 Pro, Na, e extra. \u00c8 una tonalit\u00e0 Pro(gressiva) perch\u00e9 non include la quarta regressiva. \u00c8 una tonalit\u00e0 Na pura perch\u00e9 contiene solo i sovratoni naturali primari. Gli armonici o i sovratoni sono fondamentali per l'armonia. Cos\u00ec le tonalit\u00e0 Na sono unicamente ...<\/p>","protected":false},"author":1,"featured_media":0,"comment_status":"closed","ping_status":"open","sticky":false,"template":"","format":"standard","meta":{"footnotes":""},"categories":[21,11,15],"tags":[],"class_list":["post-12478","post","type-post","status-publish","format-standard","hentry","category-2021-tonal","category-tonalibus","category-tonality-of-the-month"],"yoast_head":"<!-- This site is optimized with the Yoast SEO plugin v27.5 - https:\/\/yoast.com\/product\/yoast-seo-wordpress\/ -->\n<title>Tonality of the month: PentaPro or PentaNa &#8211; TONALIBUS<\/title>\n<meta name=\"description\" content=\"The tonality of this month of August is PentaPro or PentaNa, a Pro(gressive), Na(tural), and extra pentatonality based on primary harmonics.\" \/>\n<meta name=\"robots\" content=\"index, follow, max-snippet:-1, max-image-preview:large, max-video-preview:-1\" \/>\n<link rel=\"canonical\" href=\"https:\/\/tonalibus.org\/it\/2021\/08\/02\/tonality-of-the-month-pentapro-pentana\/\" \/>\n<meta property=\"og:locale\" content=\"it_IT\" \/>\n<meta property=\"og:type\" content=\"article\" \/>\n<meta property=\"og:title\" content=\"Tonality of the month: PentaPro or PentaNa &#8211; TONALIBUS\" \/>\n<meta property=\"og:description\" content=\"The tonality of this month of August is PentaPro or PentaNa, a Pro(gressive), Na(tural), and extra pentatonality based on primary harmonics.\" \/>\n<meta property=\"og:url\" content=\"https:\/\/tonalibus.org\/it\/2021\/08\/02\/tonality-of-the-month-pentapro-pentana\/\" \/>\n<meta property=\"og:site_name\" content=\"TONALIBUS\" \/>\n<meta property=\"article:published_time\" content=\"2021-08-02T20:49:48+00:00\" \/>\n<meta property=\"article:modified_time\" content=\"2022-05-29T14:58:18+00:00\" \/>\n<meta property=\"og:image\" content=\"https:\/\/tonalibus.org\/wp-content\/uploads\/2021\/07\/IMG_2771-xc-1024x179.jpg\" \/>\n<meta name=\"author\" content=\"Ulrico\" \/>\n<meta name=\"twitter:card\" content=\"summary_large_image\" \/>\n<meta name=\"twitter:label1\" content=\"Scritto da\" \/>\n\t<meta name=\"twitter:data1\" content=\"Ulrico\" \/>\n\t<meta name=\"twitter:label2\" content=\"Tempo di lettura stimato\" \/>\n\t<meta name=\"twitter:data2\" content=\"2 minuti\" \/>\n<script type=\"application\/ld+json\" class=\"yoast-schema-graph\">{\"@context\":\"https:\\\/\\\/schema.org\",\"@graph\":[{\"@type\":\"Article\",\"@id\":\"https:\\\/\\\/tonalibus.org\\\/2021\\\/08\\\/02\\\/tonality-of-the-month-pentapro-pentana\\\/#article\",\"isPartOf\":{\"@id\":\"https:\\\/\\\/tonalibus.org\\\/2021\\\/08\\\/02\\\/tonality-of-the-month-pentapro-pentana\\\/\"},\"author\":{\"name\":\"Ulrico\",\"@id\":\"https:\\\/\\\/tonalibus.org\\\/de\\\/#\\\/schema\\\/person\\\/749261d7bc96d1f00127273f83ab96a4\"},\"headline\":\"Tonality of the month: PentaPro or PentaNa\",\"datePublished\":\"2021-08-02T20:49:48+00:00\",\"dateModified\":\"2022-05-29T14:58:18+00:00\",\"mainEntityOfPage\":{\"@id\":\"https:\\\/\\\/tonalibus.org\\\/2021\\\/08\\\/02\\\/tonality-of-the-month-pentapro-pentana\\\/\"},\"wordCount\":228,\"publisher\":{\"@id\":\"https:\\\/\\\/tonalibus.org\\\/de\\\/#\\\/schema\\\/person\\\/749261d7bc96d1f00127273f83ab96a4\"},\"image\":{\"@id\":\"https:\\\/\\\/tonalibus.org\\\/2021\\\/08\\\/02\\\/tonality-of-the-month-pentapro-pentana\\\/#primaryimage\"},\"thumbnailUrl\":\"https:\\\/\\\/tonalibus.org\\\/wp-content\\\/uploads\\\/2021\\\/07\\\/IMG_2771-xc-1024x179.jpg\",\"articleSection\":[\"2021 tonal\",\"Tonalibus\",\"Tonality of the month\\\/moment\"],\"inLanguage\":\"it-IT\"},{\"@type\":\"WebPage\",\"@id\":\"https:\\\/\\\/tonalibus.org\\\/2021\\\/08\\\/02\\\/tonality-of-the-month-pentapro-pentana\\\/\",\"url\":\"https:\\\/\\\/tonalibus.org\\\/2021\\\/08\\\/02\\\/tonality-of-the-month-pentapro-pentana\\\/\",\"name\":\"Tonality of the month: PentaPro or PentaNa &#8211; TONALIBUS\",\"isPartOf\":{\"@id\":\"https:\\\/\\\/tonalibus.org\\\/de\\\/#website\"},\"primaryImageOfPage\":{\"@id\":\"https:\\\/\\\/tonalibus.org\\\/2021\\\/08\\\/02\\\/tonality-of-the-month-pentapro-pentana\\\/#primaryimage\"},\"image\":{\"@id\":\"https:\\\/\\\/tonalibus.org\\\/2021\\\/08\\\/02\\\/tonality-of-the-month-pentapro-pentana\\\/#primaryimage\"},\"thumbnailUrl\":\"https:\\\/\\\/tonalibus.org\\\/wp-content\\\/uploads\\\/2021\\\/07\\\/IMG_2771-xc-1024x179.jpg\",\"datePublished\":\"2021-08-02T20:49:48+00:00\",\"dateModified\":\"2022-05-29T14:58:18+00:00\",\"description\":\"The tonality of this month of August is PentaPro or PentaNa, a Pro(gressive), Na(tural), and extra pentatonality based on primary harmonics.\",\"breadcrumb\":{\"@id\":\"https:\\\/\\\/tonalibus.org\\\/2021\\\/08\\\/02\\\/tonality-of-the-month-pentapro-pentana\\\/#breadcrumb\"},\"inLanguage\":\"it-IT\",\"potentialAction\":[{\"@type\":\"ReadAction\",\"target\":[\"https:\\\/\\\/tonalibus.org\\\/2021\\\/08\\\/02\\\/tonality-of-the-month-pentapro-pentana\\\/\"]}]},{\"@type\":\"ImageObject\",\"inLanguage\":\"it-IT\",\"@id\":\"https:\\\/\\\/tonalibus.org\\\/2021\\\/08\\\/02\\\/tonality-of-the-month-pentapro-pentana\\\/#primaryimage\",\"url\":\"https:\\\/\\\/tonalibus.org\\\/wp-content\\\/uploads\\\/2021\\\/07\\\/IMG_2771-xc-1024x179.jpg\",\"contentUrl\":\"https:\\\/\\\/tonalibus.org\\\/wp-content\\\/uploads\\\/2021\\\/07\\\/IMG_2771-xc-1024x179.jpg\"},{\"@type\":\"BreadcrumbList\",\"@id\":\"https:\\\/\\\/tonalibus.org\\\/2021\\\/08\\\/02\\\/tonality-of-the-month-pentapro-pentana\\\/#breadcrumb\",\"itemListElement\":[{\"@type\":\"ListItem\",\"position\":1,\"name\":\"Home\",\"item\":\"https:\\\/\\\/tonalibus.org\\\/\"},{\"@type\":\"ListItem\",\"position\":2,\"name\":\"Tonality of the month: PentaPro or PentaNa\"}]},{\"@type\":\"WebSite\",\"@id\":\"https:\\\/\\\/tonalibus.org\\\/de\\\/#website\",\"url\":\"https:\\\/\\\/tonalibus.org\\\/de\\\/\",\"name\":\"TONALIBUS\",\"description\":\"Anchored Harmony and Tonalities\",\"publisher\":{\"@id\":\"https:\\\/\\\/tonalibus.org\\\/de\\\/#\\\/schema\\\/person\\\/749261d7bc96d1f00127273f83ab96a4\"},\"potentialAction\":[{\"@type\":\"SearchAction\",\"target\":{\"@type\":\"EntryPoint\",\"urlTemplate\":\"https:\\\/\\\/tonalibus.org\\\/de\\\/?s={search_term_string}\"},\"query-input\":{\"@type\":\"PropertyValueSpecification\",\"valueRequired\":true,\"valueName\":\"search_term_string\"}}],\"inLanguage\":\"it-IT\"},{\"@type\":[\"Person\",\"Organization\"],\"@id\":\"https:\\\/\\\/tonalibus.org\\\/de\\\/#\\\/schema\\\/person\\\/749261d7bc96d1f00127273f83ab96a4\",\"name\":\"Ulrico\",\"image\":{\"@type\":\"ImageObject\",\"inLanguage\":\"it-IT\",\"@id\":\"https:\\\/\\\/tonalibus.org\\\/wp-content\\\/uploads\\\/2020\\\/06\\\/uli-pix.jpg\",\"url\":\"https:\\\/\\\/tonalibus.org\\\/wp-content\\\/uploads\\\/2020\\\/06\\\/uli-pix.jpg\",\"contentUrl\":\"https:\\\/\\\/tonalibus.org\\\/wp-content\\\/uploads\\\/2020\\\/06\\\/uli-pix.jpg\",\"width\":960,\"height\":720,\"caption\":\"Ulrico\"},\"logo\":{\"@id\":\"https:\\\/\\\/tonalibus.org\\\/wp-content\\\/uploads\\\/2020\\\/06\\\/uli-pix.jpg\"},\"sameAs\":[\"https:\\\/\\\/tonalibus.cyon.site\"]}]}<\/script>\n<!-- \/ Yoast SEO plugin. -->","yoast_head_json":{"title":"La tonalit\u00e0 del mese: PentaPro o PentaNa - TONALIBUS","description":"La tonalit\u00e0 di questo mese di agosto \u00e8 PentaPro o PentaNa, una pentatonalit\u00e0 Pro(gressive), Na(tural), ed extra basata sulle armoniche primarie.","robots":{"index":"index","follow":"follow","max-snippet":"max-snippet:-1","max-image-preview":"max-image-preview:large","max-video-preview":"max-video-preview:-1"},"canonical":"https:\/\/tonalibus.org\/it\/2021\/08\/02\/tonality-of-the-month-pentapro-pentana\/","og_locale":"it_IT","og_type":"article","og_title":"Tonality of the month: PentaPro or PentaNa &#8211; TONALIBUS","og_description":"The tonality of this month of August is PentaPro or PentaNa, a Pro(gressive), Na(tural), and extra pentatonality based on primary harmonics.","og_url":"https:\/\/tonalibus.org\/it\/2021\/08\/02\/tonality-of-the-month-pentapro-pentana\/","og_site_name":"TONALIBUS","article_published_time":"2021-08-02T20:49:48+00:00","article_modified_time":"2022-05-29T14:58:18+00:00","og_image":[{"url":"https:\/\/tonalibus.org\/wp-content\/uploads\/2021\/07\/IMG_2771-xc-1024x179.jpg","type":"","width":"","height":""}],"author":"Ulrico","twitter_card":"summary_large_image","twitter_misc":{"Scritto da":"Ulrico","Tempo di lettura stimato":"2 minuti"},"schema":{"@context":"https:\/\/schema.org","@graph":[{"@type":"Article","@id":"https:\/\/tonalibus.org\/2021\/08\/02\/tonality-of-the-month-pentapro-pentana\/#article","isPartOf":{"@id":"https:\/\/tonalibus.org\/2021\/08\/02\/tonality-of-the-month-pentapro-pentana\/"},"author":{"name":"Ulrico","@id":"https:\/\/tonalibus.org\/de\/#\/schema\/person\/749261d7bc96d1f00127273f83ab96a4"},"headline":"Tonality of the month: PentaPro or PentaNa","datePublished":"2021-08-02T20:49:48+00:00","dateModified":"2022-05-29T14:58:18+00:00","mainEntityOfPage":{"@id":"https:\/\/tonalibus.org\/2021\/08\/02\/tonality-of-the-month-pentapro-pentana\/"},"wordCount":228,"publisher":{"@id":"https:\/\/tonalibus.org\/de\/#\/schema\/person\/749261d7bc96d1f00127273f83ab96a4"},"image":{"@id":"https:\/\/tonalibus.org\/2021\/08\/02\/tonality-of-the-month-pentapro-pentana\/#primaryimage"},"thumbnailUrl":"https:\/\/tonalibus.org\/wp-content\/uploads\/2021\/07\/IMG_2771-xc-1024x179.jpg","articleSection":["2021 tonal","Tonalibus","Tonality of the month\/moment"],"inLanguage":"it-IT"},{"@type":"WebPage","@id":"https:\/\/tonalibus.org\/2021\/08\/02\/tonality-of-the-month-pentapro-pentana\/","url":"https:\/\/tonalibus.org\/2021\/08\/02\/tonality-of-the-month-pentapro-pentana\/","name":"La tonalit\u00e0 del mese: PentaPro o PentaNa - TONALIBUS","isPartOf":{"@id":"https:\/\/tonalibus.org\/de\/#website"},"primaryImageOfPage":{"@id":"https:\/\/tonalibus.org\/2021\/08\/02\/tonality-of-the-month-pentapro-pentana\/#primaryimage"},"image":{"@id":"https:\/\/tonalibus.org\/2021\/08\/02\/tonality-of-the-month-pentapro-pentana\/#primaryimage"},"thumbnailUrl":"https:\/\/tonalibus.org\/wp-content\/uploads\/2021\/07\/IMG_2771-xc-1024x179.jpg","datePublished":"2021-08-02T20:49:48+00:00","dateModified":"2022-05-29T14:58:18+00:00","description":"La tonalit\u00e0 di questo mese di agosto \u00e8 PentaPro o PentaNa, una pentatonalit\u00e0 Pro(gressive), Na(tural), ed extra basata sulle armoniche primarie.","breadcrumb":{"@id":"https:\/\/tonalibus.org\/2021\/08\/02\/tonality-of-the-month-pentapro-pentana\/#breadcrumb"},"inLanguage":"it-IT","potentialAction":[{"@type":"ReadAction","target":["https:\/\/tonalibus.org\/2021\/08\/02\/tonality-of-the-month-pentapro-pentana\/"]}]},{"@type":"ImageObject","inLanguage":"it-IT","@id":"https:\/\/tonalibus.org\/2021\/08\/02\/tonality-of-the-month-pentapro-pentana\/#primaryimage","url":"https:\/\/tonalibus.org\/wp-content\/uploads\/2021\/07\/IMG_2771-xc-1024x179.jpg","contentUrl":"https:\/\/tonalibus.org\/wp-content\/uploads\/2021\/07\/IMG_2771-xc-1024x179.jpg"},{"@type":"BreadcrumbList","@id":"https:\/\/tonalibus.org\/2021\/08\/02\/tonality-of-the-month-pentapro-pentana\/#breadcrumb","itemListElement":[{"@type":"ListItem","position":1,"name":"Home","item":"https:\/\/tonalibus.org\/"},{"@type":"ListItem","position":2,"name":"Tonality of the month: PentaPro or PentaNa"}]},{"@type":"WebSite","@id":"https:\/\/tonalibus.org\/de\/#website","url":"https:\/\/tonalibus.org\/de\/","name":"TONALIBUS","description":"Armonia e tonalit\u00e0 ancorate","publisher":{"@id":"https:\/\/tonalibus.org\/de\/#\/schema\/person\/749261d7bc96d1f00127273f83ab96a4"},"potentialAction":[{"@type":"SearchAction","target":{"@type":"EntryPoint","urlTemplate":"https:\/\/tonalibus.org\/de\/?s={search_term_string}"},"query-input":{"@type":"PropertyValueSpecification","valueRequired":true,"valueName":"search_term_string"}}],"inLanguage":"it-IT"},{"@type":["Person","Organization"],"@id":"https:\/\/tonalibus.org\/de\/#\/schema\/person\/749261d7bc96d1f00127273f83ab96a4","name":"Ulrico","image":{"@type":"ImageObject","inLanguage":"it-IT","@id":"https:\/\/tonalibus.org\/wp-content\/uploads\/2020\/06\/uli-pix.jpg","url":"https:\/\/tonalibus.org\/wp-content\/uploads\/2020\/06\/uli-pix.jpg","contentUrl":"https:\/\/tonalibus.org\/wp-content\/uploads\/2020\/06\/uli-pix.jpg","width":960,"height":720,"caption":"Ulrico"},"logo":{"@id":"https:\/\/tonalibus.org\/wp-content\/uploads\/2020\/06\/uli-pix.jpg"},"sameAs":["https:\/\/tonalibus.cyon.site"]}]}},"_links":{"self":[{"href":"https:\/\/tonalibus.org\/it\/wp-json\/wp\/v2\/posts\/12478","targetHints":{"allow":["GET"]}}],"collection":[{"href":"https:\/\/tonalibus.org\/it\/wp-json\/wp\/v2\/posts"}],"about":[{"href":"https:\/\/tonalibus.org\/it\/wp-json\/wp\/v2\/types\/post"}],"author":[{"embeddable":true,"href":"https:\/\/tonalibus.org\/it\/wp-json\/wp\/v2\/users\/1"}],"replies":[{"embeddable":true,"href":"https:\/\/tonalibus.org\/it\/wp-json\/wp\/v2\/comments?post=12478"}],"version-history":[{"count":0,"href":"https:\/\/tonalibus.org\/it\/wp-json\/wp\/v2\/posts\/12478\/revisions"}],"wp:attachment":[{"href":"https:\/\/tonalibus.org\/it\/wp-json\/wp\/v2\/media?parent=12478"}],"wp:term":[{"taxonomy":"category","embeddable":true,"href":"https:\/\/tonalibus.org\/it\/wp-json\/wp\/v2\/categories?post=12478"},{"taxonomy":"post_tag","embeddable":true,"href":"https:\/\/tonalibus.org\/it\/wp-json\/wp\/v2\/tags?post=12478"}],"curies":[{"name":"wp","href":"https:\/\/api.w.org\/{rel}","templated":true}]}}