{"id":20226,"date":"2022-09-22T19:10:58","date_gmt":"2022-09-22T17:10:58","guid":{"rendered":"https:\/\/tonalibus.org\/?p=20226"},"modified":"2022-10-02T23:21:04","modified_gmt":"2022-10-02T21:21:04","slug":"it-was-no-mistake","status":"publish","type":"post","link":"https:\/\/tonalibus.org\/it\/2022\/09\/22\/it-was-no-mistake\/","title":{"rendered":"Non \u00e8 stato un errore"},"content":{"rendered":"<p class=\"has-text-align-center has-text-color\" style=\"color:#f7b320\">Non \u00e8 stato un errore<br>Di spersonalizzare Dio<br>Il divino in tutti noi<br>Che entra e esce<br>Non un solo unico<br>Ma in lei e in lui<br>E anche in te e in me<br>A volte quando si adatta<br>E tutto torna al suo posto<br>In un perno dell'armonia<br>Lo spirito passa attraverso<br>Molto visibile e ben udibile<br>Per orecchie che ascoltano<br>E gli occhi che vedono.<br>Riesci tu a sentirlo<br>E riesci a vederlo<br>Sei pronto adesso<br>A lasciar andare tutto<br>Tutte le limitazioni<br>E ad abbracciare<br>Sempre di pi\u00f9<br>Tutto ci\u00f2 che c'\u00e8<br>Libero dalle cose<br>Che non esistono<br>E solo ad essere<br>Qui ed ora<br>Nello spirito divino<br>E l'amore di Dio.<\/p>\n\n\n\n<h3 class=\"has-text-color wp-block-heading\" style=\"color:#f7b320\">\u201cNo mistake\u201d \u2013 grande cielo, spiaggia, roccia, pino, ramo spezzato<\/h3>\n\n\n\n<figure class=\"wp-block-audio\"><audio controls src=\"https:\/\/tonalibus.org\/wp-content\/uploads\/2022\/09\/2022-09-19-GWIREC-sing.mp3\"><\/audio><\/figure>\n\n\n\n<div style=\"height:14px\" aria-hidden=\"true\" class=\"wp-block-spacer\"><\/div>\n\n\n\n<div class=\"wp-block-media-text alignwide is-stacked-on-mobile\" style=\"grid-template-columns:40% auto\"><figure class=\"wp-block-media-text__media\"><img loading=\"lazy\" decoding=\"async\" width=\"1024\" height=\"653\" src=\"https:\/\/tonalibus.org\/wp-content\/uploads\/2022\/09\/20220917_110227000_iOS-2-1024x653.jpg\" alt=\"\" class=\"wp-image-20251 size-full\" srcset=\"https:\/\/tonalibus.org\/wp-content\/uploads\/2022\/09\/20220917_110227000_iOS-2-1024x653.jpg 1024w, https:\/\/tonalibus.org\/wp-content\/uploads\/2022\/09\/20220917_110227000_iOS-2-300x191.jpg 300w, https:\/\/tonalibus.org\/wp-content\/uploads\/2022\/09\/20220917_110227000_iOS-2-768x490.jpg 768w, https:\/\/tonalibus.org\/wp-content\/uploads\/2022\/09\/20220917_110227000_iOS-2-1536x979.jpg 1536w, https:\/\/tonalibus.org\/wp-content\/uploads\/2022\/09\/20220917_110227000_iOS-2-18x12.jpg 18w, https:\/\/tonalibus.org\/wp-content\/uploads\/2022\/09\/20220917_110227000_iOS-2-1320x842.jpg 1320w, https:\/\/tonalibus.org\/wp-content\/uploads\/2022\/09\/20220917_110227000_iOS-2.jpg 1708w\" sizes=\"auto, (max-width: 706px) 89vw, (max-width: 767px) 82vw, 740px\" \/><\/figure><div class=\"wp-block-media-text__content\">\n<p class=\"has-text-color\" style=\"color:#f7b320;font-size:14px\"><a href=\"https:\/\/tonalibus.org\/it\/tonalities\/diatonic-heptatonalities\/phrygian\/\"><mark style=\"background-color:rgba(0, 0, 0, 0);color:#f7b320\" class=\"has-inline-color\">Frigio<\/mark><\/a> su La (progressivo) inquadrando EsaBlueUp (<a href=\"https:\/\/tonalibus.org\/it\/tonalities\/tritone-or-blues-tonalities\/blueup\/\"><mark style=\"background-color:rgba(0, 0, 0, 0);color:#f7b320\" class=\"has-inline-color\">BlueUp<\/mark><\/a> senza 7+) su Mi (regressivo) \u2013 chitarra a 8 corde e flauto dolce tenore \u2013 6:40 \u2013 <a href=\"https:\/\/tonalibus.org\/it\/sounds\/2022-sounds-and-images\/autumn-winter-2022\/autumn-winter-2022-loops\/#nom\" target=\"_blank\" rel=\"noreferrer noopener\"><mark style=\"background-color:rgba(0, 0, 0, 0);color:#f7b320\" class=\"has-inline-color\">come loop<\/mark><\/a> su una scheda separata<\/p>\n\n\n\n<p class=\"has-text-color\" style=\"color:#f7b320;font-size:14px\">Sopra \u03a0\u03b1\u03c1\u03b1\u03bb\u03af\u03b1 \u039c\u03c0\u03af\u03c3\u03c4\u03b9 \/ Spiaggia Bisti su \u038e\u03b4\u03c1\u03b1<mark style=\"background-color:rgba(0, 0, 0, 0);color:#f7b320\" class=\"has-inline-color\"> \/ <\/mark><a href=\"https:\/\/it.wikipedia.org\/wiki\/Idra_(isola)\" target=\"_blank\" rel=\"noreferrer noopener\"><mark style=\"background-color:rgba(0, 0, 0, 0);color:#f7b320\" class=\"has-inline-color\">Idra<\/mark><\/a> \u2013 registrazione del flauto e foto di Karin Gs\u00f6llpointner<\/p>\n<\/div><\/div>\n\n\n\n<h2 class=\"has-text-color wp-block-heading\" style=\"color:#f7b320\">Non \u00e8 un errore che la natura ci insegni l'armonia<\/h2>\n\n\n\n<h3 class=\"has-text-color wp-block-heading\" style=\"color:#f7b320\">Comunicazione animale<\/h3>\n\n\n\n<p class=\"has-text-color\" style=\"color:#f7b320\">\u201cLa comunicazione nel regno animale \u00e8 naturale come una brezza... All'inizio erano solo le limitazioni umane autoimposte a impedire la mia comprensione. <br>\u201cNelle nostre rumorose citt\u00e0 tendiamo a dimenticare ci\u00f2 che i nostri antenati sapevano a livello viscerale: che la natura selvaggia \u00e8 viva, che i suoi sussurri sono l\u00ec per essere ascoltati da tutti \u2013 e a cui rispondere.<br>\u201cDobbiamo anche capire che ci sono cose che non possiamo comprendere. Gli elefanti possiedono qualit\u00e0 e capacit\u00e0 che la scienza non \u00e8 in grado di decifrare... Per alcuni aspetti molto importanti sono pi\u00f9 avanti di noi.<br>\u201cAlcuni eventi inaspettati sono piuttosto evidenti in tutto il regno vegetale e animale e non c'\u00e8 niente di meglio che osservare ci\u00f2 che accade realmente intorno a noi, per capovolgere molte delle cose che abbiamo sempre pensato fossero vere.\u201d \u2013 p. 2<\/p>\n\n\n\n<h3 class=\"has-text-color wp-block-heading\" style=\"color:#f7b320\">Comunicazione tra piante<\/h3>\n\n\n\n<p class=\"has-text-color\" style=\"color:#f7b320\">\u201cCi\u00f2 si estende anche alla vita vegetale... L'acacia non solo capisce di essere sotto attacco quando viene sfiorata da un'antilope o da una giraffa, ma inietta rapidamente del tannino nelle sue foglie rendendole amare. L'albero rilascia poi nell'aria un profumo, un feromone, per avvertire le altre acacie della zona del potenziale pericolo. Questi alberi vicini ricevono l'avvertimento e iniziano immediatamente a produrre tannino in previsione di un attacco.<br>\u201cOra, un albero non ha un cervello o un sistema nervoso centrale. Allora cosa prende queste decisioni complesse? O, pi\u00f9 pertinentemente, perch\u00e9? Perch\u00e9 un albero apparentemente insensibile dovrebbe preoccuparsi cos\u00ec tanto della sicurezza del suo vicino da darsi tanto da fare per cercare di proteggerlo? Senza un cervello, come fa a sapere di avere una famiglia o dei vicini da proteggere?<\/p>\n\n\n\n<div style=\"height:30px\" aria-hidden=\"true\" class=\"wp-block-spacer\"><\/div>\n\n\n\n<p class=\"has-text-color\" style=\"color:#f7b320\">\u201cAl microscopio gli organismi viventi sono solo una zuppa di sostanze chimiche e minerali. Ma che dire di ci\u00f2 che il microscopio non vede? Quella forza vitale, l'ingrediente vitale dell'esistenza \u2013 da un'acacia a un elefante \u2013 pu\u00f2 essere catturata? ...<br>\u201cTutte le forme di vita sono importanti l'una per l'altra nella nostra comune aspirazione alla felicit\u00e0 e alla sopravvivenza. La vita non si limita a se stesso, alla propria famiglia o alla propria specie.\u201d \u2013 p. 3-4<\/p>\n\n\n\n<p class=\"has-text-color\" style=\"color:#f7b320\">\u2014 <em>The Elephant Whisperer<\/em>, Lawrence Anthony con Graham Spence<\/p>\n\n\n\n<h2 class=\"has-text-color wp-block-heading\" style=\"color:#f7b320\">Oltre il monastero, verso il retroterra brullo<\/h2>\n\n\n\n<figure class=\"wp-block-image size-large\"><img loading=\"lazy\" decoding=\"async\" width=\"1024\" height=\"251\" src=\"https:\/\/tonalibus.org\/wp-content\/uploads\/2022\/09\/20220909_101806386_iOS-2-z-1024x251.jpg\" alt=\"It was no mistake\" class=\"wp-image-20230\" srcset=\"https:\/\/tonalibus.org\/wp-content\/uploads\/2022\/09\/20220909_101806386_iOS-2-z-1024x251.jpg 1024w, https:\/\/tonalibus.org\/wp-content\/uploads\/2022\/09\/20220909_101806386_iOS-2-z-300x74.jpg 300w, https:\/\/tonalibus.org\/wp-content\/uploads\/2022\/09\/20220909_101806386_iOS-2-z-768x188.jpg 768w, https:\/\/tonalibus.org\/wp-content\/uploads\/2022\/09\/20220909_101806386_iOS-2-z-1536x377.jpg 1536w\" sizes=\"auto, (max-width: 706px) 89vw, (max-width: 767px) 82vw, 740px\" \/><figcaption>Vista sul crinale della montagna sul retro disabitato dell'isola \u2013 settembre 2022 \u2013 \u038e\u03b4\u03c1\u03b1 \/ Idra, Grecia<\/figcaption><\/figure>","protected":false},"excerpt":{"rendered":"<p>Non \u00e8 stato un errore<br \/>\nDi spersonalizzare Dio<br \/>\nIl divino in tutti noi<br \/>\nChe entra e esce<br \/>\nNon un solo unico<br \/>\n...<\/p>","protected":false},"author":1,"featured_media":0,"comment_status":"closed","ping_status":"closed","sticky":false,"template":"","format":"standard","meta":{"footnotes":""},"categories":[19,10],"tags":[],"class_list":["post-20226","post","type-post","status-publish","format-standard","hentry","category-2022-spiritual","category-spiritualibus"],"yoast_head":"<!-- This site is optimized with the Yoast SEO plugin v27.5 - https:\/\/yoast.com\/product\/yoast-seo-wordpress\/ -->\n<title>It was no mistake &#8211; TONALIBUS Harmony and Tonalities<\/title>\n<meta name=\"description\" content=\"It was no mistake to de-personify God, the divine in us all coming in and out; not in one and only but in him and her, and in you and me...\" \/>\n<meta name=\"robots\" content=\"index, follow, max-snippet:-1, max-image-preview:large, max-video-preview:-1\" \/>\n<link rel=\"canonical\" href=\"https:\/\/tonalibus.org\/it\/2022\/09\/22\/it-was-no-mistake\/\" \/>\n<meta property=\"og:locale\" content=\"it_IT\" \/>\n<meta property=\"og:type\" content=\"article\" \/>\n<meta property=\"og:title\" content=\"It was no mistake &#8211; TONALIBUS Harmony and Tonalities\" \/>\n<meta property=\"og:description\" content=\"It was no mistake to de-personify God, the divine in us all coming in and out; not in one and only but in him and her, and in you and me...\" \/>\n<meta property=\"og:url\" content=\"https:\/\/tonalibus.org\/it\/2022\/09\/22\/it-was-no-mistake\/\" \/>\n<meta property=\"og:site_name\" content=\"TONALIBUS\" \/>\n<meta property=\"article:published_time\" content=\"2022-09-22T17:10:58+00:00\" \/>\n<meta property=\"article:modified_time\" content=\"2022-10-02T21:21:04+00:00\" \/>\n<meta property=\"og:image\" content=\"https:\/\/tonalibus.org\/wp-content\/uploads\/2022\/09\/20220917_110227000_iOS-2-1024x653.jpg\" \/>\n<meta name=\"author\" content=\"Ulrico\" \/>\n<meta name=\"twitter:card\" content=\"summary_large_image\" \/>\n<meta name=\"twitter:label1\" content=\"Scritto da\" \/>\n\t<meta name=\"twitter:data1\" content=\"Ulrico\" \/>\n\t<meta name=\"twitter:label2\" content=\"Tempo di lettura stimato\" \/>\n\t<meta name=\"twitter:data2\" content=\"3 minuti\" \/>\n<script type=\"application\/ld+json\" class=\"yoast-schema-graph\">{\"@context\":\"https:\\\/\\\/schema.org\",\"@graph\":[{\"@type\":\"Article\",\"@id\":\"https:\\\/\\\/tonalibus.org\\\/de\\\/2022\\\/09\\\/22\\\/it-was-no-mistake\\\/#article\",\"isPartOf\":{\"@id\":\"https:\\\/\\\/tonalibus.org\\\/de\\\/2022\\\/09\\\/22\\\/it-was-no-mistake\\\/\"},\"author\":{\"name\":\"Ulrico\",\"@id\":\"https:\\\/\\\/tonalibus.org\\\/de\\\/#\\\/schema\\\/person\\\/749261d7bc96d1f00127273f83ab96a4\"},\"headline\":\"It was no mistake\",\"datePublished\":\"2022-09-22T17:10:58+00:00\",\"dateModified\":\"2022-10-02T21:21:04+00:00\",\"mainEntityOfPage\":{\"@id\":\"https:\\\/\\\/tonalibus.org\\\/de\\\/2022\\\/09\\\/22\\\/it-was-no-mistake\\\/\"},\"wordCount\":519,\"publisher\":{\"@id\":\"https:\\\/\\\/tonalibus.org\\\/de\\\/#\\\/schema\\\/person\\\/749261d7bc96d1f00127273f83ab96a4\"},\"image\":{\"@id\":\"https:\\\/\\\/tonalibus.org\\\/de\\\/2022\\\/09\\\/22\\\/it-was-no-mistake\\\/#primaryimage\"},\"thumbnailUrl\":\"https:\\\/\\\/tonalibus.org\\\/wp-content\\\/uploads\\\/2022\\\/09\\\/20220917_110227000_iOS-2-1024x653.jpg\",\"articleSection\":[\"2022 spiritual\",\"Spiritualibus\"],\"inLanguage\":\"it-IT\"},{\"@type\":\"WebPage\",\"@id\":\"https:\\\/\\\/tonalibus.org\\\/de\\\/2022\\\/09\\\/22\\\/it-was-no-mistake\\\/\",\"url\":\"https:\\\/\\\/tonalibus.org\\\/de\\\/2022\\\/09\\\/22\\\/it-was-no-mistake\\\/\",\"name\":\"It was no mistake &#8211; TONALIBUS Harmony and Tonalities\",\"isPartOf\":{\"@id\":\"https:\\\/\\\/tonalibus.org\\\/de\\\/#website\"},\"primaryImageOfPage\":{\"@id\":\"https:\\\/\\\/tonalibus.org\\\/de\\\/2022\\\/09\\\/22\\\/it-was-no-mistake\\\/#primaryimage\"},\"image\":{\"@id\":\"https:\\\/\\\/tonalibus.org\\\/de\\\/2022\\\/09\\\/22\\\/it-was-no-mistake\\\/#primaryimage\"},\"thumbnailUrl\":\"https:\\\/\\\/tonalibus.org\\\/wp-content\\\/uploads\\\/2022\\\/09\\\/20220917_110227000_iOS-2-1024x653.jpg\",\"datePublished\":\"2022-09-22T17:10:58+00:00\",\"dateModified\":\"2022-10-02T21:21:04+00:00\",\"description\":\"It was no mistake to de-personify God, the divine in us all coming in and out; not in one and only but in him and her, and in you and me...\",\"breadcrumb\":{\"@id\":\"https:\\\/\\\/tonalibus.org\\\/de\\\/2022\\\/09\\\/22\\\/it-was-no-mistake\\\/#breadcrumb\"},\"inLanguage\":\"it-IT\",\"potentialAction\":[{\"@type\":\"ReadAction\",\"target\":[\"https:\\\/\\\/tonalibus.org\\\/de\\\/2022\\\/09\\\/22\\\/it-was-no-mistake\\\/\"]}]},{\"@type\":\"ImageObject\",\"inLanguage\":\"it-IT\",\"@id\":\"https:\\\/\\\/tonalibus.org\\\/de\\\/2022\\\/09\\\/22\\\/it-was-no-mistake\\\/#primaryimage\",\"url\":\"https:\\\/\\\/tonalibus.org\\\/wp-content\\\/uploads\\\/2022\\\/09\\\/20220917_110227000_iOS-2-1024x653.jpg\",\"contentUrl\":\"https:\\\/\\\/tonalibus.org\\\/wp-content\\\/uploads\\\/2022\\\/09\\\/20220917_110227000_iOS-2-1024x653.jpg\"},{\"@type\":\"BreadcrumbList\",\"@id\":\"https:\\\/\\\/tonalibus.org\\\/de\\\/2022\\\/09\\\/22\\\/it-was-no-mistake\\\/#breadcrumb\",\"itemListElement\":[{\"@type\":\"ListItem\",\"position\":1,\"name\":\"Home\",\"item\":\"https:\\\/\\\/tonalibus.org\\\/\"},{\"@type\":\"ListItem\",\"position\":2,\"name\":\"It was no mistake\"}]},{\"@type\":\"WebSite\",\"@id\":\"https:\\\/\\\/tonalibus.org\\\/de\\\/#website\",\"url\":\"https:\\\/\\\/tonalibus.org\\\/de\\\/\",\"name\":\"TONALIBUS\",\"description\":\"Anchored Harmony and Tonalities\",\"publisher\":{\"@id\":\"https:\\\/\\\/tonalibus.org\\\/de\\\/#\\\/schema\\\/person\\\/749261d7bc96d1f00127273f83ab96a4\"},\"potentialAction\":[{\"@type\":\"SearchAction\",\"target\":{\"@type\":\"EntryPoint\",\"urlTemplate\":\"https:\\\/\\\/tonalibus.org\\\/de\\\/?s={search_term_string}\"},\"query-input\":{\"@type\":\"PropertyValueSpecification\",\"valueRequired\":true,\"valueName\":\"search_term_string\"}}],\"inLanguage\":\"it-IT\"},{\"@type\":[\"Person\",\"Organization\"],\"@id\":\"https:\\\/\\\/tonalibus.org\\\/de\\\/#\\\/schema\\\/person\\\/749261d7bc96d1f00127273f83ab96a4\",\"name\":\"Ulrico\",\"image\":{\"@type\":\"ImageObject\",\"inLanguage\":\"it-IT\",\"@id\":\"https:\\\/\\\/tonalibus.org\\\/wp-content\\\/uploads\\\/2020\\\/06\\\/uli-pix.jpg\",\"url\":\"https:\\\/\\\/tonalibus.org\\\/wp-content\\\/uploads\\\/2020\\\/06\\\/uli-pix.jpg\",\"contentUrl\":\"https:\\\/\\\/tonalibus.org\\\/wp-content\\\/uploads\\\/2020\\\/06\\\/uli-pix.jpg\",\"width\":960,\"height\":720,\"caption\":\"Ulrico\"},\"logo\":{\"@id\":\"https:\\\/\\\/tonalibus.org\\\/wp-content\\\/uploads\\\/2020\\\/06\\\/uli-pix.jpg\"},\"sameAs\":[\"https:\\\/\\\/tonalibus.cyon.site\"]}]}<\/script>\n<!-- \/ Yoast SEO plugin. -->","yoast_head_json":{"title":"Non \u00e8 stato un errore - Armonia e tonalit\u00e0 TONALIBUS","description":"Non \u00e8 stato un errore de-personificare Dio, il divino che c'\u00e8 in tutti noi che entra ed esce; non in uno e solo, ma in lui e in lei, e in voi e in me...","robots":{"index":"index","follow":"follow","max-snippet":"max-snippet:-1","max-image-preview":"max-image-preview:large","max-video-preview":"max-video-preview:-1"},"canonical":"https:\/\/tonalibus.org\/it\/2022\/09\/22\/it-was-no-mistake\/","og_locale":"it_IT","og_type":"article","og_title":"It was no mistake &#8211; TONALIBUS Harmony and Tonalities","og_description":"It was no mistake to de-personify God, the divine in us all coming in and out; not in one and only but in him and her, and in you and me...","og_url":"https:\/\/tonalibus.org\/it\/2022\/09\/22\/it-was-no-mistake\/","og_site_name":"TONALIBUS","article_published_time":"2022-09-22T17:10:58+00:00","article_modified_time":"2022-10-02T21:21:04+00:00","og_image":[{"url":"https:\/\/tonalibus.org\/wp-content\/uploads\/2022\/09\/20220917_110227000_iOS-2-1024x653.jpg","type":"","width":"","height":""}],"author":"Ulrico","twitter_card":"summary_large_image","twitter_misc":{"Scritto da":"Ulrico","Tempo di lettura stimato":"3 minuti"},"schema":{"@context":"https:\/\/schema.org","@graph":[{"@type":"Article","@id":"https:\/\/tonalibus.org\/de\/2022\/09\/22\/it-was-no-mistake\/#article","isPartOf":{"@id":"https:\/\/tonalibus.org\/de\/2022\/09\/22\/it-was-no-mistake\/"},"author":{"name":"Ulrico","@id":"https:\/\/tonalibus.org\/de\/#\/schema\/person\/749261d7bc96d1f00127273f83ab96a4"},"headline":"It was no mistake","datePublished":"2022-09-22T17:10:58+00:00","dateModified":"2022-10-02T21:21:04+00:00","mainEntityOfPage":{"@id":"https:\/\/tonalibus.org\/de\/2022\/09\/22\/it-was-no-mistake\/"},"wordCount":519,"publisher":{"@id":"https:\/\/tonalibus.org\/de\/#\/schema\/person\/749261d7bc96d1f00127273f83ab96a4"},"image":{"@id":"https:\/\/tonalibus.org\/de\/2022\/09\/22\/it-was-no-mistake\/#primaryimage"},"thumbnailUrl":"https:\/\/tonalibus.org\/wp-content\/uploads\/2022\/09\/20220917_110227000_iOS-2-1024x653.jpg","articleSection":["2022 spiritual","Spiritualibus"],"inLanguage":"it-IT"},{"@type":"WebPage","@id":"https:\/\/tonalibus.org\/de\/2022\/09\/22\/it-was-no-mistake\/","url":"https:\/\/tonalibus.org\/de\/2022\/09\/22\/it-was-no-mistake\/","name":"Non \u00e8 stato un errore - Armonia e tonalit\u00e0 TONALIBUS","isPartOf":{"@id":"https:\/\/tonalibus.org\/de\/#website"},"primaryImageOfPage":{"@id":"https:\/\/tonalibus.org\/de\/2022\/09\/22\/it-was-no-mistake\/#primaryimage"},"image":{"@id":"https:\/\/tonalibus.org\/de\/2022\/09\/22\/it-was-no-mistake\/#primaryimage"},"thumbnailUrl":"https:\/\/tonalibus.org\/wp-content\/uploads\/2022\/09\/20220917_110227000_iOS-2-1024x653.jpg","datePublished":"2022-09-22T17:10:58+00:00","dateModified":"2022-10-02T21:21:04+00:00","description":"Non \u00e8 stato un errore de-personificare Dio, il divino che c'\u00e8 in tutti noi che entra ed esce; non in uno e solo, ma in lui e in lei, e in voi e in me...","breadcrumb":{"@id":"https:\/\/tonalibus.org\/de\/2022\/09\/22\/it-was-no-mistake\/#breadcrumb"},"inLanguage":"it-IT","potentialAction":[{"@type":"ReadAction","target":["https:\/\/tonalibus.org\/de\/2022\/09\/22\/it-was-no-mistake\/"]}]},{"@type":"ImageObject","inLanguage":"it-IT","@id":"https:\/\/tonalibus.org\/de\/2022\/09\/22\/it-was-no-mistake\/#primaryimage","url":"https:\/\/tonalibus.org\/wp-content\/uploads\/2022\/09\/20220917_110227000_iOS-2-1024x653.jpg","contentUrl":"https:\/\/tonalibus.org\/wp-content\/uploads\/2022\/09\/20220917_110227000_iOS-2-1024x653.jpg"},{"@type":"BreadcrumbList","@id":"https:\/\/tonalibus.org\/de\/2022\/09\/22\/it-was-no-mistake\/#breadcrumb","itemListElement":[{"@type":"ListItem","position":1,"name":"Home","item":"https:\/\/tonalibus.org\/"},{"@type":"ListItem","position":2,"name":"It was no mistake"}]},{"@type":"WebSite","@id":"https:\/\/tonalibus.org\/de\/#website","url":"https:\/\/tonalibus.org\/de\/","name":"TONALIBUS","description":"Armonia e tonalit\u00e0 ancorate","publisher":{"@id":"https:\/\/tonalibus.org\/de\/#\/schema\/person\/749261d7bc96d1f00127273f83ab96a4"},"potentialAction":[{"@type":"SearchAction","target":{"@type":"EntryPoint","urlTemplate":"https:\/\/tonalibus.org\/de\/?s={search_term_string}"},"query-input":{"@type":"PropertyValueSpecification","valueRequired":true,"valueName":"search_term_string"}}],"inLanguage":"it-IT"},{"@type":["Person","Organization"],"@id":"https:\/\/tonalibus.org\/de\/#\/schema\/person\/749261d7bc96d1f00127273f83ab96a4","name":"Ulrico","image":{"@type":"ImageObject","inLanguage":"it-IT","@id":"https:\/\/tonalibus.org\/wp-content\/uploads\/2020\/06\/uli-pix.jpg","url":"https:\/\/tonalibus.org\/wp-content\/uploads\/2020\/06\/uli-pix.jpg","contentUrl":"https:\/\/tonalibus.org\/wp-content\/uploads\/2020\/06\/uli-pix.jpg","width":960,"height":720,"caption":"Ulrico"},"logo":{"@id":"https:\/\/tonalibus.org\/wp-content\/uploads\/2020\/06\/uli-pix.jpg"},"sameAs":["https:\/\/tonalibus.cyon.site"]}]}},"_links":{"self":[{"href":"https:\/\/tonalibus.org\/it\/wp-json\/wp\/v2\/posts\/20226","targetHints":{"allow":["GET"]}}],"collection":[{"href":"https:\/\/tonalibus.org\/it\/wp-json\/wp\/v2\/posts"}],"about":[{"href":"https:\/\/tonalibus.org\/it\/wp-json\/wp\/v2\/types\/post"}],"author":[{"embeddable":true,"href":"https:\/\/tonalibus.org\/it\/wp-json\/wp\/v2\/users\/1"}],"replies":[{"embeddable":true,"href":"https:\/\/tonalibus.org\/it\/wp-json\/wp\/v2\/comments?post=20226"}],"version-history":[{"count":0,"href":"https:\/\/tonalibus.org\/it\/wp-json\/wp\/v2\/posts\/20226\/revisions"}],"wp:attachment":[{"href":"https:\/\/tonalibus.org\/it\/wp-json\/wp\/v2\/media?parent=20226"}],"wp:term":[{"taxonomy":"category","embeddable":true,"href":"https:\/\/tonalibus.org\/it\/wp-json\/wp\/v2\/categories?post=20226"},{"taxonomy":"post_tag","embeddable":true,"href":"https:\/\/tonalibus.org\/it\/wp-json\/wp\/v2\/tags?post=20226"}],"curies":[{"name":"wp","href":"https:\/\/api.w.org\/{rel}","templated":true}]}}