{"id":21985,"date":"2022-12-29T19:59:30","date_gmt":"2022-12-29T18:59:30","guid":{"rendered":"https:\/\/tonalibus.org\/?p=21985"},"modified":"2022-12-29T19:59:32","modified_gmt":"2022-12-29T18:59:32","slug":"back-to-the-roots","status":"publish","type":"post","link":"https:\/\/tonalibus.org\/it\/2022\/12\/29\/back-to-the-roots\/","title":{"rendered":"Ritorno alle origini!"},"content":{"rendered":"<p class=\"has-text-align-center has-text-color\" style=\"color:#f7b320\">Ritorno alle origini!<\/p>\n\n\n\n<p class=\"has-text-align-center has-text-color\" style=\"color:#f7b320\">I compromessi<br>Spesso non durano<br>Anche i migliori<br>Autoimposti<br>Eventualmente<br>Si liberano<br>In armonia<br>Con l'insieme<br>In qualsiasi via<br>\u00c8 la propria<br>Che condurr\u00e0<br>Attraverso il tempo<br>E lo spazio<br>Al di l\u00e0 di tutto<br>Il cuore e l'anima<br>La casa dello spirito<br>\u00c8 sempre stata<br>\u00c8 e sar\u00e0<br>Nel flusso<br>Di vita e amore<br>Luce e suono<br>Il divino<br>Protegge<br>Guida avanti<br>La libert\u00e0<br>In un mondo<br>Di guerra e pace.<\/p>\n\n\n\n<h3 class=\"has-text-color wp-block-heading\" style=\"color:#f7b320\">\u201cFusione Pro-Reg\u201d \u2013 un campione sonoro meditativo <\/h3>\n\n\n\n<figure class=\"wp-block-audio\"><audio controls src=\"https:\/\/tonalibus.org\/wp-content\/uploads\/2022\/12\/2022-12-24-HexaBluMin.mp3\"><\/audio><figcaption class=\"wp-element-caption\"><a href=\"https:\/\/tonalibus.org\/it\/tonalities\/hexatonalities\/hexablumin\/\"><mark style=\"background-color:rgba(0, 0, 0, 0);color:#f7b320\" class=\"has-inline-color\">EsaBluMin<\/mark><\/a><mark style=\"background-color:rgba(0, 0, 0, 0);color:#f7b320\" class=\"has-inline-color\"> \u2013 campione sonoro, calmo \u2013 chitarra a 8 corde, tanpura \u2013 2:19 \u2013<em> <\/em><\/mark><a href=\"https:\/\/tonalibus.org\/it\/tonalities\/hexatonalities\/hexablumin\/hexablumin-loops\/\" target=\"_blank\" rel=\"noreferrer noopener\"><mark style=\"background-color:rgba(0, 0, 0, 0);color:#f7b320\" class=\"has-inline-color\">come loop<\/mark><\/a><mark style=\"background-color:rgba(0, 0, 0, 0);color:#f7b320\" class=\"has-inline-color\"> su una scheda separata<em><mark style=\"background-color:rgba(0, 0, 0, 0);color:#f7b320\" class=\"has-inline-color\"><\/mark> <\/em><mark style=\"background-color:rgba(0, 0, 0, 0);color:#f7b320\" class=\"has-inline-color\">(o via l'opzione del clic destro, se disponibile)<\/mark><\/mark> <mark style=\"background-color:rgba(0, 0, 0, 0);color:#f7b320\" class=\"has-inline-color\">\u2014<em> <\/em>Si pu\u00f2 godere di un loop di tonalit\u00e0 come mantra sonoro per <\/mark><a href=\"https:\/\/it.wikipedia.org\/wiki\/Contemplazione\" target=\"_blank\" rel=\"noreferrer noopener\"><mark style=\"background-color:rgba(0, 0, 0, 0);color:#f7b320\" class=\"has-inline-color\">la contemplazione<\/mark><\/a><mark style=\"background-color:rgba(0, 0, 0, 0);color:#f7b320\" class=\"has-inline-color\"> o <\/mark><a href=\"https:\/\/it.wikipedia.org\/wiki\/Meditazione\" target=\"_blank\" rel=\"noreferrer noopener\"><mark style=\"background-color:rgba(0, 0, 0, 0);color:#f7b320\" class=\"has-inline-color\">la meditazione<\/mark><\/a><mark style=\"background-color:rgba(0, 0, 0, 0);color:#f7b320\" class=\"has-inline-color\">, per il sollevamento, la messa a fuoco, o come rilassante suono di sottofondo per il relax e la rigenerazione.<\/mark><\/figcaption><\/figure>\n\n\n\n<h3 class=\"has-text-color wp-block-heading\" style=\"color:#f7b320\">Da \u201cIl ragazzo, la talpa, la volpe e il cavallo\u201d di Charlie Mackesy<\/h3>\n\n\n\n<p class=\"has-text-color\" style=\"color:#f7b320\">\u201cCosa pensi che sia il successo?\u201d, chiese il ragazzo. \u201cAmare\u201d, rispose la talpa.<\/p>\n\n\n\n<p class=\"has-text-color\" style=\"color:#f7b320\">\u201cNon \u00e8 strano? Possiamo vedere solo il nostro esterno, ma quasi tutto accade all'interno.\u201d<\/p>\n\n\n\n<p class=\"has-text-color\" style=\"color:#f7b320\">\u201cIl tuo bicchiere \u00e8 mezzo vuoto o mezzo pieno?\u201c, chiese la talpa. \u201cCredo di essere grato di avere un bicchiere\u201c, disse il ragazzo.<\/p>\n\n\n\n<h3 class=\"has-text-color wp-block-heading\" style=\"color:#f7b320\">Ritorno alle radici, agli inizi e alle fine<\/h3>\n\n\n\n<figure class=\"wp-block-image size-large\"><img loading=\"lazy\" decoding=\"async\" width=\"1024\" height=\"576\" src=\"https:\/\/tonalibus.org\/wp-content\/uploads\/2022\/12\/20221225_150708709_iOS-x-1-1024x576.jpg\" alt=\"Back to the roots!\" class=\"wp-image-22050\" srcset=\"https:\/\/tonalibus.org\/wp-content\/uploads\/2022\/12\/20221225_150708709_iOS-x-1-1024x576.jpg 1024w, https:\/\/tonalibus.org\/wp-content\/uploads\/2022\/12\/20221225_150708709_iOS-x-1-300x169.jpg 300w, https:\/\/tonalibus.org\/wp-content\/uploads\/2022\/12\/20221225_150708709_iOS-x-1-768x432.jpg 768w, https:\/\/tonalibus.org\/wp-content\/uploads\/2022\/12\/20221225_150708709_iOS-x-1-1536x864.jpg 1536w, https:\/\/tonalibus.org\/wp-content\/uploads\/2022\/12\/20221225_150708709_iOS-x-1-2048x1152.jpg 2048w, https:\/\/tonalibus.org\/wp-content\/uploads\/2022\/12\/20221225_150708709_iOS-x-1-18x10.jpg 18w, https:\/\/tonalibus.org\/wp-content\/uploads\/2022\/12\/20221225_150708709_iOS-x-1-1320x743.jpg 1320w\" sizes=\"auto, (max-width: 706px) 89vw, (max-width: 767px) 82vw, 740px\" \/><figcaption class=\"wp-element-caption\">Celebrazione alle porte del mormorio \u2013 dicembre 2022 \u2013 Weng, ingresso al Ges\u00e4use, Austria<\/figcaption><\/figure>","protected":false},"excerpt":{"rendered":"<p>Ritorno alle origini!<br \/>\nI compromessi<br \/>\nSpesso non durano<br \/>\nAnche i migliori<br \/>\nAutoimposti<br \/>\n...<\/p>","protected":false},"author":1,"featured_media":0,"comment_status":"closed","ping_status":"closed","sticky":false,"template":"","format":"standard","meta":{"footnotes":""},"categories":[19,10],"tags":[],"class_list":["post-21985","post","type-post","status-publish","format-standard","hentry","category-2022-spiritual","category-spiritualibus"],"yoast_head":"<!-- This site is optimized with the Yoast SEO plugin v27.5 - https:\/\/yoast.com\/product\/yoast-seo-wordpress\/ -->\n<title>Back to the roots! &#8211; TONALIBUS Harmony and Tonalities<\/title>\n<meta name=\"description\" content=\"Back to the roots! Compromises may not last, even the best, self-imposed, eventually come free in harmony with the whole whatever way...\" \/>\n<meta name=\"robots\" content=\"index, follow, max-snippet:-1, max-image-preview:large, max-video-preview:-1\" \/>\n<link rel=\"canonical\" href=\"https:\/\/tonalibus.org\/it\/2022\/12\/29\/back-to-the-roots\/\" \/>\n<meta property=\"og:locale\" content=\"it_IT\" \/>\n<meta property=\"og:type\" content=\"article\" \/>\n<meta property=\"og:title\" content=\"Back to the roots! &#8211; TONALIBUS Harmony and Tonalities\" \/>\n<meta property=\"og:description\" content=\"Back to the roots! Compromises may not last, even the best, self-imposed, eventually come free in harmony with the whole whatever way...\" \/>\n<meta property=\"og:url\" content=\"https:\/\/tonalibus.org\/it\/2022\/12\/29\/back-to-the-roots\/\" \/>\n<meta property=\"og:site_name\" content=\"TONALIBUS\" \/>\n<meta property=\"article:published_time\" content=\"2022-12-29T18:59:30+00:00\" \/>\n<meta property=\"article:modified_time\" content=\"2022-12-29T18:59:32+00:00\" \/>\n<meta property=\"og:image\" content=\"https:\/\/tonalibus.org\/wp-content\/uploads\/2022\/12\/20221225_150708709_iOS-x-1-1024x576.jpg\" \/>\n<meta name=\"author\" content=\"Ulrico\" \/>\n<meta name=\"twitter:card\" content=\"summary_large_image\" \/>\n<meta name=\"twitter:label1\" content=\"Scritto da\" \/>\n\t<meta name=\"twitter:data1\" content=\"Ulrico\" \/>\n\t<meta name=\"twitter:label2\" content=\"Tempo di lettura stimato\" \/>\n\t<meta name=\"twitter:data2\" content=\"2 minuti\" \/>\n<script type=\"application\/ld+json\" class=\"yoast-schema-graph\">{\"@context\":\"https:\\\/\\\/schema.org\",\"@graph\":[{\"@type\":\"Article\",\"@id\":\"https:\\\/\\\/tonalibus.org\\\/it\\\/2022\\\/12\\\/29\\\/back-to-the-roots\\\/#article\",\"isPartOf\":{\"@id\":\"https:\\\/\\\/tonalibus.org\\\/it\\\/2022\\\/12\\\/29\\\/back-to-the-roots\\\/\"},\"author\":{\"name\":\"Ulrico\",\"@id\":\"https:\\\/\\\/tonalibus.org\\\/de\\\/#\\\/schema\\\/person\\\/749261d7bc96d1f00127273f83ab96a4\"},\"headline\":\"Back to the roots!\",\"datePublished\":\"2022-12-29T18:59:30+00:00\",\"dateModified\":\"2022-12-29T18:59:32+00:00\",\"mainEntityOfPage\":{\"@id\":\"https:\\\/\\\/tonalibus.org\\\/it\\\/2022\\\/12\\\/29\\\/back-to-the-roots\\\/\"},\"wordCount\":199,\"publisher\":{\"@id\":\"https:\\\/\\\/tonalibus.org\\\/de\\\/#\\\/schema\\\/person\\\/749261d7bc96d1f00127273f83ab96a4\"},\"image\":{\"@id\":\"https:\\\/\\\/tonalibus.org\\\/it\\\/2022\\\/12\\\/29\\\/back-to-the-roots\\\/#primaryimage\"},\"thumbnailUrl\":\"https:\\\/\\\/tonalibus.org\\\/wp-content\\\/uploads\\\/2022\\\/12\\\/20221225_150708709_iOS-x-1-1024x576.jpg\",\"articleSection\":[\"2022 spiritual\",\"Spiritualibus\"],\"inLanguage\":\"it-IT\"},{\"@type\":\"WebPage\",\"@id\":\"https:\\\/\\\/tonalibus.org\\\/it\\\/2022\\\/12\\\/29\\\/back-to-the-roots\\\/\",\"url\":\"https:\\\/\\\/tonalibus.org\\\/it\\\/2022\\\/12\\\/29\\\/back-to-the-roots\\\/\",\"name\":\"Back to the roots! &#8211; TONALIBUS Harmony and Tonalities\",\"isPartOf\":{\"@id\":\"https:\\\/\\\/tonalibus.org\\\/de\\\/#website\"},\"primaryImageOfPage\":{\"@id\":\"https:\\\/\\\/tonalibus.org\\\/it\\\/2022\\\/12\\\/29\\\/back-to-the-roots\\\/#primaryimage\"},\"image\":{\"@id\":\"https:\\\/\\\/tonalibus.org\\\/it\\\/2022\\\/12\\\/29\\\/back-to-the-roots\\\/#primaryimage\"},\"thumbnailUrl\":\"https:\\\/\\\/tonalibus.org\\\/wp-content\\\/uploads\\\/2022\\\/12\\\/20221225_150708709_iOS-x-1-1024x576.jpg\",\"datePublished\":\"2022-12-29T18:59:30+00:00\",\"dateModified\":\"2022-12-29T18:59:32+00:00\",\"description\":\"Back to the roots! Compromises may not last, even the best, self-imposed, eventually come free in harmony with the whole whatever way...\",\"breadcrumb\":{\"@id\":\"https:\\\/\\\/tonalibus.org\\\/it\\\/2022\\\/12\\\/29\\\/back-to-the-roots\\\/#breadcrumb\"},\"inLanguage\":\"it-IT\",\"potentialAction\":[{\"@type\":\"ReadAction\",\"target\":[\"https:\\\/\\\/tonalibus.org\\\/it\\\/2022\\\/12\\\/29\\\/back-to-the-roots\\\/\"]}]},{\"@type\":\"ImageObject\",\"inLanguage\":\"it-IT\",\"@id\":\"https:\\\/\\\/tonalibus.org\\\/it\\\/2022\\\/12\\\/29\\\/back-to-the-roots\\\/#primaryimage\",\"url\":\"https:\\\/\\\/tonalibus.org\\\/wp-content\\\/uploads\\\/2022\\\/12\\\/20221225_150708709_iOS-x-1-1024x576.jpg\",\"contentUrl\":\"https:\\\/\\\/tonalibus.org\\\/wp-content\\\/uploads\\\/2022\\\/12\\\/20221225_150708709_iOS-x-1-1024x576.jpg\"},{\"@type\":\"BreadcrumbList\",\"@id\":\"https:\\\/\\\/tonalibus.org\\\/it\\\/2022\\\/12\\\/29\\\/back-to-the-roots\\\/#breadcrumb\",\"itemListElement\":[{\"@type\":\"ListItem\",\"position\":1,\"name\":\"Home\",\"item\":\"https:\\\/\\\/tonalibus.org\\\/\"},{\"@type\":\"ListItem\",\"position\":2,\"name\":\"Back to the roots!\"}]},{\"@type\":\"WebSite\",\"@id\":\"https:\\\/\\\/tonalibus.org\\\/de\\\/#website\",\"url\":\"https:\\\/\\\/tonalibus.org\\\/de\\\/\",\"name\":\"TONALIBUS\",\"description\":\"Anchored Harmony and Tonalities\",\"publisher\":{\"@id\":\"https:\\\/\\\/tonalibus.org\\\/de\\\/#\\\/schema\\\/person\\\/749261d7bc96d1f00127273f83ab96a4\"},\"potentialAction\":[{\"@type\":\"SearchAction\",\"target\":{\"@type\":\"EntryPoint\",\"urlTemplate\":\"https:\\\/\\\/tonalibus.org\\\/de\\\/?s={search_term_string}\"},\"query-input\":{\"@type\":\"PropertyValueSpecification\",\"valueRequired\":true,\"valueName\":\"search_term_string\"}}],\"inLanguage\":\"it-IT\"},{\"@type\":[\"Person\",\"Organization\"],\"@id\":\"https:\\\/\\\/tonalibus.org\\\/de\\\/#\\\/schema\\\/person\\\/749261d7bc96d1f00127273f83ab96a4\",\"name\":\"Ulrico\",\"image\":{\"@type\":\"ImageObject\",\"inLanguage\":\"it-IT\",\"@id\":\"https:\\\/\\\/tonalibus.org\\\/wp-content\\\/uploads\\\/2020\\\/06\\\/uli-pix.jpg\",\"url\":\"https:\\\/\\\/tonalibus.org\\\/wp-content\\\/uploads\\\/2020\\\/06\\\/uli-pix.jpg\",\"contentUrl\":\"https:\\\/\\\/tonalibus.org\\\/wp-content\\\/uploads\\\/2020\\\/06\\\/uli-pix.jpg\",\"width\":960,\"height\":720,\"caption\":\"Ulrico\"},\"logo\":{\"@id\":\"https:\\\/\\\/tonalibus.org\\\/wp-content\\\/uploads\\\/2020\\\/06\\\/uli-pix.jpg\"},\"sameAs\":[\"https:\\\/\\\/tonalibus.cyon.site\"]}]}<\/script>\n<!-- \/ Yoast SEO plugin. -->","yoast_head_json":{"title":"Ritorno alle radici! - Armonia e tonalit\u00e0 TONALIBUS","description":"Tornare alle radici! I compromessi possono non durare, anche i migliori, autoimposti, alla fine si liberano in armonia con l'insieme qualunque sia il modo...","robots":{"index":"index","follow":"follow","max-snippet":"max-snippet:-1","max-image-preview":"max-image-preview:large","max-video-preview":"max-video-preview:-1"},"canonical":"https:\/\/tonalibus.org\/it\/2022\/12\/29\/back-to-the-roots\/","og_locale":"it_IT","og_type":"article","og_title":"Back to the roots! &#8211; TONALIBUS Harmony and Tonalities","og_description":"Back to the roots! Compromises may not last, even the best, self-imposed, eventually come free in harmony with the whole whatever way...","og_url":"https:\/\/tonalibus.org\/it\/2022\/12\/29\/back-to-the-roots\/","og_site_name":"TONALIBUS","article_published_time":"2022-12-29T18:59:30+00:00","article_modified_time":"2022-12-29T18:59:32+00:00","og_image":[{"url":"https:\/\/tonalibus.org\/wp-content\/uploads\/2022\/12\/20221225_150708709_iOS-x-1-1024x576.jpg","type":"","width":"","height":""}],"author":"Ulrico","twitter_card":"summary_large_image","twitter_misc":{"Scritto da":"Ulrico","Tempo di lettura stimato":"2 minuti"},"schema":{"@context":"https:\/\/schema.org","@graph":[{"@type":"Article","@id":"https:\/\/tonalibus.org\/it\/2022\/12\/29\/back-to-the-roots\/#article","isPartOf":{"@id":"https:\/\/tonalibus.org\/it\/2022\/12\/29\/back-to-the-roots\/"},"author":{"name":"Ulrico","@id":"https:\/\/tonalibus.org\/de\/#\/schema\/person\/749261d7bc96d1f00127273f83ab96a4"},"headline":"Back to the roots!","datePublished":"2022-12-29T18:59:30+00:00","dateModified":"2022-12-29T18:59:32+00:00","mainEntityOfPage":{"@id":"https:\/\/tonalibus.org\/it\/2022\/12\/29\/back-to-the-roots\/"},"wordCount":199,"publisher":{"@id":"https:\/\/tonalibus.org\/de\/#\/schema\/person\/749261d7bc96d1f00127273f83ab96a4"},"image":{"@id":"https:\/\/tonalibus.org\/it\/2022\/12\/29\/back-to-the-roots\/#primaryimage"},"thumbnailUrl":"https:\/\/tonalibus.org\/wp-content\/uploads\/2022\/12\/20221225_150708709_iOS-x-1-1024x576.jpg","articleSection":["2022 spiritual","Spiritualibus"],"inLanguage":"it-IT"},{"@type":"WebPage","@id":"https:\/\/tonalibus.org\/it\/2022\/12\/29\/back-to-the-roots\/","url":"https:\/\/tonalibus.org\/it\/2022\/12\/29\/back-to-the-roots\/","name":"Ritorno alle radici! - Armonia e tonalit\u00e0 TONALIBUS","isPartOf":{"@id":"https:\/\/tonalibus.org\/de\/#website"},"primaryImageOfPage":{"@id":"https:\/\/tonalibus.org\/it\/2022\/12\/29\/back-to-the-roots\/#primaryimage"},"image":{"@id":"https:\/\/tonalibus.org\/it\/2022\/12\/29\/back-to-the-roots\/#primaryimage"},"thumbnailUrl":"https:\/\/tonalibus.org\/wp-content\/uploads\/2022\/12\/20221225_150708709_iOS-x-1-1024x576.jpg","datePublished":"2022-12-29T18:59:30+00:00","dateModified":"2022-12-29T18:59:32+00:00","description":"Tornare alle radici! I compromessi possono non durare, anche i migliori, autoimposti, alla fine si liberano in armonia con l'insieme qualunque sia il modo...","breadcrumb":{"@id":"https:\/\/tonalibus.org\/it\/2022\/12\/29\/back-to-the-roots\/#breadcrumb"},"inLanguage":"it-IT","potentialAction":[{"@type":"ReadAction","target":["https:\/\/tonalibus.org\/it\/2022\/12\/29\/back-to-the-roots\/"]}]},{"@type":"ImageObject","inLanguage":"it-IT","@id":"https:\/\/tonalibus.org\/it\/2022\/12\/29\/back-to-the-roots\/#primaryimage","url":"https:\/\/tonalibus.org\/wp-content\/uploads\/2022\/12\/20221225_150708709_iOS-x-1-1024x576.jpg","contentUrl":"https:\/\/tonalibus.org\/wp-content\/uploads\/2022\/12\/20221225_150708709_iOS-x-1-1024x576.jpg"},{"@type":"BreadcrumbList","@id":"https:\/\/tonalibus.org\/it\/2022\/12\/29\/back-to-the-roots\/#breadcrumb","itemListElement":[{"@type":"ListItem","position":1,"name":"Home","item":"https:\/\/tonalibus.org\/"},{"@type":"ListItem","position":2,"name":"Back to the roots!"}]},{"@type":"WebSite","@id":"https:\/\/tonalibus.org\/de\/#website","url":"https:\/\/tonalibus.org\/de\/","name":"TONALIBUS","description":"Armonia e tonalit\u00e0 ancorate","publisher":{"@id":"https:\/\/tonalibus.org\/de\/#\/schema\/person\/749261d7bc96d1f00127273f83ab96a4"},"potentialAction":[{"@type":"SearchAction","target":{"@type":"EntryPoint","urlTemplate":"https:\/\/tonalibus.org\/de\/?s={search_term_string}"},"query-input":{"@type":"PropertyValueSpecification","valueRequired":true,"valueName":"search_term_string"}}],"inLanguage":"it-IT"},{"@type":["Person","Organization"],"@id":"https:\/\/tonalibus.org\/de\/#\/schema\/person\/749261d7bc96d1f00127273f83ab96a4","name":"Ulrico","image":{"@type":"ImageObject","inLanguage":"it-IT","@id":"https:\/\/tonalibus.org\/wp-content\/uploads\/2020\/06\/uli-pix.jpg","url":"https:\/\/tonalibus.org\/wp-content\/uploads\/2020\/06\/uli-pix.jpg","contentUrl":"https:\/\/tonalibus.org\/wp-content\/uploads\/2020\/06\/uli-pix.jpg","width":960,"height":720,"caption":"Ulrico"},"logo":{"@id":"https:\/\/tonalibus.org\/wp-content\/uploads\/2020\/06\/uli-pix.jpg"},"sameAs":["https:\/\/tonalibus.cyon.site"]}]}},"_links":{"self":[{"href":"https:\/\/tonalibus.org\/it\/wp-json\/wp\/v2\/posts\/21985","targetHints":{"allow":["GET"]}}],"collection":[{"href":"https:\/\/tonalibus.org\/it\/wp-json\/wp\/v2\/posts"}],"about":[{"href":"https:\/\/tonalibus.org\/it\/wp-json\/wp\/v2\/types\/post"}],"author":[{"embeddable":true,"href":"https:\/\/tonalibus.org\/it\/wp-json\/wp\/v2\/users\/1"}],"replies":[{"embeddable":true,"href":"https:\/\/tonalibus.org\/it\/wp-json\/wp\/v2\/comments?post=21985"}],"version-history":[{"count":0,"href":"https:\/\/tonalibus.org\/it\/wp-json\/wp\/v2\/posts\/21985\/revisions"}],"wp:attachment":[{"href":"https:\/\/tonalibus.org\/it\/wp-json\/wp\/v2\/media?parent=21985"}],"wp:term":[{"taxonomy":"category","embeddable":true,"href":"https:\/\/tonalibus.org\/it\/wp-json\/wp\/v2\/categories?post=21985"},{"taxonomy":"post_tag","embeddable":true,"href":"https:\/\/tonalibus.org\/it\/wp-json\/wp\/v2\/tags?post=21985"}],"curies":[{"name":"wp","href":"https:\/\/api.w.org\/{rel}","templated":true}]}}