{"id":27024,"date":"2023-08-17T14:57:02","date_gmt":"2023-08-17T12:57:02","guid":{"rendered":"https:\/\/tonalibus.org\/?p=27024"},"modified":"2023-10-19T17:22:42","modified_gmt":"2023-10-19T15:22:42","slug":"august-2023-tonalibus-update","status":"publish","type":"post","link":"https:\/\/tonalibus.org\/it\/2023\/08\/17\/august-2023-tonalibus-update\/","title":{"rendered":"Aggiornamento Tonalibus di agosto 2023"},"content":{"rendered":"<div class=\"wp-block-buttons is-content-justification-center is-layout-flex wp-container-core-buttons-is-layout-16018d1d wp-block-buttons-is-layout-flex\">\n<div class=\"wp-block-button is-style-outline is-style-outline--1\"><a class=\"wp-block-button__link wp-element-button\" href=\"#playlist\">Aggiornamento dei <br>plalylist e suoni<\/a><\/div>\n\n\n\n<div class=\"wp-block-button is-style-outline is-style-outline--2\"><a class=\"wp-block-button__link wp-element-button\" href=\"#mantra\">Suono come mantra<br>(tonalit\u00e0 in azione)<\/a><\/div>\n\n\n\n<div class=\"wp-block-button is-style-outline is-style-outline--3\"><a class=\"wp-block-button__link wp-element-button\" href=\"#cycle\">Ciclo di armonici <br>e l'armonia universale<\/a><\/div>\n\n\n\n<div class=\"wp-block-button is-style-outline is-style-outline--4\"><a class=\"wp-block-button__link wp-element-button\" href=\"#conclude\">Citazione e foto<br>conclusione<\/a><\/div>\n<\/div>\n\n\n\n<div style=\"height:32px\" aria-hidden=\"true\" class=\"wp-block-spacer\"><\/div>\n\n\n\n<p class=\"has-text-color\" style=\"color:#f7b320\">Questo aggiornamento Tonalibus di agosto 2023 presenta l'evoluzione di <em>Playlist K<\/em> e <em>Suoni di luglio-agosto 2023<\/em>, cos\u00ec come <em>Suono come mantra<\/em>, un'offerta Fidibus emergente per aiutare la creazione di mantra sonori personali. Inoltre, si parla del ciclo dei armonici e dell'armonia universale e si conclude con una citazione poetica e una foto.<\/p>\n\n\n\n<h2 class=\"wp-block-heading has-text-color\" id=\"playlist\" style=\"color:#f7b320\">Notizie di playlist e suoni Tonalibus di agosto 2023<\/h2>\n\n\n\n<div class=\"wp-block-media-text is-stacked-on-mobile\" style=\"grid-template-columns:24% auto\"><figure class=\"wp-block-media-text__media\"><img loading=\"lazy\" decoding=\"async\" width=\"1024\" height=\"1024\" src=\"https:\/\/tonalibus.org\/wp-content\/uploads\/2023\/06\/20220515_202745414_iOS-xc1-sqr-k-1024x1024.jpg\" alt=\"August 2023 Tonalibus update\" class=\"wp-image-25658 size-full\" srcset=\"https:\/\/tonalibus.org\/wp-content\/uploads\/2023\/06\/20220515_202745414_iOS-xc1-sqr-k-1024x1024.jpg 1024w, https:\/\/tonalibus.org\/wp-content\/uploads\/2023\/06\/20220515_202745414_iOS-xc1-sqr-k-300x300.jpg 300w, https:\/\/tonalibus.org\/wp-content\/uploads\/2023\/06\/20220515_202745414_iOS-xc1-sqr-k-150x150.jpg 150w, https:\/\/tonalibus.org\/wp-content\/uploads\/2023\/06\/20220515_202745414_iOS-xc1-sqr-k-768x768.jpg 768w, https:\/\/tonalibus.org\/wp-content\/uploads\/2023\/06\/20220515_202745414_iOS-xc1-sqr-k-1536x1536.jpg 1536w, https:\/\/tonalibus.org\/wp-content\/uploads\/2023\/06\/20220515_202745414_iOS-xc1-sqr-k-2048x2048.jpg 2048w, https:\/\/tonalibus.org\/wp-content\/uploads\/2023\/06\/20220515_202745414_iOS-xc1-sqr-k-12x12.jpg 12w, https:\/\/tonalibus.org\/wp-content\/uploads\/2023\/06\/20220515_202745414_iOS-xc1-sqr-k-100x100.jpg 100w, https:\/\/tonalibus.org\/wp-content\/uploads\/2023\/06\/20220515_202745414_iOS-xc1-sqr-k-1320x1320.jpg 1320w, https:\/\/tonalibus.org\/wp-content\/uploads\/2023\/06\/20220515_202745414_iOS-xc1-sqr-k-560x560.jpg 560w\" sizes=\"auto, (max-width: 706px) 89vw, (max-width: 767px) 82vw, 740px\" \/><\/figure><div class=\"wp-block-media-text__content\">\n<p class=\"has-text-color\" style=\"color:#f7b320\"><a href=\"https:\/\/tonalibus.org\/it\/shop\/playlists\/playlist-i-j-k\/#k\"><mark style=\"background-color:rgba(0, 0, 0, 0);color:#f7b320\" class=\"has-inline-color\">Playlist K<\/mark><\/a> \u00e8 ora cresciuto fino a 12 pezzi che coprono 66 minuti di nuove registrazioni. I nuovi brani includono: <br>\u201cCalling the divine\u201d \u2013 cuori si collegano direttamente<br>\u201cBalancing up and down\u201d \u2013 calma estesa<em> <\/em>(sotto)<br>\u201cGo with God\u201d \u2013 una benedizione finale \u2013 per Stivensky<br>e<em> <\/em>\u201cPulsating through life\u201d \u2013 avanti!<em> <\/em>(sotto). <br>Disponibili anche sotto <a href=\"https:\/\/tonalibus.org\/it\/sounds\/2023-sounds-and-images\/july-august-2023-sounds\/\"><mark style=\"background-color:rgba(0, 0, 0, 0);color:#f7b320\" class=\"has-inline-color\">Suoni di luglio-agosto 2023<\/mark><\/a>.<\/p>\n<\/div><\/div>\n\n\n\n<figure class=\"wp-block-audio\"><audio controls src=\"https:\/\/tonalibus.org\/wp-content\/uploads\/2023\/08\/2023-08-14-5GLSBACO.mp3\"><\/audio><figcaption class=\"wp-element-caption\"><mark style=\"background-color:rgba(0, 0, 0, 0);color:#f7b320\" class=\"has-inline-color\">\u201cPulsating through life\u201d \u2013 avanti!<em> <\/em>\u2014 <\/mark><a href=\"https:\/\/tonalibus.org\/it\/tonalities\/hexatonalities\/hexamin\/\"><mark style=\"background-color:rgba(0, 0, 0, 0);color:#f7b320\" class=\"has-inline-color\">EsaMin<\/mark><\/a><mark style=\"background-color:rgba(0, 0, 0, 0);color:#f7b320\" class=\"has-inline-color\"> su Sol#\/G# con un tocco Eolio \u2013 chitarra a 5 corde, chitarra lap slide, basso, conchiglia \u2013 4:00<\/mark><\/figcaption><\/figure>\n\n\n\n<h2 class=\"wp-block-heading has-text-color\" id=\"mantra\" style=\"color:#f7b320\">Suono come mantra \u2013 tonalit\u00e0 in azione<\/h2>\n\n\n\n<div class=\"wp-block-media-text is-stacked-on-mobile\" style=\"grid-template-columns:24% auto\"><figure class=\"wp-block-media-text__media\"><img loading=\"lazy\" decoding=\"async\" width=\"720\" height=\"720\" src=\"https:\/\/tonalibus.org\/wp-content\/uploads\/2021\/12\/fat-logo-square.jpg\" alt=\"August 2023 Tonalibus update\" class=\"wp-image-15748 size-full\" srcset=\"https:\/\/tonalibus.org\/wp-content\/uploads\/2021\/12\/fat-logo-square.jpg 720w, https:\/\/tonalibus.org\/wp-content\/uploads\/2021\/12\/fat-logo-square-300x300.jpg 300w, https:\/\/tonalibus.org\/wp-content\/uploads\/2021\/12\/fat-logo-square-150x150.jpg 150w, https:\/\/tonalibus.org\/wp-content\/uploads\/2021\/12\/fat-logo-square-12x12.jpg 12w, https:\/\/tonalibus.org\/wp-content\/uploads\/2021\/12\/fat-logo-square-100x100.jpg 100w, https:\/\/tonalibus.org\/wp-content\/uploads\/2021\/12\/fat-logo-square-560x560.jpg 560w\" sizes=\"auto, (max-width: 720px) 100vw, 720px\" \/><\/figure><div class=\"wp-block-media-text__content\">\n<p class=\"has-text-color\" style=\"color:#f7b320\">I mantra sonori individuali erano un'offerta Tonalibus originale che \u00e8 stata abbandonata qualche tempo fa. Ora <a href=\"https:\/\/tonalibus.org\/it\/shop\/sound-as-mantra\/\"><mark style=\"background-color:rgba(0, 0, 0, 0);color:#f7b320\" class=\"has-inline-color\">Suono come mantra<\/mark><\/a> si sta formando nel shop Fidibus. Il suo scopo \u00e8 quello di permetterti di creare i tui mantra sonori personali. <a href=\"https:\/\/tonalibus.org\/it\/shop\/sound-as-mantra\/#pitch\"><mark style=\"background-color:rgba(0, 0, 0, 0);color:#f7b320\" class=\"has-inline-color\">Altezza fondamentale individuale<\/mark><\/a>, un primo passo, \u00e8 ora disponibile, cos\u00ec come l'ausilio delle <a href=\"https:\/\/tonalibus.org\/it\/shop\/chromatic-pitches\/\"><mark style=\"background-color:rgba(0, 0, 0, 0);color:#f7b320\" class=\"has-inline-color\">altezze cromatiche<\/mark><\/a>. La selezione delle tonalit\u00e0 individuali \u00e8 pi\u00f9 complessa e attualmente in fase di costruzione per essere realizzata e postata in fasi successive.<\/p>\n<\/div><\/div>\n\n\n\n<figure class=\"wp-block-audio\"><audio controls src=\"https:\/\/tonalibus.org\/wp-content\/uploads\/2023\/08\/2023-08-08-8GTA-LOLOREACHMIN.mp3\"><\/audio><figcaption class=\"wp-element-caption\"><mark style=\"background-color:rgba(0, 0, 0, 0);color:#f7b320\" class=\"has-inline-color\">\u201cBalancing up and down\u201d \u2013 calma estesa<em> <\/em>\u2014 <\/mark><a href=\"https:\/\/tonalibus.org\/it\/tonalities\/reach-or-harmonic-heptatonalities\/loloreachmin\/\"><mark style=\"background-color:rgba(0, 0, 0, 0);color:#f7b320\" class=\"has-inline-color\">LoloReachMin<\/mark><\/a><mark style=\"background-color:rgba(0, 0, 0, 0);color:#f7b320\" class=\"has-inline-color\"> in Re\/D \u2013 chitarra a 8 corde &amp; tanpura \u2013 3:58 <\/mark><\/figcaption><\/figure>\n\n\n\n<h2 class=\"wp-block-heading has-text-color\" id=\"cycle\" style=\"color:#f7b320\">Ciclo di armonici e armonia universale<\/h2>\n\n\n\n<div class=\"wp-block-media-text is-stacked-on-mobile\" style=\"grid-template-columns:24% auto\"><figure class=\"wp-block-media-text__media\"><img loading=\"lazy\" decoding=\"async\" width=\"768\" height=\"1024\" src=\"https:\/\/tonalibus.org\/wp-content\/uploads\/2023\/08\/20230715_174956000_iOS-xc.jpg\" alt=\"August 2023 Tonalibus update\" class=\"wp-image-26668 size-full\" srcset=\"https:\/\/tonalibus.org\/wp-content\/uploads\/2023\/08\/20230715_174956000_iOS-xc.jpg 768w, https:\/\/tonalibus.org\/wp-content\/uploads\/2023\/08\/20230715_174956000_iOS-xc-225x300.jpg 225w, https:\/\/tonalibus.org\/wp-content\/uploads\/2023\/08\/20230715_174956000_iOS-xc-9x12.jpg 9w\" sizes=\"auto, (max-width: 706px) 89vw, (max-width: 767px) 82vw, 740px\" \/><\/figure><div class=\"wp-block-media-text__content\">\n<p class=\"has-text-color\" style=\"color:#f7b320\">Immagini del <a href=\"https:\/\/tonalibus.org\/it\/concepts\/concepts-highlights\/harmonics-cycle\/\"><mark style=\"background-color:rgba(0, 0, 0, 0);color:#f7b320\" class=\"has-inline-color\">ciclo di armonici<\/mark><\/a> come fusione di regolarit\u00e0 e irregolarit\u00e0 sono ora disponibili sotto <a href=\"https:\/\/tonalibus.org\/it\/concepts\/concepts-highlights\/\"><mark style=\"background-color:rgba(0, 0, 0, 0);color:#f7b320\" class=\"has-inline-color\">concetti in evidenza<\/mark><\/a>.<\/p>\n\n\n\n<p class=\"has-text-color\" style=\"color:#f7b320\">C'\u00e8 un'armonia universale che viviamo e che possiamo riconoscere? Riflessa anche nelle tonalit\u00e0? L'esperienza del momento presente pu\u00f2 affermare questo. Si pu\u00f2 sentire la <a href=\"https:\/\/it.wikipedia.org\/wiki\/Musica_delle_sfere\" target=\"_blank\" rel=\"noreferrer noopener\"><mark style=\"background-color:rgba(0, 0, 0, 0);color:#f7b320\" class=\"has-inline-color\">musica delle sfere<\/mark><\/a>? C'\u00e8 un'infinita abbondanza di modi di vivere e di armonia \u2013 nessuno e unico modo! Mentre qui ora siamo uno e lo stesso \u2013 cos\u00ec come ognuno di noi \u00e8 individualmente unico, ognuno distintamente diverso da tutti gli altri.<\/p>\n<\/div><\/div>\n\n\n\n<h2 class=\"wp-block-heading has-text-color\" id=\"conclude\" style=\"color:#f7b320\">Conclusione di questo aggiornamento Tonalibus<\/h2>\n\n\n\n<p class=\"has-text-align-center has-text-color\" style=\"color:#f7b320\">\u201cMare, montagna, erba e alberi,<br>anche la macchina, l'automobile, la benzina, il computer \u2013<br>\u2013 non appartengono alle persone.<br>Sono gi\u00e0 vivi. Anche il nostro corpo non \u00e8 nostro.<br>Siamo semplicemente vite che si fronteggiano \u2013<br>cos\u00ec risuoniamo, ci ribelliamo, ci arrabbiamo, piangiamo, ridiamo,<br>e danziamo con loro.\u201d<\/p>\n\n\n\n<p class=\"has-text-align-center has-text-color\" style=\"color:#f7b320\">Atsushi Takenouchi, <mark style=\"background-color:rgba(0, 0, 0, 0);color:#f7b320\" class=\"has-inline-color\">\u821e\u8e0f <\/mark><a href=\"https:\/\/it.wikipedia.org\/wiki\/But\u014d\" target=\"_blank\" rel=\"noreferrer noopener\"><mark style=\"background-color:rgba(0, 0, 0, 0);color:#f7b320\" class=\"has-inline-color\"><em>But\u014d<\/em><\/mark><\/a> \u2013 danzatore e istruttore<\/p>\n\n\n\n<div style=\"height:30px\" aria-hidden=\"true\" class=\"wp-block-spacer\"><\/div>\n\n\n\n<figure class=\"wp-block-image size-large\"><img loading=\"lazy\" decoding=\"async\" width=\"1024\" height=\"576\" src=\"https:\/\/tonalibus.org\/wp-content\/uploads\/2023\/08\/20230816_192019636_iOS-x-1024x576.jpg\" alt=\"August 2023 Tonalibus update\" class=\"wp-image-27180\" srcset=\"https:\/\/tonalibus.org\/wp-content\/uploads\/2023\/08\/20230816_192019636_iOS-x-1024x576.jpg 1024w, https:\/\/tonalibus.org\/wp-content\/uploads\/2023\/08\/20230816_192019636_iOS-x-300x169.jpg 300w, https:\/\/tonalibus.org\/wp-content\/uploads\/2023\/08\/20230816_192019636_iOS-x-768x432.jpg 768w, https:\/\/tonalibus.org\/wp-content\/uploads\/2023\/08\/20230816_192019636_iOS-x-1536x864.jpg 1536w, https:\/\/tonalibus.org\/wp-content\/uploads\/2023\/08\/20230816_192019636_iOS-x-2048x1152.jpg 2048w, https:\/\/tonalibus.org\/wp-content\/uploads\/2023\/08\/20230816_192019636_iOS-x-18x10.jpg 18w, https:\/\/tonalibus.org\/wp-content\/uploads\/2023\/08\/20230816_192019636_iOS-x-1320x743.jpg 1320w\" sizes=\"auto, (max-width: 706px) 89vw, (max-width: 767px) 82vw, 740px\" \/><figcaption class=\"wp-element-caption\">Ambientazione di una serata di danza del fuoco But\u014d \u2013 agosto 2023 \u2013 Kiental, Svizzera <\/figcaption><\/figure>","protected":false},"excerpt":{"rendered":"<p>Questo aggiornamento Tonalibus di agosto 2023 presenta l'evoluzione di Playlist K e Suoni di luglio-agosto 2023, cos\u00ec come Suono come mantra, un'offerta Fidibus emergente per aiutare la creazione di mantra sonori personali. Inoltre, si parla del ciclo dei armonici e dell'armonia universale e si conclude con una citazione poetica e una foto.<\/p>","protected":false},"author":1,"featured_media":0,"comment_status":"closed","ping_status":"closed","sticky":false,"template":"","format":"standard","meta":{"footnotes":""},"categories":[30,25,12,11,16],"tags":[],"class_list":["post-27024","post","type-post","status-publish","format-standard","hentry","category-2023-fidal","category-2023-tonal","category-fidibus","category-tonalibus","category-update"],"yoast_head":"<!-- This site is optimized with the Yoast SEO plugin v27.4 - https:\/\/yoast.com\/product\/yoast-seo-wordpress\/ -->\n<title>August 2023 Tonalibus update &#8211; TONALIBUS Harmony and Tonalities<\/title>\n<meta name=\"description\" content=\"This August 2023 Tonalibus update highlights the evolution of playlist K, July-August 2023 sounds, sound as mantra, the harmonics cycle, etc.\" \/>\n<meta name=\"robots\" content=\"index, follow, max-snippet:-1, max-image-preview:large, max-video-preview:-1\" \/>\n<link rel=\"canonical\" href=\"https:\/\/tonalibus.org\/it\/2023\/08\/17\/august-2023-tonalibus-update\/\" \/>\n<meta property=\"og:locale\" content=\"it_IT\" \/>\n<meta property=\"og:type\" content=\"article\" \/>\n<meta property=\"og:title\" content=\"August 2023 Tonalibus update &#8211; TONALIBUS Harmony and Tonalities\" \/>\n<meta property=\"og:description\" content=\"This August 2023 Tonalibus update highlights the evolution of playlist K, July-August 2023 sounds, sound as mantra, the harmonics cycle, etc.\" \/>\n<meta property=\"og:url\" content=\"https:\/\/tonalibus.org\/it\/2023\/08\/17\/august-2023-tonalibus-update\/\" \/>\n<meta property=\"og:site_name\" content=\"TONALIBUS\" \/>\n<meta property=\"article:published_time\" content=\"2023-08-17T12:57:02+00:00\" \/>\n<meta property=\"article:modified_time\" content=\"2023-10-19T15:22:42+00:00\" \/>\n<meta property=\"og:image\" content=\"https:\/\/tonalibus.org\/wp-content\/uploads\/2023\/06\/20220515_202745414_iOS-xc1-sqr-k-1024x1024.jpg\" \/>\n<meta name=\"author\" content=\"Ulrico\" \/>\n<meta name=\"twitter:card\" content=\"summary_large_image\" \/>\n<meta name=\"twitter:label1\" content=\"Scritto da\" \/>\n\t<meta name=\"twitter:data1\" content=\"Ulrico\" \/>\n\t<meta name=\"twitter:label2\" content=\"Tempo di lettura stimato\" \/>\n\t<meta name=\"twitter:data2\" content=\"3 minuti\" \/>\n<script type=\"application\/ld+json\" class=\"yoast-schema-graph\">{\"@context\":\"https:\\\/\\\/schema.org\",\"@graph\":[{\"@type\":\"Article\",\"@id\":\"https:\\\/\\\/tonalibus.org\\\/en\\\/2023\\\/08\\\/17\\\/august-2023-tonalibus-update\\\/#article\",\"isPartOf\":{\"@id\":\"https:\\\/\\\/tonalibus.org\\\/en\\\/2023\\\/08\\\/17\\\/august-2023-tonalibus-update\\\/\"},\"author\":{\"name\":\"Ulrico\",\"@id\":\"https:\\\/\\\/tonalibus.org\\\/de\\\/#\\\/schema\\\/person\\\/749261d7bc96d1f00127273f83ab96a4\"},\"headline\":\"August 2023 Tonalibus update\",\"datePublished\":\"2023-08-17T12:57:02+00:00\",\"dateModified\":\"2023-10-19T15:22:42+00:00\",\"mainEntityOfPage\":{\"@id\":\"https:\\\/\\\/tonalibus.org\\\/en\\\/2023\\\/08\\\/17\\\/august-2023-tonalibus-update\\\/\"},\"wordCount\":416,\"publisher\":{\"@id\":\"https:\\\/\\\/tonalibus.org\\\/de\\\/#\\\/schema\\\/person\\\/749261d7bc96d1f00127273f83ab96a4\"},\"image\":{\"@id\":\"https:\\\/\\\/tonalibus.org\\\/en\\\/2023\\\/08\\\/17\\\/august-2023-tonalibus-update\\\/#primaryimage\"},\"thumbnailUrl\":\"https:\\\/\\\/tonalibus.org\\\/wp-content\\\/uploads\\\/2023\\\/06\\\/20220515_202745414_iOS-xc1-sqr-k-1024x1024.jpg\",\"articleSection\":[\"2023 fidal\",\"2023 tonal\",\"Fidibus\",\"Tonalibus\",\"Update\"],\"inLanguage\":\"it-IT\"},{\"@type\":\"WebPage\",\"@id\":\"https:\\\/\\\/tonalibus.org\\\/en\\\/2023\\\/08\\\/17\\\/august-2023-tonalibus-update\\\/\",\"url\":\"https:\\\/\\\/tonalibus.org\\\/en\\\/2023\\\/08\\\/17\\\/august-2023-tonalibus-update\\\/\",\"name\":\"August 2023 Tonalibus update &#8211; TONALIBUS Harmony and Tonalities\",\"isPartOf\":{\"@id\":\"https:\\\/\\\/tonalibus.org\\\/de\\\/#website\"},\"primaryImageOfPage\":{\"@id\":\"https:\\\/\\\/tonalibus.org\\\/en\\\/2023\\\/08\\\/17\\\/august-2023-tonalibus-update\\\/#primaryimage\"},\"image\":{\"@id\":\"https:\\\/\\\/tonalibus.org\\\/en\\\/2023\\\/08\\\/17\\\/august-2023-tonalibus-update\\\/#primaryimage\"},\"thumbnailUrl\":\"https:\\\/\\\/tonalibus.org\\\/wp-content\\\/uploads\\\/2023\\\/06\\\/20220515_202745414_iOS-xc1-sqr-k-1024x1024.jpg\",\"datePublished\":\"2023-08-17T12:57:02+00:00\",\"dateModified\":\"2023-10-19T15:22:42+00:00\",\"description\":\"This August 2023 Tonalibus update highlights the evolution of playlist K, July-August 2023 sounds, sound as mantra, the harmonics cycle, etc.\",\"breadcrumb\":{\"@id\":\"https:\\\/\\\/tonalibus.org\\\/en\\\/2023\\\/08\\\/17\\\/august-2023-tonalibus-update\\\/#breadcrumb\"},\"inLanguage\":\"it-IT\",\"potentialAction\":[{\"@type\":\"ReadAction\",\"target\":[\"https:\\\/\\\/tonalibus.org\\\/en\\\/2023\\\/08\\\/17\\\/august-2023-tonalibus-update\\\/\"]}]},{\"@type\":\"ImageObject\",\"inLanguage\":\"it-IT\",\"@id\":\"https:\\\/\\\/tonalibus.org\\\/en\\\/2023\\\/08\\\/17\\\/august-2023-tonalibus-update\\\/#primaryimage\",\"url\":\"https:\\\/\\\/tonalibus.org\\\/wp-content\\\/uploads\\\/2023\\\/06\\\/20220515_202745414_iOS-xc1-sqr-k-1024x1024.jpg\",\"contentUrl\":\"https:\\\/\\\/tonalibus.org\\\/wp-content\\\/uploads\\\/2023\\\/06\\\/20220515_202745414_iOS-xc1-sqr-k-1024x1024.jpg\"},{\"@type\":\"BreadcrumbList\",\"@id\":\"https:\\\/\\\/tonalibus.org\\\/en\\\/2023\\\/08\\\/17\\\/august-2023-tonalibus-update\\\/#breadcrumb\",\"itemListElement\":[{\"@type\":\"ListItem\",\"position\":1,\"name\":\"Home\",\"item\":\"https:\\\/\\\/tonalibus.org\\\/\"},{\"@type\":\"ListItem\",\"position\":2,\"name\":\"August 2023 Tonalibus update\"}]},{\"@type\":\"WebSite\",\"@id\":\"https:\\\/\\\/tonalibus.org\\\/de\\\/#website\",\"url\":\"https:\\\/\\\/tonalibus.org\\\/de\\\/\",\"name\":\"TONALIBUS\",\"description\":\"Anchored Harmony and Tonalities\",\"publisher\":{\"@id\":\"https:\\\/\\\/tonalibus.org\\\/de\\\/#\\\/schema\\\/person\\\/749261d7bc96d1f00127273f83ab96a4\"},\"potentialAction\":[{\"@type\":\"SearchAction\",\"target\":{\"@type\":\"EntryPoint\",\"urlTemplate\":\"https:\\\/\\\/tonalibus.org\\\/de\\\/?s={search_term_string}\"},\"query-input\":{\"@type\":\"PropertyValueSpecification\",\"valueRequired\":true,\"valueName\":\"search_term_string\"}}],\"inLanguage\":\"it-IT\"},{\"@type\":[\"Person\",\"Organization\"],\"@id\":\"https:\\\/\\\/tonalibus.org\\\/de\\\/#\\\/schema\\\/person\\\/749261d7bc96d1f00127273f83ab96a4\",\"name\":\"Ulrico\",\"image\":{\"@type\":\"ImageObject\",\"inLanguage\":\"it-IT\",\"@id\":\"https:\\\/\\\/tonalibus.org\\\/wp-content\\\/uploads\\\/2020\\\/06\\\/uli-pix.jpg\",\"url\":\"https:\\\/\\\/tonalibus.org\\\/wp-content\\\/uploads\\\/2020\\\/06\\\/uli-pix.jpg\",\"contentUrl\":\"https:\\\/\\\/tonalibus.org\\\/wp-content\\\/uploads\\\/2020\\\/06\\\/uli-pix.jpg\",\"width\":960,\"height\":720,\"caption\":\"Ulrico\"},\"logo\":{\"@id\":\"https:\\\/\\\/tonalibus.org\\\/wp-content\\\/uploads\\\/2020\\\/06\\\/uli-pix.jpg\"},\"sameAs\":[\"https:\\\/\\\/tonalibus.cyon.site\"]}]}<\/script>\n<!-- \/ Yoast SEO plugin. -->","yoast_head_json":{"title":"Aggiornamento Tonalibus di agosto 2023 - Armonia e tonalit\u00e0 TONALIBUS","description":"Questo aggiornamento del Tonalibus di agosto 2023 evidenzia l'evoluzione della playlist K, i suoni di luglio-agosto 2023, il suono come mantra, il ciclo delle armoniche, ecc.","robots":{"index":"index","follow":"follow","max-snippet":"max-snippet:-1","max-image-preview":"max-image-preview:large","max-video-preview":"max-video-preview:-1"},"canonical":"https:\/\/tonalibus.org\/it\/2023\/08\/17\/august-2023-tonalibus-update\/","og_locale":"it_IT","og_type":"article","og_title":"August 2023 Tonalibus update &#8211; TONALIBUS Harmony and Tonalities","og_description":"This August 2023 Tonalibus update highlights the evolution of playlist K, July-August 2023 sounds, sound as mantra, the harmonics cycle, etc.","og_url":"https:\/\/tonalibus.org\/it\/2023\/08\/17\/august-2023-tonalibus-update\/","og_site_name":"TONALIBUS","article_published_time":"2023-08-17T12:57:02+00:00","article_modified_time":"2023-10-19T15:22:42+00:00","og_image":[{"url":"https:\/\/tonalibus.org\/wp-content\/uploads\/2023\/06\/20220515_202745414_iOS-xc1-sqr-k-1024x1024.jpg","type":"","width":"","height":""}],"author":"Ulrico","twitter_card":"summary_large_image","twitter_misc":{"Scritto da":"Ulrico","Tempo di lettura stimato":"3 minuti"},"schema":{"@context":"https:\/\/schema.org","@graph":[{"@type":"Article","@id":"https:\/\/tonalibus.org\/en\/2023\/08\/17\/august-2023-tonalibus-update\/#article","isPartOf":{"@id":"https:\/\/tonalibus.org\/en\/2023\/08\/17\/august-2023-tonalibus-update\/"},"author":{"name":"Ulrico","@id":"https:\/\/tonalibus.org\/de\/#\/schema\/person\/749261d7bc96d1f00127273f83ab96a4"},"headline":"August 2023 Tonalibus update","datePublished":"2023-08-17T12:57:02+00:00","dateModified":"2023-10-19T15:22:42+00:00","mainEntityOfPage":{"@id":"https:\/\/tonalibus.org\/en\/2023\/08\/17\/august-2023-tonalibus-update\/"},"wordCount":416,"publisher":{"@id":"https:\/\/tonalibus.org\/de\/#\/schema\/person\/749261d7bc96d1f00127273f83ab96a4"},"image":{"@id":"https:\/\/tonalibus.org\/en\/2023\/08\/17\/august-2023-tonalibus-update\/#primaryimage"},"thumbnailUrl":"https:\/\/tonalibus.org\/wp-content\/uploads\/2023\/06\/20220515_202745414_iOS-xc1-sqr-k-1024x1024.jpg","articleSection":["2023 fidal","2023 tonal","Fidibus","Tonalibus","Update"],"inLanguage":"it-IT"},{"@type":"WebPage","@id":"https:\/\/tonalibus.org\/en\/2023\/08\/17\/august-2023-tonalibus-update\/","url":"https:\/\/tonalibus.org\/en\/2023\/08\/17\/august-2023-tonalibus-update\/","name":"Aggiornamento Tonalibus di agosto 2023 - Armonia e tonalit\u00e0 TONALIBUS","isPartOf":{"@id":"https:\/\/tonalibus.org\/de\/#website"},"primaryImageOfPage":{"@id":"https:\/\/tonalibus.org\/en\/2023\/08\/17\/august-2023-tonalibus-update\/#primaryimage"},"image":{"@id":"https:\/\/tonalibus.org\/en\/2023\/08\/17\/august-2023-tonalibus-update\/#primaryimage"},"thumbnailUrl":"https:\/\/tonalibus.org\/wp-content\/uploads\/2023\/06\/20220515_202745414_iOS-xc1-sqr-k-1024x1024.jpg","datePublished":"2023-08-17T12:57:02+00:00","dateModified":"2023-10-19T15:22:42+00:00","description":"Questo aggiornamento del Tonalibus di agosto 2023 evidenzia l'evoluzione della playlist K, i suoni di luglio-agosto 2023, il suono come mantra, il ciclo delle armoniche, ecc.","breadcrumb":{"@id":"https:\/\/tonalibus.org\/en\/2023\/08\/17\/august-2023-tonalibus-update\/#breadcrumb"},"inLanguage":"it-IT","potentialAction":[{"@type":"ReadAction","target":["https:\/\/tonalibus.org\/en\/2023\/08\/17\/august-2023-tonalibus-update\/"]}]},{"@type":"ImageObject","inLanguage":"it-IT","@id":"https:\/\/tonalibus.org\/en\/2023\/08\/17\/august-2023-tonalibus-update\/#primaryimage","url":"https:\/\/tonalibus.org\/wp-content\/uploads\/2023\/06\/20220515_202745414_iOS-xc1-sqr-k-1024x1024.jpg","contentUrl":"https:\/\/tonalibus.org\/wp-content\/uploads\/2023\/06\/20220515_202745414_iOS-xc1-sqr-k-1024x1024.jpg"},{"@type":"BreadcrumbList","@id":"https:\/\/tonalibus.org\/en\/2023\/08\/17\/august-2023-tonalibus-update\/#breadcrumb","itemListElement":[{"@type":"ListItem","position":1,"name":"Home","item":"https:\/\/tonalibus.org\/"},{"@type":"ListItem","position":2,"name":"August 2023 Tonalibus update"}]},{"@type":"WebSite","@id":"https:\/\/tonalibus.org\/de\/#website","url":"https:\/\/tonalibus.org\/de\/","name":"TONALIBUS","description":"Armonia e tonalit\u00e0 ancorate","publisher":{"@id":"https:\/\/tonalibus.org\/de\/#\/schema\/person\/749261d7bc96d1f00127273f83ab96a4"},"potentialAction":[{"@type":"SearchAction","target":{"@type":"EntryPoint","urlTemplate":"https:\/\/tonalibus.org\/de\/?s={search_term_string}"},"query-input":{"@type":"PropertyValueSpecification","valueRequired":true,"valueName":"search_term_string"}}],"inLanguage":"it-IT"},{"@type":["Person","Organization"],"@id":"https:\/\/tonalibus.org\/de\/#\/schema\/person\/749261d7bc96d1f00127273f83ab96a4","name":"Ulrico","image":{"@type":"ImageObject","inLanguage":"it-IT","@id":"https:\/\/tonalibus.org\/wp-content\/uploads\/2020\/06\/uli-pix.jpg","url":"https:\/\/tonalibus.org\/wp-content\/uploads\/2020\/06\/uli-pix.jpg","contentUrl":"https:\/\/tonalibus.org\/wp-content\/uploads\/2020\/06\/uli-pix.jpg","width":960,"height":720,"caption":"Ulrico"},"logo":{"@id":"https:\/\/tonalibus.org\/wp-content\/uploads\/2020\/06\/uli-pix.jpg"},"sameAs":["https:\/\/tonalibus.cyon.site"]}]}},"_links":{"self":[{"href":"https:\/\/tonalibus.org\/it\/wp-json\/wp\/v2\/posts\/27024","targetHints":{"allow":["GET"]}}],"collection":[{"href":"https:\/\/tonalibus.org\/it\/wp-json\/wp\/v2\/posts"}],"about":[{"href":"https:\/\/tonalibus.org\/it\/wp-json\/wp\/v2\/types\/post"}],"author":[{"embeddable":true,"href":"https:\/\/tonalibus.org\/it\/wp-json\/wp\/v2\/users\/1"}],"replies":[{"embeddable":true,"href":"https:\/\/tonalibus.org\/it\/wp-json\/wp\/v2\/comments?post=27024"}],"version-history":[{"count":0,"href":"https:\/\/tonalibus.org\/it\/wp-json\/wp\/v2\/posts\/27024\/revisions"}],"wp:attachment":[{"href":"https:\/\/tonalibus.org\/it\/wp-json\/wp\/v2\/media?parent=27024"}],"wp:term":[{"taxonomy":"category","embeddable":true,"href":"https:\/\/tonalibus.org\/it\/wp-json\/wp\/v2\/categories?post=27024"},{"taxonomy":"post_tag","embeddable":true,"href":"https:\/\/tonalibus.org\/it\/wp-json\/wp\/v2\/tags?post=27024"}],"curies":[{"name":"wp","href":"https:\/\/api.w.org\/{rel}","templated":true}]}}