{"id":27807,"date":"2023-09-15T10:09:15","date_gmt":"2023-09-15T08:09:15","guid":{"rendered":"https:\/\/tonalibus.org\/?p=27807"},"modified":"2023-09-15T10:46:10","modified_gmt":"2023-09-15T08:46:10","slug":"tonality-of-the-month-minblue","status":"publish","type":"post","link":"https:\/\/tonalibus.org\/it\/2023\/09\/15\/tonality-of-the-month-minblue\/","title":{"rendered":"La tonalit\u00e0 del mese: MinBlue"},"content":{"rendered":"<figure class=\"wp-block-audio\"><audio controls src=\"https:\/\/tonalibus.org\/wp-content\/uploads\/2023\/09\/2023-09-12-5GTA-MinBlue.mp3\"><\/audio><figcaption class=\"wp-element-caption\"><mark style=\"background-color:rgba(0, 0, 0, 0);color:#f7b320\" class=\"has-inline-color\">MinBlue su Sol \/ G \u2013 chitarra a 5 corde e tanpura \u2013 settembre 2023 \u2013 3:23 \u2013 <\/mark><a href=\"https:\/\/tonalibus.org\/it\/tonalities\/tritone-or-blues-tonalities\/minblue\/minblue-loops\/\" target=\"_blank\" rel=\"noreferrer noopener\"><mark style=\"background-color:rgba(0, 0, 0, 0);color:#f7b320\" class=\"has-inline-color\">come loop<\/mark><\/a><mark style=\"background-color:rgba(0, 0, 0, 0);color:#f7b320\" class=\"has-inline-color\"> su una scheda separata<\/mark><\/figcaption><\/figure>\n\n\n\n<div style=\"height:19px\" aria-hidden=\"true\" class=\"wp-block-spacer\"><\/div>\n\n\n\n<p class=\"has-text-color\" style=\"color:#f7b320\">La tonalit\u00e0 del mese per settembre-ottobre 2023 \u00e8 <a href=\"https:\/\/tonalibus.org\/it\/tonalities\/tritone-or-blues-tonalities\/minblue\/\"><mark style=\"background-color:rgba(0, 0, 0, 0);color:#f7b320\" class=\"has-inline-color\">MinBlue<\/mark><\/a> \u2013 una <a href=\"https:\/\/tonalibus.org\/it\/tonalities\/tritone-or-blues-tonalities\/\"><mark style=\"background-color:rgba(0, 0, 0, 0);color:#f7b320\" class=\"has-inline-color\">tonalit\u00e0 di tritono o blues<\/mark><\/a>. Questa orecchiabile tonalit\u00e0 blues pu\u00f2 essere un forte invito allo swing. Potrebbe anche riverberarsi nel tuo essere molto tempo dopo averla ascoltata, suonata o cantata, se sei incline a questo.<\/p>\n\n\n\n<p class=\"has-text-color\" style=\"color:#f7b320\">Il nome Tonalibus MinBlue indica che il tetracordo inferiore \u00e8 EolDorico con tritono. Il passo Reach (seconda aumentata) che caratterizza le tonalit\u00e0 di tritono o blues, oltre naturalmente al tritono, si trova nel tetracordo superiore. La distribuzione delle altezze al di l\u00e0 del tritono fortemente contrastante presenta un sapore tonale leggermente regressivo e minore, simile a Eolio e Dorico, ugualmente ancorato in entrambi, quarta e quinta, regressivo e progressivo.<\/p>\n\n\n\n<p class=\"has-text-color\" style=\"color:#f7b320\">Puoi goderti un campione sonoro o un loop di tonalit\u00e0 come mantra sonoro per <a href=\"https:\/\/it.wikipedia.org\/wiki\/Contemplazione\" target=\"_blank\" rel=\"noreferrer noopener\"><mark style=\"background-color:rgba(0, 0, 0, 0);color:#f7b320\" class=\"has-inline-color\">la contemplazione<\/mark><\/a> o <a href=\"https:\/\/it.wikipedia.org\/wiki\/Meditazione\" target=\"_blank\" rel=\"noreferrer noopener\"><mark style=\"background-color:rgba(0, 0, 0, 0);color:#f7b320\" class=\"has-inline-color\">la meditazione<\/mark><\/a>. Questo potrebbe aiutarti con il sollevamento, la purificazione e la messa a fuoco. O pu\u00f2 semplicemente essere usato come sottofondo calmante per rilassarsi e rigenerarsi. Se hai voglia di canticchiare o cantare insieme, potresti farlo usando una sillaba spiritualmente caricata come <a href=\"https:\/\/it.wikipedia.org\/wiki\/Om_(induismo)\" target=\"_blank\" rel=\"noreferrer noopener\"><mark style=\"background-color:rgba(0, 0, 0, 0);color:#f7b320\" class=\"has-inline-color\"><em>\u014c\u1e43 \/ Aum<\/em><\/mark><\/a> \u0950, o <em><a href=\"https:\/\/tonalibus.org\/it\/about-tonalibus\/hu-mantra-of-soul\/\"><mark style=\"background-color:rgba(0, 0, 0, 0);color:#f7b320\" class=\"has-inline-color\">HU<\/mark><\/a><\/em>, o un'altra sillaba mantra che ti piace.<\/p>\n\n\n\n<div style=\"height:50px\" aria-hidden=\"true\" class=\"wp-block-spacer\"><\/div>\n\n\n\n<figure class=\"wp-block-image size-full\"><img loading=\"lazy\" decoding=\"async\" width=\"960\" height=\"720\" src=\"https:\/\/tonalibus.org\/wp-content\/uploads\/2021\/04\/Tonalibus-2cd-6-clusterblue-2021-04-33.jpg\" alt=\"Tonality of the month: MinBlue\" class=\"wp-image-10826\" srcset=\"https:\/\/tonalibus.org\/wp-content\/uploads\/2021\/04\/Tonalibus-2cd-6-clusterblue-2021-04-33.jpg 960w, https:\/\/tonalibus.org\/wp-content\/uploads\/2021\/04\/Tonalibus-2cd-6-clusterblue-2021-04-33-300x225.jpg 300w, https:\/\/tonalibus.org\/wp-content\/uploads\/2021\/04\/Tonalibus-2cd-6-clusterblue-2021-04-33-768x576.jpg 768w, https:\/\/tonalibus.org\/wp-content\/uploads\/2021\/04\/Tonalibus-2cd-6-clusterblue-2021-04-33-16x12.jpg 16w\" sizes=\"auto, (max-width: 706px) 89vw, (max-width: 767px) 82vw, 740px\" \/><figcaption class=\"wp-element-caption\">La tonalit\u00e0 del mese: MinBlue \u2013 visualizzazione sommaria di altezze, intervalli e un'asse armonico<\/figcaption><\/figure>\n\n\n\n<p><\/p>\n\n\n\n<p><\/p>","protected":false},"excerpt":{"rendered":"<p>La tonalit\u00e0 del mese per settembre-ottobre 2023 \u00e8 MinBlue \u2013 una tonalit\u00e0 di tritono o blues. Questa orecchiabile tonalit\u00e0 blues pu\u00f2 essere un forte invito allo swing. Potrebbe anche riverberarsi nel tuo essere molto tempo dopo averla ascoltata, suonata o cantata, se sei incline a questo.<br \/>\n...<\/p>","protected":false},"author":1,"featured_media":0,"comment_status":"closed","ping_status":"closed","sticky":false,"template":"","format":"standard","meta":{"footnotes":""},"categories":[25,11,15],"tags":[],"class_list":["post-27807","post","type-post","status-publish","format-standard","hentry","category-2023-tonal","category-tonalibus","category-tonality-of-the-month"],"yoast_head":"<!-- This site is optimized with the Yoast SEO plugin v27.5 - https:\/\/yoast.com\/product\/yoast-seo-wordpress\/ -->\n<title>Tonality of the month: MinBlue &#8211; TONALIBUS Harmony and Tonalities<\/title>\n<meta name=\"description\" content=\"The tonality of the month October 2023 is MinBlue, a tritone or blues tonality with the lower tetrachord AeolDorian and an upper Reach step\" \/>\n<meta name=\"robots\" content=\"index, follow, max-snippet:-1, max-image-preview:large, max-video-preview:-1\" \/>\n<link rel=\"canonical\" href=\"https:\/\/tonalibus.org\/it\/2023\/09\/15\/tonality-of-the-month-minblue\/\" \/>\n<meta property=\"og:locale\" content=\"it_IT\" \/>\n<meta property=\"og:type\" content=\"article\" \/>\n<meta property=\"og:title\" content=\"Tonality of the month: MinBlue &#8211; TONALIBUS Harmony and Tonalities\" \/>\n<meta property=\"og:description\" content=\"The tonality of the month October 2023 is MinBlue, a tritone or blues tonality with the lower tetrachord AeolDorian and an upper Reach step\" \/>\n<meta property=\"og:url\" content=\"https:\/\/tonalibus.org\/it\/2023\/09\/15\/tonality-of-the-month-minblue\/\" \/>\n<meta property=\"og:site_name\" content=\"TONALIBUS\" \/>\n<meta property=\"article:published_time\" content=\"2023-09-15T08:09:15+00:00\" \/>\n<meta property=\"article:modified_time\" content=\"2023-09-15T08:46:10+00:00\" \/>\n<meta property=\"og:image\" content=\"https:\/\/tonalibus.org\/wp-content\/uploads\/2021\/04\/Tonalibus-2cd-6-clusterblue-2021-04-33.jpg\" \/>\n<meta name=\"author\" content=\"Ulrico\" \/>\n<meta name=\"twitter:card\" content=\"summary_large_image\" \/>\n<meta name=\"twitter:label1\" content=\"Scritto da\" \/>\n\t<meta name=\"twitter:data1\" content=\"Ulrico\" \/>\n\t<meta name=\"twitter:label2\" content=\"Tempo di lettura stimato\" \/>\n\t<meta name=\"twitter:data2\" content=\"2 minuti\" \/>\n<script type=\"application\/ld+json\" class=\"yoast-schema-graph\">{\"@context\":\"https:\\\/\\\/schema.org\",\"@graph\":[{\"@type\":\"Article\",\"@id\":\"https:\\\/\\\/tonalibus.org\\\/it\\\/2023\\\/09\\\/15\\\/tonality-of-the-month-minblue\\\/#article\",\"isPartOf\":{\"@id\":\"https:\\\/\\\/tonalibus.org\\\/it\\\/2023\\\/09\\\/15\\\/tonality-of-the-month-minblue\\\/\"},\"author\":{\"name\":\"Ulrico\",\"@id\":\"https:\\\/\\\/tonalibus.org\\\/de\\\/#\\\/schema\\\/person\\\/749261d7bc96d1f00127273f83ab96a4\"},\"headline\":\"Tonality of the month: MinBlue\",\"datePublished\":\"2023-09-15T08:09:15+00:00\",\"dateModified\":\"2023-09-15T08:46:10+00:00\",\"mainEntityOfPage\":{\"@id\":\"https:\\\/\\\/tonalibus.org\\\/it\\\/2023\\\/09\\\/15\\\/tonality-of-the-month-minblue\\\/\"},\"wordCount\":219,\"publisher\":{\"@id\":\"https:\\\/\\\/tonalibus.org\\\/de\\\/#\\\/schema\\\/person\\\/749261d7bc96d1f00127273f83ab96a4\"},\"image\":{\"@id\":\"https:\\\/\\\/tonalibus.org\\\/it\\\/2023\\\/09\\\/15\\\/tonality-of-the-month-minblue\\\/#primaryimage\"},\"thumbnailUrl\":\"https:\\\/\\\/tonalibus.org\\\/wp-content\\\/uploads\\\/2021\\\/04\\\/Tonalibus-2cd-6-clusterblue-2021-04-33.jpg\",\"articleSection\":[\"2023 tonal\",\"Tonalibus\",\"Tonality of the month\\\/moment\"],\"inLanguage\":\"it-IT\"},{\"@type\":\"WebPage\",\"@id\":\"https:\\\/\\\/tonalibus.org\\\/it\\\/2023\\\/09\\\/15\\\/tonality-of-the-month-minblue\\\/\",\"url\":\"https:\\\/\\\/tonalibus.org\\\/it\\\/2023\\\/09\\\/15\\\/tonality-of-the-month-minblue\\\/\",\"name\":\"Tonality of the month: MinBlue &#8211; TONALIBUS Harmony and Tonalities\",\"isPartOf\":{\"@id\":\"https:\\\/\\\/tonalibus.org\\\/de\\\/#website\"},\"primaryImageOfPage\":{\"@id\":\"https:\\\/\\\/tonalibus.org\\\/it\\\/2023\\\/09\\\/15\\\/tonality-of-the-month-minblue\\\/#primaryimage\"},\"image\":{\"@id\":\"https:\\\/\\\/tonalibus.org\\\/it\\\/2023\\\/09\\\/15\\\/tonality-of-the-month-minblue\\\/#primaryimage\"},\"thumbnailUrl\":\"https:\\\/\\\/tonalibus.org\\\/wp-content\\\/uploads\\\/2021\\\/04\\\/Tonalibus-2cd-6-clusterblue-2021-04-33.jpg\",\"datePublished\":\"2023-09-15T08:09:15+00:00\",\"dateModified\":\"2023-09-15T08:46:10+00:00\",\"description\":\"The tonality of the month October 2023 is MinBlue, a tritone or blues tonality with the lower tetrachord AeolDorian and an upper Reach step\",\"breadcrumb\":{\"@id\":\"https:\\\/\\\/tonalibus.org\\\/it\\\/2023\\\/09\\\/15\\\/tonality-of-the-month-minblue\\\/#breadcrumb\"},\"inLanguage\":\"it-IT\",\"potentialAction\":[{\"@type\":\"ReadAction\",\"target\":[\"https:\\\/\\\/tonalibus.org\\\/it\\\/2023\\\/09\\\/15\\\/tonality-of-the-month-minblue\\\/\"]}]},{\"@type\":\"ImageObject\",\"inLanguage\":\"it-IT\",\"@id\":\"https:\\\/\\\/tonalibus.org\\\/it\\\/2023\\\/09\\\/15\\\/tonality-of-the-month-minblue\\\/#primaryimage\",\"url\":\"https:\\\/\\\/tonalibus.org\\\/wp-content\\\/uploads\\\/2021\\\/04\\\/Tonalibus-2cd-6-clusterblue-2021-04-33.jpg\",\"contentUrl\":\"https:\\\/\\\/tonalibus.org\\\/wp-content\\\/uploads\\\/2021\\\/04\\\/Tonalibus-2cd-6-clusterblue-2021-04-33.jpg\"},{\"@type\":\"BreadcrumbList\",\"@id\":\"https:\\\/\\\/tonalibus.org\\\/it\\\/2023\\\/09\\\/15\\\/tonality-of-the-month-minblue\\\/#breadcrumb\",\"itemListElement\":[{\"@type\":\"ListItem\",\"position\":1,\"name\":\"Home\",\"item\":\"https:\\\/\\\/tonalibus.org\\\/\"},{\"@type\":\"ListItem\",\"position\":2,\"name\":\"Tonality of the month: MinBlue\"}]},{\"@type\":\"WebSite\",\"@id\":\"https:\\\/\\\/tonalibus.org\\\/de\\\/#website\",\"url\":\"https:\\\/\\\/tonalibus.org\\\/de\\\/\",\"name\":\"TONALIBUS\",\"description\":\"Anchored Harmony and Tonalities\",\"publisher\":{\"@id\":\"https:\\\/\\\/tonalibus.org\\\/de\\\/#\\\/schema\\\/person\\\/749261d7bc96d1f00127273f83ab96a4\"},\"potentialAction\":[{\"@type\":\"SearchAction\",\"target\":{\"@type\":\"EntryPoint\",\"urlTemplate\":\"https:\\\/\\\/tonalibus.org\\\/de\\\/?s={search_term_string}\"},\"query-input\":{\"@type\":\"PropertyValueSpecification\",\"valueRequired\":true,\"valueName\":\"search_term_string\"}}],\"inLanguage\":\"it-IT\"},{\"@type\":[\"Person\",\"Organization\"],\"@id\":\"https:\\\/\\\/tonalibus.org\\\/de\\\/#\\\/schema\\\/person\\\/749261d7bc96d1f00127273f83ab96a4\",\"name\":\"Ulrico\",\"image\":{\"@type\":\"ImageObject\",\"inLanguage\":\"it-IT\",\"@id\":\"https:\\\/\\\/tonalibus.org\\\/wp-content\\\/uploads\\\/2020\\\/06\\\/uli-pix.jpg\",\"url\":\"https:\\\/\\\/tonalibus.org\\\/wp-content\\\/uploads\\\/2020\\\/06\\\/uli-pix.jpg\",\"contentUrl\":\"https:\\\/\\\/tonalibus.org\\\/wp-content\\\/uploads\\\/2020\\\/06\\\/uli-pix.jpg\",\"width\":960,\"height\":720,\"caption\":\"Ulrico\"},\"logo\":{\"@id\":\"https:\\\/\\\/tonalibus.org\\\/wp-content\\\/uploads\\\/2020\\\/06\\\/uli-pix.jpg\"},\"sameAs\":[\"https:\\\/\\\/tonalibus.cyon.site\"]}]}<\/script>\n<!-- \/ Yoast SEO plugin. -->","yoast_head_json":{"title":"La tonalit\u00e0 del mese: MinBlue - Armonia e tonalit\u00e0 TONALIBUS","description":"La tonalit\u00e0 del mese di ottobre 2023 \u00e8 MinBlue, una tonalit\u00e0 tritonica o blues con il tetracordo inferiore AeolDorian e un passo superiore Reach.","robots":{"index":"index","follow":"follow","max-snippet":"max-snippet:-1","max-image-preview":"max-image-preview:large","max-video-preview":"max-video-preview:-1"},"canonical":"https:\/\/tonalibus.org\/it\/2023\/09\/15\/tonality-of-the-month-minblue\/","og_locale":"it_IT","og_type":"article","og_title":"Tonality of the month: MinBlue &#8211; TONALIBUS Harmony and Tonalities","og_description":"The tonality of the month October 2023 is MinBlue, a tritone or blues tonality with the lower tetrachord AeolDorian and an upper Reach step","og_url":"https:\/\/tonalibus.org\/it\/2023\/09\/15\/tonality-of-the-month-minblue\/","og_site_name":"TONALIBUS","article_published_time":"2023-09-15T08:09:15+00:00","article_modified_time":"2023-09-15T08:46:10+00:00","og_image":[{"url":"https:\/\/tonalibus.org\/wp-content\/uploads\/2021\/04\/Tonalibus-2cd-6-clusterblue-2021-04-33.jpg","type":"","width":"","height":""}],"author":"Ulrico","twitter_card":"summary_large_image","twitter_misc":{"Scritto da":"Ulrico","Tempo di lettura stimato":"2 minuti"},"schema":{"@context":"https:\/\/schema.org","@graph":[{"@type":"Article","@id":"https:\/\/tonalibus.org\/it\/2023\/09\/15\/tonality-of-the-month-minblue\/#article","isPartOf":{"@id":"https:\/\/tonalibus.org\/it\/2023\/09\/15\/tonality-of-the-month-minblue\/"},"author":{"name":"Ulrico","@id":"https:\/\/tonalibus.org\/de\/#\/schema\/person\/749261d7bc96d1f00127273f83ab96a4"},"headline":"Tonality of the month: MinBlue","datePublished":"2023-09-15T08:09:15+00:00","dateModified":"2023-09-15T08:46:10+00:00","mainEntityOfPage":{"@id":"https:\/\/tonalibus.org\/it\/2023\/09\/15\/tonality-of-the-month-minblue\/"},"wordCount":219,"publisher":{"@id":"https:\/\/tonalibus.org\/de\/#\/schema\/person\/749261d7bc96d1f00127273f83ab96a4"},"image":{"@id":"https:\/\/tonalibus.org\/it\/2023\/09\/15\/tonality-of-the-month-minblue\/#primaryimage"},"thumbnailUrl":"https:\/\/tonalibus.org\/wp-content\/uploads\/2021\/04\/Tonalibus-2cd-6-clusterblue-2021-04-33.jpg","articleSection":["2023 tonal","Tonalibus","Tonality of the month\/moment"],"inLanguage":"it-IT"},{"@type":"WebPage","@id":"https:\/\/tonalibus.org\/it\/2023\/09\/15\/tonality-of-the-month-minblue\/","url":"https:\/\/tonalibus.org\/it\/2023\/09\/15\/tonality-of-the-month-minblue\/","name":"La tonalit\u00e0 del mese: MinBlue - Armonia e tonalit\u00e0 TONALIBUS","isPartOf":{"@id":"https:\/\/tonalibus.org\/de\/#website"},"primaryImageOfPage":{"@id":"https:\/\/tonalibus.org\/it\/2023\/09\/15\/tonality-of-the-month-minblue\/#primaryimage"},"image":{"@id":"https:\/\/tonalibus.org\/it\/2023\/09\/15\/tonality-of-the-month-minblue\/#primaryimage"},"thumbnailUrl":"https:\/\/tonalibus.org\/wp-content\/uploads\/2021\/04\/Tonalibus-2cd-6-clusterblue-2021-04-33.jpg","datePublished":"2023-09-15T08:09:15+00:00","dateModified":"2023-09-15T08:46:10+00:00","description":"La tonalit\u00e0 del mese di ottobre 2023 \u00e8 MinBlue, una tonalit\u00e0 tritonica o blues con il tetracordo inferiore AeolDorian e un passo superiore Reach.","breadcrumb":{"@id":"https:\/\/tonalibus.org\/it\/2023\/09\/15\/tonality-of-the-month-minblue\/#breadcrumb"},"inLanguage":"it-IT","potentialAction":[{"@type":"ReadAction","target":["https:\/\/tonalibus.org\/it\/2023\/09\/15\/tonality-of-the-month-minblue\/"]}]},{"@type":"ImageObject","inLanguage":"it-IT","@id":"https:\/\/tonalibus.org\/it\/2023\/09\/15\/tonality-of-the-month-minblue\/#primaryimage","url":"https:\/\/tonalibus.org\/wp-content\/uploads\/2021\/04\/Tonalibus-2cd-6-clusterblue-2021-04-33.jpg","contentUrl":"https:\/\/tonalibus.org\/wp-content\/uploads\/2021\/04\/Tonalibus-2cd-6-clusterblue-2021-04-33.jpg"},{"@type":"BreadcrumbList","@id":"https:\/\/tonalibus.org\/it\/2023\/09\/15\/tonality-of-the-month-minblue\/#breadcrumb","itemListElement":[{"@type":"ListItem","position":1,"name":"Home","item":"https:\/\/tonalibus.org\/"},{"@type":"ListItem","position":2,"name":"Tonality of the month: MinBlue"}]},{"@type":"WebSite","@id":"https:\/\/tonalibus.org\/de\/#website","url":"https:\/\/tonalibus.org\/de\/","name":"TONALIBUS","description":"Armonia e tonalit\u00e0 ancorate","publisher":{"@id":"https:\/\/tonalibus.org\/de\/#\/schema\/person\/749261d7bc96d1f00127273f83ab96a4"},"potentialAction":[{"@type":"SearchAction","target":{"@type":"EntryPoint","urlTemplate":"https:\/\/tonalibus.org\/de\/?s={search_term_string}"},"query-input":{"@type":"PropertyValueSpecification","valueRequired":true,"valueName":"search_term_string"}}],"inLanguage":"it-IT"},{"@type":["Person","Organization"],"@id":"https:\/\/tonalibus.org\/de\/#\/schema\/person\/749261d7bc96d1f00127273f83ab96a4","name":"Ulrico","image":{"@type":"ImageObject","inLanguage":"it-IT","@id":"https:\/\/tonalibus.org\/wp-content\/uploads\/2020\/06\/uli-pix.jpg","url":"https:\/\/tonalibus.org\/wp-content\/uploads\/2020\/06\/uli-pix.jpg","contentUrl":"https:\/\/tonalibus.org\/wp-content\/uploads\/2020\/06\/uli-pix.jpg","width":960,"height":720,"caption":"Ulrico"},"logo":{"@id":"https:\/\/tonalibus.org\/wp-content\/uploads\/2020\/06\/uli-pix.jpg"},"sameAs":["https:\/\/tonalibus.cyon.site"]}]}},"_links":{"self":[{"href":"https:\/\/tonalibus.org\/it\/wp-json\/wp\/v2\/posts\/27807","targetHints":{"allow":["GET"]}}],"collection":[{"href":"https:\/\/tonalibus.org\/it\/wp-json\/wp\/v2\/posts"}],"about":[{"href":"https:\/\/tonalibus.org\/it\/wp-json\/wp\/v2\/types\/post"}],"author":[{"embeddable":true,"href":"https:\/\/tonalibus.org\/it\/wp-json\/wp\/v2\/users\/1"}],"replies":[{"embeddable":true,"href":"https:\/\/tonalibus.org\/it\/wp-json\/wp\/v2\/comments?post=27807"}],"version-history":[{"count":0,"href":"https:\/\/tonalibus.org\/it\/wp-json\/wp\/v2\/posts\/27807\/revisions"}],"wp:attachment":[{"href":"https:\/\/tonalibus.org\/it\/wp-json\/wp\/v2\/media?parent=27807"}],"wp:term":[{"taxonomy":"category","embeddable":true,"href":"https:\/\/tonalibus.org\/it\/wp-json\/wp\/v2\/categories?post=27807"},{"taxonomy":"post_tag","embeddable":true,"href":"https:\/\/tonalibus.org\/it\/wp-json\/wp\/v2\/tags?post=27807"}],"curies":[{"name":"wp","href":"https:\/\/api.w.org\/{rel}","templated":true}]}}