{"id":35062,"date":"2025-02-03T08:07:53","date_gmt":"2025-02-03T07:07:53","guid":{"rendered":"https:\/\/tonalibus.org\/?p=35062"},"modified":"2025-12-17T10:51:02","modified_gmt":"2025-12-17T09:51:02","slug":"tonality-of-the-moment-pentana-pentapro","status":"publish","type":"post","link":"https:\/\/tonalibus.org\/it\/2025\/02\/03\/tonality-of-the-moment-pentana-pentapro\/","title":{"rendered":"La tonalit\u00e0 del momento: PentaNa \/ PentaPro"},"content":{"rendered":"<p class=\"has-text-color has-link-color wp-elements-64a46279d7fac3f8a4c29fb021da65f7\" style=\"color:#f7b320\">La tonalit\u00e0 del momento per la primavera 2025 \u00e8 PentaNa \/ PentaPro.<\/p>\n\n\n\n<figure class=\"wp-block-audio\"><audio controls src=\"https:\/\/tonalibus.org\/wp-content\/uploads\/2025\/01\/2025-01-29-8GI.mp3\" preload=\"metadata\"><\/audio><figcaption class=\"wp-element-caption\"><mark style=\"background-color:rgba(0, 0, 0, 0);color:#f7b320\" class=\"has-inline-color\">PentaPro \/ PentaNa \u2013 campione sonoro extra, calmo \u2013 chitarra a 8 corde \u2013 gennaio 2025 \u2013 3:17 \u2013 <\/mark><a href=\"https:\/\/tonalibus.org\/it\/tonalities\/pentatonalities\/pentapro-or-pentana\/pentapro-or-pentana-loops\/\" target=\"_blank\" rel=\"noreferrer noopener\"><mark style=\"background-color:rgba(0, 0, 0, 0);color:#f7b320\" class=\"has-inline-color\">come loop<\/mark><\/a><mark style=\"background-color:rgba(0, 0, 0, 0);color:#f7b320\" class=\"has-inline-color\"> su una scheda separata <\/mark><\/figcaption><\/figure>\n\n\n\n<figure class=\"wp-block-audio\"><audio controls src=\"https:\/\/tonalibus.org\/wp-content\/uploads\/2025\/01\/2025-01-29-7GITALS.mp3\" preload=\"metadata\"><\/audio><figcaption class=\"wp-element-caption\"><mark style=\"background-color:rgba(0, 0, 0, 0);color:#f7b320\" class=\"has-inline-color\">\u201cCalm Mudita joy\u201d \u2013 sei qui?<em> <\/em>\u2014<em> <\/em>PentaNa \/ PentaPro<em> <\/em>su Do# (276 Hz) \u2013 con un tocco di Ma \u2013 chitarra a 8 corde, chitarra lap slide, tanpura \u2013 gennaio 2025 \u2013 7:06<\/mark><\/figcaption><\/figure>\n\n\n\n<div style=\"height:10px\" aria-hidden=\"true\" class=\"wp-block-spacer\"><\/div>\n\n\n\n<p class=\"has-text-color has-link-color wp-elements-2daa0fec4e46b4c6751e2ce5194a4002\" style=\"color:#f7b320\">La tonalit\u00e0 del momento \u00e8 <a href=\"https:\/\/tonalibus.org\/it\/tonalities\/pentatonalities\/pentapro-or-pentana\/\"><mark style=\"background-color:rgba(0, 0, 0, 0);color:#f7b320\" class=\"has-inline-color\">PentaPro \/ PentaNa<\/mark><\/a> \u2014 una tonalit\u00e0 Pro, una tonalit\u00e0 Na primaria e una pentatonica di base raggruppata. Il nome dice che si tratta di una tonalit\u00e0 penta e Pro (e che il tricordo superiore \u00e8 con la settima minore e senza la sesta). Come tonalit\u00e0 Pro, il tetra- o tricordo inferiore \u00e8 PentaMaj, cio\u00e8 senza la quarta regressiva. L'identificatore Pro sta per progressivo, Na per armoniche naturali. Come tonalit\u00e0 Na, tutte le altezze sono armoniche primarie o secondarie o sovratoni. Questo d\u00e0 a questa tonalit\u00e0 speciale una base armonica molto forte.<\/p>\n\n\n\n<div style=\"height:30px\" aria-hidden=\"true\" class=\"wp-block-spacer\"><\/div>\n\n\n\n<figure class=\"wp-block-image size-full\"><img loading=\"lazy\" decoding=\"async\" width=\"960\" height=\"720\" src=\"https:\/\/tonalibus.org\/wp-content\/uploads\/2025\/01\/image.jpeg\" alt=\"Tonality of the moment: PentaNa \/ PentaPro\" class=\"wp-image-35063\" srcset=\"https:\/\/tonalibus.org\/wp-content\/uploads\/2025\/01\/image.jpeg 960w, https:\/\/tonalibus.org\/wp-content\/uploads\/2025\/01\/image-300x225.jpeg 300w, https:\/\/tonalibus.org\/wp-content\/uploads\/2025\/01\/image-768x576.jpeg 768w, https:\/\/tonalibus.org\/wp-content\/uploads\/2025\/01\/image-16x12.jpeg 16w\" sizes=\"auto, (max-width: 706px) 89vw, (max-width: 767px) 82vw, 740px\" \/><\/figure>\n\n\n\n<div style=\"height:25px\" aria-hidden=\"true\" class=\"wp-block-spacer\"><\/div>\n\n\n\n<p class=\"has-text-color has-link-color wp-elements-5583279856c214b2b9bc35200fafcdf6\" style=\"color:#f7b320\">Puoi goderti un campione sonoro o un loop di tonalit\u00e0 come mantra sonoro per <a href=\"https:\/\/it.wikipedia.org\/wiki\/Contemplazione\" target=\"_blank\" rel=\"noreferrer noopener\"><mark style=\"background-color:rgba(0, 0, 0, 0);color:#f7b320\" class=\"has-inline-color\">la contemplazione<\/mark><\/a> o <a href=\"https:\/\/it.wikipedia.org\/wiki\/Meditazione\" target=\"_blank\" rel=\"noreferrer noopener\"><mark style=\"background-color:rgba(0, 0, 0, 0);color:#f7b320\" class=\"has-inline-color\">la meditazione<\/mark><\/a>. Questo potrebbe aiutarti con il sollevamento, la purificazione e la messa a fuoco. O pu\u00f2 semplicemente essere usato come sottofondo calmante per rilassarsi e rigenerarsi. Se hai voglia di canticchiare o cantare insieme, potresti farlo usando una sillaba spiritualmente caricata come <a href=\"https:\/\/it.wikipedia.org\/wiki\/Om_(induismo)\" target=\"_blank\" rel=\"noreferrer noopener\"><em><mark style=\"background-color:rgba(0, 0, 0, 0);color:#f7b320\" class=\"has-inline-color\">\u014c\u1e43 \/ Aum<\/mark><\/em><\/a> \u0950, o <em><a href=\"https:\/\/tonalibus.org\/it\/about-tonalibus\/hu-mantra-of-soul\/\"><mark style=\"background-color:rgba(0, 0, 0, 0);color:#f7b320\" class=\"has-inline-color\">HU<\/mark><\/a><\/em>, o un'altra sillaba mantra che ti piace.<\/p>\n\n\n\n<p><\/p>","protected":false},"excerpt":{"rendered":"<p>La tonalit\u00e0 del momento \u00e8 PentaPro \/ PentaNa \u2013 una tonalit\u00e0 Pro, tonalit\u00e0 Na primarie, e pentatonalit\u00e0 aggregata di base...<\/p>","protected":false},"author":1,"featured_media":0,"comment_status":"closed","ping_status":"open","sticky":false,"template":"","format":"standard","meta":{"footnotes":""},"categories":[36,11,15],"tags":[],"class_list":["post-35062","post","type-post","status-publish","format-standard","hentry","category-2025-tonal","category-tonalibus","category-tonality-of-the-month"],"yoast_head":"<!-- This site is optimized with the Yoast SEO plugin v27.5 - https:\/\/yoast.com\/product\/yoast-seo-wordpress\/ -->\n<title>Tonality of the moment: PentaNa \/ PentaPro &#8211; TONALIBUS<\/title>\n<meta name=\"description\" content=\"The tonality of the moment is PentaPro \/ PentaNa -- a Pro tonality, prime Na tonality, and clustered basic pentatonality...\" \/>\n<meta name=\"robots\" content=\"index, follow, max-snippet:-1, max-image-preview:large, max-video-preview:-1\" \/>\n<link rel=\"canonical\" href=\"https:\/\/tonalibus.org\/it\/2025\/02\/03\/tonality-of-the-moment-pentana-pentapro\/\" \/>\n<meta property=\"og:locale\" content=\"it_IT\" \/>\n<meta property=\"og:type\" content=\"article\" \/>\n<meta property=\"og:title\" content=\"Tonality of the moment: PentaNa \/ PentaPro &#8211; TONALIBUS\" \/>\n<meta property=\"og:description\" content=\"The tonality of the moment is PentaPro \/ PentaNa -- a Pro tonality, prime Na tonality, and clustered basic pentatonality...\" \/>\n<meta property=\"og:url\" content=\"https:\/\/tonalibus.org\/it\/2025\/02\/03\/tonality-of-the-moment-pentana-pentapro\/\" \/>\n<meta property=\"og:site_name\" content=\"TONALIBUS\" \/>\n<meta property=\"article:published_time\" content=\"2025-02-03T07:07:53+00:00\" \/>\n<meta property=\"article:modified_time\" content=\"2025-12-17T09:51:02+00:00\" \/>\n<meta property=\"og:image\" content=\"https:\/\/tonalibus.org\/wp-content\/uploads\/2025\/01\/image.jpeg\" \/>\n\t<meta property=\"og:image:width\" content=\"960\" \/>\n\t<meta property=\"og:image:height\" content=\"720\" \/>\n\t<meta property=\"og:image:type\" content=\"image\/jpeg\" \/>\n<meta name=\"author\" content=\"Ulrico\" \/>\n<meta name=\"twitter:card\" content=\"summary_large_image\" \/>\n<meta name=\"twitter:label1\" content=\"Scritto da\" \/>\n\t<meta name=\"twitter:data1\" content=\"Ulrico\" \/>\n\t<meta name=\"twitter:label2\" content=\"Tempo di lettura stimato\" \/>\n\t<meta name=\"twitter:data2\" content=\"2 minuti\" \/>\n<script type=\"application\/ld+json\" class=\"yoast-schema-graph\">{\"@context\":\"https:\\\/\\\/schema.org\",\"@graph\":[{\"@type\":\"Article\",\"@id\":\"https:\\\/\\\/tonalibus.org\\\/2025\\\/02\\\/03\\\/tonality-of-the-moment-pentana-pentapro\\\/#article\",\"isPartOf\":{\"@id\":\"https:\\\/\\\/tonalibus.org\\\/2025\\\/02\\\/03\\\/tonality-of-the-moment-pentana-pentapro\\\/\"},\"author\":{\"name\":\"Ulrico\",\"@id\":\"https:\\\/\\\/tonalibus.org\\\/de\\\/#\\\/schema\\\/person\\\/749261d7bc96d1f00127273f83ab96a4\"},\"headline\":\"Tonality of the moment: PentaNa \\\/ PentaPro\",\"datePublished\":\"2025-02-03T07:07:53+00:00\",\"dateModified\":\"2025-12-17T09:51:02+00:00\",\"mainEntityOfPage\":{\"@id\":\"https:\\\/\\\/tonalibus.org\\\/2025\\\/02\\\/03\\\/tonality-of-the-moment-pentana-pentapro\\\/\"},\"wordCount\":221,\"publisher\":{\"@id\":\"https:\\\/\\\/tonalibus.org\\\/de\\\/#\\\/schema\\\/person\\\/749261d7bc96d1f00127273f83ab96a4\"},\"image\":{\"@id\":\"https:\\\/\\\/tonalibus.org\\\/2025\\\/02\\\/03\\\/tonality-of-the-moment-pentana-pentapro\\\/#primaryimage\"},\"thumbnailUrl\":\"https:\\\/\\\/tonalibus.org\\\/wp-content\\\/uploads\\\/2025\\\/01\\\/image.jpeg\",\"articleSection\":[\"2025 tonal\",\"Tonalibus\",\"Tonality of the month\\\/moment\"],\"inLanguage\":\"it-IT\"},{\"@type\":\"WebPage\",\"@id\":\"https:\\\/\\\/tonalibus.org\\\/2025\\\/02\\\/03\\\/tonality-of-the-moment-pentana-pentapro\\\/\",\"url\":\"https:\\\/\\\/tonalibus.org\\\/2025\\\/02\\\/03\\\/tonality-of-the-moment-pentana-pentapro\\\/\",\"name\":\"Tonality of the moment: PentaNa \\\/ PentaPro &#8211; TONALIBUS\",\"isPartOf\":{\"@id\":\"https:\\\/\\\/tonalibus.org\\\/de\\\/#website\"},\"primaryImageOfPage\":{\"@id\":\"https:\\\/\\\/tonalibus.org\\\/2025\\\/02\\\/03\\\/tonality-of-the-moment-pentana-pentapro\\\/#primaryimage\"},\"image\":{\"@id\":\"https:\\\/\\\/tonalibus.org\\\/2025\\\/02\\\/03\\\/tonality-of-the-moment-pentana-pentapro\\\/#primaryimage\"},\"thumbnailUrl\":\"https:\\\/\\\/tonalibus.org\\\/wp-content\\\/uploads\\\/2025\\\/01\\\/image.jpeg\",\"datePublished\":\"2025-02-03T07:07:53+00:00\",\"dateModified\":\"2025-12-17T09:51:02+00:00\",\"description\":\"The tonality of the moment is PentaPro \\\/ PentaNa -- a Pro tonality, prime Na tonality, and clustered basic pentatonality...\",\"breadcrumb\":{\"@id\":\"https:\\\/\\\/tonalibus.org\\\/2025\\\/02\\\/03\\\/tonality-of-the-moment-pentana-pentapro\\\/#breadcrumb\"},\"inLanguage\":\"it-IT\",\"potentialAction\":[{\"@type\":\"ReadAction\",\"target\":[\"https:\\\/\\\/tonalibus.org\\\/2025\\\/02\\\/03\\\/tonality-of-the-moment-pentana-pentapro\\\/\"]}]},{\"@type\":\"ImageObject\",\"inLanguage\":\"it-IT\",\"@id\":\"https:\\\/\\\/tonalibus.org\\\/2025\\\/02\\\/03\\\/tonality-of-the-moment-pentana-pentapro\\\/#primaryimage\",\"url\":\"https:\\\/\\\/tonalibus.org\\\/wp-content\\\/uploads\\\/2025\\\/01\\\/image.jpeg\",\"contentUrl\":\"https:\\\/\\\/tonalibus.org\\\/wp-content\\\/uploads\\\/2025\\\/01\\\/image.jpeg\"},{\"@type\":\"BreadcrumbList\",\"@id\":\"https:\\\/\\\/tonalibus.org\\\/2025\\\/02\\\/03\\\/tonality-of-the-moment-pentana-pentapro\\\/#breadcrumb\",\"itemListElement\":[{\"@type\":\"ListItem\",\"position\":1,\"name\":\"Home\",\"item\":\"https:\\\/\\\/tonalibus.org\\\/\"},{\"@type\":\"ListItem\",\"position\":2,\"name\":\"Tonality of the moment: PentaNa \\\/ PentaPro\"}]},{\"@type\":\"WebSite\",\"@id\":\"https:\\\/\\\/tonalibus.org\\\/de\\\/#website\",\"url\":\"https:\\\/\\\/tonalibus.org\\\/de\\\/\",\"name\":\"TONALIBUS\",\"description\":\"Anchored Harmony and Tonalities\",\"publisher\":{\"@id\":\"https:\\\/\\\/tonalibus.org\\\/de\\\/#\\\/schema\\\/person\\\/749261d7bc96d1f00127273f83ab96a4\"},\"potentialAction\":[{\"@type\":\"SearchAction\",\"target\":{\"@type\":\"EntryPoint\",\"urlTemplate\":\"https:\\\/\\\/tonalibus.org\\\/de\\\/?s={search_term_string}\"},\"query-input\":{\"@type\":\"PropertyValueSpecification\",\"valueRequired\":true,\"valueName\":\"search_term_string\"}}],\"inLanguage\":\"it-IT\"},{\"@type\":[\"Person\",\"Organization\"],\"@id\":\"https:\\\/\\\/tonalibus.org\\\/de\\\/#\\\/schema\\\/person\\\/749261d7bc96d1f00127273f83ab96a4\",\"name\":\"Ulrico\",\"image\":{\"@type\":\"ImageObject\",\"inLanguage\":\"it-IT\",\"@id\":\"https:\\\/\\\/tonalibus.org\\\/wp-content\\\/uploads\\\/2020\\\/06\\\/uli-pix.jpg\",\"url\":\"https:\\\/\\\/tonalibus.org\\\/wp-content\\\/uploads\\\/2020\\\/06\\\/uli-pix.jpg\",\"contentUrl\":\"https:\\\/\\\/tonalibus.org\\\/wp-content\\\/uploads\\\/2020\\\/06\\\/uli-pix.jpg\",\"width\":960,\"height\":720,\"caption\":\"Ulrico\"},\"logo\":{\"@id\":\"https:\\\/\\\/tonalibus.org\\\/wp-content\\\/uploads\\\/2020\\\/06\\\/uli-pix.jpg\"},\"sameAs\":[\"https:\\\/\\\/tonalibus.cyon.site\"]}]}<\/script>\n<!-- \/ Yoast SEO plugin. -->","yoast_head_json":{"title":"La tonalit\u00e0 del momento: PentaNa \/ PentaPro - TONALIBUS","description":"La tonalit\u00e0 del momento \u00e8 PentaPro \/ PentaNa: una tonalit\u00e0 Pro, una tonalit\u00e0 Na primaria e una pentatonalit\u00e0 di base raggruppata...","robots":{"index":"index","follow":"follow","max-snippet":"max-snippet:-1","max-image-preview":"max-image-preview:large","max-video-preview":"max-video-preview:-1"},"canonical":"https:\/\/tonalibus.org\/it\/2025\/02\/03\/tonality-of-the-moment-pentana-pentapro\/","og_locale":"it_IT","og_type":"article","og_title":"Tonality of the moment: PentaNa \/ PentaPro &#8211; TONALIBUS","og_description":"The tonality of the moment is PentaPro \/ PentaNa -- a Pro tonality, prime Na tonality, and clustered basic pentatonality...","og_url":"https:\/\/tonalibus.org\/it\/2025\/02\/03\/tonality-of-the-moment-pentana-pentapro\/","og_site_name":"TONALIBUS","article_published_time":"2025-02-03T07:07:53+00:00","article_modified_time":"2025-12-17T09:51:02+00:00","og_image":[{"width":960,"height":720,"url":"https:\/\/tonalibus.org\/wp-content\/uploads\/2025\/01\/image.jpeg","type":"image\/jpeg"}],"author":"Ulrico","twitter_card":"summary_large_image","twitter_misc":{"Scritto da":"Ulrico","Tempo di lettura stimato":"2 minuti"},"schema":{"@context":"https:\/\/schema.org","@graph":[{"@type":"Article","@id":"https:\/\/tonalibus.org\/2025\/02\/03\/tonality-of-the-moment-pentana-pentapro\/#article","isPartOf":{"@id":"https:\/\/tonalibus.org\/2025\/02\/03\/tonality-of-the-moment-pentana-pentapro\/"},"author":{"name":"Ulrico","@id":"https:\/\/tonalibus.org\/de\/#\/schema\/person\/749261d7bc96d1f00127273f83ab96a4"},"headline":"Tonality of the moment: PentaNa \/ PentaPro","datePublished":"2025-02-03T07:07:53+00:00","dateModified":"2025-12-17T09:51:02+00:00","mainEntityOfPage":{"@id":"https:\/\/tonalibus.org\/2025\/02\/03\/tonality-of-the-moment-pentana-pentapro\/"},"wordCount":221,"publisher":{"@id":"https:\/\/tonalibus.org\/de\/#\/schema\/person\/749261d7bc96d1f00127273f83ab96a4"},"image":{"@id":"https:\/\/tonalibus.org\/2025\/02\/03\/tonality-of-the-moment-pentana-pentapro\/#primaryimage"},"thumbnailUrl":"https:\/\/tonalibus.org\/wp-content\/uploads\/2025\/01\/image.jpeg","articleSection":["2025 tonal","Tonalibus","Tonality of the month\/moment"],"inLanguage":"it-IT"},{"@type":"WebPage","@id":"https:\/\/tonalibus.org\/2025\/02\/03\/tonality-of-the-moment-pentana-pentapro\/","url":"https:\/\/tonalibus.org\/2025\/02\/03\/tonality-of-the-moment-pentana-pentapro\/","name":"La tonalit\u00e0 del momento: PentaNa \/ PentaPro - TONALIBUS","isPartOf":{"@id":"https:\/\/tonalibus.org\/de\/#website"},"primaryImageOfPage":{"@id":"https:\/\/tonalibus.org\/2025\/02\/03\/tonality-of-the-moment-pentana-pentapro\/#primaryimage"},"image":{"@id":"https:\/\/tonalibus.org\/2025\/02\/03\/tonality-of-the-moment-pentana-pentapro\/#primaryimage"},"thumbnailUrl":"https:\/\/tonalibus.org\/wp-content\/uploads\/2025\/01\/image.jpeg","datePublished":"2025-02-03T07:07:53+00:00","dateModified":"2025-12-17T09:51:02+00:00","description":"La tonalit\u00e0 del momento \u00e8 PentaPro \/ PentaNa: una tonalit\u00e0 Pro, una tonalit\u00e0 Na primaria e una pentatonalit\u00e0 di base raggruppata...","breadcrumb":{"@id":"https:\/\/tonalibus.org\/2025\/02\/03\/tonality-of-the-moment-pentana-pentapro\/#breadcrumb"},"inLanguage":"it-IT","potentialAction":[{"@type":"ReadAction","target":["https:\/\/tonalibus.org\/2025\/02\/03\/tonality-of-the-moment-pentana-pentapro\/"]}]},{"@type":"ImageObject","inLanguage":"it-IT","@id":"https:\/\/tonalibus.org\/2025\/02\/03\/tonality-of-the-moment-pentana-pentapro\/#primaryimage","url":"https:\/\/tonalibus.org\/wp-content\/uploads\/2025\/01\/image.jpeg","contentUrl":"https:\/\/tonalibus.org\/wp-content\/uploads\/2025\/01\/image.jpeg"},{"@type":"BreadcrumbList","@id":"https:\/\/tonalibus.org\/2025\/02\/03\/tonality-of-the-moment-pentana-pentapro\/#breadcrumb","itemListElement":[{"@type":"ListItem","position":1,"name":"Home","item":"https:\/\/tonalibus.org\/"},{"@type":"ListItem","position":2,"name":"Tonality of the moment: PentaNa \/ PentaPro"}]},{"@type":"WebSite","@id":"https:\/\/tonalibus.org\/de\/#website","url":"https:\/\/tonalibus.org\/de\/","name":"TONALIBUS","description":"Armonia e tonalit\u00e0 ancorate","publisher":{"@id":"https:\/\/tonalibus.org\/de\/#\/schema\/person\/749261d7bc96d1f00127273f83ab96a4"},"potentialAction":[{"@type":"SearchAction","target":{"@type":"EntryPoint","urlTemplate":"https:\/\/tonalibus.org\/de\/?s={search_term_string}"},"query-input":{"@type":"PropertyValueSpecification","valueRequired":true,"valueName":"search_term_string"}}],"inLanguage":"it-IT"},{"@type":["Person","Organization"],"@id":"https:\/\/tonalibus.org\/de\/#\/schema\/person\/749261d7bc96d1f00127273f83ab96a4","name":"Ulrico","image":{"@type":"ImageObject","inLanguage":"it-IT","@id":"https:\/\/tonalibus.org\/wp-content\/uploads\/2020\/06\/uli-pix.jpg","url":"https:\/\/tonalibus.org\/wp-content\/uploads\/2020\/06\/uli-pix.jpg","contentUrl":"https:\/\/tonalibus.org\/wp-content\/uploads\/2020\/06\/uli-pix.jpg","width":960,"height":720,"caption":"Ulrico"},"logo":{"@id":"https:\/\/tonalibus.org\/wp-content\/uploads\/2020\/06\/uli-pix.jpg"},"sameAs":["https:\/\/tonalibus.cyon.site"]}]}},"_links":{"self":[{"href":"https:\/\/tonalibus.org\/it\/wp-json\/wp\/v2\/posts\/35062","targetHints":{"allow":["GET"]}}],"collection":[{"href":"https:\/\/tonalibus.org\/it\/wp-json\/wp\/v2\/posts"}],"about":[{"href":"https:\/\/tonalibus.org\/it\/wp-json\/wp\/v2\/types\/post"}],"author":[{"embeddable":true,"href":"https:\/\/tonalibus.org\/it\/wp-json\/wp\/v2\/users\/1"}],"replies":[{"embeddable":true,"href":"https:\/\/tonalibus.org\/it\/wp-json\/wp\/v2\/comments?post=35062"}],"version-history":[{"count":1,"href":"https:\/\/tonalibus.org\/it\/wp-json\/wp\/v2\/posts\/35062\/revisions"}],"predecessor-version":[{"id":38019,"href":"https:\/\/tonalibus.org\/it\/wp-json\/wp\/v2\/posts\/35062\/revisions\/38019"}],"wp:attachment":[{"href":"https:\/\/tonalibus.org\/it\/wp-json\/wp\/v2\/media?parent=35062"}],"wp:term":[{"taxonomy":"category","embeddable":true,"href":"https:\/\/tonalibus.org\/it\/wp-json\/wp\/v2\/categories?post=35062"},{"taxonomy":"post_tag","embeddable":true,"href":"https:\/\/tonalibus.org\/it\/wp-json\/wp\/v2\/tags?post=35062"}],"curies":[{"name":"wp","href":"https:\/\/api.w.org\/{rel}","templated":true}]}}