{"id":35561,"date":"2025-03-27T10:36:29","date_gmt":"2025-03-27T09:36:29","guid":{"rendered":"https:\/\/tonalibus.org\/?p=35561"},"modified":"2025-12-17T10:45:56","modified_gmt":"2025-12-17T09:45:56","slug":"sound-of-silence","status":"publish","type":"post","link":"https:\/\/tonalibus.org\/it\/2025\/03\/27\/sound-of-silence\/","title":{"rendered":"Il suono del silenzio"},"content":{"rendered":"<p class=\"has-text-align-center has-text-color has-link-color wp-elements-a7c45bb8a3a75a6ebb85f6bdabe2b8cb\" style=\"color:#f7b320\">Il suono del silenzio <br>per essere sentito e notato <br>uno per tutti e tutti per uno <br>colui o colei che lo sente vedr\u00e0 <br>la luce e l'amore in tutta la vita <br>uno spettacolo terreno mutevole <br>evolve in tantissimi modi, cos\u00ec com'\u00e8. <\/p>\n\n\n\n<p class=\"has-text-align-center has-text-color has-link-color wp-elements-25e97a887c886a7a1c868ad7b807d0bd\" style=\"color:#f7b320\">Colei o colui che vede pu\u00f2 sentirlo bene <br>il suono del silenzio nel suo stesso cuore <br>mentre \u2018suo o sua\u2019 si dissolve come illusione <br>perch\u00e9 alla fine il possesso appartiene alla natura <br>come lui e lei e tutti stanno imparando a vedere. <\/p>\n\n\n\n<p class=\"has-text-align-center has-text-color has-link-color wp-elements-fa1f5277b307176835e3e18c8e81742b\" style=\"color:#f7b320\">Chi sente e vede dar\u00e0 grande valore <br>alle qualit\u00e0 e alla divinit\u00e0 di tutti gli altri <br>mentre tanti di quelli che non lo fanno <br>guardano gli altri come esseri inferiori <br>di essere controllati da giochi di potere <br>in una possessione megalomane. <\/p>\n\n\n\n<p class=\"has-text-align-center has-text-color has-link-color wp-elements-1ea09ba141fc12190756b3020ea83538\" style=\"color:#f7b320\">Fino a che punto si deve arrivare <br>in modo che alla fine si dissolva da solo <br>in tutto lo spazio concesso per asciugarsi <br>mentre si sente il suono del silenzio <br>vede e pu\u00f2 togliersi di mezzo <br>lasciandolo fluire e risolversi <br>cos\u00ec com'\u00e8, non importa cosa <br>illusione e impermanenza <br>si pu\u00f2 vedere e sentire <br>il suono del silenzio <br>per essere sentito e notato <br>uno per tutti e tutti per uno <br>colui o colei che lo sente vedr\u00e0 <br>la luce e l'amore in tutta la vita.<\/p>\n\n\n\n<h3 class=\"wp-block-heading has-text-color has-link-color wp-elements-6b0a032f62d46e935fb8b8fda94ecb95\" id=\"imperm\" style=\"color:#f7b320\">\u201cPermanent impermanence\u201d \u2013 blues da bonifica del cuore<\/h3>\n\n\n\n<figure class=\"wp-block-audio\"><audio controls src=\"https:\/\/tonalibus.org\/wp-content\/uploads\/2025\/02\/2025-02-20-8GTANEPCYCROT.mp3\" preload=\"metadata\"><\/audio><figcaption class=\"wp-element-caption\"><a href=\"https:\/\/tonalibus.org\/it\/tonalities\/pentatonalities\/pentablue\/\"><mark style=\"background-color:rgba(0, 0, 0, 0);color:#f7b320\" class=\"has-inline-color\">PentaBlue<\/mark><\/a><mark style=\"background-color:rgba(0, 0, 0, 0);color:#f7b320\" class=\"has-inline-color\"> su Re (rel. La 438,2 Hz) \u2013 chitarra a 8 corde, crotali, cimbali nepalesi, tanpura \u2013 7:43<\/mark><\/figcaption><\/figure>\n\n\n\n<h2 class=\"wp-block-heading has-text-color has-link-color wp-elements-b477fb7e2fbe79af952fa9ad8fa0d49c\" style=\"color:#f7b320\">Come stanno le cose \u2013 uno sguardo pi\u00f9 approfondito<\/h2>\n\n\n\n<p class=\"has-text-color has-link-color wp-elements-d246fe484f4a30794a211653c32ef6ab\" style=\"color:#f7b320\">\u201cQuesta sera ero fuori e guardavo il crepuscolo, gli alberi... e contemplavo... che gli alberi sono coscienti. C'\u00e8 un certo livello di consapevolezza in tutta la vita, nel fatto che c'\u00e8 ricettivit\u00e0 verso l'ambiente; e gli alberi sono molto ricettivi verso l'ambiente in cui si trovano. Si inizia a cambiare la percezione della mente in quella di una consapevolezza che pervade tutto. Allora non si tratta solo di una mente umana, c'\u00e8 qualcosa di pi\u00f9. Ma nel Buddismo non viene mai nominata, non si cerca mai di formarsi un concetto su di essa. Al contrario, si contempla la totalit\u00e0, l'intera sensibilit\u00e0, il regno sensoriale e ci\u00f2 che esso rappresenta realmente. E questo dobbiamo contemplare a partire dalla nostra capacit\u00e0 di essere consapevoli e di sentire, ma senza vederlo in termini di \u2018io\u2019 e \u2018mio\u2019...\u201d<\/p>\n\n\n\n<h3 class=\"wp-block-heading has-text-color has-link-color wp-elements-32fabf66347b3851ac6c8e8c627f6f3c\" style=\"color:#f7b320\">Senti il suono del silenzio?<\/h3>\n\n\n\n<p class=\"has-text-color has-link-color wp-elements-73c1d6a09257d3fbdb98a5a4ce909f12\" style=\"color:#f7b320\">\u201cCon il suono del silenzio, alcune persone sentono fluttuazioni di suono o un sottofondo continuo di suono. Quindi puoi contemplarlo, notarlo \u2013 puoi notarlo...? Stai usando questo suono del silenzio come qualcosa a cui ricordarti di rivolgerti e notare \u2013 perch\u00e9 \u00e8 sempre presente qui e ora. E c'\u00e8 quella cosa che lo nota.<\/p>\n\n\n\n<p class=\"has-text-color has-link-color wp-elements-6662ecf7f3fb4cc1dc1f893d5d8d0783\" style=\"color:#f7b320\">\"C'\u00e8 il desiderio della mente di chiamarlo in qualche modo, di darlo un nome, di elencarlo come una sorta di risultato o di proiettare qualcosa su di esso. Notatelo, la tendenza a volerlo trasformare in qualcosa. Qualcuno ha detto che probabilmente \u00e8 solo il suono del sangue che circola nelle tue orecchie; qualcun altro lo ha definito \u2018il suono cosmico\u2019, \u2018il ponte verso il Divino\u2019. Questo suona meglio di \u2018il sangue nelle orecchie\u2019. Potrebbe essere il suono del Cosmo o potrebbe essere che hai una malattia alle orecchie. Ma non \u00e8 necessario che sia qualcosa; \u00e8 quello che \u00e8, \u00e8 \u2018come tale\u2019. Qualunque cosa sia, pu\u00f2 essere usata come riflessione perch\u00e9 quando sei con quello, non c'\u00e8 il senso del s\u00e9, c'\u00e8 la consapevolezza, c'\u00e8 la capacit\u00e0 della riflessione.<\/p>\n\n\n\n<p class=\"has-text-color has-link-color wp-elements-9d844d76a922bc121e48837a82f44461\" style=\"color:#f7b320\">\u201cQuindi \u00e8 pi\u00f9 che altro un filo conduttore a cui puoi rivolgerti per evitare di vacillare. \u00c8 qualcosa che puoi usare per orientarti nella vita quotidiana...\u201d <\/p>\n\n\n\n<h3 class=\"wp-block-heading has-text-color has-link-color wp-elements-b111480e0aaec86cb46847ffb6b79d7c\" style=\"color:#f7b320\">Ascolti il suono del silenzio?<\/h3>\n\n\n\n<p class=\"has-text-color has-link-color wp-elements-fd5aa6d4ad006ca366f2e316c6e44e10\" style=\"color:#f7b320\">\u201cL'offerta significativa dell'insegnamento buddista risiede in quello che chiamiamo non-dualismo. \u00c8 l'approccio \u2018n\u00e9-n\u00e9\u2019 alle questioni filosofiche. ... <br>\u201cOra cosa succede, come esperienza pratica, quando lasci andare le cose e queste cessano? Che cosa rimane, che cosa \u00e8 il resto? ...<br>\u201cQuando la percezione del s\u00e9 cessa e cessano tutte le dottrine, tutti gli insegnamenti ispirati, tutti i detti saggi, rimane colui che nota la cessazione. E questo ci lascia con una mente vuota. Cosa c'\u00e8 da afferrare?\u201d<\/p>\n\n\n\n<p class=\"has-text-color has-link-color wp-elements-46fdf9c59c16e8b703950093736be57d\" style=\"color:#f7b320\">\u201cApriti al silenzio e contemplalo, imparando da esso piuttosto che scappare per cercare una madre calda o un padre sicuro.<br>\u201cAllora un modo per descrivere questa vita santa \u00e8 la crescita dell'individuo verso quella maturit\u00e0 in cui non si indugia pi\u00f9 nel calore dell'adolescenza o dell'infanzia, o nei piaceri del mondo.\u201d<\/p>\n\n\n\n<h3 class=\"wp-block-heading has-text-color has-link-color wp-elements-8dce47c12556150025fa773e010ba48b\" style=\"color:#f7b320\">Il risplendere del divino<\/h3>\n\n\n\n<p class=\"has-text-color has-link-color wp-elements-cbd62598842a79b5ffe5580badf54148\" style=\"color:#f7b320\">\u201cNella nostra vita di esseri separati, ci relazioniamo con le cose. Come esseri individuali, abbiamo una relazione con tante cose, dobbiamo incontrarle e contattarle, reagire o rispondere agli oggetti per tutto il resto della nostra vita. A livello fisico, dobbiamo reagire alla presenza degli altri in qualche modo, ignorandoli o abbracciandoli, salutandoli o maledicendoli. Nelle relazioni, quando non c'\u00e8 il s\u00e9, c'\u00e8 questa divinit\u00e0 che si manifesta. Quindi puoi vedere che la forma umana \u00e8 una forma per il divino.\u201d<\/p>\n\n\n\n<p class=\"has-text-color has-link-color wp-elements-10bad77db856d56fe63dca2afdbc447c\" style=\"color:#f7b320\">\u201cCinque miliardi di esseri umani che possono manifestare il divino nella loro vita quotidiana, attraverso <em><a href=\"https:\/\/it.wikipedia.org\/wiki\/Brahmavih\u0101ra\" target=\"_blank\" rel=\"noreferrer noopener\"><mark style=\"background-color:rgba(0, 0, 0, 0);color:#f7b320\" class=\"has-inline-color\">metta, karuna, mudita, upekkha<\/mark><\/a><\/em>. Non sembra cos\u00ec male, vero? Sembra piuttosto piacevole.<br>\u201cMa cinque miliardi di esseri umani che manifestano avidit\u00e0, odio e illusione sono un quadro piuttosto desolante. Eppure non abbiamo il diritto di giudicarli: questa persona qui, questa \u00e8 quella che abbiamo, questa \u00e8 quella su cui possiamo lavorare. Non preoccuparti degli altri. Questa persona qui \u00e8 ci\u00f2 che puoi effettivamente sviluppare attraverso la riflessione e la meditazione.\u201d<\/p>\n\n\n\n<div style=\"height:30px\" aria-hidden=\"true\" class=\"wp-block-spacer\"><\/div>\n\n\n\n<p class=\"has-text-color has-link-color wp-elements-65ea3a48ea1caccca7fcf4457450beb7\" style=\"color:#f7b320\">\u2014 <em>The Way It Is<\/em>, Ajahn Sumedho, p. 102-103, 109, 115, 117, 157, 165<\/p>\n\n\n\n<h2 class=\"wp-block-heading has-text-color has-link-color wp-elements-ac8238e5d0933a1953236f3ce0143058\" style=\"color:#f7b320\">I canti degli alberi, per lo pi\u00f9 silenziosi<\/h2>\n\n\n\n<figure class=\"wp-block-image size-large\"><img loading=\"lazy\" decoding=\"async\" width=\"1024\" height=\"576\" src=\"https:\/\/tonalibus.org\/wp-content\/uploads\/2025\/03\/20250306_134918114_iOS-xc-1024x576.jpg\" alt=\"Sound of silence\" class=\"wp-image-35573\" srcset=\"https:\/\/tonalibus.org\/wp-content\/uploads\/2025\/03\/20250306_134918114_iOS-xc-1024x576.jpg 1024w, https:\/\/tonalibus.org\/wp-content\/uploads\/2025\/03\/20250306_134918114_iOS-xc-300x169.jpg 300w, https:\/\/tonalibus.org\/wp-content\/uploads\/2025\/03\/20250306_134918114_iOS-xc-768x432.jpg 768w, https:\/\/tonalibus.org\/wp-content\/uploads\/2025\/03\/20250306_134918114_iOS-xc-1536x864.jpg 1536w, https:\/\/tonalibus.org\/wp-content\/uploads\/2025\/03\/20250306_134918114_iOS-xc-2048x1152.jpg 2048w, https:\/\/tonalibus.org\/wp-content\/uploads\/2025\/03\/20250306_134918114_iOS-xc-18x10.jpg 18w, https:\/\/tonalibus.org\/wp-content\/uploads\/2025\/03\/20250306_134918114_iOS-xc-1320x743.jpg 1320w\" sizes=\"auto, (max-width: 706px) 89vw, (max-width: 767px) 82vw, 740px\" \/><figcaption class=\"wp-element-caption\">Il sole che sorge dietro alberi silenziosi che proiettano le loro ombre \u2013 marzo 2025 \u2013 Chanhassen, Minnesota<\/figcaption><\/figure>","protected":false},"excerpt":{"rendered":"<p>Il suono del silenzio<br \/>\nper essere sentito e notato<br \/>\nuno per tutti e tutti per uno<br \/>\n...<\/p>","protected":false},"author":1,"featured_media":0,"comment_status":"closed","ping_status":"open","sticky":false,"template":"","format":"standard","meta":{"footnotes":""},"categories":[35,13,10],"tags":[],"class_list":["post-35561","post","type-post","status-publish","format-standard","hentry","category-2025-spiritual","category-omnibus","category-spiritualibus"],"yoast_head":"<!-- This site is optimized with the Yoast SEO plugin v27.5 - https:\/\/yoast.com\/product\/yoast-seo-wordpress\/ -->\n<title>Sound of silence &#8211; TONALIBUS Harmony and Tonalities<\/title>\n<meta name=\"description\" content=\"Sound of silence to be heard and seen, one for all and all for one, he or she who hears will see the light and the love in all life...\" \/>\n<meta name=\"robots\" content=\"index, follow, max-snippet:-1, max-image-preview:large, max-video-preview:-1\" \/>\n<link rel=\"canonical\" href=\"https:\/\/tonalibus.org\/it\/2025\/03\/27\/sound-of-silence\/\" \/>\n<meta property=\"og:locale\" content=\"it_IT\" \/>\n<meta property=\"og:type\" content=\"article\" \/>\n<meta property=\"og:title\" content=\"Sound of silence &#8211; TONALIBUS Harmony and Tonalities\" \/>\n<meta property=\"og:description\" content=\"Sound of silence to be heard and seen, one for all and all for one, he or she who hears will see the light and the love in all life...\" \/>\n<meta property=\"og:url\" content=\"https:\/\/tonalibus.org\/it\/2025\/03\/27\/sound-of-silence\/\" \/>\n<meta property=\"og:site_name\" content=\"TONALIBUS\" \/>\n<meta property=\"article:published_time\" content=\"2025-03-27T09:36:29+00:00\" \/>\n<meta property=\"article:modified_time\" content=\"2025-12-17T09:45:56+00:00\" \/>\n<meta property=\"og:image\" content=\"https:\/\/tonalibus.org\/wp-content\/uploads\/2025\/03\/20250306_134918114_iOS-xc-scaled.jpg\" \/>\n\t<meta property=\"og:image:width\" content=\"2560\" \/>\n\t<meta property=\"og:image:height\" content=\"1440\" \/>\n\t<meta property=\"og:image:type\" content=\"image\/jpeg\" \/>\n<meta name=\"author\" content=\"Ulrico\" \/>\n<meta name=\"twitter:card\" content=\"summary_large_image\" \/>\n<meta name=\"twitter:label1\" content=\"Scritto da\" \/>\n\t<meta name=\"twitter:data1\" content=\"Ulrico\" \/>\n\t<meta name=\"twitter:label2\" content=\"Tempo di lettura stimato\" \/>\n\t<meta name=\"twitter:data2\" content=\"5 minuti\" \/>\n<script type=\"application\/ld+json\" class=\"yoast-schema-graph\">{\"@context\":\"https:\\\/\\\/schema.org\",\"@graph\":[{\"@type\":\"Article\",\"@id\":\"https:\\\/\\\/tonalibus.org\\\/2025\\\/03\\\/27\\\/sound-of-silence\\\/#article\",\"isPartOf\":{\"@id\":\"https:\\\/\\\/tonalibus.org\\\/2025\\\/03\\\/27\\\/sound-of-silence\\\/\"},\"author\":{\"name\":\"Ulrico\",\"@id\":\"https:\\\/\\\/tonalibus.org\\\/de\\\/#\\\/schema\\\/person\\\/749261d7bc96d1f00127273f83ab96a4\"},\"headline\":\"Sound of silence\",\"datePublished\":\"2025-03-27T09:36:29+00:00\",\"dateModified\":\"2025-12-17T09:45:56+00:00\",\"mainEntityOfPage\":{\"@id\":\"https:\\\/\\\/tonalibus.org\\\/2025\\\/03\\\/27\\\/sound-of-silence\\\/\"},\"wordCount\":1007,\"publisher\":{\"@id\":\"https:\\\/\\\/tonalibus.org\\\/de\\\/#\\\/schema\\\/person\\\/749261d7bc96d1f00127273f83ab96a4\"},\"image\":{\"@id\":\"https:\\\/\\\/tonalibus.org\\\/2025\\\/03\\\/27\\\/sound-of-silence\\\/#primaryimage\"},\"thumbnailUrl\":\"https:\\\/\\\/tonalibus.org\\\/wp-content\\\/uploads\\\/2025\\\/03\\\/20250306_134918114_iOS-xc-1024x576.jpg\",\"articleSection\":[\"2025 spiritual\",\"Omnibus\",\"Spiritualibus\"],\"inLanguage\":\"it-IT\"},{\"@type\":\"WebPage\",\"@id\":\"https:\\\/\\\/tonalibus.org\\\/2025\\\/03\\\/27\\\/sound-of-silence\\\/\",\"url\":\"https:\\\/\\\/tonalibus.org\\\/2025\\\/03\\\/27\\\/sound-of-silence\\\/\",\"name\":\"Sound of silence &#8211; TONALIBUS Harmony and Tonalities\",\"isPartOf\":{\"@id\":\"https:\\\/\\\/tonalibus.org\\\/de\\\/#website\"},\"primaryImageOfPage\":{\"@id\":\"https:\\\/\\\/tonalibus.org\\\/2025\\\/03\\\/27\\\/sound-of-silence\\\/#primaryimage\"},\"image\":{\"@id\":\"https:\\\/\\\/tonalibus.org\\\/2025\\\/03\\\/27\\\/sound-of-silence\\\/#primaryimage\"},\"thumbnailUrl\":\"https:\\\/\\\/tonalibus.org\\\/wp-content\\\/uploads\\\/2025\\\/03\\\/20250306_134918114_iOS-xc-1024x576.jpg\",\"datePublished\":\"2025-03-27T09:36:29+00:00\",\"dateModified\":\"2025-12-17T09:45:56+00:00\",\"description\":\"Sound of silence to be heard and seen, one for all and all for one, he or she who hears will see the light and the love in all life...\",\"breadcrumb\":{\"@id\":\"https:\\\/\\\/tonalibus.org\\\/2025\\\/03\\\/27\\\/sound-of-silence\\\/#breadcrumb\"},\"inLanguage\":\"it-IT\",\"potentialAction\":[{\"@type\":\"ReadAction\",\"target\":[\"https:\\\/\\\/tonalibus.org\\\/2025\\\/03\\\/27\\\/sound-of-silence\\\/\"]}]},{\"@type\":\"ImageObject\",\"inLanguage\":\"it-IT\",\"@id\":\"https:\\\/\\\/tonalibus.org\\\/2025\\\/03\\\/27\\\/sound-of-silence\\\/#primaryimage\",\"url\":\"https:\\\/\\\/tonalibus.org\\\/wp-content\\\/uploads\\\/2025\\\/03\\\/20250306_134918114_iOS-xc-1024x576.jpg\",\"contentUrl\":\"https:\\\/\\\/tonalibus.org\\\/wp-content\\\/uploads\\\/2025\\\/03\\\/20250306_134918114_iOS-xc-1024x576.jpg\"},{\"@type\":\"BreadcrumbList\",\"@id\":\"https:\\\/\\\/tonalibus.org\\\/2025\\\/03\\\/27\\\/sound-of-silence\\\/#breadcrumb\",\"itemListElement\":[{\"@type\":\"ListItem\",\"position\":1,\"name\":\"Home\",\"item\":\"https:\\\/\\\/tonalibus.org\\\/\"},{\"@type\":\"ListItem\",\"position\":2,\"name\":\"Sound of silence\"}]},{\"@type\":\"WebSite\",\"@id\":\"https:\\\/\\\/tonalibus.org\\\/de\\\/#website\",\"url\":\"https:\\\/\\\/tonalibus.org\\\/de\\\/\",\"name\":\"TONALIBUS\",\"description\":\"Anchored Harmony and Tonalities\",\"publisher\":{\"@id\":\"https:\\\/\\\/tonalibus.org\\\/de\\\/#\\\/schema\\\/person\\\/749261d7bc96d1f00127273f83ab96a4\"},\"potentialAction\":[{\"@type\":\"SearchAction\",\"target\":{\"@type\":\"EntryPoint\",\"urlTemplate\":\"https:\\\/\\\/tonalibus.org\\\/de\\\/?s={search_term_string}\"},\"query-input\":{\"@type\":\"PropertyValueSpecification\",\"valueRequired\":true,\"valueName\":\"search_term_string\"}}],\"inLanguage\":\"it-IT\"},{\"@type\":[\"Person\",\"Organization\"],\"@id\":\"https:\\\/\\\/tonalibus.org\\\/de\\\/#\\\/schema\\\/person\\\/749261d7bc96d1f00127273f83ab96a4\",\"name\":\"Ulrico\",\"image\":{\"@type\":\"ImageObject\",\"inLanguage\":\"it-IT\",\"@id\":\"https:\\\/\\\/tonalibus.org\\\/wp-content\\\/uploads\\\/2020\\\/06\\\/uli-pix.jpg\",\"url\":\"https:\\\/\\\/tonalibus.org\\\/wp-content\\\/uploads\\\/2020\\\/06\\\/uli-pix.jpg\",\"contentUrl\":\"https:\\\/\\\/tonalibus.org\\\/wp-content\\\/uploads\\\/2020\\\/06\\\/uli-pix.jpg\",\"width\":960,\"height\":720,\"caption\":\"Ulrico\"},\"logo\":{\"@id\":\"https:\\\/\\\/tonalibus.org\\\/wp-content\\\/uploads\\\/2020\\\/06\\\/uli-pix.jpg\"},\"sameAs\":[\"https:\\\/\\\/tonalibus.cyon.site\"]}]}<\/script>\n<!-- \/ Yoast SEO plugin. -->","yoast_head_json":{"title":"Il suono del silenzio - Armonia e tonalit\u00e0 TONALIBUS","description":"Suono di silenzio da ascoltare e vedere, uno per tutti e tutti per uno, colui o colei che ascolta vedr\u00e0 la luce e l'amore in tutta la vita...","robots":{"index":"index","follow":"follow","max-snippet":"max-snippet:-1","max-image-preview":"max-image-preview:large","max-video-preview":"max-video-preview:-1"},"canonical":"https:\/\/tonalibus.org\/it\/2025\/03\/27\/sound-of-silence\/","og_locale":"it_IT","og_type":"article","og_title":"Sound of silence &#8211; TONALIBUS Harmony and Tonalities","og_description":"Sound of silence to be heard and seen, one for all and all for one, he or she who hears will see the light and the love in all life...","og_url":"https:\/\/tonalibus.org\/it\/2025\/03\/27\/sound-of-silence\/","og_site_name":"TONALIBUS","article_published_time":"2025-03-27T09:36:29+00:00","article_modified_time":"2025-12-17T09:45:56+00:00","og_image":[{"width":2560,"height":1440,"url":"https:\/\/tonalibus.org\/wp-content\/uploads\/2025\/03\/20250306_134918114_iOS-xc-scaled.jpg","type":"image\/jpeg"}],"author":"Ulrico","twitter_card":"summary_large_image","twitter_misc":{"Scritto da":"Ulrico","Tempo di lettura stimato":"5 minuti"},"schema":{"@context":"https:\/\/schema.org","@graph":[{"@type":"Article","@id":"https:\/\/tonalibus.org\/2025\/03\/27\/sound-of-silence\/#article","isPartOf":{"@id":"https:\/\/tonalibus.org\/2025\/03\/27\/sound-of-silence\/"},"author":{"name":"Ulrico","@id":"https:\/\/tonalibus.org\/de\/#\/schema\/person\/749261d7bc96d1f00127273f83ab96a4"},"headline":"Sound of silence","datePublished":"2025-03-27T09:36:29+00:00","dateModified":"2025-12-17T09:45:56+00:00","mainEntityOfPage":{"@id":"https:\/\/tonalibus.org\/2025\/03\/27\/sound-of-silence\/"},"wordCount":1007,"publisher":{"@id":"https:\/\/tonalibus.org\/de\/#\/schema\/person\/749261d7bc96d1f00127273f83ab96a4"},"image":{"@id":"https:\/\/tonalibus.org\/2025\/03\/27\/sound-of-silence\/#primaryimage"},"thumbnailUrl":"https:\/\/tonalibus.org\/wp-content\/uploads\/2025\/03\/20250306_134918114_iOS-xc-1024x576.jpg","articleSection":["2025 spiritual","Omnibus","Spiritualibus"],"inLanguage":"it-IT"},{"@type":"WebPage","@id":"https:\/\/tonalibus.org\/2025\/03\/27\/sound-of-silence\/","url":"https:\/\/tonalibus.org\/2025\/03\/27\/sound-of-silence\/","name":"Il suono del silenzio - Armonia e tonalit\u00e0 TONALIBUS","isPartOf":{"@id":"https:\/\/tonalibus.org\/de\/#website"},"primaryImageOfPage":{"@id":"https:\/\/tonalibus.org\/2025\/03\/27\/sound-of-silence\/#primaryimage"},"image":{"@id":"https:\/\/tonalibus.org\/2025\/03\/27\/sound-of-silence\/#primaryimage"},"thumbnailUrl":"https:\/\/tonalibus.org\/wp-content\/uploads\/2025\/03\/20250306_134918114_iOS-xc-1024x576.jpg","datePublished":"2025-03-27T09:36:29+00:00","dateModified":"2025-12-17T09:45:56+00:00","description":"Suono di silenzio da ascoltare e vedere, uno per tutti e tutti per uno, colui o colei che ascolta vedr\u00e0 la luce e l'amore in tutta la vita...","breadcrumb":{"@id":"https:\/\/tonalibus.org\/2025\/03\/27\/sound-of-silence\/#breadcrumb"},"inLanguage":"it-IT","potentialAction":[{"@type":"ReadAction","target":["https:\/\/tonalibus.org\/2025\/03\/27\/sound-of-silence\/"]}]},{"@type":"ImageObject","inLanguage":"it-IT","@id":"https:\/\/tonalibus.org\/2025\/03\/27\/sound-of-silence\/#primaryimage","url":"https:\/\/tonalibus.org\/wp-content\/uploads\/2025\/03\/20250306_134918114_iOS-xc-1024x576.jpg","contentUrl":"https:\/\/tonalibus.org\/wp-content\/uploads\/2025\/03\/20250306_134918114_iOS-xc-1024x576.jpg"},{"@type":"BreadcrumbList","@id":"https:\/\/tonalibus.org\/2025\/03\/27\/sound-of-silence\/#breadcrumb","itemListElement":[{"@type":"ListItem","position":1,"name":"Home","item":"https:\/\/tonalibus.org\/"},{"@type":"ListItem","position":2,"name":"Sound of silence"}]},{"@type":"WebSite","@id":"https:\/\/tonalibus.org\/de\/#website","url":"https:\/\/tonalibus.org\/de\/","name":"TONALIBUS","description":"Armonia e tonalit\u00e0 ancorate","publisher":{"@id":"https:\/\/tonalibus.org\/de\/#\/schema\/person\/749261d7bc96d1f00127273f83ab96a4"},"potentialAction":[{"@type":"SearchAction","target":{"@type":"EntryPoint","urlTemplate":"https:\/\/tonalibus.org\/de\/?s={search_term_string}"},"query-input":{"@type":"PropertyValueSpecification","valueRequired":true,"valueName":"search_term_string"}}],"inLanguage":"it-IT"},{"@type":["Person","Organization"],"@id":"https:\/\/tonalibus.org\/de\/#\/schema\/person\/749261d7bc96d1f00127273f83ab96a4","name":"Ulrico","image":{"@type":"ImageObject","inLanguage":"it-IT","@id":"https:\/\/tonalibus.org\/wp-content\/uploads\/2020\/06\/uli-pix.jpg","url":"https:\/\/tonalibus.org\/wp-content\/uploads\/2020\/06\/uli-pix.jpg","contentUrl":"https:\/\/tonalibus.org\/wp-content\/uploads\/2020\/06\/uli-pix.jpg","width":960,"height":720,"caption":"Ulrico"},"logo":{"@id":"https:\/\/tonalibus.org\/wp-content\/uploads\/2020\/06\/uli-pix.jpg"},"sameAs":["https:\/\/tonalibus.cyon.site"]}]}},"_links":{"self":[{"href":"https:\/\/tonalibus.org\/it\/wp-json\/wp\/v2\/posts\/35561","targetHints":{"allow":["GET"]}}],"collection":[{"href":"https:\/\/tonalibus.org\/it\/wp-json\/wp\/v2\/posts"}],"about":[{"href":"https:\/\/tonalibus.org\/it\/wp-json\/wp\/v2\/types\/post"}],"author":[{"embeddable":true,"href":"https:\/\/tonalibus.org\/it\/wp-json\/wp\/v2\/users\/1"}],"replies":[{"embeddable":true,"href":"https:\/\/tonalibus.org\/it\/wp-json\/wp\/v2\/comments?post=35561"}],"version-history":[{"count":1,"href":"https:\/\/tonalibus.org\/it\/wp-json\/wp\/v2\/posts\/35561\/revisions"}],"predecessor-version":[{"id":38015,"href":"https:\/\/tonalibus.org\/it\/wp-json\/wp\/v2\/posts\/35561\/revisions\/38015"}],"wp:attachment":[{"href":"https:\/\/tonalibus.org\/it\/wp-json\/wp\/v2\/media?parent=35561"}],"wp:term":[{"taxonomy":"category","embeddable":true,"href":"https:\/\/tonalibus.org\/it\/wp-json\/wp\/v2\/categories?post=35561"},{"taxonomy":"post_tag","embeddable":true,"href":"https:\/\/tonalibus.org\/it\/wp-json\/wp\/v2\/tags?post=35561"}],"curies":[{"name":"wp","href":"https:\/\/api.w.org\/{rel}","templated":true}]}}