{"id":37037,"date":"2025-09-13T23:23:41","date_gmt":"2025-09-13T21:23:41","guid":{"rendered":"https:\/\/tonalibus.org\/?p=37037"},"modified":"2025-12-15T22:05:50","modified_gmt":"2025-12-15T21:05:50","slug":"swami-uodalric-puja-the-single","status":"publish","type":"post","link":"https:\/\/tonalibus.org\/it\/2025\/09\/13\/swami-uodalric-puja-the-single\/","title":{"rendered":"Swami Uodalric puja \u2013 il singolo"},"content":{"rendered":"<h2 class=\"wp-block-heading has-text-color has-link-color wp-elements-bcbdd9b69347daf358e3c826e9031aae\" style=\"color:#f7b320\">Uscita di un singolo Tonalibus il 22 settembre 2025<\/h2>\n\n\n\n<div style=\"height:10px\" aria-hidden=\"true\" class=\"wp-block-spacer\"><\/div>\n\n\n\n<div class=\"wp-block-media-text is-stacked-on-mobile\" style=\"grid-template-columns:33% auto\"><figure class=\"wp-block-media-text__media\"><img loading=\"lazy\" decoding=\"async\" width=\"1024\" height=\"1024\" src=\"https:\/\/tonalibus.org\/wp-content\/uploads\/2025\/01\/20250102_070422267_iOS-xc-cmp-1024x1024.jpg\" alt=\"Swami Uodalric puja \u2013 the single\" class=\"wp-image-35037 size-full\" srcset=\"https:\/\/tonalibus.org\/wp-content\/uploads\/2025\/01\/20250102_070422267_iOS-xc-cmp-1024x1024.jpg 1024w, https:\/\/tonalibus.org\/wp-content\/uploads\/2025\/01\/20250102_070422267_iOS-xc-cmp-300x300.jpg 300w, https:\/\/tonalibus.org\/wp-content\/uploads\/2025\/01\/20250102_070422267_iOS-xc-cmp-150x150.jpg 150w, https:\/\/tonalibus.org\/wp-content\/uploads\/2025\/01\/20250102_070422267_iOS-xc-cmp-768x768.jpg 768w, https:\/\/tonalibus.org\/wp-content\/uploads\/2025\/01\/20250102_070422267_iOS-xc-cmp-1536x1536.jpg 1536w, https:\/\/tonalibus.org\/wp-content\/uploads\/2025\/01\/20250102_070422267_iOS-xc-cmp-2048x2048.jpg 2048w, https:\/\/tonalibus.org\/wp-content\/uploads\/2025\/01\/20250102_070422267_iOS-xc-cmp-12x12.jpg 12w, https:\/\/tonalibus.org\/wp-content\/uploads\/2025\/01\/20250102_070422267_iOS-xc-cmp-100x100.jpg 100w, https:\/\/tonalibus.org\/wp-content\/uploads\/2025\/01\/20250102_070422267_iOS-xc-cmp-1320x1320.jpg 1320w, https:\/\/tonalibus.org\/wp-content\/uploads\/2025\/01\/20250102_070422267_iOS-xc-cmp-560x560.jpg 560w\" sizes=\"auto, (max-width: 706px) 89vw, (max-width: 767px) 82vw, 740px\" \/><\/figure><div class=\"wp-block-media-text__content\">\n<div style=\"height:10px\" aria-hidden=\"true\" class=\"wp-block-spacer\"><\/div>\n\n\n\n<p class=\"has-text-color has-link-color wp-elements-64f4e4e40a616cf78dd6e1e5841eb05c\" style=\"color:#f7b320\"><em>\u201cSwami Uodalric puja\u201d \u2013 celebrazione spontanea<\/em> \u2014 <mark style=\"background-color:rgba(0, 0, 0, 0);color:#f7b320\" class=\"has-inline-color\">8:30 \u2013 meditazione sonora melodica<\/mark> \u2013 appare globalmente come nuovo singolo Tonalibus il 22 settembre 2025.<\/p>\n\n\n\n<p class=\"has-text-color has-link-color wp-elements-14e77f181e1420a2ca8d69fb49b9ab35\" style=\"color:#f7b320\">Su: <a href=\"https:\/\/www.amazon.com\/music\/player\/artists\/B097D6BL1S\/ulrico\" target=\"_blank\" rel=\"noreferrer noopener\"><mark style=\"background-color:rgba(0, 0, 0, 0);color:#f7b320\" class=\"has-inline-color\">Amazon Music<\/mark><\/a>, Anghami, <a href=\"https:\/\/music.apple.com\/us\/artist\/ulrico\/1572759764\" target=\"_blank\" rel=\"noreferrer noopener\"><mark style=\"background-color:rgba(0, 0, 0, 0);color:#f7b320\" class=\"has-inline-color\">Apple Music<\/mark><\/a>, MediaNet, <a href=\"https:\/\/www.boomplay.com\/search\/album\/ulrico\" target=\"_blank\" rel=\"noreferrer noopener\"><mark style=\"background-color:rgba(0, 0, 0, 0);color:#f7b320\" class=\"has-inline-color\">Boomplay<\/mark><\/a>, <a href=\"https:\/\/www.deezer.com\/us\/artist\/136505382\" target=\"_blank\" rel=\"noreferrer noopener\"><mark style=\"background-color:rgba(0, 0, 0, 0);color:#f7b320\" class=\"has-inline-color\">Deezer<\/mark><\/a>, Instagram\/Facebook, Adaptr, Flo, <a href=\"https:\/\/music.youtube.com\/channel\/UCihsJzyNwheaIF6_KHl7iPg\" target=\"_blank\" rel=\"noreferrer noopener\"><mark style=\"background-color:rgba(0, 0, 0, 0);color:#f7b320\" class=\"has-inline-color\">YouTube Music<\/mark><\/a> e <a href=\"https:\/\/www.youtube.com\/channel\/UCihsJzyNwheaIF6_KHl7iPg\/featured\" target=\"_blank\" rel=\"noreferrer noopener\"><mark style=\"background-color:rgba(0, 0, 0, 0);color:#f7b320\" class=\"has-inline-color\">YouTube Channel<\/mark><\/a>, iHeartRadio, Claro M\u00fasica, iTunes, Joox, Kuack Media, <a href=\"https:\/\/music.163.com\/#\/artist\/album?id=48540608\" target=\"_blank\" rel=\"noreferrer noopener\"><mark style=\"background-color:rgba(0, 0, 0, 0);color:#f7b320\" class=\"has-inline-color\">NetEase \u7f51\u6613<\/mark><\/a>, Qobuz, Pandora, Saavn, <a href=\"https:\/\/open.spotify.com\/artist\/3JiD2vdPrQKW5cQ1kzVUfR\" target=\"_blank\" rel=\"noreferrer noopener\"><mark style=\"background-color:rgba(0, 0, 0, 0);color:#f7b320\" class=\"has-inline-color\">Spotify<\/mark><\/a>, Tencent, <a href=\"https:\/\/listen.tidal.com\/artist\/26118548\" target=\"_blank\" rel=\"noreferrer noopener\"><mark style=\"background-color:rgba(0, 0, 0, 0);color:#f7b320\" class=\"has-inline-color\">Tidal<\/mark><\/a> e TikTok &amp; altri store ByteDance.<\/p>\n<\/div><\/div>\n\n\n\n<div style=\"height:10px\" aria-hidden=\"true\" class=\"wp-block-spacer\"><\/div>\n\n\n\n<p class=\"has-text-color has-link-color wp-elements-7b72b461ef987c184b6397d8115c7613\" style=\"color:#f7b320\"><em>\u201c<a href=\"https:\/\/tonalibus.org\/it\/sounds\/2025-sounds-and-images\/spring-summer-2025-sounds\/#swami\"><mark style=\"background-color:rgba(0, 0, 0, 0);color:#f7b320\" class=\"has-inline-color\">Swami Uodalric puja<\/mark><\/a>\u201d<\/em> \u00e8 una celebrazione spontanea e un'improvvisazione meditativa di 8 minuti e mezzo di Ulrico, una registrazione a 4 tracce con vichitra vina, chitarra lap slide, conchiglia e tanpura \u2013 basata su Sol# relativo a La 438 Hz in LoMidReach, una tonalit\u00e0 speciale che include due secondi aumentati ed \u00e8 affine al raga indostano Puriya Dhanashre. Uodalric \u00e8 un'antica forma del nome Ulric. Una puja ha lo scopo di mostrare riverenza, chiedere benedizioni e stabilire una connessione spirituale con il divino. Questo singolo \u00e8 un'anteprima del futuro album <em>\u201cTonalibus R, S &amp; T\u201d<\/em>.<\/p>\n\n\n\n<h3 class=\"wp-block-heading has-text-color has-link-color wp-elements-6456ce05dd61389b80c052c0f6e4efb7\" style=\"color:#f7b320\">Che tutti noi possiamo essere consapevoli e liberi!<\/h3>","protected":false},"excerpt":{"rendered":"<p>\u201cSwami Uodalric puja\u201d \u2013 celebrazione spontanea \u2013 8:30 \u2013 meditazione sonora melodica \u2013 appare globalmente come nuovo singolo Tonalibus il 22 settembre 2025. . . .<\/p>","protected":false},"author":1,"featured_media":0,"comment_status":"closed","ping_status":"open","sticky":false,"template":"","format":"standard","meta":{"footnotes":""},"categories":[37,36,12,11],"tags":[],"class_list":["post-37037","post","type-post","status-publish","format-standard","hentry","category-2025-fidal","category-2025-tonal","category-fidibus","category-tonalibus"],"yoast_head":"<!-- This site is optimized with the Yoast SEO plugin v27.5 - https:\/\/yoast.com\/product\/yoast-seo-wordpress\/ -->\n<title>Swami Uodalric puja \u2013 the single &#8211; TONALIBUS Harmony<\/title>\n<meta name=\"description\" content=\"&quot;Swami Uodalric puja&quot; - a spontaneous celebration and melodic sound meditation - appears globally as new Tonalibus single on Sept. 22, 2025.\" \/>\n<meta name=\"robots\" content=\"index, follow, max-snippet:-1, max-image-preview:large, max-video-preview:-1\" \/>\n<link rel=\"canonical\" href=\"https:\/\/tonalibus.org\/it\/2025\/09\/13\/swami-uodalric-puja-the-single\/\" \/>\n<meta property=\"og:locale\" content=\"it_IT\" \/>\n<meta property=\"og:type\" content=\"article\" \/>\n<meta property=\"og:title\" content=\"Swami Uodalric puja \u2013 the single &#8211; TONALIBUS Harmony\" \/>\n<meta property=\"og:description\" content=\"&quot;Swami Uodalric puja&quot; - a spontaneous celebration and melodic sound meditation - appears globally as new Tonalibus single on Sept. 22, 2025.\" \/>\n<meta property=\"og:url\" content=\"https:\/\/tonalibus.org\/it\/2025\/09\/13\/swami-uodalric-puja-the-single\/\" \/>\n<meta property=\"og:site_name\" content=\"TONALIBUS\" \/>\n<meta property=\"article:published_time\" content=\"2025-09-13T21:23:41+00:00\" \/>\n<meta property=\"article:modified_time\" content=\"2025-12-15T21:05:50+00:00\" \/>\n<meta property=\"og:image\" content=\"https:\/\/tonalibus.org\/wp-content\/uploads\/2025\/01\/20250102_070422267_iOS-xc-cmp.jpg\" \/>\n\t<meta property=\"og:image:width\" content=\"2073\" \/>\n\t<meta property=\"og:image:height\" content=\"2073\" \/>\n\t<meta property=\"og:image:type\" content=\"image\/jpeg\" \/>\n<meta name=\"author\" content=\"Ulrico\" \/>\n<meta name=\"twitter:card\" content=\"summary_large_image\" \/>\n<meta name=\"twitter:label1\" content=\"Scritto da\" \/>\n\t<meta name=\"twitter:data1\" content=\"Ulrico\" \/>\n\t<meta name=\"twitter:label2\" content=\"Tempo di lettura stimato\" \/>\n\t<meta name=\"twitter:data2\" content=\"1 minuto\" \/>\n<script type=\"application\/ld+json\" class=\"yoast-schema-graph\">{\"@context\":\"https:\\\/\\\/schema.org\",\"@graph\":[{\"@type\":\"Article\",\"@id\":\"https:\\\/\\\/tonalibus.org\\\/2025\\\/09\\\/13\\\/swami-uodalric-puja-the-single\\\/#article\",\"isPartOf\":{\"@id\":\"https:\\\/\\\/tonalibus.org\\\/2025\\\/09\\\/13\\\/swami-uodalric-puja-the-single\\\/\"},\"author\":{\"name\":\"Ulrico\",\"@id\":\"https:\\\/\\\/tonalibus.org\\\/de\\\/#\\\/schema\\\/person\\\/749261d7bc96d1f00127273f83ab96a4\"},\"headline\":\"Swami Uodalric puja \u2013 the single\",\"datePublished\":\"2025-09-13T21:23:41+00:00\",\"dateModified\":\"2025-12-15T21:05:50+00:00\",\"mainEntityOfPage\":{\"@id\":\"https:\\\/\\\/tonalibus.org\\\/2025\\\/09\\\/13\\\/swami-uodalric-puja-the-single\\\/\"},\"wordCount\":167,\"publisher\":{\"@id\":\"https:\\\/\\\/tonalibus.org\\\/de\\\/#\\\/schema\\\/person\\\/749261d7bc96d1f00127273f83ab96a4\"},\"image\":{\"@id\":\"https:\\\/\\\/tonalibus.org\\\/2025\\\/09\\\/13\\\/swami-uodalric-puja-the-single\\\/#primaryimage\"},\"thumbnailUrl\":\"https:\\\/\\\/tonalibus.org\\\/wp-content\\\/uploads\\\/2025\\\/01\\\/20250102_070422267_iOS-xc-cmp-1024x1024.jpg\",\"articleSection\":[\"2025 fidal\",\"2025 tonal\",\"Fidibus\",\"Tonalibus\"],\"inLanguage\":\"it-IT\"},{\"@type\":\"WebPage\",\"@id\":\"https:\\\/\\\/tonalibus.org\\\/2025\\\/09\\\/13\\\/swami-uodalric-puja-the-single\\\/\",\"url\":\"https:\\\/\\\/tonalibus.org\\\/2025\\\/09\\\/13\\\/swami-uodalric-puja-the-single\\\/\",\"name\":\"Swami Uodalric puja \u2013 the single &#8211; TONALIBUS Harmony\",\"isPartOf\":{\"@id\":\"https:\\\/\\\/tonalibus.org\\\/de\\\/#website\"},\"primaryImageOfPage\":{\"@id\":\"https:\\\/\\\/tonalibus.org\\\/2025\\\/09\\\/13\\\/swami-uodalric-puja-the-single\\\/#primaryimage\"},\"image\":{\"@id\":\"https:\\\/\\\/tonalibus.org\\\/2025\\\/09\\\/13\\\/swami-uodalric-puja-the-single\\\/#primaryimage\"},\"thumbnailUrl\":\"https:\\\/\\\/tonalibus.org\\\/wp-content\\\/uploads\\\/2025\\\/01\\\/20250102_070422267_iOS-xc-cmp-1024x1024.jpg\",\"datePublished\":\"2025-09-13T21:23:41+00:00\",\"dateModified\":\"2025-12-15T21:05:50+00:00\",\"description\":\"\\\"Swami Uodalric puja\\\" - a spontaneous celebration and melodic sound meditation - appears globally as new Tonalibus single on Sept. 22, 2025.\",\"breadcrumb\":{\"@id\":\"https:\\\/\\\/tonalibus.org\\\/2025\\\/09\\\/13\\\/swami-uodalric-puja-the-single\\\/#breadcrumb\"},\"inLanguage\":\"it-IT\",\"potentialAction\":[{\"@type\":\"ReadAction\",\"target\":[\"https:\\\/\\\/tonalibus.org\\\/2025\\\/09\\\/13\\\/swami-uodalric-puja-the-single\\\/\"]}]},{\"@type\":\"ImageObject\",\"inLanguage\":\"it-IT\",\"@id\":\"https:\\\/\\\/tonalibus.org\\\/2025\\\/09\\\/13\\\/swami-uodalric-puja-the-single\\\/#primaryimage\",\"url\":\"https:\\\/\\\/tonalibus.org\\\/wp-content\\\/uploads\\\/2025\\\/01\\\/20250102_070422267_iOS-xc-cmp-1024x1024.jpg\",\"contentUrl\":\"https:\\\/\\\/tonalibus.org\\\/wp-content\\\/uploads\\\/2025\\\/01\\\/20250102_070422267_iOS-xc-cmp-1024x1024.jpg\"},{\"@type\":\"BreadcrumbList\",\"@id\":\"https:\\\/\\\/tonalibus.org\\\/2025\\\/09\\\/13\\\/swami-uodalric-puja-the-single\\\/#breadcrumb\",\"itemListElement\":[{\"@type\":\"ListItem\",\"position\":1,\"name\":\"Home\",\"item\":\"https:\\\/\\\/tonalibus.org\\\/\"},{\"@type\":\"ListItem\",\"position\":2,\"name\":\"Swami Uodalric puja \u2013 the single\"}]},{\"@type\":\"WebSite\",\"@id\":\"https:\\\/\\\/tonalibus.org\\\/de\\\/#website\",\"url\":\"https:\\\/\\\/tonalibus.org\\\/de\\\/\",\"name\":\"TONALIBUS\",\"description\":\"Anchored Harmony and Tonalities\",\"publisher\":{\"@id\":\"https:\\\/\\\/tonalibus.org\\\/de\\\/#\\\/schema\\\/person\\\/749261d7bc96d1f00127273f83ab96a4\"},\"potentialAction\":[{\"@type\":\"SearchAction\",\"target\":{\"@type\":\"EntryPoint\",\"urlTemplate\":\"https:\\\/\\\/tonalibus.org\\\/de\\\/?s={search_term_string}\"},\"query-input\":{\"@type\":\"PropertyValueSpecification\",\"valueRequired\":true,\"valueName\":\"search_term_string\"}}],\"inLanguage\":\"it-IT\"},{\"@type\":[\"Person\",\"Organization\"],\"@id\":\"https:\\\/\\\/tonalibus.org\\\/de\\\/#\\\/schema\\\/person\\\/749261d7bc96d1f00127273f83ab96a4\",\"name\":\"Ulrico\",\"image\":{\"@type\":\"ImageObject\",\"inLanguage\":\"it-IT\",\"@id\":\"https:\\\/\\\/tonalibus.org\\\/wp-content\\\/uploads\\\/2020\\\/06\\\/uli-pix.jpg\",\"url\":\"https:\\\/\\\/tonalibus.org\\\/wp-content\\\/uploads\\\/2020\\\/06\\\/uli-pix.jpg\",\"contentUrl\":\"https:\\\/\\\/tonalibus.org\\\/wp-content\\\/uploads\\\/2020\\\/06\\\/uli-pix.jpg\",\"width\":960,\"height\":720,\"caption\":\"Ulrico\"},\"logo\":{\"@id\":\"https:\\\/\\\/tonalibus.org\\\/wp-content\\\/uploads\\\/2020\\\/06\\\/uli-pix.jpg\"},\"sameAs\":[\"https:\\\/\\\/tonalibus.cyon.site\"]}]}<\/script>\n<!-- \/ Yoast SEO plugin. -->","yoast_head_json":{"title":"Swami Uodalric puja - il singolo - Armonia TONALIBUS","description":"\"Swami Uodalric puja\" - una celebrazione spontanea e una meditazione sonora melodica - appare a livello globale come nuovo singolo Tonalibus il 22 settembre 2025.","robots":{"index":"index","follow":"follow","max-snippet":"max-snippet:-1","max-image-preview":"max-image-preview:large","max-video-preview":"max-video-preview:-1"},"canonical":"https:\/\/tonalibus.org\/it\/2025\/09\/13\/swami-uodalric-puja-the-single\/","og_locale":"it_IT","og_type":"article","og_title":"Swami Uodalric puja \u2013 the single &#8211; TONALIBUS Harmony","og_description":"\"Swami Uodalric puja\" - a spontaneous celebration and melodic sound meditation - appears globally as new Tonalibus single on Sept. 22, 2025.","og_url":"https:\/\/tonalibus.org\/it\/2025\/09\/13\/swami-uodalric-puja-the-single\/","og_site_name":"TONALIBUS","article_published_time":"2025-09-13T21:23:41+00:00","article_modified_time":"2025-12-15T21:05:50+00:00","og_image":[{"width":2073,"height":2073,"url":"https:\/\/tonalibus.org\/wp-content\/uploads\/2025\/01\/20250102_070422267_iOS-xc-cmp.jpg","type":"image\/jpeg"}],"author":"Ulrico","twitter_card":"summary_large_image","twitter_misc":{"Scritto da":"Ulrico","Tempo di lettura stimato":"1 minuto"},"schema":{"@context":"https:\/\/schema.org","@graph":[{"@type":"Article","@id":"https:\/\/tonalibus.org\/2025\/09\/13\/swami-uodalric-puja-the-single\/#article","isPartOf":{"@id":"https:\/\/tonalibus.org\/2025\/09\/13\/swami-uodalric-puja-the-single\/"},"author":{"name":"Ulrico","@id":"https:\/\/tonalibus.org\/de\/#\/schema\/person\/749261d7bc96d1f00127273f83ab96a4"},"headline":"Swami Uodalric puja \u2013 the single","datePublished":"2025-09-13T21:23:41+00:00","dateModified":"2025-12-15T21:05:50+00:00","mainEntityOfPage":{"@id":"https:\/\/tonalibus.org\/2025\/09\/13\/swami-uodalric-puja-the-single\/"},"wordCount":167,"publisher":{"@id":"https:\/\/tonalibus.org\/de\/#\/schema\/person\/749261d7bc96d1f00127273f83ab96a4"},"image":{"@id":"https:\/\/tonalibus.org\/2025\/09\/13\/swami-uodalric-puja-the-single\/#primaryimage"},"thumbnailUrl":"https:\/\/tonalibus.org\/wp-content\/uploads\/2025\/01\/20250102_070422267_iOS-xc-cmp-1024x1024.jpg","articleSection":["2025 fidal","2025 tonal","Fidibus","Tonalibus"],"inLanguage":"it-IT"},{"@type":"WebPage","@id":"https:\/\/tonalibus.org\/2025\/09\/13\/swami-uodalric-puja-the-single\/","url":"https:\/\/tonalibus.org\/2025\/09\/13\/swami-uodalric-puja-the-single\/","name":"Swami Uodalric puja - il singolo - Armonia TONALIBUS","isPartOf":{"@id":"https:\/\/tonalibus.org\/de\/#website"},"primaryImageOfPage":{"@id":"https:\/\/tonalibus.org\/2025\/09\/13\/swami-uodalric-puja-the-single\/#primaryimage"},"image":{"@id":"https:\/\/tonalibus.org\/2025\/09\/13\/swami-uodalric-puja-the-single\/#primaryimage"},"thumbnailUrl":"https:\/\/tonalibus.org\/wp-content\/uploads\/2025\/01\/20250102_070422267_iOS-xc-cmp-1024x1024.jpg","datePublished":"2025-09-13T21:23:41+00:00","dateModified":"2025-12-15T21:05:50+00:00","description":"\"Swami Uodalric puja\" - una celebrazione spontanea e una meditazione sonora melodica - appare a livello globale come nuovo singolo Tonalibus il 22 settembre 2025.","breadcrumb":{"@id":"https:\/\/tonalibus.org\/2025\/09\/13\/swami-uodalric-puja-the-single\/#breadcrumb"},"inLanguage":"it-IT","potentialAction":[{"@type":"ReadAction","target":["https:\/\/tonalibus.org\/2025\/09\/13\/swami-uodalric-puja-the-single\/"]}]},{"@type":"ImageObject","inLanguage":"it-IT","@id":"https:\/\/tonalibus.org\/2025\/09\/13\/swami-uodalric-puja-the-single\/#primaryimage","url":"https:\/\/tonalibus.org\/wp-content\/uploads\/2025\/01\/20250102_070422267_iOS-xc-cmp-1024x1024.jpg","contentUrl":"https:\/\/tonalibus.org\/wp-content\/uploads\/2025\/01\/20250102_070422267_iOS-xc-cmp-1024x1024.jpg"},{"@type":"BreadcrumbList","@id":"https:\/\/tonalibus.org\/2025\/09\/13\/swami-uodalric-puja-the-single\/#breadcrumb","itemListElement":[{"@type":"ListItem","position":1,"name":"Home","item":"https:\/\/tonalibus.org\/"},{"@type":"ListItem","position":2,"name":"Swami Uodalric puja \u2013 the single"}]},{"@type":"WebSite","@id":"https:\/\/tonalibus.org\/de\/#website","url":"https:\/\/tonalibus.org\/de\/","name":"TONALIBUS","description":"Armonia e tonalit\u00e0 ancorate","publisher":{"@id":"https:\/\/tonalibus.org\/de\/#\/schema\/person\/749261d7bc96d1f00127273f83ab96a4"},"potentialAction":[{"@type":"SearchAction","target":{"@type":"EntryPoint","urlTemplate":"https:\/\/tonalibus.org\/de\/?s={search_term_string}"},"query-input":{"@type":"PropertyValueSpecification","valueRequired":true,"valueName":"search_term_string"}}],"inLanguage":"it-IT"},{"@type":["Person","Organization"],"@id":"https:\/\/tonalibus.org\/de\/#\/schema\/person\/749261d7bc96d1f00127273f83ab96a4","name":"Ulrico","image":{"@type":"ImageObject","inLanguage":"it-IT","@id":"https:\/\/tonalibus.org\/wp-content\/uploads\/2020\/06\/uli-pix.jpg","url":"https:\/\/tonalibus.org\/wp-content\/uploads\/2020\/06\/uli-pix.jpg","contentUrl":"https:\/\/tonalibus.org\/wp-content\/uploads\/2020\/06\/uli-pix.jpg","width":960,"height":720,"caption":"Ulrico"},"logo":{"@id":"https:\/\/tonalibus.org\/wp-content\/uploads\/2020\/06\/uli-pix.jpg"},"sameAs":["https:\/\/tonalibus.cyon.site"]}]}},"_links":{"self":[{"href":"https:\/\/tonalibus.org\/it\/wp-json\/wp\/v2\/posts\/37037","targetHints":{"allow":["GET"]}}],"collection":[{"href":"https:\/\/tonalibus.org\/it\/wp-json\/wp\/v2\/posts"}],"about":[{"href":"https:\/\/tonalibus.org\/it\/wp-json\/wp\/v2\/types\/post"}],"author":[{"embeddable":true,"href":"https:\/\/tonalibus.org\/it\/wp-json\/wp\/v2\/users\/1"}],"replies":[{"embeddable":true,"href":"https:\/\/tonalibus.org\/it\/wp-json\/wp\/v2\/comments?post=37037"}],"version-history":[{"count":20,"href":"https:\/\/tonalibus.org\/it\/wp-json\/wp\/v2\/posts\/37037\/revisions"}],"predecessor-version":[{"id":37896,"href":"https:\/\/tonalibus.org\/it\/wp-json\/wp\/v2\/posts\/37037\/revisions\/37896"}],"wp:attachment":[{"href":"https:\/\/tonalibus.org\/it\/wp-json\/wp\/v2\/media?parent=37037"}],"wp:term":[{"taxonomy":"category","embeddable":true,"href":"https:\/\/tonalibus.org\/it\/wp-json\/wp\/v2\/categories?post=37037"},{"taxonomy":"post_tag","embeddable":true,"href":"https:\/\/tonalibus.org\/it\/wp-json\/wp\/v2\/tags?post=37037"}],"curies":[{"name":"wp","href":"https:\/\/api.w.org\/{rel}","templated":true}]}}