{"id":5361,"date":"2020-09-06T10:41:41","date_gmt":"2020-09-06T08:41:41","guid":{"rendered":"https:\/\/tonalibus.org\/?p=5361"},"modified":"2022-05-29T16:28:02","modified_gmt":"2022-05-29T14:28:02","slug":"stand-strong-individually-and-together","status":"publish","type":"post","link":"https:\/\/tonalibus.org\/it\/2020\/09\/06\/stand-strong-individually-and-together\/","title":{"rendered":"State forti \u2013 individualmente e insieme!"},"content":{"rendered":"<pre class=\"wp-block-verse has-text-align-center\"><span style=\"color:#f7b320\" class=\"has-inline-color\">Perch\u00e9 esitare?\nUna volta che qualcosa \u00e8 fatto,\nnon pu\u00f2 essere annullato.\nQuesta \u00e8 la natura dell'esistenza.\n\nE allora?\nSegui il flusso.\nOppure nuota controcorrente.\nLe correnti portano tutto.\nAndare contro di loro\nporta solo pi\u00f9 o meno ritardo.\nMa potrebbe non cambiare le cose.\nOppure no?\n\nPu\u00f2 essere cambiata una corrente,\nse abbastanza nuotano contro di essa?\nTutto inizia con uno solo.\nNon che le correnti siano invertite.\nMa forse un po' regolata,\nun po' di pi\u00f9, in una direzione o nell'altra.\nDopo tutto, il flusso della consapevolezza \u00e8\nil compendio di tutti e di tutto.\nLa spinta di ogni individuo fa la differenza.\nS\u00ec, \u00e8 cos\u00ec.\n\nIl mio obiettivo \u00e8 fare la mia differenza\ne assaporare quello che fai tu.\nSar\u00e0 per il meglio?\nOgnuno ci prova a modo suo.\n\nIn unit\u00e0 e armonia,\ncon la buona volont\u00e0 ci aiutiamo a vicenda\ne superiamo la divisione\nche cerca di tirarci gi\u00f9.\n\nQuindi, stai forte \u2013 \nindividualmente e insieme!\n<\/span><\/pre>\n\n\n\n<p><\/p>","protected":false},"excerpt":{"rendered":"<p>Perch\u00e9 esitare? Una volta che una cosa \u00e8 fatta, non pu\u00f2 essere disfatta. Questa \u00e8 la natura dell'esistenza. E allora? Segui il flusso. O nuotare controcorrente. Le correnti portano con s\u00e9 tutto. Andare contro di loro porta solo pi\u00f9 o meno ritardo. Ma potrebbe non cambiare le cose. Oppure no? Una corrente pu\u00f2 essere cambiata, se ... <\/p>\n<p class=\"link-more\"><a href=\"https:\/\/tonalibus.org\/it\/2020\/09\/06\/stand-strong-individually-and-together\/\" class=\"more-link\">Leggi tutto<span class=\"screen-reader-text\"> \"Sii forte - individualmente e insieme!\"<\/span><\/a><\/p>","protected":false},"author":1,"featured_media":0,"comment_status":"closed","ping_status":"open","sticky":false,"template":"","format":"standard","meta":{"footnotes":""},"categories":[17,10],"tags":[],"class_list":["post-5361","post","type-post","status-publish","format-standard","hentry","category-2020-spiritual","category-spiritualibus"],"yoast_head":"<!-- This site is optimized with the Yoast SEO plugin v27.4 - https:\/\/yoast.com\/product\/yoast-seo-wordpress\/ -->\n<title>Stand Strong -- individually and together! &#8211; TONALIBUS, Harmony<\/title>\n<meta name=\"description\" content=\"With goodwill we help each other and overcome the divisiveness that tries to pull us down. Thus, stand strong - individually and together!\" \/>\n<meta name=\"robots\" content=\"index, follow, max-snippet:-1, max-image-preview:large, max-video-preview:-1\" \/>\n<link rel=\"canonical\" href=\"https:\/\/tonalibus.org\/it\/2020\/09\/06\/stand-strong-individually-and-together\/\" \/>\n<meta property=\"og:locale\" content=\"it_IT\" \/>\n<meta property=\"og:type\" content=\"article\" \/>\n<meta property=\"og:title\" content=\"Stand Strong -- individually and together! &#8211; TONALIBUS, Harmony\" \/>\n<meta property=\"og:description\" content=\"With goodwill we help each other and overcome the divisiveness that tries to pull us down. Thus, stand strong - individually and together!\" \/>\n<meta property=\"og:url\" content=\"https:\/\/tonalibus.org\/it\/2020\/09\/06\/stand-strong-individually-and-together\/\" \/>\n<meta property=\"og:site_name\" content=\"TONALIBUS\" \/>\n<meta property=\"article:published_time\" content=\"2020-09-06T08:41:41+00:00\" \/>\n<meta property=\"article:modified_time\" content=\"2022-05-29T14:28:02+00:00\" \/>\n<meta name=\"author\" content=\"Ulrico\" \/>\n<meta name=\"twitter:card\" content=\"summary_large_image\" \/>\n<meta name=\"twitter:label1\" content=\"Scritto da\" \/>\n\t<meta name=\"twitter:data1\" content=\"Ulrico\" \/>\n\t<meta name=\"twitter:label2\" content=\"Tempo di lettura stimato\" \/>\n\t<meta name=\"twitter:data2\" content=\"1 minuto\" \/>\n<script type=\"application\/ld+json\" class=\"yoast-schema-graph\">{\"@context\":\"https:\\\/\\\/schema.org\",\"@graph\":[{\"@type\":\"Article\",\"@id\":\"https:\\\/\\\/tonalibus.org\\\/en\\\/2020\\\/09\\\/06\\\/stand-strong-individually-and-together\\\/#article\",\"isPartOf\":{\"@id\":\"https:\\\/\\\/tonalibus.org\\\/en\\\/2020\\\/09\\\/06\\\/stand-strong-individually-and-together\\\/\"},\"author\":{\"name\":\"Ulrico\",\"@id\":\"https:\\\/\\\/tonalibus.org\\\/de\\\/#\\\/schema\\\/person\\\/749261d7bc96d1f00127273f83ab96a4\"},\"headline\":\"Stand Strong &#8212; individually and together!\",\"datePublished\":\"2020-09-06T08:41:41+00:00\",\"dateModified\":\"2022-05-29T14:28:02+00:00\",\"mainEntityOfPage\":{\"@id\":\"https:\\\/\\\/tonalibus.org\\\/en\\\/2020\\\/09\\\/06\\\/stand-strong-individually-and-together\\\/\"},\"wordCount\":6,\"publisher\":{\"@id\":\"https:\\\/\\\/tonalibus.org\\\/de\\\/#\\\/schema\\\/person\\\/749261d7bc96d1f00127273f83ab96a4\"},\"articleSection\":[\"2020 spiritual\",\"Spiritualibus\"],\"inLanguage\":\"it-IT\"},{\"@type\":\"WebPage\",\"@id\":\"https:\\\/\\\/tonalibus.org\\\/en\\\/2020\\\/09\\\/06\\\/stand-strong-individually-and-together\\\/\",\"url\":\"https:\\\/\\\/tonalibus.org\\\/en\\\/2020\\\/09\\\/06\\\/stand-strong-individually-and-together\\\/\",\"name\":\"Stand Strong -- individually and together! &#8211; TONALIBUS, Harmony\",\"isPartOf\":{\"@id\":\"https:\\\/\\\/tonalibus.org\\\/de\\\/#website\"},\"datePublished\":\"2020-09-06T08:41:41+00:00\",\"dateModified\":\"2022-05-29T14:28:02+00:00\",\"description\":\"With goodwill we help each other and overcome the divisiveness that tries to pull us down. Thus, stand strong - individually and together!\",\"breadcrumb\":{\"@id\":\"https:\\\/\\\/tonalibus.org\\\/en\\\/2020\\\/09\\\/06\\\/stand-strong-individually-and-together\\\/#breadcrumb\"},\"inLanguage\":\"it-IT\",\"potentialAction\":[{\"@type\":\"ReadAction\",\"target\":[\"https:\\\/\\\/tonalibus.org\\\/en\\\/2020\\\/09\\\/06\\\/stand-strong-individually-and-together\\\/\"]}]},{\"@type\":\"BreadcrumbList\",\"@id\":\"https:\\\/\\\/tonalibus.org\\\/en\\\/2020\\\/09\\\/06\\\/stand-strong-individually-and-together\\\/#breadcrumb\",\"itemListElement\":[{\"@type\":\"ListItem\",\"position\":1,\"name\":\"Home\",\"item\":\"https:\\\/\\\/tonalibus.org\\\/\"},{\"@type\":\"ListItem\",\"position\":2,\"name\":\"Stand Strong &#8212; individually and together!\"}]},{\"@type\":\"WebSite\",\"@id\":\"https:\\\/\\\/tonalibus.org\\\/de\\\/#website\",\"url\":\"https:\\\/\\\/tonalibus.org\\\/de\\\/\",\"name\":\"TONALIBUS\",\"description\":\"Anchored Harmony and Tonalities\",\"publisher\":{\"@id\":\"https:\\\/\\\/tonalibus.org\\\/de\\\/#\\\/schema\\\/person\\\/749261d7bc96d1f00127273f83ab96a4\"},\"potentialAction\":[{\"@type\":\"SearchAction\",\"target\":{\"@type\":\"EntryPoint\",\"urlTemplate\":\"https:\\\/\\\/tonalibus.org\\\/de\\\/?s={search_term_string}\"},\"query-input\":{\"@type\":\"PropertyValueSpecification\",\"valueRequired\":true,\"valueName\":\"search_term_string\"}}],\"inLanguage\":\"it-IT\"},{\"@type\":[\"Person\",\"Organization\"],\"@id\":\"https:\\\/\\\/tonalibus.org\\\/de\\\/#\\\/schema\\\/person\\\/749261d7bc96d1f00127273f83ab96a4\",\"name\":\"Ulrico\",\"image\":{\"@type\":\"ImageObject\",\"inLanguage\":\"it-IT\",\"@id\":\"https:\\\/\\\/tonalibus.org\\\/wp-content\\\/uploads\\\/2020\\\/06\\\/uli-pix.jpg\",\"url\":\"https:\\\/\\\/tonalibus.org\\\/wp-content\\\/uploads\\\/2020\\\/06\\\/uli-pix.jpg\",\"contentUrl\":\"https:\\\/\\\/tonalibus.org\\\/wp-content\\\/uploads\\\/2020\\\/06\\\/uli-pix.jpg\",\"width\":960,\"height\":720,\"caption\":\"Ulrico\"},\"logo\":{\"@id\":\"https:\\\/\\\/tonalibus.org\\\/wp-content\\\/uploads\\\/2020\\\/06\\\/uli-pix.jpg\"},\"sameAs\":[\"https:\\\/\\\/tonalibus.cyon.site\"]}]}<\/script>\n<!-- \/ Yoast SEO plugin. -->","yoast_head_json":{"title":"Resistete con forza - individualmente e insieme! - TONALIBUS, Armonia","description":"Con la buona volont\u00e0 ci aiutiamo l'un l'altro e superiamo la divisibilit\u00e0 che cerca di tirarci gi\u00f9. Quindi, forti, individualmente e insieme!","robots":{"index":"index","follow":"follow","max-snippet":"max-snippet:-1","max-image-preview":"max-image-preview:large","max-video-preview":"max-video-preview:-1"},"canonical":"https:\/\/tonalibus.org\/it\/2020\/09\/06\/stand-strong-individually-and-together\/","og_locale":"it_IT","og_type":"article","og_title":"Stand Strong -- individually and together! &#8211; TONALIBUS, Harmony","og_description":"With goodwill we help each other and overcome the divisiveness that tries to pull us down. Thus, stand strong - individually and together!","og_url":"https:\/\/tonalibus.org\/it\/2020\/09\/06\/stand-strong-individually-and-together\/","og_site_name":"TONALIBUS","article_published_time":"2020-09-06T08:41:41+00:00","article_modified_time":"2022-05-29T14:28:02+00:00","author":"Ulrico","twitter_card":"summary_large_image","twitter_misc":{"Scritto da":"Ulrico","Tempo di lettura stimato":"1 minuto"},"schema":{"@context":"https:\/\/schema.org","@graph":[{"@type":"Article","@id":"https:\/\/tonalibus.org\/en\/2020\/09\/06\/stand-strong-individually-and-together\/#article","isPartOf":{"@id":"https:\/\/tonalibus.org\/en\/2020\/09\/06\/stand-strong-individually-and-together\/"},"author":{"name":"Ulrico","@id":"https:\/\/tonalibus.org\/de\/#\/schema\/person\/749261d7bc96d1f00127273f83ab96a4"},"headline":"Stand Strong &#8212; individually and together!","datePublished":"2020-09-06T08:41:41+00:00","dateModified":"2022-05-29T14:28:02+00:00","mainEntityOfPage":{"@id":"https:\/\/tonalibus.org\/en\/2020\/09\/06\/stand-strong-individually-and-together\/"},"wordCount":6,"publisher":{"@id":"https:\/\/tonalibus.org\/de\/#\/schema\/person\/749261d7bc96d1f00127273f83ab96a4"},"articleSection":["2020 spiritual","Spiritualibus"],"inLanguage":"it-IT"},{"@type":"WebPage","@id":"https:\/\/tonalibus.org\/en\/2020\/09\/06\/stand-strong-individually-and-together\/","url":"https:\/\/tonalibus.org\/en\/2020\/09\/06\/stand-strong-individually-and-together\/","name":"Resistete con forza - individualmente e insieme! - TONALIBUS, Armonia","isPartOf":{"@id":"https:\/\/tonalibus.org\/de\/#website"},"datePublished":"2020-09-06T08:41:41+00:00","dateModified":"2022-05-29T14:28:02+00:00","description":"Con la buona volont\u00e0 ci aiutiamo l'un l'altro e superiamo la divisibilit\u00e0 che cerca di tirarci gi\u00f9. Quindi, forti, individualmente e insieme!","breadcrumb":{"@id":"https:\/\/tonalibus.org\/en\/2020\/09\/06\/stand-strong-individually-and-together\/#breadcrumb"},"inLanguage":"it-IT","potentialAction":[{"@type":"ReadAction","target":["https:\/\/tonalibus.org\/en\/2020\/09\/06\/stand-strong-individually-and-together\/"]}]},{"@type":"BreadcrumbList","@id":"https:\/\/tonalibus.org\/en\/2020\/09\/06\/stand-strong-individually-and-together\/#breadcrumb","itemListElement":[{"@type":"ListItem","position":1,"name":"Home","item":"https:\/\/tonalibus.org\/"},{"@type":"ListItem","position":2,"name":"Stand Strong &#8212; individually and together!"}]},{"@type":"WebSite","@id":"https:\/\/tonalibus.org\/de\/#website","url":"https:\/\/tonalibus.org\/de\/","name":"TONALIBUS","description":"Armonia e tonalit\u00e0 ancorate","publisher":{"@id":"https:\/\/tonalibus.org\/de\/#\/schema\/person\/749261d7bc96d1f00127273f83ab96a4"},"potentialAction":[{"@type":"SearchAction","target":{"@type":"EntryPoint","urlTemplate":"https:\/\/tonalibus.org\/de\/?s={search_term_string}"},"query-input":{"@type":"PropertyValueSpecification","valueRequired":true,"valueName":"search_term_string"}}],"inLanguage":"it-IT"},{"@type":["Person","Organization"],"@id":"https:\/\/tonalibus.org\/de\/#\/schema\/person\/749261d7bc96d1f00127273f83ab96a4","name":"Ulrico","image":{"@type":"ImageObject","inLanguage":"it-IT","@id":"https:\/\/tonalibus.org\/wp-content\/uploads\/2020\/06\/uli-pix.jpg","url":"https:\/\/tonalibus.org\/wp-content\/uploads\/2020\/06\/uli-pix.jpg","contentUrl":"https:\/\/tonalibus.org\/wp-content\/uploads\/2020\/06\/uli-pix.jpg","width":960,"height":720,"caption":"Ulrico"},"logo":{"@id":"https:\/\/tonalibus.org\/wp-content\/uploads\/2020\/06\/uli-pix.jpg"},"sameAs":["https:\/\/tonalibus.cyon.site"]}]}},"_links":{"self":[{"href":"https:\/\/tonalibus.org\/it\/wp-json\/wp\/v2\/posts\/5361","targetHints":{"allow":["GET"]}}],"collection":[{"href":"https:\/\/tonalibus.org\/it\/wp-json\/wp\/v2\/posts"}],"about":[{"href":"https:\/\/tonalibus.org\/it\/wp-json\/wp\/v2\/types\/post"}],"author":[{"embeddable":true,"href":"https:\/\/tonalibus.org\/it\/wp-json\/wp\/v2\/users\/1"}],"replies":[{"embeddable":true,"href":"https:\/\/tonalibus.org\/it\/wp-json\/wp\/v2\/comments?post=5361"}],"version-history":[{"count":0,"href":"https:\/\/tonalibus.org\/it\/wp-json\/wp\/v2\/posts\/5361\/revisions"}],"wp:attachment":[{"href":"https:\/\/tonalibus.org\/it\/wp-json\/wp\/v2\/media?parent=5361"}],"wp:term":[{"taxonomy":"category","embeddable":true,"href":"https:\/\/tonalibus.org\/it\/wp-json\/wp\/v2\/categories?post=5361"},{"taxonomy":"post_tag","embeddable":true,"href":"https:\/\/tonalibus.org\/it\/wp-json\/wp\/v2\/tags?post=5361"}],"curies":[{"name":"wp","href":"https:\/\/api.w.org\/{rel}","templated":true}]}}